{"id":19913,"date":"2018-03-13T02:28:05","date_gmt":"2018-03-13T01:28:05","guid":{"rendered":"http:\/\/www.moyenagepassion.com\/?p=19913"},"modified":"2020-10-04T19:51:54","modified_gmt":"2020-10-04T18:51:54","slug":"le-mythe-du-graal-entre-quete-initiatique-et-existentielle-et-aventure-epique-une-citation-de-michel-zink","status":"publish","type":"post","link":"https:\/\/www.moyenagepassion.com\/index.php\/2018\/03\/13\/le-mythe-du-graal-entre-quete-initiatique-et-existentielle-et-aventure-epique-une-citation-de-michel-zink\/","title":{"rendered":"Le mythe du Graal, entre qu\u00eate initiatique et existentielle et aventure \u00e9pique, une citation de Michel Zink"},"content":{"rendered":"<div id=\"moyen-3866158228\" class=\"moyen-before-content moyen-entity-placement\"><script async src=\"\/\/pagead2.googlesyndication.com\/pagead\/js\/adsbygoogle.js?client=ca-pub-3035390706780632\" crossorigin=\"anonymous\"><\/script><ins class=\"adsbygoogle\" style=\"display:block;\" data-ad-client=\"ca-pub-3035390706780632\" \ndata-ad-slot=\"\" \ndata-ad-format=\"auto\"><\/ins>\n<script> \n(adsbygoogle = window.adsbygoogle || []).push({}); \n<\/script>\n<\/div><p><strong><img decoding=\"async\" class=\" wp-image-14266 alignleft\" src=\"https:\/\/www.moyenagepassion.com\/wp-content\/uploads\/2017\/07\/michel_zink_litterature_medievale_academicien_philologie_citation_moyen-age_medievalisme.jpg\" alt=\"michel_zink_litterature_medievale_academicien_philologie_citation_moyen-age_medievalisme\" width=\"49\" height=\"83\" \/>Sujet<\/strong> : citation sur le moyen-\u00e2ge,litt\u00e9rature m\u00e9di\u00e9vale, Chr\u00e9tien de Troyes, qu\u00eate du Graal, l\u00e9gendes arthuriennes, roman arthurien, m\u00e9di\u00e9viste, Michel Zink, mythe du Graal, aventures m\u00e9di\u00e9vales.<\/p>\n<p>Bonjour \u00e0 tous,<\/p>\n<p style=\"text-align: justify;\"><img decoding=\"async\" class=\"alignleft size-full wp-image-162\" src=\"https:\/\/www.moyenagepassion.com\/wp-content\/uploads\/2015\/12\/N_lettrine_moyen_age_passion.jpg\" alt=\"N_lettrine_moyen_age_passion\" width=\"84\" height=\"103\" \/>ous avions d\u00e9j\u00e0 publi\u00e9 cette citation de Michel Zink dans notre article sur\u00a0la <a href=\"https:\/\/www.moyenagepassion.com\/index.php\/2018\/03\/10\/quete-graal-chretien-de-troyes-conference-medievale_michel_zink\/\" target=\"_blank\" rel=\"noopener noreferrer\">conf\u00e9rence \u00ab\u00a0La qu\u00eate du Graal\u00a0\u00bb <\/a>qu&rsquo;il donnait, en 2009, \u00e0 l&rsquo;Acad\u00e9mie royale de Belgique, mais ses qualit\u00e9s valaient bien\u00a0un visuel et une mention \u00e0 part. Ce sera donc chose faite.<\/p>\n<p><a href=\"https:\/\/www.moyenagepassion.com\/wp-content\/uploads\/2018\/03\/citation_litterature_medievale_quete_du_graal_legendes_arthuriennes_medieviste_Michel_Zink_chretien_de_troyes_moyen-age_central.jpg\"><img decoding=\"async\" class=\"alignnone size-full wp-image-19917\" src=\"https:\/\/www.moyenagepassion.com\/wp-content\/uploads\/2018\/03\/citation_litterature_medievale_quete_du_graal_legendes_arthuriennes_medieviste_Michel_Zink_chretien_de_troyes_moyen-age_central.jpg\" alt=\"citation_litterature_medievale_quete_du_graal_legendes_arthuriennes_medieviste_Michel_Zink_chretien_de_troyes_moyen-age_central\" width=\"1280\" height=\"548\" srcset=\"https:\/\/www.moyenagepassion.com\/wp-content\/uploads\/2018\/03\/citation_litterature_medievale_quete_du_graal_legendes_arthuriennes_medieviste_Michel_Zink_chretien_de_troyes_moyen-age_central.jpg 1280w, https:\/\/www.moyenagepassion.com\/wp-content\/uploads\/2018\/03\/citation_litterature_medievale_quete_du_graal_legendes_arthuriennes_medieviste_Michel_Zink_chretien_de_troyes_moyen-age_central-300x128.jpg 300w, https:\/\/www.moyenagepassion.com\/wp-content\/uploads\/2018\/03\/citation_litterature_medievale_quete_du_graal_legendes_arthuriennes_medieviste_Michel_Zink_chretien_de_troyes_moyen-age_central-1024x438.jpg 1024w\" sizes=\"(max-width: 1280px) 100vw, 1280px\" \/><\/a><\/p>\n<p style=\"text-align: justify;\"><span style=\"color: #008000;\"><em>\u00ab\u00a0Le mythe litt\u00e9raire du Graal combine en lui deux \u00e9l\u00e9ments. D\u2019une part, une qu\u00eate spirituelle promettant la r\u00e9v\u00e9lation d\u2019une v\u00e9rit\u00e9 sur le monde et sur soi-m\u00eame. flattant l\u2019illusion que nous pourrions, une bonne fois, trouver la clef de notre destin. (&#8230; ) Et d\u2019autre part, le monnayage de cette qu\u00eate en une aventure concr\u00e8<\/em><em>te palpitante, faite de voyages, de rencontres, de combats.\u00a0\u00bb<br \/>\n<\/em><\/span><em><strong>Michel Zink<\/strong>\u00a0<\/em><em><em>\u2013 Citation extraite de la conf\u00e9rence \u00ab\u00a0La qu\u00eate du Graal\u00a0\u00bb,\u00a0 Acad\u00e9mie Royale de Belgique (2009)<\/em><\/em><\/p>\n<p style=\"text-align: justify;\">Tout est dit. Promesse de belles aventures \u00e9piques, la qu\u00eate du Graal vient encore ajouter, \u00e0 travers sa dimension initiatique, l&rsquo;espoir de r\u00e9ponses claires sur le sens de l&rsquo;existence. En dehors ou au del\u00e0 m\u00eame de sa dimension chr\u00e9tienne, pr\u00e8s de 900 ans apr\u00e8s <strong>Chr\u00e9tien de Troyes\u00a0<\/strong>l&rsquo;histoire\u00a0n&rsquo;a pas pris une ride. C&rsquo;est le propre des mythes,\u00a0De fait, cette grande \u00e9pop\u00e9e m\u00e9di\u00e9vale et les questions qu&rsquo;elle soul\u00e8ve\u00a0continuent de fasciner et il n&rsquo;est nul besoin d&rsquo;\u00eatre chevalier pour se l&rsquo;approprier.<\/p>\n<p>En vous souhaitant une belle journ\u00e9e.<\/p>\n<p>Fred<br \/>\nPour moyenagepassion.com<br \/>\n<em><strong>A la d\u00e9couverte du monde m\u00e9di\u00e9val sous toutes ses formes.<\/strong><\/em><\/p>\n","protected":false},"excerpt":{"rendered":"<p>Sujet : citation sur le moyen-\u00e2ge,litt\u00e9rature m\u00e9di\u00e9vale, Chr\u00e9tien de Troyes, qu\u00eate du Graal, l\u00e9gendes arthuriennes, roman arthurien, m\u00e9di\u00e9viste, Michel Zink, mythe du Graal, aventures m\u00e9di\u00e9vales. Bonjour \u00e0 tous, ous avions d\u00e9j\u00e0 publi\u00e9 cette citation de Michel Zink dans notre article sur\u00a0la conf\u00e9rence \u00ab\u00a0La qu\u00eate du Graal\u00a0\u00bb qu&rsquo;il donnait, en 2009, \u00e0 l&rsquo;Acad\u00e9mie royale de Belgique, &hellip; <a href=\"https:\/\/www.moyenagepassion.com\/index.php\/2018\/03\/13\/le-mythe-du-graal-entre-quete-initiatique-et-existentielle-et-aventure-epique-une-citation-de-michel-zink\/\" class=\"more-link\">Continuer la lecture de <span class=\"screen-reader-text\">Le mythe du Graal, entre qu\u00eate initiatique et existentielle et aventure \u00e9pique, une citation de Michel Zink<\/span>  <span class=\"meta-nav\">&rarr;<\/span><\/a><\/p>\n","protected":false},"author":2,"featured_media":0,"comment_status":"open","ping_status":"open","sticky":false,"template":"","format":"quote","meta":{"_monsterinsights_skip_tracking":false,"_monsterinsights_sitenote_active":false,"_monsterinsights_sitenote_note":"","_monsterinsights_sitenote_category":0,"footnotes":""},"categories":[1807,154],"tags":[347,155,625,346,1915,22,2489,663,18,858,2590],"class_list":["post-19913","post","type-post","status-publish","format-quote","hentry","category-chretien-de-troyes","category-citations-moyen-age-medievales","tag-chretien-de-troyes","tag-citation","tag-graal","tag-legendes-arthuriennes","tag-litterature-medievale","tag-medievale","tag-medieviste","tag-michel-zink","tag-moyen-age","tag-quete-du-graal","tag-roman-arthurien","post_format-post-format-quote"],"aioseo_notices":[],"_links":{"self":[{"href":"https:\/\/www.moyenagepassion.com\/index.php\/wp-json\/wp\/v2\/posts\/19913"}],"collection":[{"href":"https:\/\/www.moyenagepassion.com\/index.php\/wp-json\/wp\/v2\/posts"}],"about":[{"href":"https:\/\/www.moyenagepassion.com\/index.php\/wp-json\/wp\/v2\/types\/post"}],"author":[{"embeddable":true,"href":"https:\/\/www.moyenagepassion.com\/index.php\/wp-json\/wp\/v2\/users\/2"}],"replies":[{"embeddable":true,"href":"https:\/\/www.moyenagepassion.com\/index.php\/wp-json\/wp\/v2\/comments?post=19913"}],"version-history":[{"count":1,"href":"https:\/\/www.moyenagepassion.com\/index.php\/wp-json\/wp\/v2\/posts\/19913\/revisions"}],"predecessor-version":[{"id":34343,"href":"https:\/\/www.moyenagepassion.com\/index.php\/wp-json\/wp\/v2\/posts\/19913\/revisions\/34343"}],"wp:attachment":[{"href":"https:\/\/www.moyenagepassion.com\/index.php\/wp-json\/wp\/v2\/media?parent=19913"}],"wp:term":[{"taxonomy":"category","embeddable":true,"href":"https:\/\/www.moyenagepassion.com\/index.php\/wp-json\/wp\/v2\/categories?post=19913"},{"taxonomy":"post_tag","embeddable":true,"href":"https:\/\/www.moyenagepassion.com\/index.php\/wp-json\/wp\/v2\/tags?post=19913"}],"curies":[{"name":"wp","href":"https:\/\/api.w.org\/{rel}","templated":true}]}}