{"id":20174,"date":"2018-03-26T03:05:19","date_gmt":"2018-03-26T02:05:19","guid":{"rendered":"http:\/\/www.moyenagepassion.com\/?p=20174"},"modified":"2025-04-28T01:41:51","modified_gmt":"2025-04-28T00:41:51","slug":"la-cantiga-de-santa-maria-282-culte-marial-et-miracle-medieval-par-le-groupe-neo-folk-triskilian","status":"publish","type":"post","link":"https:\/\/www.moyenagepassion.com\/index.php\/2018\/03\/26\/la-cantiga-de-santa-maria-282-culte-marial-et-miracle-medieval-par-le-groupe-neo-folk-triskilian\/","title":{"rendered":"La Cantiga de Santa Maria 282, culte marial et miracle m\u00e9di\u00e9val par le groupe n\u00e9o-folk Triskilian"},"content":{"rendered":"<div id=\"moyen-1110386313\" class=\"moyen-before-content moyen-entity-placement\"><script async src=\"\/\/pagead2.googlesyndication.com\/pagead\/js\/adsbygoogle.js?client=ca-pub-3035390706780632\" crossorigin=\"anonymous\"><\/script><ins class=\"adsbygoogle\" style=\"display:block;\" data-ad-client=\"ca-pub-3035390706780632\" \ndata-ad-slot=\"\" \ndata-ad-format=\"auto\"><\/ins>\n<script> \n(adsbygoogle = window.adsbygoogle || []).push({}); \n<\/script>\n<\/div><p><strong><a href=\"https:\/\/www.moyenagepassion.com\/wp-content\/uploads\/2017\/09\/musique_medievale_cantigas_santa_maria_166_enluminures_moyen-age.jpg\"><img decoding=\"async\" class=\"wp-image-15950 alignleft\" src=\"https:\/\/www.moyenagepassion.com\/wp-content\/uploads\/2017\/09\/musique_medievale_cantigas_santa_maria_166_enluminures_moyen-age.jpg\" alt=\"musique_medievale_cantigas_santa_maria_166_enluminures_moyen-age\" width=\"206\" height=\"206\" srcset=\"https:\/\/www.moyenagepassion.com\/wp-content\/uploads\/2017\/09\/musique_medievale_cantigas_santa_maria_166_enluminures_moyen-age.jpg 700w, https:\/\/www.moyenagepassion.com\/wp-content\/uploads\/2017\/09\/musique_medievale_cantigas_santa_maria_166_enluminures_moyen-age-150x150.jpg 150w, https:\/\/www.moyenagepassion.com\/wp-content\/uploads\/2017\/09\/musique_medievale_cantigas_santa_maria_166_enluminures_moyen-age-300x300.jpg 300w\" sizes=\"(max-width: 206px) 100vw, 206px\" \/><\/a>Sujet :<\/strong>\u00a0 musique m\u00e9di\u00e9vale, Cantigas de Santa Maria, gala\u00efco-portugais, culte marial, miracles, Sainte-Marie.<br \/>\n<strong>P\u00e9riode :<\/strong> Moyen \u00c2ge central, XIIIe si\u00e8cle<br \/>\n<strong>Auteur :<\/strong>\u00a0 Alphonse X\u00a0 (1221-1284)<br \/>\n<strong>Titre :<\/strong><em>\u00a0 C<\/em>antiga\u00a0282<br \/>\n<strong>Interpr\u00e8tes\u00a0:\u00a0Triskilian<\/strong><strong>\u00a0<\/strong><span class=\"title\">\u00a0<\/span><i><br \/>\n<\/i><strong>Album :\u00a0<\/strong><em><span class=\"title\">Bell&rsquo;amata <\/span><\/em><span class=\"title\">(2015)<\/span><\/p>\n<p>Bonjour \u00e0 tous,<\/p>\n<p style=\"text-align: justify;\"><img decoding=\"async\" class=\"alignleft size-full wp-image-162\" src=\"https:\/\/www.moyenagepassion.com\/wp-content\/uploads\/2015\/12\/N_lettrine_moyen_age_passion.jpg\" alt=\"N_lettrine_moyen_age_passion\" width=\"84\" height=\"103\" \/>ous poursuivons, aujourd&rsquo;hui, notre exploration du <a href=\"https:\/\/www.moyenagepassion.com\/index.php\/tag\/culte-marial\/\" target=\"_blank\" rel=\"noopener noreferrer\">culte marial<\/a> au Moyen \u00c2ge central, \u00e0 la lumi\u00e8re des <strong>Cantigas de Santa Maria<\/strong> d&rsquo;<strong>Alphonse X de Castille<\/strong>, roi \u00e9rudit qu&rsquo;on surnomme encore <strong><a href=\"https:\/\/www.moyenagepassion.com\/index.php\/2016\/06\/03\/les-cantigas-santa-maria-cantiga-248-un-musicien-de-talent-pour-un-roi-erudit-et-poete\/\" target=\"_blank\" rel=\"noopener noreferrer\">\u00a0Alphonse le sage<\/a><\/strong>.<\/p>\n<p style=\"text-align: justify;\">Comme toutes les autres Cantigas de Santa Maria de la cour d&rsquo;Espagne du XIIIe si\u00e8cle, celle du jour est en gala\u00efco-portugais.\u00a0 Il s&rsquo;agit de la <strong>Cantiga 282<\/strong> connue sous le titre de \u00ab\u00a0<strong><em>Par D\u00e9us, muit&rsquo; \u00e1 gran vertude<\/em><\/strong>\u00a0\u00bb ou m\u00eame encore\u00a0 comme \u00ab\u00a0<em><strong>Ai, Santa Mar\u00eda, val!<\/strong><\/em>\u00ab\u00a0.<\/p>\n<h2>Popularit\u00e9 des Cantigas de Santa Maria<br \/>\nsur la sc\u00e8ne musicale m\u00e9di\u00e9vale<\/h2>\n<p style=\"text-align: justify;\"><a href=\"https:\/\/www.moyenagepassion.com\/wp-content\/uploads\/2018\/03\/cantigas_santa_maria_culte_marial_alphonse_X_Castille_XIIIe_moyen-age.jpg\"><img decoding=\"async\" class=\"alignright wp-image-20199\" title=\"Enluminure des Cantigas de Santa Maria, le souverain Alphonse X de Castille\" src=\"https:\/\/www.moyenagepassion.com\/wp-content\/uploads\/2018\/03\/cantigas_santa_maria_culte_marial_alphonse_X_Castille_XIIIe_moyen-age.jpg\" alt=\"cantigas_santa_maria_culte_marial_alphonse_X_Castille_XIIIe_moyen-age\" width=\"116\" height=\"247\" srcset=\"https:\/\/www.moyenagepassion.com\/wp-content\/uploads\/2018\/03\/cantigas_santa_maria_culte_marial_alphonse_X_Castille_XIIIe_moyen-age.jpg 170w, https:\/\/www.moyenagepassion.com\/wp-content\/uploads\/2018\/03\/cantigas_santa_maria_culte_marial_alphonse_X_Castille_XIIIe_moyen-age-141x300.jpg 141w\" sizes=\"(max-width: 116px) 100vw, 116px\" \/><\/a>De l&rsquo;Allemagne \u00e0 la Norv\u00e8ge, de la France \u00e0 l&rsquo;Italie, l&rsquo;Angleterre, la Suisse, la Su\u00e8de, le Portugal ou l&rsquo;Espagne, le Moyen \u00c2ge est encore bien pr\u00e9sent dans les esprits. Sous une forme historique ou plus onirique, l&rsquo;Europe m\u00e9di\u00e9vale continue d&rsquo;exister et de s\u00e9duire de nombreux artistes et un large public.<\/p>\n<p style=\"text-align: justify;\">Par la richesse\u00a0 de son corpus mais \u00e9galement par les manuscrits m\u00e9di\u00e9vaux d\u00e9taill\u00e9s qui en nous sont parvenus, le r\u00e9pertoire des Cantigas de Santa Maria inspire tout particuli\u00e8rement des ensembles musicaux venus d&rsquo;horizons divers. Ce legs d&rsquo;Alphonse X favorise ainsi des\u00a0 incursions hors-fronti\u00e8res \u00e0 la d\u00e9couverte d&rsquo;interpr\u00e9tations ou de croisements culturels hauts en couleur.<\/p>\n<p style=\"text-align: justify;\">Pour l&rsquo;interpr\u00e9tation de la Cantiga de Santa Maria 282, nous partons donc en direction de l&rsquo;Allemagne avec un jeune ensemble musical\u00a0 passionn\u00e9 de musique et de Moyen \u00c2ge. Il a pour nom <strong>Triskilian<\/strong> et il nous propose une version tr\u00e8s enlev\u00e9e\u00a0 de cette Cantiga avec deux superbes\u00a0voix et un bel arrangement musical plus n\u00e9o-folk que \u00ab\u00a0classique\u00a0\u00bb.<\/p>\n<p><em><strong>La Cantiga de Santa Maria 282 par le groupe n\u00e9o-folk m\u00e9di\u00e9val Triskilian<\/strong><\/em><\/p>\n<p><code><iframe src=\"https:\/\/www.youtube.com\/embed\/phzPNNCiL0M\" width=\"600\" height=\"333\" frameborder=\"0\" allowfullscreen=\"allowfullscreen\"><\/iframe><\/code><\/p>\n<h2>Triskilian, musiques m\u00e9di\u00e9vales et n\u00e9o-folk<\/h2>\n<p style=\"text-align: justify;\">Fond\u00e9 dans le courant de l&rsquo;ann\u00e9e 2000 par l&rsquo;artiste\u00a0 polyvalent &#8211; mime, trap\u00e9ziste, conteur, musicien &#8211; <strong>Dirk Kilian<\/strong> et la chanteuse <strong>Julia Bauer<\/strong>,\u00a0le groupe allemand\u00a0<strong>Triskilian<\/strong> s&rsquo;est donn\u00e9 comme champ d&rsquo;exploration le Moyen \u00c2ge. Bient\u00f4t rejoint par\u00a0 <strong>Christine H\u00fcbner<\/strong> (chant percussions, harpe) et\u00a0 <strong>Philipp Greb<\/strong> (cistre, Bouzouki, guimbarde), la formation invite \u00e9galement d&rsquo;autres artistes sur ses productions.<\/p>\n<p style=\"text-align: justify;\">A l&rsquo;image d&rsquo;un certain nombre de groupes de <strong>\u00ab\u00a0minnesingers\u00a0\u00bb<\/strong> (m\u00e9nestrels) allemands modernes,\u00a0 \u00a0les artistes de <strong>Triskilian<\/strong> ont <a href=\"https:\/\/www.moyenagepassion.com\/wp-content\/uploads\/2018\/03\/Triskilian_neo-folk_medieval_musiques_inspiration_moyen-age.jpg\"><img decoding=\"async\" class=\"alignleft wp-image-20191\" title=\"l'ensemble m\u00e9di\u00e9val Triskilian f\u00e9ru de musiques m\u00e9di\u00e9vales et de neo-folk\" src=\"https:\/\/www.moyenagepassion.com\/wp-content\/uploads\/2018\/03\/Triskilian_neo-folk_medieval_musiques_inspiration_moyen-age.jpg\" alt=\"Triskilian_neo-folk_medieval_musiques_inspiration_moyen-age\" width=\"271\" height=\"209\" \/><\/a>d\u00e9cid\u00e9 d&rsquo;ajouter \u00e0 leur inspiration musicale m\u00e9di\u00e9val, une bonne touche de n\u00e9o-folk &amp; de tradition celtique.\u00a0C&rsquo;est une caract\u00e9ristique\u00a0 commune\u00a0 \u00e0 un nombre important de groupes musicaux de la sc\u00e8ne m\u00e9di\u00e9vale venus d&rsquo;Europe du Nord (<a href=\"https:\/\/www.moyenagepassion.com\/index.php\/2016\/08\/22\/quand-une-chanson-ecossaise-du-xixe-siecle-sinvite-dans-le-folk-neo-medieval-allemand\/\">Fa\u00fcn<\/a>, anwn, <a href=\"https:\/\/www.moyenagepassion.com\/index.php\/2017\/02\/14\/omnia-fusion-folk-rock-celtique-medievale-hollandaise\/\">Omnia<\/a>, <a href=\"https:\/\/www.moyenagepassion.com\/index.php\/2017\/10\/15\/la-ballade-de-merci-de-francois-villon-facon-folk-medieval-avec-corvus-corax\/\">Corvus Corax<\/a>, etc&#8230;)<\/p>\n<p style=\"text-align: justify;\">Nous sommes donc moins ici dans l&rsquo;ethnomusicologie que dans le domaine du rock-folk d&rsquo;inspiration m\u00e9di\u00e9vale. <strong>Triskilian<\/strong> nous propose un Moyen \u00c2ge reconstruit, qui tutoie m\u00eame la World music de mani\u00e8re assum\u00e9e. Voici des liens utiles pour suivre leur actualit\u00e9 et d\u00e9couvrir quelques uns de leurs autres titres :\u00a0<a href=\"http:\/\/www.triskilian.de\/\" target=\"_blank\" rel=\"noopener noreferrer\">Site web (allemand)<\/a> &#8211;\u00a0\u00a0<a href=\"https:\/\/www.youtube.com\/channel\/UCB3dTFHcgYNE_pfkGZl39Qg\" target=\"_blank\" rel=\"noopener noreferrer\">Cha\u00eene Youtube<\/a><\/p>\n<h3>L&rsquo;album Bell&rsquo;amata de Triskilian<\/h3>\n<p style=\"text-align: justify;\">Depuis sa cr\u00e9ation, <strong>Triskilian<\/strong> a produit six albums. <em><strong>Bell&rsquo;amata<\/strong><\/em> est le dernier en date. Sorti en 2015, le groupe se proposait d&rsquo;y revisiter, de mani\u00e8re large, le r\u00e9pertoire des trouv\u00e8res, troubadours mais aussi des p\u00e8lerins du Moyen \u00c2ge central. L&rsquo;album proposait une s\u00e9lection de quinze pi\u00e8ces en provenance des XIIe et XIIIe si\u00e8cles et l&rsquo;un de ses fils conducteurs \u00e9tait aussi de rendre hommage \u00e0 la f\u00e9minit\u00e9 et aux muses du Moyen \u00c2ge.<\/p>\n<p><img decoding=\"async\" class=\"alignright wp-image-20182\" title=\"Triskilian, bell'amata l'album\" src=\"https:\/\/www.moyenagepassion.com\/wp-content\/uploads\/2018\/03\/album_triskilian_cantigas_de_santa_maria_neo_folk_medieval_allemand_musique_medievale.jpg\" alt=\"album_triskilian_cantigas_de_santa_maria_neo_folk_medieval_allemand_musique_medievale\" width=\"226\" height=\"181\" srcset=\"https:\/\/www.moyenagepassion.com\/wp-content\/uploads\/2018\/03\/album_triskilian_cantigas_de_santa_maria_neo_folk_medieval_allemand_musique_medievale.jpg 456w, https:\/\/www.moyenagepassion.com\/wp-content\/uploads\/2018\/03\/album_triskilian_cantigas_de_santa_maria_neo_folk_medieval_allemand_musique_medievale-300x240.jpg 300w\" sizes=\"(max-width: 226px) 100vw, 226px\" \/><\/p>\n<p style=\"text-align: justify;\">On y trouve ainsi une s\u00e9lection de pi\u00e8ces en provenance de l&rsquo;Europe m\u00e9di\u00e9vale\u00a0 au sens large puisque les <strong><a href=\"https:\/\/www.moyenagepassion.com\/index.php\/tag\/cantigas-de-santa-maria\/\" target=\"_blank\" rel=\"noopener noreferrer\">Cantigas de Santa Maria<\/a><\/strong> y c\u00f4toient les <strong><a href=\"https:\/\/www.moyenagepassion.com\/index.php\/tag\/cantigas-de-amigo\/\" target=\"_blank\" rel=\"noopener noreferrer\">Cantigas de\u00a0amigo<\/a><\/strong> de <strong><a href=\"https:\/\/www.moyenagepassion.com\/index.php\/tag\/martin-codax\/\" target=\"_blank\" rel=\"noopener noreferrer\">Martin Codax<\/a><\/strong>, mais encore des pi\u00e8ces de la trobairitz <strong>Beatriz de Dia<\/strong>, du trouv\u00e8re <strong>Adam de la Halle<\/strong>, et d&rsquo;autres titres encore sign\u00e9s ou anonymes en provenance de l&rsquo;Italie,\u00a0 de l&rsquo;Angleterre et de l&rsquo;Allemagne m\u00e9di\u00e9vales.<\/p>\n<h2>La\u00a0\u00a0Cantiga de Santa Maria 282,<br \/>\nhistoire d&rsquo;un miracle et culte marial<\/h2>\n<p style=\"text-align: justify;\">Il est question \u00e0 nouveau, dans cette Cantiga de Santa Maria, du r\u00e9cit d&rsquo;un miracle accompli par la Vierge. L&rsquo;ouvrage en contient de nombreux (voir notamment <a href=\"https:\/\/www.moyenagepassion.com\/index.php\/2017\/11\/22\/la-cantiga-de-santa-maria-139-servi-par-le-talent-du-luthiste-guy-robert\/\" target=\"_blank\" rel=\"noopener noreferrer\">Cantiga\u00a0139<\/a>, <a href=\"https:\/\/www.moyenagepassion.com\/index.php\/2017\/12\/04\/la-cantiga-de-santa-maria-23-et-le-miracle-du-vin\/\" target=\"_blank\" rel=\"noopener noreferrer\">Cantiga 23<\/a>, <a href=\"https:\/\/www.moyenagepassion.com\/index.php\/2017\/10\/09\/la-cantiga-santa-maria-49-par-lensemble-syntagma\/\" target=\"_blank\" rel=\"noopener noreferrer\">Cantiga 49<\/a>, <a href=\"https:\/\/www.moyenagepassion.com\/index.php\/2017\/09\/25\/cantiga-santa-maria-166-como-poden-per-sas-culpas\/\" target=\"_blank\" rel=\"noopener noreferrer\">Cantiga 166<\/a>).<\/p>\n<p style=\"text-align: justify;\">L&rsquo;histoire provient, cette fois, de la ville de\u00a0 <strong>S\u00e9govie<\/strong> dans la province de \u00a0Castille et Le\u00f3n, au nord de Madrid.\u00a0Elle conte la chute d&rsquo;un enfant (fils ch\u00e9ri d&rsquo;un d\u00e9nomm\u00e9 Diego S\u00e1nchez),<strong>\u00a0<\/strong>du toit d&rsquo;une haute <a href=\"https:\/\/www.moyenagepassion.com\/wp-content\/uploads\/2018\/03\/musiques_medievales_partitions_alphonse_X_cantigas_santa_maria_282_culte-marial_moyen-age.jpg\"><img decoding=\"async\" class=\"alignleft wp-image-20195\" title=\"Partition musicale de la Cantiga de Santa Maria 282\" src=\"https:\/\/www.moyenagepassion.com\/wp-content\/uploads\/2018\/03\/musiques_medievales_partitions_alphonse_X_cantigas_santa_maria_282_culte-marial_moyen-age.jpg\" alt=\"musiques_medievales_partitions_alphonse_X_cantigas_santa_maria_282_culte-marial_moyen-age\" width=\"165\" height=\"275\" srcset=\"https:\/\/www.moyenagepassion.com\/wp-content\/uploads\/2018\/03\/musiques_medievales_partitions_alphonse_X_cantigas_santa_maria_282_culte-marial_moyen-age.jpg 505w, https:\/\/www.moyenagepassion.com\/wp-content\/uploads\/2018\/03\/musiques_medievales_partitions_alphonse_X_cantigas_santa_maria_282_culte-marial_moyen-age-180x300.jpg 180w\" sizes=\"(max-width: 165px) 100vw, 165px\" \/><\/a>maison.\u00a0Paniqu\u00e9s, ses parents et sa nurse accoururent en s&rsquo;attendant au pire, mais ils le trouv\u00e8rent fort heureusement sain et sauf, jouant et riant m\u00eame. Il leur expliqua qu&rsquo;il avait, pendant sa chute, demand\u00e9 \u00e0 la Vierge de le sauver et\u00a0que cette derni\u00e8re l&rsquo;avait, \u00e0 l&rsquo;\u00e9vidence, exauc\u00e9<em>.\u00a0\u00a0<\/em><\/p>\n<p style=\"text-align: justify;\">Quand ils entendirent le r\u00e9cit, les parents\u00a0heureux et soulag\u00e9s, s&#8217;empress\u00e8rent de porter l&rsquo;enfant jusqu&rsquo;\u00e0 la cath\u00e9drale et y firent offrande de nombreux cierges \u00e0 la Sainte pour la remercier du miracle.<\/p>\n<hr \/>\n<h3 style=\"text-align: center;\">Les paroles de la Cantiga de Santa Maria 282<\/h3>\n<p style=\"text-align: center;\"><em><strong>Como Santa Mar\u00eda acorreu a un mo\u00e7o de Seg\u00f3bia que caeu dun sobrado mui alto, e non se feriu porque disse: \u201cSanta Mar\u00eda, val-me.\u201d<\/strong><\/em><\/p>\n<p style=\"text-align: center;\"><em><span style=\"color: #808080;\">Comment Sainte-Marie secourut un jeune homme de S\u00e9govie qui \u00e9tait tomb\u00e9 du toit d&rsquo;une maison tr\u00e8s haute, et qui ne fut pas bless\u00e9\u00a0 parce qu&rsquo;il avait dit : \u00ab\u00a0Sainte-Marie, sauve-moi.\u00a0\u00bb<\/span><\/em><\/p>\n<p style=\"text-align: center;\"><span style=\"color: #008000;\"><strong><em>Par D\u00e9us, muit&rsquo; \u00e1 gran vertude\u00a0na paravla com\u0169al<\/em><\/strong><\/span><br \/>\n<span style=\"color: #008000;\"> <strong><em>u dizen todos nas coitas:\u00a0\u201cai, Santa Mar\u00eda, val!\u201d<\/em><\/strong><\/span><\/p>\n<p style=\"text-align: center;\"><span style=\"color: #808080;\"><em>Par Dieu, elle\u00a0<\/em><em>a de grandes vertus la pri\u00e8re commune* (*populaire)<br \/>\nque\u00a0tous disent, dans la peine (disgr\u00e2ce) : ah!\u00a0Sainte Marie, sauvez-moi!\u00a0\u00bb<\/em><\/span><\/p>\n<p style=\"text-align: center;\"><span style=\"color: #008000;\"><strong><em>Ca muito \u00e9 gran vertude\u00a0e p\u00efadad&rsquo; e mercee<\/em><\/strong><\/span><br \/>\n<span style=\"color: #008000;\"><strong><em>d&rsquo;acorrer s\u00f3l por un v\u00e9rvo\u00a0a quen en ela ben\u00a0cree;<\/em><\/strong><\/span><br \/>\n<span style=\"color: #008000;\"><strong><em>ca estando con s\u00e9u Fillo,\u00a0todo sab&rsquo; e todo\u00a0vee,<\/em><\/strong><\/span><br \/>\n<span style=\"color: #008000;\"><strong><em>pero quena aqu\u00ed chama\u00a0sa mercee non lle fal.<\/em><\/strong><\/span><br \/>\n<span style=\"color: #008000;\"><strong><em>Par D\u00e9us, muit&rsquo; \u00e1 gran vertude\u00a0na paravla com\u0169al&#8230;<\/em><\/strong><\/span><\/p>\n<p style=\"text-align: center;\"><span style=\"color: #008000;\"><strong><em>E daquest&rsquo; un s\u00e9u miragre\u00a0mui fremoso contarei<\/em><\/strong><\/span><br \/>\n<span style=\"color: #008000;\"><strong><em>que mostrou grand&rsquo; en Seg\u00f3vi&rsquo; a,\u00a0com&rsquo; \u00e9u en verdad&rsquo; achei,<\/em><\/strong><\/span><br \/>\n<span style=\"color: #008000;\"><strong><em>un fillo de D\u00efag&rsquo; S\u00e1nchez,\u00a0un cavaleiro que sei<\/em><\/strong><\/span><br \/>\n<span style=\"color: #008000;\"><strong><em><span style=\"color: #008000;\">que na cidade morava\u00a0e \u00e9ra \u00ean natural.<\/span><\/em><\/strong><\/span><br \/>\n<span style=\"color: #008000;\"><strong><em>Par D\u00e9us, muit&rsquo; \u00e1 gran vertude\u00a0na paravla com\u0169al&#8230;<\/em><\/strong><\/span><\/p>\n<p style=\"text-align: center;\"><span style=\"color: #008000;\"><strong><em>Est&rsquo; av\u00eda un s\u00e9u fillo\u00a0que amava mais ca si;<\/em><\/strong><\/span><br \/>\n<span style=\"color: #008000;\"><strong><em>e un d\u00eda trebellando\u00a0andava, com&rsquo; aprend\u00ed,<\/em><\/strong><\/span><br \/>\n<span style=\"color: #008000;\"><strong><em>encima d\u0169u sobrado\u00a0muit&rsquo; alt&rsquo;, e caeu dal\u00ed<\/em><\/strong><\/span><br \/>\n<span style=\"color: #008000;\"><strong><em>de c\u00f3stas, cabe\u00e7a juso,\u00a0e foi caer ena cal.<\/em><\/strong><\/span><br \/>\n<span style=\"color: #008000;\"><strong><em>Par D\u00e9us, muit&rsquo; \u00e1 gran vertude\u00a0na paravla com\u0169al&#8230;<\/em><\/strong><\/span><\/p>\n<p style=\"text-align: center;\"><span style=\"color: #008000;\"><strong><em>A ama que o cr\u00efava\u00a0foi corrend&rsquo; a aquel son<\/em><\/strong><\/span><br \/>\n<span style=\"color: #008000;\"><strong><em>do meninno que caera,\u00a0e o padre l\u00f3gu&rsquo; ent\u00f4n;<\/em><\/strong><\/span><br \/>\n<span style=\"color: #008000;\"><strong><em>e outross\u00ed fez a madre,\u00a0que o mui de cora\u00e7\u00f4n<\/em><\/strong><\/span><br \/>\n<span style=\"color: #008000;\"><strong><em>amava mais d&rsquo; outra cousa\u00a0como s\u00e9u fillo carnal,<br \/>\n<\/em><\/strong><\/span><span style=\"color: #008000;\"><strong><em>Par D\u00e9us, muit&rsquo; \u00e1 gran vertude\u00a0na paravla com\u0169al&#8230;<\/em><\/strong><\/span><\/p>\n<p style=\"text-align: center;\"><span style=\"color: #008000;\"><strong><em>Coidando que m\u00f3rto \u00e9ra,\u00a0e foron polo fillar.<\/em><\/strong><\/span><br \/>\n<span style=\"color: #008000;\"><strong><em>E quando pararon mentes,\u00a0v\u00edrono en p\u00e9 estar<\/em><\/strong><\/span><br \/>\n<span style=\"color: #008000;\"><strong><em>trebellando e ri\u00edndo,\u00a0e f\u00f4rono preguntar<\/em><\/strong><\/span><br \/>\n<span style=\"color: #008000;\"><strong><em>se \u00e9ra ja que ferido\u00a0ou se se sent\u00eda mal.<br \/>\n<\/em><\/strong><\/span><span style=\"color: #008000;\"><strong><em>Par D\u00e9us, muit&rsquo; \u00e1 gran vertude\u00a0na paravla com\u0169al&#8230;<\/em><\/strong><\/span><\/p>\n<p style=\"text-align: center;\"><span style=\"color: #008000;\"><strong><em>Diss&rsquo; el: \u201cNon, ca en saendo\u00a0chamei a Madre de D\u00e9us,<\/em><\/strong><\/span><br \/>\n<span style=\"color: #008000;\"><strong><em>que me fillou at\u00e1n t\u00f3ste\u00a0l\u00f3go enos bra\u00e7os s\u00e9us;<\/em><\/strong><\/span><br \/>\n<span style=\"color: #008000;\"><strong><em>ca se aquesto non fosse,\u00a0juro-vos, par San Mat\u00e9us,<\/em><\/strong><\/span><br \/>\n<span style=\"color: #008000;\"><strong><em>que todo fora desfeito\u00a0quando ca\u00ed, come sal.\u201d<\/em><\/strong><\/span><br \/>\n<span style=\"color: #008000;\"><strong><em>Par D\u00e9us, muit&rsquo; \u00e1 gran vertude\u00a0na paravla com\u0169al&#8230;<\/em><\/strong><\/span><\/p>\n<p style=\"text-align: center;\"><span style=\"color: #008000;\"><strong><em>Quand&rsquo; est&rsquo; oi\u00fc\u00a0o padre\u00a0e a madre, gran loor<\/em><\/strong><\/span><br \/>\n<span style=\"color: #008000;\"><strong><em>d\u00e9ron a Santa Mar\u00eda,\u00a0Madre de N\u00f3stro Sennor;<\/em><\/strong><\/span><br \/>\n<span style=\"color: #008000;\"><strong><em>e l\u00f3g&rsquo; o mo\u00e7o levaron\u00a0aa eigreja maior<\/em><\/strong><\/span><br \/>\n<span style=\"color: #008000;\"><strong><em>con muitas candeas outras\u00a0e con un s\u00e9u estadal.<br \/>\n<\/em><\/strong><\/span><br \/>\n<span style=\"color: #008000;\"><strong><em>Par D\u00e9us, muit&rsquo; \u00e1 gran vertude\u00a0na paravla com\u0169al.<br \/>\nu dizen todos nas coitas:\u00a0\u201cai, Santa Mar\u00eda, val!\u201d<br \/>\n<\/em><\/strong><\/span><\/p>\n<hr \/>\n<p>Retrouvez l&rsquo;<a href=\"https:\/\/www.moyenagepassion.com\/index.php\/decouvrez-les-cantigas-de-santa-maria-en-francais-actuel\/\">index de toutes les Cantigas de Santa Maria traduites en fran\u00e7ais actuel et comment\u00e9es, avec version en musique<\/a>,<\/p>\n<p>En vous souhaitant une belle\u00a0 journ\u00e9e.<\/p>\n<p>Fr\u00e9d\u00e9ric EFFE<br \/>\nPour Moyenagepassion.com<br \/>\n<em><strong>A la d\u00e9couverte du Moyen \u00c2ge sous toutes ses formes.<\/strong><\/em><\/p>\n","protected":false},"excerpt":{"rendered":"<p>Sujet :\u00a0 musique m\u00e9di\u00e9vale, Cantigas de Santa Maria, gala\u00efco-portugais, culte marial, miracles, Sainte-Marie. P\u00e9riode : Moyen \u00c2ge central, XIIIe si\u00e8cle Auteur :\u00a0 Alphonse X\u00a0 (1221-1284) Titre :\u00a0 Cantiga\u00a0282 Interpr\u00e8tes\u00a0:\u00a0Triskilian\u00a0\u00a0 Album :\u00a0Bell&rsquo;amata (2015) Bonjour \u00e0 tous, ous poursuivons, aujourd&rsquo;hui, notre exploration du culte marial au Moyen \u00c2ge central, \u00e0 la lumi\u00e8re des Cantigas de Santa Maria &hellip; <a href=\"https:\/\/www.moyenagepassion.com\/index.php\/2018\/03\/26\/la-cantiga-de-santa-maria-282-culte-marial-et-miracle-medieval-par-le-groupe-neo-folk-triskilian\/\" class=\"more-link\">Continuer la lecture de <span class=\"screen-reader-text\">La Cantiga de Santa Maria 282, culte marial et miracle m\u00e9di\u00e9val par le groupe n\u00e9o-folk Triskilian<\/span>  <span class=\"meta-nav\">&rarr;<\/span><\/a><\/p>\n","protected":false},"author":2,"featured_media":0,"comment_status":"open","ping_status":"open","sticky":false,"template":"","format":"standard","meta":{"_monsterinsights_skip_tracking":false,"_monsterinsights_sitenote_active":false,"_monsterinsights_sitenote_note":"","_monsterinsights_sitenote_category":0,"footnotes":""},"categories":[3306,9],"tags":[1402,1178,3668,1186,1202,3183,3142,1998,489,3140,22,3671,3667,18,5587,79,2185,3186,3181,3669,595],"class_list":["post-20174","post","type-post","status-publish","format-standard","hentry","category-alphonse-x-de-castille","category-musique-medieval-historique-fantaisie-celtique","tag-alphonse-le-sage","tag-alphonse-x-de-castille","tag-cantiga-282","tag-cantigas","tag-cantigas-de-santa-maria","tag-culte-marial","tag-espagne-medievale","tag-europe-medievale","tag-folk-medieval","tag-galaico-portugais","tag-medievale","tag-minnesingers","tag-miracles","tag-moyen-age","tag-moyen-age-2","tag-musique-medievale","tag-neo-folk","tag-sainte-vierge","tag-sainte-marie","tag-triskilian","tag-xiiie-siecle"],"aioseo_notices":[],"_links":{"self":[{"href":"https:\/\/www.moyenagepassion.com\/index.php\/wp-json\/wp\/v2\/posts\/20174"}],"collection":[{"href":"https:\/\/www.moyenagepassion.com\/index.php\/wp-json\/wp\/v2\/posts"}],"about":[{"href":"https:\/\/www.moyenagepassion.com\/index.php\/wp-json\/wp\/v2\/types\/post"}],"author":[{"embeddable":true,"href":"https:\/\/www.moyenagepassion.com\/index.php\/wp-json\/wp\/v2\/users\/2"}],"replies":[{"embeddable":true,"href":"https:\/\/www.moyenagepassion.com\/index.php\/wp-json\/wp\/v2\/comments?post=20174"}],"version-history":[{"count":6,"href":"https:\/\/www.moyenagepassion.com\/index.php\/wp-json\/wp\/v2\/posts\/20174\/revisions"}],"predecessor-version":[{"id":51637,"href":"https:\/\/www.moyenagepassion.com\/index.php\/wp-json\/wp\/v2\/posts\/20174\/revisions\/51637"}],"wp:attachment":[{"href":"https:\/\/www.moyenagepassion.com\/index.php\/wp-json\/wp\/v2\/media?parent=20174"}],"wp:term":[{"taxonomy":"category","embeddable":true,"href":"https:\/\/www.moyenagepassion.com\/index.php\/wp-json\/wp\/v2\/categories?post=20174"},{"taxonomy":"post_tag","embeddable":true,"href":"https:\/\/www.moyenagepassion.com\/index.php\/wp-json\/wp\/v2\/tags?post=20174"}],"curies":[{"name":"wp","href":"https:\/\/api.w.org\/{rel}","templated":true}]}}