{"id":20368,"date":"2018-04-04T00:19:20","date_gmt":"2018-04-03T23:19:20","guid":{"rendered":"http:\/\/www.moyenagepassion.com\/?p=20368"},"modified":"2020-10-04T19:31:37","modified_gmt":"2020-10-04T18:31:37","slug":"agenda-loree-des-legendes-un-festival-dedie-a-la-feerie-aux-lutins-et-aux-elfes-dans-les-ardennes","status":"publish","type":"post","link":"https:\/\/www.moyenagepassion.com\/index.php\/2018\/04\/04\/agenda-loree-des-legendes-un-festival-dedie-a-la-feerie-aux-lutins-et-aux-elfes-dans-les-ardennes\/","title":{"rendered":"Agenda : l&rsquo;Or\u00e9e des L\u00e9gendes, un festival d\u00e9di\u00e9 \u00e0 la f\u00e9erie, aux lutins et aux elfes, dans les Ardennes"},"content":{"rendered":"<div id=\"moyen-2226716549\" class=\"moyen-before-content moyen-entity-placement\"><script async src=\"\/\/pagead2.googlesyndication.com\/pagead\/js\/adsbygoogle.js?client=ca-pub-3035390706780632\" crossorigin=\"anonymous\"><\/script><ins class=\"adsbygoogle\" style=\"display:block;\" data-ad-client=\"ca-pub-3035390706780632\" \ndata-ad-slot=\"\" \ndata-ad-format=\"auto\"><\/ins>\n<script> \n(adsbygoogle = window.adsbygoogle || []).push({}); \n<\/script>\n<\/div><p><strong><a href=\"https:\/\/www.moyenagepassion.com\/wp-content\/uploads\/2018\/04\/festival_imaginaire_legende_feerie_medieval_fantastique_Montherme_ardennes1.jpg\"><img decoding=\"async\" class=\"wp-image-20411 alignleft\" src=\"https:\/\/www.moyenagepassion.com\/wp-content\/uploads\/2018\/04\/festival_imaginaire_legende_feerie_medieval_fantastique_Montherme_ardennes1.jpg\" alt=\"festival_imaginaire_legende_feerie_medieval_fantastique_Montherme_ardennes\" width=\"150\" height=\"148\" srcset=\"https:\/\/www.moyenagepassion.com\/wp-content\/uploads\/2018\/04\/festival_imaginaire_legende_feerie_medieval_fantastique_Montherme_ardennes1.jpg 566w, https:\/\/www.moyenagepassion.com\/wp-content\/uploads\/2018\/04\/festival_imaginaire_legende_feerie_medieval_fantastique_Montherme_ardennes1-300x296.jpg 300w\" sizes=\"(max-width: 150px) 100vw, 150px\" \/><\/a>Sujet<\/strong>\u00a0: f\u00eates, festival, f\u00e9erie, l\u00e9gendes,\u00a0 m\u00e9di\u00e9val fantastique, m\u00e9di\u00e9val fantaisie, march\u00e9, animations m\u00e9di\u00e9vales, salon du livre, auteurs, illustrateurs.<br \/>\n<strong>Ev\u00e9nement<\/strong>\u00a0:\u00a0 <strong>L&rsquo;Or\u00e9e des L\u00e9gendes<\/strong><br \/>\n<strong>Lieu<\/strong>\u00a0:\u00a0Montherm\u00e9, Ardennes\u00a0(Grand Est)<br \/>\n<strong>Dates<\/strong>\u00a0: les\u00a07 \u00a0et\u00a08 avril\u00a0 2018<\/p>\n<p>Bonjour \u00e0 tous,<\/p>\n<p style=\"text-align: justify;\"><img decoding=\"async\" class=\"alignleft size-full wp-image-128\" src=\"https:\/\/www.moyenagepassion.com\/wp-content\/uploads\/2015\/12\/S_lettrine_moyen_age_passion.jpg\" alt=\"S_lettrine_moyen_age_passion\" width=\"84\" height=\"103\" \/>\u00a0i vous \u00eates du c\u00f4t\u00e9 des Ardennes, ce week end, un autre \u00e9v\u00e9nement \u00e0 ne pas manquer vient s&rsquo;ajouter sur l&rsquo;agenda. Depuis 2016 et tous les deux ans, se tient en effet \u00e0 <strong>Montherm\u00e9<\/strong>, un festival cr\u00e9atif et original du nom de <strong>l&rsquo;Or\u00e9e des L\u00e9gendes<\/strong>. Il fait suite \u00e0 un \u00e9v\u00e9nement qui existait d\u00e9j\u00e0 depuis pr\u00e8s de 10 ans sur place (<em><strong>le printemps des l\u00e9gendes<\/strong><\/em>) mais dans sa forme actuelle et biennale, il s&rsquo;agit de sa deuxi\u00e8me \u00e9dition;\u00a0 avec plusieurs milliers de visiteurs, la premi\u00e8re fut un v\u00e9ritable succ\u00e8s.<\/p>\n<p style=\"text-align: justify;\"><a href=\"https:\/\/www.moyenagepassion.com\/wp-content\/uploads\/2018\/04\/agenda_festival_salon_livre_feerie_moyen-age_fantastique_animations_troubadours_contes_monde_medieval_fantaisie.jpg\"><img decoding=\"async\" class=\"wp-image-20369 alignright\" src=\"https:\/\/www.moyenagepassion.com\/wp-content\/uploads\/2018\/04\/agenda_festival_salon_livre_feerie_moyen-age_fantastique_animations_troubadours_contes_monde_medieval_fantaisie.jpg\" alt=\"agenda_festival_salon_livre_feerie_moyen-age_fantastique_animations_troubadours_contes_monde_medieval_fantaisie\" width=\"164\" height=\"232\" srcset=\"https:\/\/www.moyenagepassion.com\/wp-content\/uploads\/2018\/04\/agenda_festival_salon_livre_feerie_moyen-age_fantastique_animations_troubadours_contes_monde_medieval_fantaisie.jpg 500w, https:\/\/www.moyenagepassion.com\/wp-content\/uploads\/2018\/04\/agenda_festival_salon_livre_feerie_moyen-age_fantastique_animations_troubadours_contes_monde_medieval_fantaisie-212x300.jpg 212w\" sizes=\"(max-width: 164px) 100vw, 164px\" \/><\/a>Sur toute la journ\u00e9e de ce samedi et ce dimanche, on c\u00e9l\u00e9brera ici la f\u00e9erie, l&rsquo;imaginaire\u00a0&amp; les l\u00e9gendes (des Ardennes et d&rsquo;ailleurs). L&rsquo;\u00e9dition pr\u00e9c\u00e9dente avait\u00a0suivi les pas du\u00a0loup et cette\u00a0mouture 2018 se centrera quant \u00e0 elle plus particuli\u00e8rement sur les esprits de la nature\u00a0:\u00a0elfes, f\u00e9es, lutins et farfadets seront donc au programme, m\u00e2tin\u00e9s\u00a0d&rsquo;une large touche de fantaisie (fantasy). Pas de moyen-\u00e2ge r\u00e9aliste ici, vous l&rsquo;avez compris, mais\u00a0quelques zones de recouvrement avec le moyen-\u00e2ge fantastique que nous affectionnons aussi et qui suffisent amplement \u00e0 nous fournir l&rsquo;excuse de vous parler de ce beau festival.<\/p>\n<h2 style=\"text-align: justify;\">Le programme du festival<\/h2>\n<p style=\"text-align: justify;\"><img decoding=\"async\" class=\"alignleft size-full wp-image-128\" src=\"https:\/\/www.moyenagepassion.com\/wp-content\/uploads\/2015\/12\/S_lettrine_moyen_age_passion.jpg\" alt=\"S_lettrine_moyen_age_passion\" width=\"84\" height=\"103\" \/>ur place, cr\u00e9ateurs, artistes et artisans viendront pr\u00e9senter leurs\u00a0oeuvres et partager leur passion autour de ces th\u00e8mes l\u00e9gendaires, oniriques et imaginaires.\u00a0Le festival s&rsquo;articule autour de trois grands axes : une partie <strong>Salon du livre et de l&rsquo;illustration<\/strong> \u00e0 la rencontre des auteurs et illustrateurs, un c\u00f4t\u00e9 \u00ab\u00a0sc\u00e8ne\u00a0\u00bb avec des animations continues et des compagnies d&rsquo;artistes\u00a0venus pour l&rsquo;occasion et enfin un grand march\u00e9 sur le th\u00e8me de la f\u00e9erie.<\/p>\n<p><strong><a href=\"https:\/\/www.moyenagepassion.com\/wp-content\/uploads\/2018\/04\/agenda_medieval_evenement_festival_fantaisy_legendes_imaginaire_feerie_oree_legendes_montherme_ardennes.jpg\"><img decoding=\"async\" class=\"wp-image-20397 alignleft\" src=\"https:\/\/www.moyenagepassion.com\/wp-content\/uploads\/2018\/04\/agenda_medieval_evenement_festival_fantaisy_legendes_imaginaire_feerie_oree_legendes_montherme_ardennes.jpg\" alt=\"agenda_medieval_evenement_festival_fantaisy_legendes_imaginaire_feerie_oree_legendes_montherme_ardennes\" width=\"170\" height=\"319\" srcset=\"https:\/\/www.moyenagepassion.com\/wp-content\/uploads\/2018\/04\/agenda_medieval_evenement_festival_fantaisy_legendes_imaginaire_feerie_oree_legendes_montherme_ardennes.jpg 400w, https:\/\/www.moyenagepassion.com\/wp-content\/uploads\/2018\/04\/agenda_medieval_evenement_festival_fantaisy_legendes_imaginaire_feerie_oree_legendes_montherme_ardennes-160x300.jpg 160w\" sizes=\"(max-width: 170px) 100vw, 170px\" \/><\/a>C\u00f4t\u00e9 Salon.<br \/>\n<\/strong><strong>Editeurs, auteurs et illustrateurs<\/strong><\/p>\n<p style=\"text-align: justify;\">Sur la partie\u00a0salon du livre et de l&rsquo;illustration, \u00e0 l&rsquo;occasion de cette \u00e9dition, plus d&rsquo;une soixantaine d&rsquo;auteurs, illustrateurs et acteurs de l&rsquo;\u00e9dition seront\u00a0pr\u00e9sents pour \u00e9changer avec le public et d\u00e9dicacer leurs cr\u00e9ations.\u00a0En voici une liste non exhaustive (plus du triple est attendu).<strong><br \/>\n<\/strong><br \/>\n<em><span style=\"color: #008000;\">Sylvie Ginestet &#8211; Lansdalls \u00e9ditions &#8211; Le Monde des Etoiles &#8211; Samar Hachem &#8211; Laetitia Reynders &#8211; Bavar &#8211; SoMK -Ixel &#8211; Olivier Bernard &#8211; Julie Fouret &#8211; Nina Lopez &#8211; Jim Colorex &#8211; Patricia Le Sausse &#8211; Pascal Boillet &#8211; Librairie l&rsquo;Arbre aux 100.000 R\u00eaves\u00a0<\/span><\/em><\/p>\n<p style=\"text-align: justify;\"><em><span style=\"color: #808080;\">(l&rsquo;illustration ci-dessus est emprunt\u00e9e \u00e0 l&rsquo;artiste et peintre d\u00e9corateur lillois <span style=\"color: #008000;\"><a href=\"https:\/\/www.facebook.com\/jim-colorex-art-333243313614\/?hc_ref=ART76rONLNMIOavbfbuD4A5258GF8ti4X3Pik69UzF7V8mxoRQc5-MkBzS01JyOjPQ0\" target=\"_blank\" rel=\"noopener noreferrer\">Jim Colorex<\/a><\/span>. Ce passionn\u00e9 de contes et l\u00e9gendes\u00a0a \u00e9t\u00e9 notamment sollicit\u00e9, cette ann\u00e9e, pour d\u00e9corer des vitrines de la ville.)<\/span><\/em><\/p>\n<p><span style=\"color: #333333;\"><strong>C\u00f4t\u00e9 sc\u00e8ne.<br \/>\nTroubadours, conteurs et danseurs<\/strong><\/span><\/p>\n<p style=\"text-align: justify;\"><img decoding=\"async\" class=\"alignleft size-full wp-image-50\" src=\"https:\/\/www.moyenagepassion.com\/wp-content\/uploads\/2015\/12\/D_lettrine_moyen_age_passion.jpg\" alt=\"D_lettrine_moyen_age_passion\" width=\"84\" height=\"103\" \/>euxi\u00e8me axe\u00a0fort de l&rsquo;\u00e9v\u00e9nement, le festival accueille en son sein des spectacles et animations vari\u00e9es, en continu. Quatre troupes <a href=\"https:\/\/www.moyenagepassion.com\/wp-content\/uploads\/2018\/04\/festival_legendes_feerie_imaginaire_medieval_fantastique_montherme_salon_livre_marche_ardennes.jpg\"><img decoding=\"async\" class=\"wp-image-20375 alignright\" src=\"https:\/\/www.moyenagepassion.com\/wp-content\/uploads\/2018\/04\/festival_legendes_feerie_imaginaire_medieval_fantastique_montherme_salon_livre_marche_ardennes.jpg\" alt=\"festival_legendes_feerie_imaginaire_medieval_fantastique_montherme_salon_livre_marche_ardennes\" width=\"186\" height=\"349\" srcset=\"https:\/\/www.moyenagepassion.com\/wp-content\/uploads\/2018\/04\/festival_legendes_feerie_imaginaire_medieval_fantastique_montherme_salon_livre_marche_ardennes.jpg 400w, https:\/\/www.moyenagepassion.com\/wp-content\/uploads\/2018\/04\/festival_legendes_feerie_imaginaire_medieval_fantastique_montherme_salon_livre_marche_ardennes-160x300.jpg 160w\" sizes=\"(max-width: 186px) 100vw, 186px\" \/><\/a>d&rsquo;artistes et troubadours viendront ainsi \u00e9mailler ces deux jours de leurs contes, musiques, danses et jongleries et, par dessus tout, de leur bonne humeur :<\/p>\n<p style=\"text-align: justify;\"><span style=\"color: #008000;\"><em>Prima Nocta &#8211; Tan Elleil &#8211; Lundaz\u00e9pa &#8211; Hybrida Luna<\/em><\/span><\/p>\n<p style=\"text-align: justify;\"><strong>C\u00f4t\u00e9 Jardin.<br \/>\nUn grand march\u00e9 f\u00e9erique<br \/>\n<\/strong><br \/>\nEnfin, pour couronner le tout, l&rsquo;<strong>Or\u00e9e des L\u00e9gendes<\/strong> propose encore un march\u00e9 \u00ab\u00a0f\u00e9erique\u00a0\u00bb. Plus de 65 \u00e9choppes seront ainsi install\u00e9es aux noms plus magiques les unes que les autres : <em>La F\u00e9e Bidouille, La Gardienne des \u00c2mes , La l\u00e9gende des f\u00e9es, Elfe et Cie, etc&#8230;\u00a0<\/em>En chinant un peu, peut-\u00eatre trouverez-vous ici quelques objets enchant\u00e9s\u00a0ou tremp\u00e9s de magie elfique.<\/p>\n<p style=\"text-align: justify;\">Pour les tarifs, d\u00e9tails, et acc\u00e8s, toutes les informations sont l\u00e0 :<br \/>\n<a href=\"https:\/\/www.facebook.com\/LOr%C3%A9e-des-L%C3%A9gendes-303702463090437\/\" target=\"_blank\" rel=\"noopener noreferrer\">La page Facebook du Festival<\/a> &#8211; <a href=\"http:\/\/www.loreedeslegendes.fr\" target=\"_blank\" rel=\"noopener noreferrer\">Le site web\u00a0officiel<\/a>.<\/p>\n<p style=\"text-align: justify;\">Pour tous ceux qui se trouvent dans le Nord Est de la France\u00a0 cette fin de semaine, c&rsquo;est vraiment ici un tr\u00e8s beau voyage de deux jours\u00a0 qui vous est propos\u00e9. Pour tout vous dire et m\u00eame si nous avions jur\u00e9 de tenir notre langue, en nous fiant au bruissement des feuillages et\u00a0aux\u00a0chants d&rsquo;oiseaux de la belle for\u00eat qui borde\u00a0<strong>Montherm\u00e9<\/strong>, il est m\u00eame possible que vous y croisiez des Ents.<\/p>\n<p>En vous souhaitant une belle journ\u00e9e.<\/p>\n<p>Fred<br \/>\nPour moyenagepassion.com<br \/>\n<em><strong>A la d\u00e9couverte du Moyen-Age\u00a0sous toutes ses formes.<\/strong><\/em><\/p>\n","protected":false},"excerpt":{"rendered":"<p>Sujet\u00a0: f\u00eates, festival, f\u00e9erie, l\u00e9gendes,\u00a0 m\u00e9di\u00e9val fantastique, m\u00e9di\u00e9val fantaisie, march\u00e9, animations m\u00e9di\u00e9vales, salon du livre, auteurs, illustrateurs. Ev\u00e9nement\u00a0:\u00a0 L&rsquo;Or\u00e9e des L\u00e9gendes Lieu\u00a0:\u00a0Montherm\u00e9, Ardennes\u00a0(Grand Est) Dates\u00a0: les\u00a07 \u00a0et\u00a08 avril\u00a0 2018 Bonjour \u00e0 tous, \u00a0i vous \u00eates du c\u00f4t\u00e9 des Ardennes, ce week end, un autre \u00e9v\u00e9nement \u00e0 ne pas manquer vient s&rsquo;ajouter sur l&rsquo;agenda. Depuis 2016 &hellip; <a href=\"https:\/\/www.moyenagepassion.com\/index.php\/2018\/04\/04\/agenda-loree-des-legendes-un-festival-dedie-a-la-feerie-aux-lutins-et-aux-elfes-dans-les-ardennes\/\" class=\"more-link\">Continuer la lecture de <span class=\"screen-reader-text\">Agenda : l&rsquo;Or\u00e9e des L\u00e9gendes, un festival d\u00e9di\u00e9 \u00e0 la f\u00e9erie, aux lutins et aux elfes, dans les Ardennes<\/span>  <span class=\"meta-nav\">&rarr;<\/span><\/a><\/p>\n","protected":false},"author":2,"featured_media":0,"comment_status":"open","ping_status":"open","sticky":false,"template":"","format":"standard","meta":{"_monsterinsights_skip_tracking":false,"_monsterinsights_sitenote_active":false,"_monsterinsights_sitenote_note":"","_monsterinsights_sitenote_category":0,"footnotes":""},"categories":[11],"tags":[2529,3690,1622,3688,136,1380,1353,730,1146,1438,3691,207,262,18,3689],"class_list":["post-20368","post","type-post","status-publish","format-standard","hentry","category-fetes-medievales-evenement","tag-animations-medievales","tag-fantaisy","tag-fantastique","tag-feerie","tag-festival","tag-fetes","tag-inspiration-medievale","tag-legendes","tag-livres","tag-marche","tag-marche-feerique","tag-medieval-fantaisie","tag-medieval-fantastique","tag-moyen-age","tag-salon-du-livre"],"aioseo_notices":[],"_links":{"self":[{"href":"https:\/\/www.moyenagepassion.com\/index.php\/wp-json\/wp\/v2\/posts\/20368"}],"collection":[{"href":"https:\/\/www.moyenagepassion.com\/index.php\/wp-json\/wp\/v2\/posts"}],"about":[{"href":"https:\/\/www.moyenagepassion.com\/index.php\/wp-json\/wp\/v2\/types\/post"}],"author":[{"embeddable":true,"href":"https:\/\/www.moyenagepassion.com\/index.php\/wp-json\/wp\/v2\/users\/2"}],"replies":[{"embeddable":true,"href":"https:\/\/www.moyenagepassion.com\/index.php\/wp-json\/wp\/v2\/comments?post=20368"}],"version-history":[{"count":1,"href":"https:\/\/www.moyenagepassion.com\/index.php\/wp-json\/wp\/v2\/posts\/20368\/revisions"}],"predecessor-version":[{"id":34242,"href":"https:\/\/www.moyenagepassion.com\/index.php\/wp-json\/wp\/v2\/posts\/20368\/revisions\/34242"}],"wp:attachment":[{"href":"https:\/\/www.moyenagepassion.com\/index.php\/wp-json\/wp\/v2\/media?parent=20368"}],"wp:term":[{"taxonomy":"category","embeddable":true,"href":"https:\/\/www.moyenagepassion.com\/index.php\/wp-json\/wp\/v2\/categories?post=20368"},{"taxonomy":"post_tag","embeddable":true,"href":"https:\/\/www.moyenagepassion.com\/index.php\/wp-json\/wp\/v2\/tags?post=20368"}],"curies":[{"name":"wp","href":"https:\/\/api.w.org\/{rel}","templated":true}]}}