{"id":20498,"date":"2018-04-12T04:19:39","date_gmt":"2018-04-12T03:19:39","guid":{"rendered":"http:\/\/www.moyenagepassion.com\/?p=20498"},"modified":"2023-10-08T21:12:33","modified_gmt":"2023-10-08T20:12:33","slug":"kaamelott-un-livre-dhistoire-les-medievistes-et-universitaires-a-lassaut-des-legendes-arthuriennes-a-la-facon-dalexandre-astier","status":"publish","type":"post","link":"https:\/\/www.moyenagepassion.com\/index.php\/2018\/04\/12\/kaamelott-un-livre-dhistoire-les-medievistes-et-universitaires-a-lassaut-des-legendes-arthuriennes-a-la-facon-dalexandre-astier\/","title":{"rendered":"\u00ab\u00a0Kaamelott, un livre d&rsquo;Histoire\u00a0\u00bb : les m\u00e9di\u00e9vistes \u00e0 l&rsquo;assaut des l\u00e9gendes arthuriennes \u00e0 la t\u00e9l\u00e9vision"},"content":{"rendered":"<div id=\"moyen-3280018807\" class=\"moyen-before-content moyen-entity-placement\"><script async src=\"\/\/pagead2.googlesyndication.com\/pagead\/js\/adsbygoogle.js?client=ca-pub-3035390706780632\" crossorigin=\"anonymous\"><\/script><ins class=\"adsbygoogle\" style=\"display:block;\" data-ad-client=\"ca-pub-3035390706780632\" \ndata-ad-slot=\"\" \ndata-ad-format=\"auto\"><\/ins>\n<script> \n(adsbygoogle = window.adsbygoogle || []).push({}); \n<\/script>\n<\/div><p><strong><a href=\"https:\/\/www.moyenagepassion.com\/wp-content\/uploads\/2016\/02\/kaamelott_alexandre_astier_legende_medievale_roi_arthur_moyen_age_passion.jpg\"><img decoding=\"async\" class=\"wp-image-1680 alignleft\" src=\"https:\/\/www.moyenagepassion.com\/wp-content\/uploads\/2016\/02\/kaamelott_alexandre_astier_legende_medievale_roi_arthur_moyen_age_passion.jpg\" alt=\"kaamelott_alexandre_astier_legende_medievale_roi_arthur_moyen_age_passion\" width=\"128\" height=\"185\"><\/a>Sujet<\/strong>&nbsp;: moyen-\u00e2ge r\u00e9el et historique, moyen-\u00e2ge repr\u00e9sent\u00e9, s\u00e9rie t\u00e9l\u00e9vis\u00e9e,&nbsp; Kaamelott, Alexandre Astier, l\u00e9gendes Arthuriennes, qu\u00eate du Graal, m\u00e9di\u00e9valisme.<br \/>\n<strong>Ouvrage<\/strong>&nbsp;:&nbsp; <strong>Kaamelott, un livre d&rsquo;Histoire<\/strong><br \/>\n<strong>Auteurs<\/strong>&nbsp; : collectif, sous la direction de <strong>Florian Besson<\/strong> et de <strong>Justine Breton<\/strong><br \/>\n<strong>Parution<\/strong> : Avril 2018 (Editions Vend\u00e9miaire)<\/p>\n<p>Bonjour \u00e0 tous,<\/p>\n<p style=\"text-align: justify;\"><img decoding=\"async\" class=\"alignleft size-full wp-image-162\" src=\"https:\/\/www.moyenagepassion.com\/wp-content\/uploads\/2015\/12\/N_lettrine_moyen_age_passion.jpg\" alt=\"N_lettrine_moyen_age_passion\" width=\"84\" height=\"103\">ous l&rsquo;avions d\u00e9j\u00e0 mentionn\u00e9 dans notre pr\u00e9c\u00e9dent <a href=\"https:\/\/www.moyenagepassion.com\/index.php\/2018\/03\/24\/parenthese-detente-la-bibliotheque-imaginaire-de-kaamelott-et-un-recapitulatif-des-ouvrages-disponibles-sur-la-serie\/\" target=\"_blank\" rel=\"noopener noreferrer\">\u00ab\u00a0digest\u00a0\u00bb sur les lectures d\u00e9j\u00e0 parues autour de Kaamelott<\/a> mais ce livre \u00e9tant officiellement sorti, depuis quelques jours, il est temps d&rsquo;y revenir. Nous voulons parl\u00e9 ici de l&rsquo;ouvrage collectif paru aux \u00e9ditions Vend\u00e9miaire, sous la direction de<strong> Justine Breton<\/strong> et de <strong>Florian Besson<\/strong>&nbsp; et ayant pour titre&nbsp;<strong>\u00ab\u00a0Kaamelott, un livre d&rsquo;Histoire\u00a0\u00bb.&nbsp;<\/strong><\/p>\n<h2 style=\"text-align: justify;\">Kaamelott, un livre d&rsquo;Histoire<\/h2>\n<p style=\"text-align: justify;\">Moyen-\u00e2ge reconstruit d&rsquo;un c\u00f4t\u00e9, moyen-\u00e2ge historique de l&rsquo;autre, modernit\u00e9 de la s\u00e9rie t\u00e9l\u00e9vis\u00e9e \u00e9crite par <strong>Alexandre Astier<\/strong> d&rsquo;un c\u00f4t\u00e9, haut moyen-\u00e2ge et l\u00e9gendes arthuriennes m\u00e9di\u00e9vales&nbsp;de l&rsquo;autre, voil\u00e0 un ouvrage qui aurait pu faire dire au Perceval de Kaamelott : \u00ab\u00a0<strong><em>C&rsquo;est comme un genre de Graal, sauf qu&rsquo;i faut savoir lire<\/em><\/strong>\u00ab\u00a0.<\/p>\n<p style=\"text-align: justify;\"><a href=\"https:\/\/www.amazon.fr\/gp\/product\/2363583078\/ref=as_li_tl?ie=UTF8&amp;amp;camp=1642&amp;amp;creative=6746&amp;amp;creativeASIN=2363583078&amp;amp;linkCode=as2&amp;amp;tag=f1266-21&amp;amp;linkId=1df22e016e81fa0c00537d742c30e340&quot; target=&quot;_blank&quot;\"><img decoding=\"async\" class=\"alignleft wp-image-20555\" src=\"https:\/\/www.moyenagepassion.com\/wp-content\/uploads\/2018\/04\/livre_histoire_serie_televisee_alexandre_astier_kaamelott_legendes_arthuriennes_medievalisme.jpg\" alt=\"livre_histoire_serie_televisee_alexandre_astier_kaamelott_legendes_arthuriennes_medievalisme\" width=\"206\" height=\"288\" srcset=\"https:\/\/www.moyenagepassion.com\/wp-content\/uploads\/2018\/04\/livre_histoire_serie_televisee_alexandre_astier_kaamelott_legendes_arthuriennes_medievalisme.jpg 320w, https:\/\/www.moyenagepassion.com\/wp-content\/uploads\/2018\/04\/livre_histoire_serie_televisee_alexandre_astier_kaamelott_legendes_arthuriennes_medievalisme-214x300.jpg 214w\" sizes=\"(max-width: 206px) 100vw, 206px\" \/><\/a><\/p>\n<p style=\"text-align: justify;\">A chaque&nbsp;si\u00e8cle ou p\u00e9riode historique son Arthur, sa table ronde, son Merlin&nbsp;ou son Excalibur, comme <strong><a href=\"https:\/\/www.moyenagepassion.com\/index.php\/moyen-age\/musique-medieval-historique-fantaisie-celtique\/chretien-de-troyes\/\" target=\"_blank\" rel=\"noopener noreferrer\">Chr\u00e9tien de Troyes<\/a><\/strong> nous \u00e9clairait sur son temps avec ses romans, \u00e0 travers son \u00ab\u00a0moyen-\u00e2ge\u00a0\u00bb, c&rsquo;est bien aussi de nous et de notre monde que <strong>Kaamelott<\/strong> nous parle.&nbsp; Et c&rsquo;est tout le propos des universitaires qui s&rsquo;y sont pench\u00e9s dans cet ouvrage, nous aider \u00e0 en d\u00e9m\u00ealer l&rsquo;\u00e9cheveau : entre r\u00e9f\u00e9rences (explicites ou plus masqu\u00e9es) de la s\u00e9rie aux l\u00e9gendes arthuriennes d&rsquo;\u00e9poque et au moyen-\u00e2ge historique, mais aussi entre libert\u00e9s prises par l&rsquo;auteur et, \u00e0 travers elles, projections de notre modernit\u00e9&nbsp;qui font&nbsp;de Kaamelott une s\u00e9rie qui nous ressemble et qui trouve en nous une r\u00e9sonance.<\/p>\n<p style=\"text-align: justify;\">Vous l&rsquo;avez compris, nous sommes ici sur le terrain du m\u00e9di\u00e9valisme&nbsp;et l&rsquo;originalit\u00e9 de ce livre tient&nbsp;encore au fait qu&rsquo;il d\u00e9borde le champ m\u00eame de l&rsquo;histoire m\u00e9di\u00e9vale pour inviter des universitaires issus d&rsquo;horizons divers \u00e0 un travail de r\u00e9flexion collectif et interdisciplinaire sur le sujet.<br \/>\n<img decoding=\"async\" class=\"alignright\" style=\"border: none !important; margin: 0px !important;\" src=\"\/\/ir-fr.amazon-adsystem.com\/e\/ir?t=f1266-21&amp;l=am2&amp;o=8&amp;a=2363583078\" alt=\"\" width=\"1\" height=\"1\" border=\"0\"><\/p>\n<h2>Portraits des directeurs de l&rsquo;ouvrage<\/h2>\n<p style=\"text-align: justify;\">Pour en redire un mot, agr\u00e9g\u00e9e de lettres modernes et docteur en litt\u00e9rature m\u00e9di\u00e9vale, <strong>Justine breton<\/strong> s&rsquo;est fait une sp\u00e9cialit\u00e9 du m\u00e9di\u00e9valisme dans le champ des l\u00e9gendes arthuriennes et de l&rsquo;H\u00e9roic Fantasy. Autrement dit, si vous vous posez des questions sur la nature fictionnelle, fantaisiste ou av\u00e9r\u00e9e des r\u00e9f\u00e9rences m\u00e9di\u00e9vales utilis\u00e9es dans des oeuvres telles que <a href=\"https:\/\/www.moyenagepassion.com\/index.php\/2016\/01\/11\/la-saga-du-trone-de-fer-de-g-r-r-martin\/\" target=\"_blank\" rel=\"noopener noreferrer\">Games of Thrones<\/a>, Kaamelott ou autres productions audiovisuelles et litt\u00e9raires&nbsp;<a href=\"https:\/\/www.moyenagepassion.com\/wp-content\/uploads\/2018\/04\/deco_medievale_enluminures_graal.jpg\"><img decoding=\"async\" class=\"wp-image-20557 alignright\" src=\"https:\/\/www.moyenagepassion.com\/wp-content\/uploads\/2018\/04\/deco_medievale_enluminures_graal_kaamelott.jpg\" alt=\"deco_medievale_enluminures_graal_kaamelott\" width=\"93\" height=\"400\" srcset=\"https:\/\/www.moyenagepassion.com\/wp-content\/uploads\/2018\/04\/deco_medievale_enluminures_graal_kaamelott.jpg 115w, https:\/\/www.moyenagepassion.com\/wp-content\/uploads\/2018\/04\/deco_medievale_enluminures_graal_kaamelott-70x300.jpg 70w\" sizes=\"(max-width: 93px) 100vw, 93px\" \/><\/a>des XXe et XXIe si\u00e8cle sur ces sujets, elle est une interlocutrice de choix. Pour le reste, elle enseigne actuellement \u00e0 l&rsquo;\u00c9cole Sup\u00e9rieure du Professorat et de l&rsquo;\u00c9ducation de Picardie.<\/p>\n<p style=\"text-align: justify;\">De son c\u00f4t\u00e9, \u00e9galement tr\u00e8s actif dans le champ du m\u00e9di\u00e9valisme, <strong>Florian Besson<\/strong> est aussi un des auteurs du tr\u00e8s bon blog&nbsp;<a href=\"https:\/\/actuelmoyenage.wordpress.com\/\" target=\"_blank\" rel=\"noopener noreferrer\">Actuel Moyen-\u00e2ge<\/a> qui se propose de mettre en perspective les faits d&rsquo;actualit\u00e9 \u00e0 la lumi\u00e8re&nbsp;de l&rsquo;histoire m\u00e9di\u00e9vale et du moyen-\u00e2ge historique.<\/p>\n<p style=\"text-align: justify;\">Actuellement enseignant \u00e0 l&rsquo;Universit\u00e9 de Lorraine,&nbsp;l&rsquo;uchronie (<em>r\u00e9cits fictifs&nbsp;b\u00e2tis&nbsp;sur des \u00e9v\u00e9nements historiques \u00e9tant survenus r\u00e9ellement<\/em>) fait \u00e9galement partie de ses sujets de pr\u00e9dilection.&nbsp;On doit&nbsp;encore \u00e0 ce jeune doctorant de la Sorbonne,&nbsp;par ailleurs&nbsp;agr\u00e9g\u00e9 d&rsquo;Histoire, d&rsquo;avoir impuls\u00e9 et organis\u00e9&nbsp;avec <strong>Justine Breton<\/strong>, le&nbsp;<a href=\"https:\/\/www.moyenagepassion.com\/index.php\/2017\/02\/27\/moyen-age-reel-et-moyen-age-imaginaire-un-colloque-de-la-sorbonne-autour-de-kaamelot\/\" target=\"_blank\" rel=\"noopener noreferrer\">colloque \u00ab\u00a0Kaamelott, la relecture de l&rsquo;Histoire\u00a0\u00bb<\/a> qui s&rsquo;\u00e9tait tenu \u00e0 la Sorbonne en mars 2017. L&rsquo;ouvrage&nbsp;qu&rsquo;ils contribuent tous deux \u00e0 faire para\u00eetre aujourd&rsquo;hui , s&rsquo;inscrit dans la continuit\u00e9 de ces journ\u00e9es de r\u00e9flexion.<\/p>\n<p style=\"text-align: justify;\">Bien s\u00fbr, ces deux jeunes universitaires sont par ailleurs fans de la s\u00e9rie t\u00e9l\u00e9vis\u00e9e et la connaissent bien.&nbsp;Voici une petite vid\u00e9o de pr\u00e9sentation de leur ouvrage&nbsp; qui devrait vous en convaincre.<\/p>\n<p><strong><em>Kaamelott, un livre d&rsquo;Histoire<\/em>&nbsp;par Justine Breton &amp; Florian Besson<br \/>\n<\/strong><code><iframe src=\"https:\/\/www.youtube.com\/embed\/eC61LIIQRUA\" width=\"550\" height=\"320\" frameborder=\"0\" allowfullscreen=\"allowfullscreen\"><\/iframe><\/code><\/p>\n<p style=\"text-align: justify;\">Pour conclure, nul doute que ce nouveau titre prendra sa place dans la biblioth\u00e8que des amateurs de <strong>Kaamelott<\/strong> d\u00e9sireux de d\u00e9crypter un peu plus avant l&rsquo;\u0153uvre d&rsquo;<strong>Alexandre Astier<\/strong>;&nbsp; il est d&rsquo;ailleurs d\u00e9j\u00e0 accueilli avec grand enthousiasme dans les cercles de fans de la s\u00e9rie. Au del\u00e0, il ne manquera pas d\u2019interpeller tous ceux qui s&rsquo;int\u00e9ressent aux l\u00e9gendes arthuriennes mais aussi au d\u00e9cryptage du moyen-\u00e2ge au sens large (version reconstruite, version historique). Il est, donc, \u00e0 n&rsquo;en pas douter, vou\u00e9 au succ\u00e8s et c&rsquo;est tout le mal que nous lui souhaitons.<\/p>\n<p style=\"text-align: justify;\">Ajoutons, de notre c\u00f4t\u00e9, que nous sommes tr\u00e8s heureux de suivre les avanc\u00e9es de&nbsp;cette vague de jeunes m\u00e9di\u00e9vistes nouvelle&nbsp;g\u00e9n\u00e9ration. Bien d\u00e9termin\u00e9s \u00e0 ancrer (aussi) leurs recherches, leurs \u00e9crits et leurs pr\u00e9occupations dans la modernit\u00e9, ils nous aident \u00e0 mieux&nbsp;d\u00e9coder&nbsp;cette derni\u00e8re \u00e0 la lueur de l&rsquo;Histoire m\u00e9di\u00e9vale et nous d\u00e9montrent, du m\u00eame coup, la grande actualit\u00e9 de leur discipline et la pertinence de son \u00e9clairage.<\/p>\n<p style=\"text-align: justify;\">L&rsquo;ouvrage est disponible en ligne sous le lien suivant :&nbsp;<a href=\"https:\/\/www.amazon.fr\/gp\/product\/2363583078\/ref=as_li_tl?ie=UTF8&amp;camp=1642&amp;creative=6746&amp;creativeASIN=2363583078&amp;linkCode=as2&amp;tag=f1266-21&amp;linkId=1df22e016e81fa0c00537d742c30e340\" target=\"_blank\" rel=\"noopener noreferrer\">Kaamelott, un livre d&rsquo;histoire<\/a><\/p>\n<div>\n<p>&nbsp;En vous souhaitant une belle journ\u00e9e.<\/p>\n<\/div>\n<div>\n<p>Fr\u00e9d\u00e9ric EFFE<br \/>\nPour moyenagepassion.com<br \/>\n<em><strong>A la d\u00e9couverte du monde m\u00e9di\u00e9val sous toutes ses formes<\/strong><\/em><\/p>\n<\/div>\n","protected":false},"excerpt":{"rendered":"<p>Sujet&nbsp;: moyen-\u00e2ge r\u00e9el et historique, moyen-\u00e2ge repr\u00e9sent\u00e9, s\u00e9rie t\u00e9l\u00e9vis\u00e9e,&nbsp; Kaamelott, Alexandre Astier, l\u00e9gendes Arthuriennes, qu\u00eate du Graal, m\u00e9di\u00e9valisme. Ouvrage&nbsp;:&nbsp; Kaamelott, un livre d&rsquo;Histoire Auteurs&nbsp; : collectif, sous la direction de Florian Besson et de Justine Breton Parution : Avril 2018 (Editions Vend\u00e9miaire) Bonjour \u00e0 tous, ous l&rsquo;avions d\u00e9j\u00e0 mentionn\u00e9 dans notre pr\u00e9c\u00e9dent \u00ab\u00a0digest\u00a0\u00bb sur les &hellip; <a href=\"https:\/\/www.moyenagepassion.com\/index.php\/2018\/04\/12\/kaamelott-un-livre-dhistoire-les-medievistes-et-universitaires-a-lassaut-des-legendes-arthuriennes-a-la-facon-dalexandre-astier\/\" class=\"more-link\">Continuer la lecture de <span class=\"screen-reader-text\">\u00ab\u00a0Kaamelott, un livre d&rsquo;Histoire\u00a0\u00bb : les m\u00e9di\u00e9vistes \u00e0 l&rsquo;assaut des l\u00e9gendes arthuriennes \u00e0 la t\u00e9l\u00e9vision<\/span>  <span class=\"meta-nav\">&rarr;<\/span><\/a><\/p>\n","protected":false},"author":2,"featured_media":0,"comment_status":"open","ping_status":"open","sticky":false,"template":"","format":"standard","meta":{"_monsterinsights_skip_tracking":false,"_monsterinsights_sitenote_active":false,"_monsterinsights_sitenote_note":"","_monsterinsights_sitenote_category":0,"footnotes":""},"categories":[3,10],"tags":[197,3711,625,189,520,3712,556,346,1146,2895,2489,182,18,349,4490],"class_list":["post-20498","post","type-post","status-publish","format-standard","hentry","category-livre-moyen-age-medieval-fantaisie","category-series-televisees-moyen-age","tag-alexandre-astier","tag-florian-besson","tag-graal","tag-histoire","tag-histoire-medievale","tag-justine-breton","tag-kaamelott","tag-legendes-arthuriennes","tag-livres","tag-medievalisme","tag-medieviste","tag-monde-medieval","tag-moyen-age","tag-roi-arthur","tag-serie-tv"],"aioseo_notices":[],"_links":{"self":[{"href":"https:\/\/www.moyenagepassion.com\/index.php\/wp-json\/wp\/v2\/posts\/20498"}],"collection":[{"href":"https:\/\/www.moyenagepassion.com\/index.php\/wp-json\/wp\/v2\/posts"}],"about":[{"href":"https:\/\/www.moyenagepassion.com\/index.php\/wp-json\/wp\/v2\/types\/post"}],"author":[{"embeddable":true,"href":"https:\/\/www.moyenagepassion.com\/index.php\/wp-json\/wp\/v2\/users\/2"}],"replies":[{"embeddable":true,"href":"https:\/\/www.moyenagepassion.com\/index.php\/wp-json\/wp\/v2\/comments?post=20498"}],"version-history":[{"count":3,"href":"https:\/\/www.moyenagepassion.com\/index.php\/wp-json\/wp\/v2\/posts\/20498\/revisions"}],"predecessor-version":[{"id":49181,"href":"https:\/\/www.moyenagepassion.com\/index.php\/wp-json\/wp\/v2\/posts\/20498\/revisions\/49181"}],"wp:attachment":[{"href":"https:\/\/www.moyenagepassion.com\/index.php\/wp-json\/wp\/v2\/media?parent=20498"}],"wp:term":[{"taxonomy":"category","embeddable":true,"href":"https:\/\/www.moyenagepassion.com\/index.php\/wp-json\/wp\/v2\/categories?post=20498"},{"taxonomy":"post_tag","embeddable":true,"href":"https:\/\/www.moyenagepassion.com\/index.php\/wp-json\/wp\/v2\/tags?post=20498"}],"curies":[{"name":"wp","href":"https:\/\/api.w.org\/{rel}","templated":true}]}}