{"id":20519,"date":"2018-04-11T03:05:20","date_gmt":"2018-04-11T02:05:20","guid":{"rendered":"http:\/\/www.moyenagepassion.com\/?p=20519"},"modified":"2020-10-04T19:51:52","modified_gmt":"2020-10-04T18:51:52","slug":"agenda-peyrolles-en-provence-celebre-le-roi-rene","status":"publish","type":"post","link":"https:\/\/www.moyenagepassion.com\/index.php\/2018\/04\/11\/agenda-peyrolles-en-provence-celebre-le-roi-rene\/","title":{"rendered":"Agenda m\u00e9di\u00e9val: Peyrolles en Provence c\u00e9l\u00e8bre le roi Ren\u00e9"},"content":{"rendered":"<div id=\"moyen-3365295267\" class=\"moyen-before-content moyen-entity-placement\"><script async src=\"\/\/pagead2.googlesyndication.com\/pagead\/js\/adsbygoogle.js?client=ca-pub-3035390706780632\" crossorigin=\"anonymous\"><\/script><ins class=\"adsbygoogle\" style=\"display:block;\" data-ad-client=\"ca-pub-3035390706780632\" \ndata-ad-slot=\"\" \ndata-ad-format=\"auto\"><\/ins>\n<script> \n(adsbygoogle = window.adsbygoogle || []).push({}); \n<\/script>\n<\/div><p><strong><img decoding=\"async\" class=\"wp-image-20533 alignleft\" src=\"https:\/\/www.moyenagepassion.com\/wp-content\/uploads\/2018\/04\/blason_armoirie_heraldique_medieval_peyrolles_en_provence.jpg\" alt=\"blason_armoirie_heraldique_medieval_peyrolles_en_provence\" width=\"166\" height=\"164\" srcset=\"https:\/\/www.moyenagepassion.com\/wp-content\/uploads\/2018\/04\/blason_armoirie_heraldique_medieval_peyrolles_en_provence.jpg 566w, https:\/\/www.moyenagepassion.com\/wp-content\/uploads\/2018\/04\/blason_armoirie_heraldique_medieval_peyrolles_en_provence-300x296.jpg 300w\" sizes=\"(max-width: 166px) 100vw, 166px\" \/>Sujet<\/strong>\u00a0: foire m\u00e9di\u00e9vale, f\u00eates m\u00e9di\u00e9vales, tournoi, agenda,animations, compagnies m\u00e9di\u00e9vales,\u00a0 moyen-\u00e2ge festif, roi Ren\u00e9<br \/>\n<strong>Ev\u00e9nement<\/strong>\u00a0: 14e foire m\u00e9di\u00e9vale du roi Ren\u00e9 2018<br \/>\n<strong>Lieu<\/strong>\u00a0: Peyrolles en Provence, \u00a0Bouches-du-Rh\u00f4ne, PACA<br \/>\n<strong>Dates<\/strong>\u00a0: \u00a0samedi 14\u00a0 &amp;\u00a0\u00a0dimanche 15 avril<\/p>\n<p>Bonjour \u00e0 tous,<\/p>\n<p style=\"text-align: justify;\"><img decoding=\"async\" class=\"alignleft size-full wp-image-59\" src=\"https:\/\/www.moyenagepassion.com\/wp-content\/uploads\/2015\/12\/A_lettrine_moyen_age_passion.jpg\" alt=\"A_lettrine_moyen_age_passion\" width=\"84\" height=\"103\" \/>quelques encablures au nord d&rsquo;Aix-en-Provence et comme chaque ann\u00e9e depuis 14 ans, Peyrolles-en- Provence c\u00e9l\u00e9brera, cette fin de semaine, sa grande foire m\u00e9di\u00e9vale sur le th\u00e8me\u00a0du roi Ren\u00e9.<\/p>\n<h2 style=\"text-align: justify;\">Le roi Ren\u00e9<\/h2>\n<p style=\"text-align: justify;\"><a href=\"https:\/\/www.moyenagepassion.com\/wp-content\/uploads\/2018\/04\/foire_festival_fetes_medievales_roi_rene_peyrolles_provences_animations_compagnies_campements_moyen-age_festif.jpg\"><img decoding=\"async\" class=\"alignright wp-image-20526\" src=\"https:\/\/www.moyenagepassion.com\/wp-content\/uploads\/2018\/04\/foire_festival_fetes_medievales_roi_rene_peyrolles_provences_animations_compagnies_campements_moyen-age_festif.jpg\" alt=\"foire_festival_fetes_medievales_roi_rene_peyrolles_provences_animations_compagnies_campements_moyen-age_festif\" width=\"184\" height=\"258\" srcset=\"https:\/\/www.moyenagepassion.com\/wp-content\/uploads\/2018\/04\/foire_festival_fetes_medievales_roi_rene_peyrolles_provences_animations_compagnies_campements_moyen-age_festif.jpg 450w, https:\/\/www.moyenagepassion.com\/wp-content\/uploads\/2018\/04\/foire_festival_fetes_medievales_roi_rene_peyrolles_provences_animations_compagnies_campements_moyen-age_festif-214x300.jpg 214w\" sizes=\"(max-width: 184px) 100vw, 184px\" \/><\/a>Par son lignage autant que par ses unions, le fils de Louis II d&rsquo;Anjou et de Yolande d&rsquo;Aragon h\u00e9rita\u00a0d&rsquo;une longue liste de titres\u00a0et de provinces :\u00a0duc de Bar, de Lorraine, d&rsquo;Anjou, comte de Provence et de Forcalquier, de Pi\u00e9mont, Barcelone, roi de Naples, de J\u00e9rusalem, de Sicile et d&rsquo;Aragon, marquis de Pont-\u00e0-Mousson,&#8230; Certains lui furent m\u00eame \u00e2prement disput\u00e9s au point de lui faire connaitre l&#8217;emprisonnement.<\/p>\n<p style=\"text-align: justify;\">Chevalier guerroyant \u00e0 la bataille, notamment aux c\u00f4t\u00e9s de Jeanne d&rsquo;Arc \u00e0 la fin de la guerre de cent ans, homme d&rsquo;art et de culture, f\u00e9ru de langues (il en parlait 5, dit-on), grand amateur de chasse, de f\u00eates et de tournois, Ren\u00e9 I\u1d49\u02b3 d&rsquo;Anjou (1409-1480) contribua activement\u00a0au d\u00e9veloppement de la ville d&rsquo;Aix-en-Provence en s&rsquo;y installant \u00e0 compter de 1472. C&rsquo;est d&rsquo;ailleurs l\u00e0 qu&rsquo;il choisit de finir <a href=\"https:\/\/www.moyenagepassion.com\/wp-content\/uploads\/2018\/04\/foire_medievale_roy_rene_2018_festival_spectacles_agenda_sortie_moyen-age_peyrolles_en_provence.jpg\"><img decoding=\"async\" class=\"wp-image-20530 alignleft\" src=\"https:\/\/www.moyenagepassion.com\/wp-content\/uploads\/2018\/04\/foire_medievale_roy_rene_2018_festival_spectacles_agenda_sortie_moyen-age_peyrolles_en_provence.jpg\" alt=\"foire_medievale_roy_rene_2018_festival_spectacles_agenda_sortie_moyen-age_peyrolles_en_provence\" width=\"175\" height=\"259\" srcset=\"https:\/\/www.moyenagepassion.com\/wp-content\/uploads\/2018\/04\/foire_medievale_roy_rene_2018_festival_spectacles_agenda_sortie_moyen-age_peyrolles_en_provence.jpg 533w, https:\/\/www.moyenagepassion.com\/wp-content\/uploads\/2018\/04\/foire_medievale_roy_rene_2018_festival_spectacles_agenda_sortie_moyen-age_peyrolles_en_provence-203x300.jpg 203w\" sizes=\"(max-width: 175px) 100vw, 175px\" \/><\/a>ses jours, entour\u00e9 d&rsquo;une cour que l&rsquo;on dit lettr\u00e9e et savante et o\u00f9 se c\u00f4toyaient nombres d&rsquo;artistes et de po\u00e8tes. D&rsquo;Anjou jusqu&rsquo;en Provence,\u00a0 celui que l&rsquo;on a aussi nomm\u00e9\u00a0le roi sans royaume du moyen-\u00e2ge tardif et du XVe si\u00e8cle a conserv\u00e9 une aura de sympathie qui fut encore accrue dans le courant du XVIe et XVIIe si\u00e8cles par les chroniqueurs et les historiens. Aujourd&rsquo;hui, en Provence, on c\u00e9l\u00e8bre son empreinte et sa marque dans plus d&rsquo;un lieu et d&rsquo;une f\u00eate mais cette foire m\u00e9di\u00e9vale de Peyrolles compte\u00a0 ind\u00e9niablement\u00a0 comme\u00a0 l&rsquo;une des plus importantes.<\/p>\n<h2>Animations m\u00e9di\u00e9vales et programme<\/h2>\n<p style=\"text-align: justify;\"><img decoding=\"async\" class=\"alignleft size-full wp-image-153\" src=\"https:\/\/www.moyenagepassion.com\/wp-content\/uploads\/2015\/12\/L_lettrine_moyen_age_passion.jpg\" alt=\"L_lettrine_moyen_age_passion\" width=\"84\" height=\"103\" \/>a liste des compagnies, troupes artistiques et reconstituteurs qui seront pr\u00e9sents cette ann\u00e9e, \u00e0 Peyrolles, est impressionnante et devrait garantir une belle immersion dans une ambiance festive aux couleurs m\u00e9di\u00e9vales. Entre mesnies, compagnies de chevaliers et combattants, troubadours, artistes, saltimbanques, l&rsquo;ambition sera autant \u00e0 la reconstitution qu&rsquo;au grand <a href=\"https:\/\/www.moyenagepassion.com\/wp-content\/uploads\/2018\/04\/agenda_fete_compagnies_medievale_roy_rene_2018_moyen-age_peyrolles_en_provence.jpg\"><img decoding=\"async\" class=\"wp-image-20531 alignright\" src=\"https:\/\/www.moyenagepassion.com\/wp-content\/uploads\/2018\/04\/agenda_fete_compagnies_medievale_roy_rene_2018_moyen-age_peyrolles_en_provence.jpg\" alt=\"agenda_fete_compagnies_medievale_roy_rene_2018_moyen-age_peyrolles_en_provence\" width=\"173\" height=\"256\" srcset=\"https:\/\/www.moyenagepassion.com\/wp-content\/uploads\/2018\/04\/agenda_fete_compagnies_medievale_roy_rene_2018_moyen-age_peyrolles_en_provence.jpg 533w, https:\/\/www.moyenagepassion.com\/wp-content\/uploads\/2018\/04\/agenda_fete_compagnies_medievale_roy_rene_2018_moyen-age_peyrolles_en_provence-203x300.jpg 203w\" sizes=\"(max-width: 173px) 100vw, 173px\" \/><\/a>divertissement.\u00a0\u00a0Comme il s&rsquo;agit aussi d&rsquo;une foire, les stands de vente traditionnels y c\u00f4toieront de nombreuses \u00e9choppes d&rsquo;inspiration plus m\u00e9di\u00e9vales et artisanales.<\/p>\n<p style=\"text-align: justify;\">La f\u00eate\u00a0sera rythm\u00e9e par\u00a0de grands\u00a0 temps forts : parades costum\u00e9es et d\u00e9fil\u00e9s joyeux, spectacles de feu, spectacles \u00e9questres, tournois, lice et combats m\u00e9di\u00e9vaux, feu d&rsquo;artifice tir\u00e9 au dessus du ch\u00e2teau, etc&#8230; De mani\u00e8re permanente, entre ces divertissements\u00a0de taille sous le\u00a0soleil de Peyrolles (qu&rsquo;on esp\u00e8re au rendez-vous), on pourra\u00a0aussi profiter des nombreuses animations permanentes et autres ateliers \u00e9vocateurs des m\u00e9tiers et savoir-faire du monde m\u00e9di\u00e9val, pr\u00e9sents sur site. Les campements de reconstitution de la vie au moyen-\u00e2ge viendront encore compl\u00e9ter cette longue liste, sans oublier, bien s\u00fbr, les ripailles dans les tavernes de la cit\u00e9 grandes ouvertes et anim\u00e9es elles aussi de spectacles vari\u00e9s.<\/p>\n<p style=\"text-align: justify;\"><a href=\"https:\/\/www.moyenagepassion.com\/wp-content\/uploads\/2018\/04\/agenda_fete_compagnies_medievale_roy_rene_2018_festival_spectacles_sortie_moyen-age_peyrolles_en_provence.jpg\"><img decoding=\"async\" class=\"alignleft wp-image-20529\" src=\"https:\/\/www.moyenagepassion.com\/wp-content\/uploads\/2018\/04\/agenda_fete_compagnies_medievale_roy_rene_2018_festival_spectacles_sortie_moyen-age_peyrolles_en_provence.jpg\" alt=\"agenda_fete_compagnies_medievale_roy_rene_2018_festival_spectacles_sortie_moyen-age_peyrolles_en_provence\" width=\"171\" height=\"253\" srcset=\"https:\/\/www.moyenagepassion.com\/wp-content\/uploads\/2018\/04\/agenda_fete_compagnies_medievale_roy_rene_2018_festival_spectacles_sortie_moyen-age_peyrolles_en_provence.jpg 533w, https:\/\/www.moyenagepassion.com\/wp-content\/uploads\/2018\/04\/agenda_fete_compagnies_medievale_roy_rene_2018_festival_spectacles_sortie_moyen-age_peyrolles_en_provence-203x300.jpg 203w\" sizes=\"(max-width: 171px) 100vw, 171px\" \/><\/a>Avec un peu de chances et m\u00eame si vous manquez la c\u00e9r\u00e9monie d&rsquo;ouverture ou m\u00eame les autres d\u00e9fil\u00e9 que fera le roi Ren\u00e9, pr\u00e9sent pour l&rsquo;occasion et accompagn\u00e9 de sa reine et de sa grande cour, vous devriez tout de m\u00eame avoir une chance de l&rsquo;apercevoir \u00e0 d&rsquo;autres moments de l&rsquo;\u00e9v\u00e9nement et notamment, bien s\u00fbr, au tournoi de chevalerie qui sera donn\u00e9 en son honneur.<\/p>\n<p><strong>Compagnies m\u00e9di\u00e9vales, troubadours, artistes et mesnies<\/strong><\/p>\n<p style=\"text-align: justify;\"><span style=\"color: #008000;\"><em>Medicina Genevac &#8211; La Gueusaille &#8211; Les Gueux de Volonne &#8211; La Ferme du Soleil &#8211; Le Scriptorium &#8211; Les Forg\u00e9 de l&rsquo;Envol &#8211; Les Canards Sauvages &#8211; Les Mercatores Massiliac &#8211; Les Nains G\u00e9nieurs &#8211; Jouques Kung Fu M\u00e9di\u00e9val &#8211;\u00a0 Les Chevaliers de Saint-Jean &#8211; Au Temps Des Celtes &#8211; Les Chevaliers de l&rsquo;Ost de Roy &#8211; Le Prince des Dombes &#8211; Les Compagnons de Guilhempierre <a href=\"https:\/\/www.moyenagepassion.com\/wp-content\/uploads\/2018\/04\/agenda_fete_animation_compagnies_medievale_roy_rene_2018_moyen-age_peyrolles_en_provence.jpg\"><img decoding=\"async\" class=\"wp-image-20532 alignright\" src=\"https:\/\/www.moyenagepassion.com\/wp-content\/uploads\/2018\/04\/agenda_fete_animation_compagnies_medievale_roy_rene_2018_moyen-age_peyrolles_en_provence.jpg\" alt=\"agenda_fete_animation_compagnies_medievale_roy_rene_2018_moyen-age_peyrolles_en_provence\" width=\"173\" height=\"256\" srcset=\"https:\/\/www.moyenagepassion.com\/wp-content\/uploads\/2018\/04\/agenda_fete_animation_compagnies_medievale_roy_rene_2018_moyen-age_peyrolles_en_provence.jpg 533w, https:\/\/www.moyenagepassion.com\/wp-content\/uploads\/2018\/04\/agenda_fete_animation_compagnies_medievale_roy_rene_2018_moyen-age_peyrolles_en_provence-203x300.jpg 203w\" sizes=\"(max-width: 173px) 100vw, 173px\" \/><\/a>&#8211; Les Archers de Beaumont &#8211; Le Chant de l&rsquo;Ep\u00e9e &#8211; Gamela Nostra &#8211; Les Chevaliers du Roy Ren\u00e9 &#8211; Les Cabris d&rsquo;Argens -La Mesnie de Kallungen &#8211; La Guilde du Pays de Broue &#8211; Le Clan d&rsquo;Helvie &#8211; Drakonia &#8211; Entr&rsquo;Act &#8211; Les Fr\u00e8res Lumi\u00e8re &#8211; La Petite Faucheuse &#8211; Compagnie Zurko &#8211; A la Hache &#8211; Les Tritons Ripailleurs &#8211; La Porte des Etoiles &#8211; Mary Morgan Witch &amp; L&rsquo;ordre des Corbeaux &#8211; Les Noiseux d&rsquo;Orcanie &#8211; Entre Deux Airs &#8211; Cie Pescaluna &#8211; Les Troubadours Galapiat.<\/em><\/span><\/p>\n<p style=\"text-align: justify;\">Pour d\u00e9couvrir le programme d\u00e9taill\u00e9 et plus d\u00e9tails, consultez\u00a0 le site officiel de l&rsquo;\u00e9v\u00e9nement ici : <a href=\"https:\/\/cdfpp5.wixsite.com\/foireduroyrene\" target=\"_blank\" rel=\"noopener noreferrer\">Foire M\u00e9di\u00e9vale du Roi Ren\u00e9 2018<\/a>.<\/p>\n<p>En vous souhaitant une excellente\u00a0 journ\u00e9e.<\/p>\n<p>Fr\u00e9d\u00e9ric EFFE<br \/>\nPour moyenagepassion.com<br \/>\n<em><strong>A la d\u00e9couverte du moyen-\u00e2ge sous toutes ses formes.<\/strong><\/em><\/p>\n","protected":false},"excerpt":{"rendered":"<p>Sujet\u00a0: foire m\u00e9di\u00e9vale, f\u00eates m\u00e9di\u00e9vales, tournoi, agenda,animations, compagnies m\u00e9di\u00e9vales,\u00a0 moyen-\u00e2ge festif, roi Ren\u00e9 Ev\u00e9nement\u00a0: 14e foire m\u00e9di\u00e9vale du roi Ren\u00e9 2018 Lieu\u00a0: Peyrolles en Provence, \u00a0Bouches-du-Rh\u00f4ne, PACA Dates\u00a0: \u00a0samedi 14\u00a0 &amp;\u00a0\u00a0dimanche 15 avril Bonjour \u00e0 tous, quelques encablures au nord d&rsquo;Aix-en-Provence et comme chaque ann\u00e9e depuis 14 ans, Peyrolles-en- Provence c\u00e9l\u00e9brera, cette fin de semaine, &hellip; <a href=\"https:\/\/www.moyenagepassion.com\/index.php\/2018\/04\/11\/agenda-peyrolles-en-provence-celebre-le-roi-rene\/\" class=\"more-link\">Continuer la lecture de <span class=\"screen-reader-text\">Agenda m\u00e9di\u00e9val: Peyrolles en Provence c\u00e9l\u00e8bre le roi Ren\u00e9<\/span>  <span class=\"meta-nav\">&rarr;<\/span><\/a><\/p>\n","protected":false},"author":2,"featured_media":0,"comment_status":"open","ping_status":"open","sticky":false,"template":"","format":"standard","meta":{"_monsterinsights_skip_tracking":false,"_monsterinsights_sitenote_active":false,"_monsterinsights_sitenote_note":"","_monsterinsights_sitenote_category":0,"footnotes":""},"categories":[11],"tags":[1391,2529,212,643,22,3063,3710,2757,3709,3597,3162],"class_list":["post-20519","post","type-post","status-publish","format-standard","hentry","category-fetes-medievales-evenement","tag-agenda","tag-animations-medievales","tag-compagnies-medievales","tag-foire-medievale","tag-medievale","tag-moyen-age-festif","tag-peyrolles-en-provence","tag-reconstituteurs","tag-rene-danjou","tag-roi-rene","tag-spectacle-medieval"],"aioseo_notices":[],"_links":{"self":[{"href":"https:\/\/www.moyenagepassion.com\/index.php\/wp-json\/wp\/v2\/posts\/20519"}],"collection":[{"href":"https:\/\/www.moyenagepassion.com\/index.php\/wp-json\/wp\/v2\/posts"}],"about":[{"href":"https:\/\/www.moyenagepassion.com\/index.php\/wp-json\/wp\/v2\/types\/post"}],"author":[{"embeddable":true,"href":"https:\/\/www.moyenagepassion.com\/index.php\/wp-json\/wp\/v2\/users\/2"}],"replies":[{"embeddable":true,"href":"https:\/\/www.moyenagepassion.com\/index.php\/wp-json\/wp\/v2\/comments?post=20519"}],"version-history":[{"count":1,"href":"https:\/\/www.moyenagepassion.com\/index.php\/wp-json\/wp\/v2\/posts\/20519\/revisions"}],"predecessor-version":[{"id":34332,"href":"https:\/\/www.moyenagepassion.com\/index.php\/wp-json\/wp\/v2\/posts\/20519\/revisions\/34332"}],"wp:attachment":[{"href":"https:\/\/www.moyenagepassion.com\/index.php\/wp-json\/wp\/v2\/media?parent=20519"}],"wp:term":[{"taxonomy":"category","embeddable":true,"href":"https:\/\/www.moyenagepassion.com\/index.php\/wp-json\/wp\/v2\/categories?post=20519"},{"taxonomy":"post_tag","embeddable":true,"href":"https:\/\/www.moyenagepassion.com\/index.php\/wp-json\/wp\/v2\/tags?post=20519"}],"curies":[{"name":"wp","href":"https:\/\/api.w.org\/{rel}","templated":true}]}}