{"id":20552,"date":"2018-04-12T04:32:02","date_gmt":"2018-04-12T03:32:02","guid":{"rendered":"http:\/\/www.moyenagepassion.com\/?p=20552"},"modified":"2020-10-04T19:31:37","modified_gmt":"2020-10-04T18:31:37","slug":"kaamelott-un-livre-dhistoire-evenement-rencontre-autour-de-louvrage","status":"publish","type":"post","link":"https:\/\/www.moyenagepassion.com\/index.php\/2018\/04\/12\/kaamelott-un-livre-dhistoire-evenement-rencontre-autour-de-louvrage\/","title":{"rendered":"\u00ab\u00a0Kaamelott, un livre d&rsquo;Histoire\u00a0\u00bb Evenement-Rencontre autour de l&rsquo;ouvrage"},"content":{"rendered":"<div id=\"moyen-149720026\" class=\"moyen-before-content moyen-entity-placement\"><script async src=\"\/\/pagead2.googlesyndication.com\/pagead\/js\/adsbygoogle.js?client=ca-pub-3035390706780632\" crossorigin=\"anonymous\"><\/script><ins class=\"adsbygoogle\" style=\"display:block;\" data-ad-client=\"ca-pub-3035390706780632\" \ndata-ad-slot=\"\" \ndata-ad-format=\"auto\"><\/ins>\n<script> \n(adsbygoogle = window.adsbygoogle || []).push({}); \n<\/script>\n<\/div><p style=\"text-align: justify;\"><strong><a href=\"https:\/\/www.moyenagepassion.com\/wp-content\/uploads\/2016\/02\/kaamelott_alexandre_astier_legende_medievale_roi_arthur_moyen_age_passion.jpg\"><img decoding=\"async\" class=\"wp-image-1680 alignleft\" src=\"https:\/\/www.moyenagepassion.com\/wp-content\/uploads\/2016\/02\/kaamelott_alexandre_astier_legende_medievale_roi_arthur_moyen_age_passion.jpg\" alt=\"kaamelott_alexandre_astier_legende_medievale_roi_arthur_moyen_age_passion\" width=\"128\" height=\"185\" \/><\/a>Sujet<\/strong>\u00a0: s\u00e9rie t\u00e9l\u00e9vis\u00e9e,\u00a0 Kaamelott, Alexandre Astier, l\u00e9gendes Arthuriennes, m\u00e9di\u00e9valisme, livres.<br \/>\n<strong>Ev\u00e9nement<\/strong>\u00a0: rencontre, pr\u00e9sentation<br \/>\n<strong>Ouvrage<\/strong>\u00a0:\u00a0<strong><em>\u00a0Kaamelott, un livre d&rsquo;Histoire<\/em><\/strong><br \/>\n<strong>Auteurs<\/strong>\u00a0 : collectif, sous la direction de\u00a0<strong>Florian Besson<\/strong>\u00a0et de\u00a0<strong>Justine Breton<\/strong><br \/>\n<strong>Dates\u00a0<\/strong>: les 13 &amp; 14 Avril 2018, \u00e0 Paris<\/p>\n<p style=\"text-align: justify;\">Pour faire suite \u00e0 notre article pr\u00e9c\u00e9dent sur l&rsquo;ouvrage\u00a0<em><strong>\u00ab\u00a0<a href=\"https:\/\/www.moyenagepassion.com\/index.php\/2018\/04\/12\/kaamelott-un-livre-dhistoire-les-medievistes-et-universitaires-a-lassaut-des-legendes-arthuriennes-a-la-facon-dalexandre-astier\/\" target=\"_blank\" rel=\"noopener noreferrer\">Kaamelott, un livre d&rsquo;Histoire<\/a>\u00a0\u00bb <\/strong><\/em>et pour ceux qui se trouvent en r\u00e9gion parisienne, deux \u00e9v\u00e9nements\/rencontres sont pr\u00e9vus, cette fin de semaine, en compagnie des auteurs eux-m\u00eame. Au programme pr\u00e9sentation de l&rsquo;ouvrage, d\u00e9dicaces et discussions ouvertes. En voici les dates et horaires :<\/p>\n<p style=\"text-align: justify;\"><strong>Vendredi 13 avril<\/strong>, de 19h\u00a0\u00e0 22h au Dernier Bar avant la Fin du monde (19, avenue Victoria, Paris 1er).<\/p>\n<p style=\"text-align: justify;\"><strong>Samedi 14 avril,\u00a0<\/strong> de 17h \u00e0 21h au Confessionnal (\u00a04, rue des fosses Saint Jacques, Paris 5e ).<\/p>\n","protected":false},"excerpt":{"rendered":"<p>Sujet\u00a0: s\u00e9rie t\u00e9l\u00e9vis\u00e9e,\u00a0 Kaamelott, Alexandre Astier, l\u00e9gendes Arthuriennes, m\u00e9di\u00e9valisme, livres. Ev\u00e9nement\u00a0: rencontre, pr\u00e9sentation Ouvrage\u00a0:\u00a0\u00a0Kaamelott, un livre d&rsquo;Histoire Auteurs\u00a0 : collectif, sous la direction de\u00a0Florian Besson\u00a0et de\u00a0Justine Breton Dates\u00a0: les 13 &amp; 14 Avril 2018, \u00e0 Paris Pour faire suite \u00e0 notre article pr\u00e9c\u00e9dent sur l&rsquo;ouvrage\u00a0\u00ab\u00a0Kaamelott, un livre d&rsquo;Histoire\u00a0\u00bb et pour ceux qui se trouvent en &hellip; <a href=\"https:\/\/www.moyenagepassion.com\/index.php\/2018\/04\/12\/kaamelott-un-livre-dhistoire-evenement-rencontre-autour-de-louvrage\/\" class=\"more-link\">Continuer la lecture de <span class=\"screen-reader-text\">\u00ab\u00a0Kaamelott, un livre d&rsquo;Histoire\u00a0\u00bb Evenement-Rencontre autour de l&rsquo;ouvrage<\/span>  <span class=\"meta-nav\">&rarr;<\/span><\/a><\/p>\n","protected":false},"author":2,"featured_media":0,"comment_status":"open","ping_status":"open","sticky":false,"template":"","format":"standard","meta":{"_monsterinsights_skip_tracking":false,"_monsterinsights_sitenote_active":false,"_monsterinsights_sitenote_note":"","_monsterinsights_sitenote_category":0,"footnotes":""},"categories":[11,10],"tags":[188,556,1146,2628,4490],"class_list":["post-20552","post","type-post","status-publish","format-standard","hentry","category-fetes-medievales-evenement","category-series-televisees-moyen-age","tag-auteur","tag-kaamelott","tag-livres","tag-rencontre","tag-serie-tv"],"aioseo_notices":[],"_links":{"self":[{"href":"https:\/\/www.moyenagepassion.com\/index.php\/wp-json\/wp\/v2\/posts\/20552"}],"collection":[{"href":"https:\/\/www.moyenagepassion.com\/index.php\/wp-json\/wp\/v2\/posts"}],"about":[{"href":"https:\/\/www.moyenagepassion.com\/index.php\/wp-json\/wp\/v2\/types\/post"}],"author":[{"embeddable":true,"href":"https:\/\/www.moyenagepassion.com\/index.php\/wp-json\/wp\/v2\/users\/2"}],"replies":[{"embeddable":true,"href":"https:\/\/www.moyenagepassion.com\/index.php\/wp-json\/wp\/v2\/comments?post=20552"}],"version-history":[{"count":1,"href":"https:\/\/www.moyenagepassion.com\/index.php\/wp-json\/wp\/v2\/posts\/20552\/revisions"}],"predecessor-version":[{"id":34000,"href":"https:\/\/www.moyenagepassion.com\/index.php\/wp-json\/wp\/v2\/posts\/20552\/revisions\/34000"}],"wp:attachment":[{"href":"https:\/\/www.moyenagepassion.com\/index.php\/wp-json\/wp\/v2\/media?parent=20552"}],"wp:term":[{"taxonomy":"category","embeddable":true,"href":"https:\/\/www.moyenagepassion.com\/index.php\/wp-json\/wp\/v2\/categories?post=20552"},{"taxonomy":"post_tag","embeddable":true,"href":"https:\/\/www.moyenagepassion.com\/index.php\/wp-json\/wp\/v2\/tags?post=20552"}],"curies":[{"name":"wp","href":"https:\/\/api.w.org\/{rel}","templated":true}]}}