{"id":20571,"date":"2018-04-13T00:27:59","date_gmt":"2018-04-12T23:27:59","guid":{"rendered":"http:\/\/www.moyenagepassion.com\/?p=20571"},"modified":"2023-04-10T19:49:29","modified_gmt":"2023-04-10T18:49:29","slug":"complement-agenda-medieval-moyen-age-festif-et-evenements-dici-et-dailleurs","status":"publish","type":"post","link":"https:\/\/www.moyenagepassion.com\/index.php\/2018\/04\/13\/complement-agenda-medieval-moyen-age-festif-et-evenements-dici-et-dailleurs\/","title":{"rendered":"Compl\u00e9ment agenda m\u00e9di\u00e9val : moyen-\u00e2ge festif et \u00e9v\u00e9nements d&rsquo;ici et d&rsquo;ailleurs"},"content":{"rendered":"<div id=\"moyen-2415301880\" class=\"moyen-before-content moyen-entity-placement\"><script async src=\"\/\/pagead2.googlesyndication.com\/pagead\/js\/adsbygoogle.js?client=ca-pub-3035390706780632\" crossorigin=\"anonymous\"><\/script><ins class=\"adsbygoogle\" style=\"display:block;\" data-ad-client=\"ca-pub-3035390706780632\" \ndata-ad-slot=\"\" \ndata-ad-format=\"auto\"><\/ins>\n<script> \n(adsbygoogle = window.adsbygoogle || []).push({}); \n<\/script>\n<\/div><p><strong><a href=\"https:\/\/www.moyenagepassion.com\/wp-content\/uploads\/2017\/04\/agenda_sortie_historique_festivals_fetes_ripailles_week_end_theme_medieval_moyen-age.jpg\"><img decoding=\"async\" class=\"wp-image-11936 alignleft\" src=\"https:\/\/www.moyenagepassion.com\/wp-content\/uploads\/2017\/04\/agenda_sortie_historique_festivals_fetes_ripailles_week_end_theme_medieval_moyen-age.jpg\" alt=\"agenda_sortie_historique_festivals_fetes_ripailles_week_end_theme_medieval_moyen-age\" width=\"89\" height=\"150\" srcset=\"https:\/\/www.moyenagepassion.com\/wp-content\/uploads\/2017\/04\/agenda_sortie_historique_festivals_fetes_ripailles_week_end_theme_medieval_moyen-age.jpg 332w, https:\/\/www.moyenagepassion.com\/wp-content\/uploads\/2017\/04\/agenda_sortie_historique_festivals_fetes_ripailles_week_end_theme_medieval_moyen-age-178x300.jpg 178w\" sizes=\"(max-width: 89px) 100vw, 89px\" \/><\/a>Sujet<\/strong>\u00a0: agenda, f\u00eates m\u00e9di\u00e9vales,\u00a0animations, compagnies, m\u00e9di\u00e9vales, march\u00e9 m\u00e9di\u00e9val, moyen-\u00e2ge festif, moyen-\u00e2ge fantastique<br \/>\n<strong>Lieu<\/strong>\u00a0:\u00a0Eure, Nord, Haute-Savoie<br \/>\n<strong>Ev\u00e9nements<\/strong><strong>: <\/strong>f\u00eates\u00a0et animations\u00a0m\u00e9di\u00e9vales<br \/>\nd\u2019ici et d\u2019ailleurs<strong><em>,\u00a0<\/em><\/strong><br \/>\n<strong>Dates<\/strong>\u00a0: les 14 &amp;\u00a015\u00a0avril 2018<\/p>\n<p>Bonjour \u00e0 tous,<\/p>\n<p style=\"text-align: justify;\"><img decoding=\"async\" class=\"alignleft size-full wp-image-59\" src=\"https:\/\/www.moyenagepassion.com\/wp-content\/uploads\/2015\/12\/A_lettrine_moyen_age_passion.jpg\" alt=\"A_lettrine_moyen_age_passion\" width=\"84\" height=\"103\" \/>\u00a0la faveur des beaux jours, les f\u00eates sur le th\u00e8me du monde m\u00e9di\u00e9val se multiplient, aussi voici un compl\u00e9ment d&rsquo;agenda pour cette fin semaine. Il nous entra\u00eene dans le\u00a0 Nord, dans l&rsquo;Eure et encore en Haute Savoie. Pour le reste et si vous \u00eates plus du c\u00f4t\u00e9 du sud ce week end, voici le lien\u00a0vers\u00a0<a href=\"https:\/\/www.moyenagepassion.com\/index.php\/2018\/04\/11\/agenda-peyrolles-en-provence-celebre-le-roi-rene\/\" target=\"_blank\" rel=\"noopener noreferrer\">la foire m\u00e9di\u00e9vale du roi Ren\u00e9 de Peyrolles-en-Provence<\/a>\u00a0dont nous avons d\u00e9j\u00e0 parl\u00e9.<\/p>\n<hr \/>\n<h2>La f\u00eate m\u00e9di\u00e9vale &amp; fantastique<br \/>\nde Quievrechain, l\u00e8s\u00a0Valenciennes<\/h2>\n<p><strong>Lieu :<\/strong> Quievrechain, d\u00e9partement du Nord, Hauts-de-France.<br \/>\n<strong>Dates<\/strong> : les 14 &amp; 15 avril 2018<\/p>\n<p style=\"text-align: justify;\"><a href=\"https:\/\/www.moyenagepassion.com\/wp-content\/uploads\/2018\/04\/fete_compagnie_medievale_quievrechain_nord_moyen-age_fantastique.jpg\"><img decoding=\"async\" class=\"wp-image-20584 alignright\" src=\"https:\/\/www.moyenagepassion.com\/wp-content\/uploads\/2018\/04\/fete_compagnie_medievale_quievrechain_nord_moyen-age_fantastique.jpg\" alt=\"fete_compagnie_medievale_quievrechain_nord_moyen-age_fantastique\" width=\"177\" height=\"262\" srcset=\"https:\/\/www.moyenagepassion.com\/wp-content\/uploads\/2018\/04\/fete_compagnie_medievale_quievrechain_nord_moyen-age_fantastique.jpg 533w, https:\/\/www.moyenagepassion.com\/wp-content\/uploads\/2018\/04\/fete_compagnie_medievale_quievrechain_nord_moyen-age_fantastique-203x300.jpg 203w\" sizes=\"(max-width: 177px) 100vw, 177px\" \/><\/a>C&rsquo;est la deuxi\u00e8me \u00e9dition de cette jeune f\u00eate qui propose, sous forme biennale, deux jours d&rsquo;animations et de c\u00e9l\u00e9brations d&rsquo;inspiration m\u00e9di\u00e9vale\u00a0 avec camps militaires d&rsquo;\u00e9poque, d\u00e9couverte de m\u00e9tiers anciens (ferronnerie, frappe de Monnaie, tissages, etc&#8230;) mais \u00e9galement th\u00e9\u00e2tre, musique et tournois de chevalerie. Cette ann\u00e9e, le groupe belge de n\u00e9o-folk m\u00e9di\u00e9val <strong>Acus Vacuum<\/strong> donnera \u00e9galement plusieurs concerts gratuits au cours de l&rsquo;\u00e9v\u00e9nement.<\/p>\n<p><strong>Compagnies, mesnies et artistes pr\u00e9sents<\/strong><\/p>\n<p style=\"text-align: justify;\"><em><span style=\"color: #008000;\">Arcadia Th\u00e9\u00e2tre &#8211; Cie Equivi &#8211; Di Penta fauconnerie &#8211; La Mesnie des Fr\u00e8res d&rsquo;Armes de Saint Guinefort &#8211; La compagnie du Lou Sombre &#8211; Les fers Savoir &#8211; Ma\u00eetre Jehan &#8211; La Maisnie Hellequin\u00a0 &#8211;\u00a0Acus Vacuum\u00a0<\/span><\/em><\/p>\n<p><a href=\"https:\/\/www.moyenagepassion.com\/wp-content\/uploads\/2018\/04\/programme_fetes_animations_compagnies_medievales_quievrechain_nord_hauts_de_france.jpg\" target=\"_blank\" rel=\"noopener noreferrer\">T\u00e9l\u00e9chargez le Programme<\/a> &#8211;\u00a0 <a href=\"https:\/\/www.facebook.com\/villedequievrechain\/photos\/a.124644514393874.1073741828.110636129128046\/829393653918953\/?type=3\" target=\"_blank\" rel=\"noopener noreferrer\">Facebook<\/a><\/p>\n<hr \/>\n<h2>Les M\u00e9di\u00e9vales d&rsquo;Epieds en Normandie<\/h2>\n<p><strong>Lieu :<\/strong>\u00a0Epieds, Eure, Normandie<br \/>\n<strong>Dates<\/strong>\u00a0: les 14 &amp; 15 avril 2018<\/p>\n<p style=\"text-align: justify;\"><a href=\"https:\/\/www.moyenagepassion.com\/wp-content\/uploads\/2018\/04\/medievales_epieds_2018_normandie_fetes_animations_compagnies_moyen-age_festif.jpg\"><img decoding=\"async\" class=\"wp-image-20577 alignleft\" src=\"https:\/\/www.moyenagepassion.com\/wp-content\/uploads\/2018\/04\/medievales_epieds_2018_normandie_fetes_animations_compagnies_moyen-age_festif.jpg\" alt=\"medievales_epieds_2018_normandie_fetes_animations_compagnies_moyen-age_festif\" width=\"174\" height=\"243\" srcset=\"https:\/\/www.moyenagepassion.com\/wp-content\/uploads\/2018\/04\/medievales_epieds_2018_normandie_fetes_animations_compagnies_moyen-age_festif.jpg 600w, https:\/\/www.moyenagepassion.com\/wp-content\/uploads\/2018\/04\/medievales_epieds_2018_normandie_fetes_animations_compagnies_moyen-age_festif-214x300.jpg 214w\" sizes=\"(max-width: 174px) 100vw, 174px\" \/><\/a>Il s&rsquo;agit de la troisi\u00e8me \u00e9dition pour cette f\u00eate m\u00e9di\u00e9vale\u00a0au succ\u00e8s grandissant.<\/p>\n<p style=\"text-align: justify;\">Cette ann\u00e9e, il y aura sur place un march\u00e9 m\u00e9di\u00e9val (30 \u00e9choppes) et de nombreuses animations en continu : musique et chants, sc\u00e9nettes burlesques, tournois, combats m\u00e9di\u00e9vaux et joutes \u00e9questres, camps militaires et d\u00e9couverte de la vie des XIIe au XIVe. Viendront \u00e9galement s&rsquo;y ajouter des\u00a0spectacles de feu, ainsi qu&rsquo;un grand banquet anim\u00e9 le samedi soir.<\/p>\n<p><strong>Compagnies, mesnies et artistes pr\u00e9sents<\/strong><\/p>\n<p><span style=\"color: #008000;\"><em>Cie Ballarom &#8211; Les Golliards &#8211; Our &#8211; Ronie Peirates &#8211; Cie l&rsquo;Artilleur du Roi &#8211; Les colporteurs de r\u00eaves &#8211; Lukka Britt &#8211; Alchimie du Verre &#8211; De soie et d&rsquo;or &#8211; Marottes et les Musards &#8211; Chevalerie iniatique<\/em><\/span><\/p>\n<p><a href=\"http:\/\/www.evreuxportesdenormandie.fr\/855-les-medievales-d-epieds.htm\" target=\"_blank\" rel=\"noopener noreferrer\">Le programme complet<\/a> &#8211; <a href=\"https:\/\/www.facebook.com\/events\/226668354562973\/\" target=\"_blank\" rel=\"noopener noreferrer\">Facebook de l&rsquo;\u00e9v\u00e9nement<\/a><\/p>\n<hr \/>\n<h2 id=\"seo_h1_tag\" class=\"_5gmx\" data-testid=\"event-permalink-event-name\">Les L\u00e9gendes de Menthon au ch\u00e2teau<\/h2>\n<p class=\"_5gmx\" data-testid=\"event-permalink-event-name\"><strong>Lieu :<\/strong> Menthon-Saint-Bernard, Haute-Savoie, Rh\u00f4ne-Alpes Auvergne<br \/>\n<strong>Dates<\/strong>\u00a0: les 14 &amp; 15 avril 2018<\/p>\n<p class=\"_5gmx\" style=\"text-align: justify;\" data-testid=\"event-permalink-event-name\">Sur son haut promontoire, le\u00a0 superbe ch\u00e2teau savoyard de Menthon-Saint-Bernard a vu le jour au Xe si\u00e8cle et a connu depuis de nombreux remaniements et campagnes de restauration.\u00a0 Son esth\u00e9tique est exceptionnelle et le site fournira le cadre id\u00e9al pour une f\u00eate qui c\u00e9l\u00e9brera le moyen-\u00e2ge fantastique et ses l\u00e9gendes\u00a0sur <a href=\"https:\/\/www.moyenagepassion.com\/wp-content\/uploads\/2018\/04\/fetes_animations_agenda_moyen-age_festif_chateau_menthon_saint_bernard_2018.jpg\"><img decoding=\"async\" class=\"wp-image-20581 alignright\" src=\"https:\/\/www.moyenagepassion.com\/wp-content\/uploads\/2018\/04\/fetes_animations_agenda_moyen-age_festif_chateau_menthon_saint_bernard_2018.jpg\" alt=\"fetes_animations_agenda_moyen-age_festif_chateau_menthon_saint_bernard_2018\" width=\"175\" height=\"245\" srcset=\"https:\/\/www.moyenagepassion.com\/wp-content\/uploads\/2018\/04\/fetes_animations_agenda_moyen-age_festif_chateau_menthon_saint_bernard_2018.jpg 600w, https:\/\/www.moyenagepassion.com\/wp-content\/uploads\/2018\/04\/fetes_animations_agenda_moyen-age_festif_chateau_menthon_saint_bernard_2018-214x300.jpg 214w\" sizes=\"(max-width: 175px) 100vw, 175px\" \/><\/a>les deux jours de ce week-end.\u00a0 Le\u00a0ch\u00e2teau est anim\u00e9 tout l&rsquo;\u00e9t\u00e9 mais cet \u00e9v\u00e9nement est une premi\u00e8re dont les organisateurs comptent bien faire un succ\u00e8s p\u00e9renne.<\/p>\n<p class=\"_5gmx\" style=\"text-align: justify;\" data-testid=\"event-permalink-event-name\">Au programme de ces festivit\u00e9s, un march\u00e9 m\u00e9di\u00e9val de plus de 40 \u00e9choppes vous attendent, ainsi que plus de 50 com\u00e9diens, artistes et reconstituteurs pour animer l&rsquo;endroit de leurs musiques, combats et fac\u00e9ties.\u00a0Le monde m\u00e9di\u00e9val fantastique sera de la f\u00eate avec ses princesses, ses dragons et autres cr\u00e9atures imaginaires.<\/p>\n<p class=\"_5gmx\" data-testid=\"event-permalink-event-name\"><strong>Compagnies m\u00e9di\u00e9vales &amp; associations pr\u00e9sentes (hors artisans) :\u00a0 <\/strong><span style=\"color: #008000;\"><em>Cie\u00a0Irydia, Cie Le Tonneau d&rsquo;Or &#8211; Cie Les Terrasses de Menthon\u00a0<\/em><\/span><\/p>\n<p style=\"text-align: center;\">Voir \u00e9galement<a href=\"https:\/\/www.chateau-de-menthon.com\/\" target=\"_blank\" rel=\"noopener noreferrer\"> le site officiel du ch\u00e2teau<\/a> &#8211; <a href=\"https:\/\/www.facebook.com\/events\/158379361460292\/\" target=\"_blank\" rel=\"noopener noreferrer\">Facebook de l&rsquo;\u00e9v\u00e9nement<\/a><\/p>\n<p>En vous souhaitant une belle journ\u00e9e et puisqu&rsquo;il est bient\u00f4t l\u00e0, un excellent week end, quoique vous en fassiez.<\/p>\n<p>Fred<br \/>\nPour moyenagepassion.com<br \/>\n<em><strong>A la d\u00e9couverte du moyen-\u00e2ge sous toutes ses formes<\/strong><\/em><\/p>\n","protected":false},"excerpt":{"rendered":"<p>Sujet\u00a0: agenda, f\u00eates m\u00e9di\u00e9vales,\u00a0animations, compagnies, m\u00e9di\u00e9vales, march\u00e9 m\u00e9di\u00e9val, moyen-\u00e2ge festif, moyen-\u00e2ge fantastique Lieu\u00a0:\u00a0Eure, Nord, Haute-Savoie Ev\u00e9nements: f\u00eates\u00a0et animations\u00a0m\u00e9di\u00e9vales d\u2019ici et d\u2019ailleurs,\u00a0 Dates\u00a0: les 14 &amp;\u00a015\u00a0avril 2018 Bonjour \u00e0 tous, \u00a0la faveur des beaux jours, les f\u00eates sur le th\u00e8me du monde m\u00e9di\u00e9val se multiplient, aussi voici un compl\u00e9ment d&rsquo;agenda pour cette fin semaine. Il nous &hellip; <a href=\"https:\/\/www.moyenagepassion.com\/index.php\/2018\/04\/13\/complement-agenda-medieval-moyen-age-festif-et-evenements-dici-et-dailleurs\/\" class=\"more-link\">Continuer la lecture de <span class=\"screen-reader-text\">Compl\u00e9ment agenda m\u00e9di\u00e9val : moyen-\u00e2ge festif et \u00e9v\u00e9nements d&rsquo;ici et d&rsquo;ailleurs<\/span>  <span class=\"meta-nav\">&rarr;<\/span><\/a><\/p>\n","protected":false},"author":2,"featured_media":0,"comment_status":"open","ping_status":"open","sticky":false,"template":"","format":"standard","meta":{"_monsterinsights_skip_tracking":false,"_monsterinsights_sitenote_active":false,"_monsterinsights_sitenote_note":"","_monsterinsights_sitenote_category":0,"footnotes":""},"categories":[11],"tags":[1391,1780,212,1340,636,22,1227,182,2286,3063],"class_list":["post-20571","post","type-post","status-publish","format-standard","hentry","category-fetes-medievales-evenement","tag-agenda","tag-animations","tag-compagnies-medievales","tag-idees-week-end","tag-marche-medieval","tag-medievale","tag-medievales","tag-monde-medieval","tag-moyen-age-fantastique","tag-moyen-age-festif"],"aioseo_notices":[],"_links":{"self":[{"href":"https:\/\/www.moyenagepassion.com\/index.php\/wp-json\/wp\/v2\/posts\/20571"}],"collection":[{"href":"https:\/\/www.moyenagepassion.com\/index.php\/wp-json\/wp\/v2\/posts"}],"about":[{"href":"https:\/\/www.moyenagepassion.com\/index.php\/wp-json\/wp\/v2\/types\/post"}],"author":[{"embeddable":true,"href":"https:\/\/www.moyenagepassion.com\/index.php\/wp-json\/wp\/v2\/users\/2"}],"replies":[{"embeddable":true,"href":"https:\/\/www.moyenagepassion.com\/index.php\/wp-json\/wp\/v2\/comments?post=20571"}],"version-history":[{"count":2,"href":"https:\/\/www.moyenagepassion.com\/index.php\/wp-json\/wp\/v2\/posts\/20571\/revisions"}],"predecessor-version":[{"id":47873,"href":"https:\/\/www.moyenagepassion.com\/index.php\/wp-json\/wp\/v2\/posts\/20571\/revisions\/47873"}],"wp:attachment":[{"href":"https:\/\/www.moyenagepassion.com\/index.php\/wp-json\/wp\/v2\/media?parent=20571"}],"wp:term":[{"taxonomy":"category","embeddable":true,"href":"https:\/\/www.moyenagepassion.com\/index.php\/wp-json\/wp\/v2\/categories?post=20571"},{"taxonomy":"post_tag","embeddable":true,"href":"https:\/\/www.moyenagepassion.com\/index.php\/wp-json\/wp\/v2\/tags?post=20571"}],"curies":[{"name":"wp","href":"https:\/\/api.w.org\/{rel}","templated":true}]}}