{"id":20694,"date":"2018-04-19T21:55:24","date_gmt":"2018-04-19T20:55:24","guid":{"rendered":"http:\/\/www.moyenagepassion.com\/?p=20694"},"modified":"2020-10-04T21:31:06","modified_gmt":"2020-10-04T20:31:06","slug":"animations-fetes-medievales-du-week-end","status":"publish","type":"post","link":"https:\/\/www.moyenagepassion.com\/index.php\/2018\/04\/19\/animations-fetes-medievales-du-week-end\/","title":{"rendered":"Animations &#038; f\u00eates m\u00e9di\u00e9vales du week end"},"content":{"rendered":"<div id=\"moyen-1555287092\" class=\"moyen-before-content moyen-entity-placement\"><script async src=\"\/\/pagead2.googlesyndication.com\/pagead\/js\/adsbygoogle.js?client=ca-pub-3035390706780632\" crossorigin=\"anonymous\"><\/script><ins class=\"adsbygoogle\" style=\"display:block;\" data-ad-client=\"ca-pub-3035390706780632\" \ndata-ad-slot=\"\" \ndata-ad-format=\"auto\"><\/ins>\n<script> \n(adsbygoogle = window.adsbygoogle || []).push({}); \n<\/script>\n<\/div><p><strong><a href=\"https:\/\/www.moyenagepassion.com\/wp-content\/uploads\/2017\/04\/agenda_sortie_historique_festivals_fetes_ripailles_week_end_theme_medieval_moyen-age.jpg\"><img decoding=\"async\" class=\"wp-image-11936 alignleft\" src=\"https:\/\/www.moyenagepassion.com\/wp-content\/uploads\/2017\/04\/agenda_sortie_historique_festivals_fetes_ripailles_week_end_theme_medieval_moyen-age.jpg\" alt=\"agenda_sortie_historique_festivals_fetes_ripailles_week_end_theme_medieval_moyen-age\" width=\"89\" height=\"150\" srcset=\"https:\/\/www.moyenagepassion.com\/wp-content\/uploads\/2017\/04\/agenda_sortie_historique_festivals_fetes_ripailles_week_end_theme_medieval_moyen-age.jpg 332w, https:\/\/www.moyenagepassion.com\/wp-content\/uploads\/2017\/04\/agenda_sortie_historique_festivals_fetes_ripailles_week_end_theme_medieval_moyen-age-178x300.jpg 178w\" sizes=\"(max-width: 89px) 100vw, 89px\" \/><\/a>Sujet<\/strong>\u00a0: agenda, f\u00eates m\u00e9di\u00e9vales,\u00a0animations,\u00a0 march\u00e9 m\u00e9di\u00e9val, moyen-\u00e2ge festif,<br \/>\n<strong>Lieu<\/strong>\u00a0: Oise, Rh\u00f4ne,\u00a0Seine maritime,\u00a0 Bouches du Rh\u00f4ne.<br \/>\n<strong>Ev\u00e9nements<\/strong><strong>:\u00a0<\/strong>f\u00eates\u00a0et animations\u00a0m\u00e9di\u00e9vales<br \/>\n<strong>Dates<\/strong>\u00a0: les\u00a021 &amp;\u00a022 avril 2018<\/p>\n<p>Bonjour \u00e0 tous,<\/p>\n<p style=\"text-align: justify;\"><img decoding=\"async\" class=\"alignleft size-full wp-image-50\" src=\"https:\/\/www.moyenagepassion.com\/wp-content\/uploads\/2015\/12\/D_lettrine_moyen_age_passion.jpg\" alt=\"D_lettrine_moyen_age_passion\" width=\"84\" height=\"103\" \/>es envies de sorties aux couleurs du Moyen-\u00e2ge et de d\u00e9paysement pour cette fin de semaine ? Le cas \u00e9ch\u00e9ant, voici un petit digest des f\u00eates m\u00e9di\u00e9vales de France et (pas tout \u00e0 fait) de Navarre.<\/p>\n<hr \/>\n<h2>Retour du March\u00e9 de l&rsquo;Histoire \u00e0 Margny-l\u00e8s-Compi\u00e8gne<\/h2>\n<p><strong>Lieu<\/strong> : Le Tigre, Margny-les-Compi\u00e8gne, Oise, Hauts-de-France<br \/>\n<strong>Dates<\/strong> :\u00a021 et 22 avril 2018<\/p>\n<p style=\"text-align: justify;\"><a href=\"https:\/\/www.moyenagepassion.com\/wp-content\/uploads\/2018\/04\/agenda_sortie_medievales_marche_histoire_margny_les_compiegne_2018.jpg\"><img decoding=\"async\" class=\"wp-image-20696 alignright\" src=\"https:\/\/www.moyenagepassion.com\/wp-content\/uploads\/2018\/04\/agenda_sortie_medievales_marche_histoire_margny_les_compiegne_2018.jpg\" alt=\"agenda_sortie_medievales_marche_histoire_margny_les_compiegne_2018\" width=\"171\" height=\"239\" srcset=\"https:\/\/www.moyenagepassion.com\/wp-content\/uploads\/2018\/04\/agenda_sortie_medievales_marche_histoire_margny_les_compiegne_2018.jpg 370w, https:\/\/www.moyenagepassion.com\/wp-content\/uploads\/2018\/04\/agenda_sortie_medievales_marche_histoire_margny_les_compiegne_2018-215x300.jpg 215w\" sizes=\"(max-width: 171px) 100vw, 171px\" \/><\/a>Apr\u00e8s une premi\u00e8re \u00e9dition r\u00e9ussie en avril dernier, et pour la seconde fois, le march\u00e9 de l&rsquo;Histoire revient\u00a0\u00e0 <strong>Margny-L\u00e8s-Compi\u00e8gne<\/strong>.\u00a0Si le moyen-\u00e2ge y est largement repr\u00e9sent\u00e9, rappelons que cet \u00e9v\u00e9nement couvre une p\u00e9riode historique plus large qui part de la pr\u00e9histoire, pour aller m\u00eame jusqu&rsquo;au XXe si\u00e8cle.<\/p>\n<p style=\"text-align: justify;\">Pour cette \u00e9dition, on attend plus de 250 exposants venus des quatre coins d&rsquo;Europe et m\u00eame d&rsquo;ailleurs puisque plus de 20\u00a0nationalit\u00e9s devraient\u00a0y \u00eatre repr\u00e9sent\u00e9es.<\/p>\n<p style=\"text-align: justify;\"><a href=\"http:\/\/www.letigre.fr\/evenements\/marche-de-lhistoire-de-compiegne\/\" target=\"_blank\" rel=\"noopener noreferrer\">D\u00e9tails, informations et tarif sur le site de l&rsquo;espace d&rsquo;Exposition\u00a0<\/a><\/p>\n<p style=\"text-align: justify;\"><a href=\"https:\/\/www.moyenagepassion.com\/index.php\/2017\/04\/03\/marche-historique-et-festivites-medievales-de-fin-de-semaine-marche-de-lhistoire-de-margny-les-compiegne\/\" target=\"_blank\" rel=\"noopener noreferrer\">Voir l&rsquo;article sur l&rsquo;\u00e9dition pr\u00e9c\u00e9dente<\/a><\/p>\n<hr \/>\n<h1 style=\"text-align: justify;\">Les\u00a0F\u00e9odales de Neufcastel 2018<\/h1>\n<p><strong>Lieu<\/strong>\u00a0: Neufch\u00e2tel-en-Bray, Seine maritime, Normandie<br \/>\n<strong>Dates<\/strong>\u00a0:\u00a021 et 22 avril 2018<\/p>\n<p style=\"text-align: justify;\"><a href=\"https:\/\/www.moyenagepassion.com\/wp-content\/uploads\/2018\/04\/agenda_fetes_feodales_animations_medievales_nromandie_neuchatel.jpg\"><img decoding=\"async\" class=\"alignleft wp-image-20698\" src=\"https:\/\/www.moyenagepassion.com\/wp-content\/uploads\/2018\/04\/agenda_fetes_feodales_animations_medievales_nromandie_neuchatel.jpg\" alt=\"agenda_fetes_feodales_animations_medievales_nromandie_neuchatel\" width=\"175\" height=\"244\" srcset=\"https:\/\/www.moyenagepassion.com\/wp-content\/uploads\/2018\/04\/agenda_fetes_feodales_animations_medievales_nromandie_neuchatel.jpg 370w, https:\/\/www.moyenagepassion.com\/wp-content\/uploads\/2018\/04\/agenda_fetes_feodales_animations_medievales_nromandie_neuchatel-215x300.jpg 215w\" sizes=\"(max-width: 175px) 100vw, 175px\" \/><\/a>Propos\u00e9e par la municipalit\u00e9 de Neuch\u00e2tel-en-Bray pour la 5eme ann\u00e9e cons\u00e9cutive, cette f\u00eate m\u00e9di\u00e9vale qui s&rsquo;\u00e9talera sur toute la dur\u00e9e du week-end aura pour th\u00e8me les Croisades et le moyen-\u00e2ge en Orient.\u00a0\u00a0Sur place, on pourra ainsi d\u00e9couvrir divers campements de templiers et crois\u00e9s, mais aussi un campement oriental.\u00a0Ateliers divers, (taille de pierre, frappe de monnaie, fabrication de boucliers, etc&#8230;) initiation au combat, musique et danses, seront au programme et il y aura\u00a0encore\u00a0\u00a0un grand march\u00e9 artisanal\u00a0de pr\u00e8s de 80 exposants.<\/p>\n<p style=\"text-align: justify;\"><strong>Compagnies attendues (hors artisans)<\/strong><\/p>\n<p style=\"text-align: justify;\"><span style=\"color: #008000;\"><em>Fabricae &#8211;\u00a0 La baraterie des Arts &#8211; Cie Armutan &#8211; Cie Hestia &#8211;\u00a0 Troubad&rsquo;oups &#8211; Meghan &#8211; Fratres et Milites &#8211; Ordines Terra Sanctum<\/em><\/span><\/p>\n<p><a href=\"http:\/\/www.neufchatel.fr\/les-feodales-de-neufcastel.html\" target=\"_blank\" rel=\"noopener noreferrer\">Programme d\u00e9taill\u00e9<\/a>\u00a0&#8211;\u00a0<a href=\"https:\/\/www.facebook.com\/feodalesneufcastel2018\/\" target=\"_blank\" rel=\"noopener noreferrer\">FB de l&rsquo;\u00e9v\u00e9nement<\/a><\/p>\n<hr \/>\n<h2>La 2eme m\u00e9di\u00e9vale de Belleville<\/h2>\n<p><strong>Lieu<\/strong>\u00a0:\u00a0Belleville sur Saone, Rh\u00f4ne, Auvergne-Rh\u00f4ne-Alpes,<br \/>\n<strong>Dates<\/strong>\u00a0:\u00a021 et 22 avril 2018<\/p>\n<p style=\"text-align: justify;\">C&rsquo;est la seconde \u00e9dition de cette c\u00e9l\u00e9bration du moyen-\u00e2ge en bord de Sa\u00f4ne. Organis\u00e9e par le Comit\u00e9 des f\u00eates de Belleville, en partenariat avec l&rsquo;Association d&rsquo;escrime m\u00e9di\u00e9vale et artistique\u00a0<strong><em>Les <a href=\"https:\/\/www.moyenagepassion.com\/wp-content\/uploads\/2018\/04\/agenda_fete_medievale_belleville_sur_saone_animations_campements_fauconnerie.jpg\"><img decoding=\"async\" class=\"wp-image-20703 alignright\" src=\"https:\/\/www.moyenagepassion.com\/wp-content\/uploads\/2018\/04\/agenda_fete_medievale_belleville_sur_saone_animations_campements_fauconnerie.jpg\" alt=\"agenda_fete_medievale_belleville_sur_saone_animations_campements_fauconnerie\" width=\"170\" height=\"241\" srcset=\"https:\/\/www.moyenagepassion.com\/wp-content\/uploads\/2018\/04\/agenda_fete_medievale_belleville_sur_saone_animations_campements_fauconnerie.jpg 372w, https:\/\/www.moyenagepassion.com\/wp-content\/uploads\/2018\/04\/agenda_fete_medievale_belleville_sur_saone_animations_campements_fauconnerie-211x300.jpg 211w\" sizes=\"(max-width: 170px) 100vw, 170px\" \/><\/a>Mercenaires du d\u00e9sert des larmes, <\/em><\/strong>cette f\u00eate de deux jours proposera des animations d&rsquo;\u00e9poque, ainsi qu&rsquo;un march\u00e9 artisanal.<\/p>\n<p style=\"text-align: justify;\">Au programme, campement m\u00e9di\u00e9val, d\u00e9monstrations de combats et d&rsquo;escrime ancienne, joutes \u00e9questres, fauconnerie et spectacles de feu. Le samedi en soir\u00e9e, il y aura encore un banquet et de joyeuses ripailles, ainsi qu&rsquo;un feu d&rsquo;artifice pour c\u00e9l\u00e9brer le tout.<\/p>\n<p><a href=\"https:\/\/www.facebook.com\/events\/136072047168110\/\" target=\"_blank\" rel=\"noopener noreferrer\">Facebook de l&rsquo;\u00e9v\u00e9nement<\/a><\/p>\n<hr \/>\n<h2>La\u00a0m\u00e9di\u00e9vale des loupiots<br \/>\nau ch\u00e2teau de la Barben<\/h2>\n<p style=\"text-align: justify;\"><strong>Lieu<\/strong> : La Barben, Salon de Provence,\u00a0Bouches-du-Rh\u00f4ne, PACA.<br \/>\n<strong>Dates<\/strong> :\u00a021 et 22 avril 2018<\/p>\n<p style=\"text-align: justify;\"><a href=\"https:\/\/www.moyenagepassion.com\/wp-content\/uploads\/2018\/03\/agenda_2018_fetes_evenement_animations_compagnies_medievales_loupiots_chateau_barben_provence.jpg\"><img decoding=\"async\" class=\"wp-image-19662 alignleft\" src=\"https:\/\/www.moyenagepassion.com\/wp-content\/uploads\/2018\/03\/agenda_2018_fetes_evenement_animations_compagnies_medievales_loupiots_chateau_barben_provence.jpg\" alt=\"agenda_2018_fetes_evenement_animations_compagnies_medievales_loupiots_chateau_barben_provence\" width=\"179\" height=\"226\" srcset=\"https:\/\/www.moyenagepassion.com\/wp-content\/uploads\/2018\/03\/agenda_2018_fetes_evenement_animations_compagnies_medievales_loupiots_chateau_barben_provence.jpg 800w, https:\/\/www.moyenagepassion.com\/wp-content\/uploads\/2018\/03\/agenda_2018_fetes_evenement_animations_compagnies_medievales_loupiots_chateau_barben_provence-237x300.jpg 237w\" sizes=\"(max-width: 179px) 100vw, 179px\" \/><\/a>V\u00e9ritable joyau nich\u00e9 au coeur de la Provence, <a href=\"https:\/\/www.moyenagepassion.com\/index.php\/2018\/03\/02\/le-chateau-de-la-barben-site-dinteret-monument-classe-et-joyaux-de-provence\/\" target=\"_blank\" rel=\"noopener noreferrer\">le ch\u00e2teau de la Barben<\/a> organise\u00a0une journ\u00e9e m\u00e9di\u00e9vale enti\u00e8re \u00e0 destination particuli\u00e8re des enfants.<\/p>\n<p style=\"text-align: justify;\"><span style=\"text-align: justify;\">Comme nous avions d\u00e9j\u00e0 consacr\u00e9 un article \u00e0 cette f\u00eate, nous vous y renvoyons pour plus de d\u00e9tails :\u00a0\u00a0<\/span><a style=\"text-align: justify;\" href=\"https:\/\/www.moyenagepassion.com\/index.php\/2018\/03\/02\/agenda-medievale-speciale-enfants-chateau-de-la-barben-provence\/\" target=\"_blank\" rel=\"noopener noreferrer\">Une m\u00e9di\u00e9vale pour les enfants au Ch\u00e2teau de la Barben<\/a><\/p>\n<hr \/>\n<p>Une belle journ\u00e9e et une joyeuse fin de semaine\u00a0!<br \/>\nFred<br \/>\nPour moyenagepassion.com<br \/>\n<em><strong>A la d\u00e9couverte du Moyen-Age\u00a0sous toutes ses formes.<\/strong><\/em><\/p>\n","protected":false},"excerpt":{"rendered":"<p>Sujet\u00a0: agenda, f\u00eates m\u00e9di\u00e9vales,\u00a0animations,\u00a0 march\u00e9 m\u00e9di\u00e9val, moyen-\u00e2ge festif, Lieu\u00a0: Oise, Rh\u00f4ne,\u00a0Seine maritime,\u00a0 Bouches du Rh\u00f4ne. Ev\u00e9nements:\u00a0f\u00eates\u00a0et animations\u00a0m\u00e9di\u00e9vales Dates\u00a0: les\u00a021 &amp;\u00a022 avril 2018 Bonjour \u00e0 tous, es envies de sorties aux couleurs du Moyen-\u00e2ge et de d\u00e9paysement pour cette fin de semaine ? Le cas \u00e9ch\u00e9ant, voici un petit digest des f\u00eates m\u00e9di\u00e9vales de France et &hellip; <a href=\"https:\/\/www.moyenagepassion.com\/index.php\/2018\/04\/19\/animations-fetes-medievales-du-week-end\/\" class=\"more-link\">Continuer la lecture de <span class=\"screen-reader-text\">Animations &#038; f\u00eates m\u00e9di\u00e9vales du week end<\/span>  <span class=\"meta-nav\">&rarr;<\/span><\/a><\/p>\n","protected":false},"author":2,"featured_media":0,"comment_status":"open","ping_status":"open","sticky":false,"template":"","format":"standard","meta":{"_monsterinsights_skip_tracking":false,"_monsterinsights_sitenote_active":false,"_monsterinsights_sitenote_note":"","_monsterinsights_sitenote_category":0,"footnotes":""},"categories":[11],"tags":[1391,1539,2529,1382,1438,22,18,1585],"class_list":["post-20694","post","type-post","status-publish","format-standard","hentry","category-fetes-medievales-evenement","tag-agenda","tag-agenda-medieval","tag-animations-medievales","tag-idees-sorties","tag-marche","tag-medievale","tag-moyen-age","tag-week-end"],"aioseo_notices":[],"_links":{"self":[{"href":"https:\/\/www.moyenagepassion.com\/index.php\/wp-json\/wp\/v2\/posts\/20694"}],"collection":[{"href":"https:\/\/www.moyenagepassion.com\/index.php\/wp-json\/wp\/v2\/posts"}],"about":[{"href":"https:\/\/www.moyenagepassion.com\/index.php\/wp-json\/wp\/v2\/types\/post"}],"author":[{"embeddable":true,"href":"https:\/\/www.moyenagepassion.com\/index.php\/wp-json\/wp\/v2\/users\/2"}],"replies":[{"embeddable":true,"href":"https:\/\/www.moyenagepassion.com\/index.php\/wp-json\/wp\/v2\/comments?post=20694"}],"version-history":[{"count":1,"href":"https:\/\/www.moyenagepassion.com\/index.php\/wp-json\/wp\/v2\/posts\/20694\/revisions"}],"predecessor-version":[{"id":34327,"href":"https:\/\/www.moyenagepassion.com\/index.php\/wp-json\/wp\/v2\/posts\/20694\/revisions\/34327"}],"wp:attachment":[{"href":"https:\/\/www.moyenagepassion.com\/index.php\/wp-json\/wp\/v2\/media?parent=20694"}],"wp:term":[{"taxonomy":"category","embeddable":true,"href":"https:\/\/www.moyenagepassion.com\/index.php\/wp-json\/wp\/v2\/categories?post=20694"},{"taxonomy":"post_tag","embeddable":true,"href":"https:\/\/www.moyenagepassion.com\/index.php\/wp-json\/wp\/v2\/tags?post=20694"}],"curies":[{"name":"wp","href":"https:\/\/api.w.org\/{rel}","templated":true}]}}