{"id":20753,"date":"2018-04-26T19:57:23","date_gmt":"2018-04-26T18:57:23","guid":{"rendered":"http:\/\/www.moyenagepassion.com\/?p=20753"},"modified":"2020-10-04T19:51:36","modified_gmt":"2020-10-04T18:51:36","slug":"fetes-medievales_agenda_festif","status":"publish","type":"post","link":"https:\/\/www.moyenagepassion.com\/index.php\/2018\/04\/26\/fetes-medievales_agenda_festif\/","title":{"rendered":"Agenda m\u00e9di\u00e9val, f\u00eates et sorties du week end autour du moyen-\u00e2ge"},"content":{"rendered":"<div id=\"moyen-141655193\" class=\"moyen-before-content moyen-entity-placement\"><script async src=\"\/\/pagead2.googlesyndication.com\/pagead\/js\/adsbygoogle.js?client=ca-pub-3035390706780632\" crossorigin=\"anonymous\"><\/script><ins class=\"adsbygoogle\" style=\"display:block;\" data-ad-client=\"ca-pub-3035390706780632\" \ndata-ad-slot=\"\" \ndata-ad-format=\"auto\"><\/ins>\n<script> \n(adsbygoogle = window.adsbygoogle || []).push({}); \n<\/script>\n<\/div><p><strong><a href=\"https:\/\/www.moyenagepassion.com\/wp-content\/uploads\/2017\/04\/agenda_sortie_historique_festivals_fetes_ripailles_week_end_theme_medieval_moyen-age.jpg\"><img decoding=\"async\" class=\"wp-image-11936 alignleft\" src=\"https:\/\/www.moyenagepassion.com\/wp-content\/uploads\/2017\/04\/agenda_sortie_historique_festivals_fetes_ripailles_week_end_theme_medieval_moyen-age.jpg\" alt=\"agenda_sortie_historique_festivals_fetes_ripailles_week_end_theme_medieval_moyen-age\" width=\"89\" height=\"150\" srcset=\"https:\/\/www.moyenagepassion.com\/wp-content\/uploads\/2017\/04\/agenda_sortie_historique_festivals_fetes_ripailles_week_end_theme_medieval_moyen-age.jpg 332w, https:\/\/www.moyenagepassion.com\/wp-content\/uploads\/2017\/04\/agenda_sortie_historique_festivals_fetes_ripailles_week_end_theme_medieval_moyen-age-178x300.jpg 178w\" sizes=\"(max-width: 89px) 100vw, 89px\" \/><\/a>Sujet<\/strong>\u00a0: agenda, f\u00eates m\u00e9di\u00e9vales,\u00a0animations,\u00a0 march\u00e9 m\u00e9di\u00e9val, moyen-\u00e2ge festif,<br \/>\n<strong>Lieu<\/strong>\u00a0: Occitanie, Gard, Normandie, Calvados, Eure, Hauts de France, Bas Rhin, Grand Est,<br \/>\n<strong>Ev\u00e9nements<\/strong><strong>:\u00a0<\/strong>f\u00eates\u00a0et animations\u00a0m\u00e9di\u00e9vales<br \/>\n<strong>Dates<\/strong>\u00a0:\u00a0du 28\u00a0avril au 1er mai 2018<\/p>\n<p>Bonjour \u00e0 tous,<\/p>\n<p style=\"text-align: justify;\"><img decoding=\"async\" class=\"alignleft size-full wp-image-445\" src=\"https:\/\/www.moyenagepassion.com\/wp-content\/uploads\/2015\/12\/P_lettrine_moyen_age_passion-copia.jpg\" alt=\"P_lettrine_moyen_age_passion copia\" width=\"96\" height=\"103\" \/>our cette fin de semaine, nous vous avons d\u00e9j\u00e0 parl\u00e9 du <a href=\"https:\/\/www.moyenagepassion.com\/index.php\/2018\/04\/25\/echos-et-merveilles-un-festival-aux-couleurs-medieval-fantastique-fantasy-et-celtiques-en-occitanie\/\" target=\"_blank\" rel=\"noopener noreferrer\">Festival Echos et Merveilles en Occitanie<\/a>, et voici quelques \u00e9v\u00e9nements de plus autour du moyen-\u00e2ge festif si le coeur vous en dit.<\/p>\n<hr \/>\n<h2 style=\"text-align: justify;\">Les m\u00e9di\u00e9vales de Saint Jean de Maru\u00e9jols<\/h2>\n<p style=\"text-align: justify;\"><strong>Lieu<\/strong>\u00a0: Saint Jean de Maru\u00e9jols, Gard, Occitanie<br \/>\n<strong>Dates<\/strong>\u00a0:\u00a028 et 29 avril 2018<\/p>\n<p style=\"text-align: justify;\">Organis\u00e9es chaque ann\u00e9e par la <strong>Guilde de la Grenouille<\/strong>, les m\u00e9di\u00e9vales de Saint-Jean de Maru\u00e9jols et Avejan reviennent ce week end, \u00a0Il s&rsquo;agira l\u00e0 de la 8eme \u00e9dition. Un peu plus courte que la pr\u00e9c\u00e9dente, elle proposera le samedi et le dimanche de nombreuses animations m\u00e9di\u00e9vales autour de camps install\u00e9s l\u00e0 pour l&rsquo;occasion, ainsi qu&rsquo;un march\u00e9 artisanal.<\/p>\n<p style=\"text-align: justify;\"><a href=\"https:\/\/www.moyenagepassion.com\/wp-content\/uploads\/2018\/04\/fetes_animations_medievale__gard_guide_de_la_grenouille_St-Jean-de-Maruejols-Avejan_2018.jpg\"><img decoding=\"async\" class=\"wp-image-20754  aligncenter\" src=\"https:\/\/www.moyenagepassion.com\/wp-content\/uploads\/2018\/04\/fetes_animations_medievale__gard_guide_de_la_grenouille_St-Jean-de-Maruejols-Avejan_2018.jpg\" alt=\"fetes_animations_medievale__gard_guide_de_la_grenouille_St-Jean-de-Maruejols-Avejan_2018\" width=\"392\" height=\"259\" srcset=\"https:\/\/www.moyenagepassion.com\/wp-content\/uploads\/2018\/04\/fetes_animations_medievale__gard_guide_de_la_grenouille_St-Jean-de-Maruejols-Avejan_2018.jpg 750w, https:\/\/www.moyenagepassion.com\/wp-content\/uploads\/2018\/04\/fetes_animations_medievale__gard_guide_de_la_grenouille_St-Jean-de-Maruejols-Avejan_2018-300x198.jpg 300w\" sizes=\"(max-width: 392px) 100vw, 392px\" \/><\/a><\/p>\n<p style=\"text-align: justify;\"><strong>Compagnies m\u00e9di\u00e9vales &amp; reconstituteurs attendus<\/strong><\/p>\n<p style=\"text-align: justify;\"><span style=\"color: #008000;\"><em>La Guilde de la Grenouille &#8211; les Goliars &#8211; la Hanse du Loup des Steppes &#8211; Le clan d&rsquo;Elvie &#8211; Les Chevaliers des Terres D&rsquo;occitanie &#8211; Les Compagnons de Simon &#8211; La Dame des Aigues &#8211; L&rsquo;Archer Bourguignon &#8211; Les Veilleurs de Bauceans &#8211; La Mesnie de Fos &#8211; les Sans Paires aux Regard D&rsquo;\u00e2ne &#8211; Les Batards d&rsquo;Occitanie &#8211; Au Siecle d&rsquo;En Temps &#8211; Gamela Nostra &#8211;\u00a0 La Compagnie de Crussol &#8211; L&rsquo;Ordre de la Tour &#8211; La\u00a0 Compagnie Notre Dame &#8211; La Compagnie de Trencavel.<\/em><\/span><\/p>\n<p style=\"text-align: justify;\">Voir article d\u00e9taill\u00e9 sur l&rsquo;<a href=\"https:\/\/www.moyenagepassion.com\/index.php\/2017\/04\/28\/agenda-les-medievales-de-saint-jean-de-maruejols-et-avejan-et-la-guilde-de-la-grenouille\/\" target=\"_blank\" rel=\"noopener noreferrer\">\u00e9dition pr\u00e9c\u00e9dente<\/a><\/p>\n<p style=\"text-align: justify;\"><a href=\"https:\/\/www.facebook.com\/M%C3%A9di%C3%A9vale-de-la-Grenouille-1641695172762731\/\" target=\"_blank\" rel=\"noopener noreferrer\">Facebook de l&rsquo;\u00e9v\u00e9nement<\/a><\/p>\n<hr \/>\n<h2 style=\"text-align: justify;\">Grand foire m\u00e9di\u00e9vale de Coucy-le-Ch\u00e2teau<\/h2>\n<p style=\"text-align: justify;\"><strong>Lieu<\/strong>\u00a0: Coucy-le-Ch\u00e2teau, Aisne, Hauts de France<br \/>\n<strong>Dates<\/strong>\u00a0:\u00a028 et 29 avril 2018<\/p>\n<p style=\"text-align: justify;\">C&rsquo;est la 12e \u00e9dition de cette f\u00eate m\u00e9di\u00e9vale organis\u00e9e par l&rsquo;<strong>Association des Seigneuriales de Coucy<\/strong>.\u00a0\u00a0Elle propose un march\u00e9 artisanal riche d&rsquo;une cinquantaine d&rsquo;exposants, ainsi que de nombreux divertissements d&rsquo;inspiration m\u00e9di\u00e9vale\u00a0:\u00a0musiques,\u00a0 \u00a0<a href=\"https:\/\/www.moyenagepassion.com\/wp-content\/uploads\/2018\/04\/fete_foire_medievale_coucy_le_chateau_les_seigneuriales_2018_agenda_moyen-age_festif.jpg\"><img decoding=\"async\" class=\"wp-image-20759 alignright\" src=\"https:\/\/www.moyenagepassion.com\/wp-content\/uploads\/2018\/04\/fete_foire_medievale_coucy_le_chateau_les_seigneuriales_2018_agenda_moyen-age_festif.jpg\" alt=\"fete_foire_medievale_coucy_le_chateau_les_seigneuriales_2018_agenda_moyen-age_festif\" width=\"172\" height=\"227\" srcset=\"https:\/\/www.moyenagepassion.com\/wp-content\/uploads\/2018\/04\/fete_foire_medievale_coucy_le_chateau_les_seigneuriales_2018_agenda_moyen-age_festif.jpg 500w, https:\/\/www.moyenagepassion.com\/wp-content\/uploads\/2018\/04\/fete_foire_medievale_coucy_le_chateau_les_seigneuriales_2018_agenda_moyen-age_festif-227x300.jpg 227w\" sizes=\"(max-width: 172px) 100vw, 172px\" \/><\/a>danses, chants, combats, jonglerie, archerie, etc&#8230; et encore des parades et grands d\u00e9fil\u00e9s en costume d&rsquo;\u00e9poque.<\/p>\n<p style=\"text-align: justify;\">Temps fort de l&rsquo;\u00e9v\u00e9nement, un grand spectacle \u00e9questre sur \u00ab\u00a0<strong>La L\u00e9gende d\u2019Enguerrand\u00a0\u00bb<\/strong>\u00a0sera donn\u00e9 plusieurs fois dans la journ\u00e9e du samedi et du dimanche par la troupe\u00a0<strong>Alezia Show Equestre.<\/strong><\/p>\n<p style=\"text-align: justify;\"><a href=\"https:\/\/www.facebook.com\/Seigneuriales.coucy\/\" target=\"_blank\" rel=\"noopener noreferrer\">Facebook de l&rsquo;\u00e9v\u00e9nement<\/a><\/p>\n<hr \/>\n<h2 class=\"subtitle\">Grand Tournoi de Chevalerie de l&rsquo;an 1518<br \/>\nau Ch\u00e2teau de Sainte Croix Grand tonne<\/h2>\n<p><strong>Lieu<\/strong>\u00a0: Ch\u00e2teau de \u00a0Sainte croix grand tonne, Calvados, Normandie<br \/>\n<strong>Dates<\/strong>\u00a0:\u00a028 et 29 avril 2018, (28 et 29 juillet 2018)<\/p>\n<p style=\"text-align: justify;\"><a href=\"https:\/\/www.moyenagepassion.com\/wp-content\/uploads\/2018\/04\/evenement_agenda_animations_medievale_tournois_chevalerie_chateau_grand_tonne_normandie.jpg\"><img decoding=\"async\" class=\"wp-image-20761 alignleft\" src=\"https:\/\/www.moyenagepassion.com\/wp-content\/uploads\/2018\/04\/evenement_agenda_animations_medievale_tournois_chevalerie_chateau_grand_tonne_normandie.jpg\" alt=\"evenement_agenda_animations_medievale_tournois_chevalerie_chateau_grand_tonne_normandie\" width=\"176\" height=\"220\" srcset=\"https:\/\/www.moyenagepassion.com\/wp-content\/uploads\/2018\/04\/evenement_agenda_animations_medievale_tournois_chevalerie_chateau_grand_tonne_normandie.jpg 700w, https:\/\/www.moyenagepassion.com\/wp-content\/uploads\/2018\/04\/evenement_agenda_animations_medievale_tournois_chevalerie_chateau_grand_tonne_normandie-241x300.jpg 241w\" sizes=\"(max-width: 176px) 100vw, 176px\" \/><\/a>Situ\u00e9 entre Caen et Bayeux, le Ch\u00e2teau de Sainte Croix Grand tonne\u00a0vous propose sur quatre jours un grand tournoi de chevalerie. Ce week end consacrera les deux premi\u00e8res journ\u00e9es\u00a0 de l&rsquo;\u00e9v\u00e9nement. En plus de sa dimension spectaculaire, le tournoi est tout \u00e0 fait s\u00e9rieux puisqu&rsquo;il est m\u00eame encadr\u00e9 par des cavaliers ayant particip\u00e9 au championnat du monde de Joutes \u00e9questres.\u00a0Dix cavaliers s&rsquo;affronteront donc au cours d&rsquo;\u00e9preuves vari\u00e9es :\u00a0 joutes\u00a0 mais\u00a0aussi\u00a0tir \u00e0 l&rsquo;arc \u00e0 cheval, jeux de chasse , jeux de guerre ,\u00a0 \u00a0combats \u00e0 pied, etc&#8230;<\/p>\n<p style=\"text-align: justify;\">Sur place, en plus du tournoi qui reste le coeur de l&rsquo;\u00e9v\u00e9nement, quelques animations suppl\u00e9mentaires sont encore pr\u00e9vues :\u00a0 jeux m\u00e9di\u00e9vaux ou renaissants, stand d&rsquo;archerie, mais aussi quelques \u00e9choppes artisanales, sans oublier une taverne m\u00e9di\u00e9vale et sa r\u00f4tissoire.<\/p>\n<p><a href=\"http:\/\/www.chateaudeschevaliers.com\/fetes-thematiques\" target=\"_blank\" rel=\"noopener noreferrer\">Voir d\u00e9tail sur le site du ch\u00e2teau<\/a><\/p>\n<hr \/>\n<h2>Les M\u00e9di\u00e9vales d&rsquo;Harcourt 2018<\/h2>\n<p><strong>Lieu : <\/strong>Harcourt, Eure, Normandie<br \/>\n<strong>Dates<\/strong>\u00a0: dimanche 29,\u00a0 lundi 30 avril et mardi 1er mai 2018<\/p>\n<p style=\"text-align: justify;\">Tournoi de chevalerie, initiation\u00a0aux joutes \u00e9questres, spectacle de fauconnerie et\u00a0 animations m\u00e9di\u00e9vales, \u00e0 compter de ce dimanche et\u00a0 pendant trois jours, le joli domaine normand d&rsquo;Harcourt retourne au Moyen-\u00e2ge, sous la houlette de l&rsquo;<strong><a href=\"https:\/\/www.facebook.com\/AssociationChevalerieInitiatique\/\" target=\"_blank\" rel=\"noopener noreferrer\">Association Chevalerie Initiatique<\/a><\/strong>. Pour l&rsquo;occasion, des compagnies et reconstituteurs installeront\u00a0leurs camps sur le site. En plus des nombreuses d\u00e9monstrations d&rsquo;artisanat ou d&rsquo;escrime auxquels vous pourrez assister, il y aura \u00e9galement sur place un\u00a0march\u00e9 m\u00e9di\u00e9val et gourmand.<\/p>\n<p><a href=\"https:\/\/www.moyenagepassion.com\/wp-content\/uploads\/2018\/04\/fetes_agenda_medievale_animation_moyen-age_harcourt_normandie.jpg\"><img decoding=\"async\" class=\"wp-image-20765  aligncenter\" src=\"https:\/\/www.moyenagepassion.com\/wp-content\/uploads\/2018\/04\/fetes_agenda_medievale_animation_moyen-age_harcourt_normandie.jpg\" alt=\"fetes_agenda_medievale_animation_moyen-age_harcourt_normandie\" width=\"406\" height=\"203\" srcset=\"https:\/\/www.moyenagepassion.com\/wp-content\/uploads\/2018\/04\/fetes_agenda_medievale_animation_moyen-age_harcourt_normandie.jpg 700w, https:\/\/www.moyenagepassion.com\/wp-content\/uploads\/2018\/04\/fetes_agenda_medievale_animation_moyen-age_harcourt_normandie-300x150.jpg 300w\" sizes=\"(max-width: 406px) 100vw, 406px\" \/><\/a><\/p>\n<p><strong>Compagnies m\u00e9di\u00e9vales &amp; Mesnies pr\u00e9sentes<\/strong><br \/>\n(hors exposants march\u00e9)<\/p>\n<p><span style=\"color: #008000;\"><em>Les compagnons de Roland &#8211; Les Lions de Montfort &#8211; Irish Wolfhound &#8211; Fauconnerie Di Penta &#8211;\u00a0 Cie Battle of Color &#8211; Chevalerie Initiatique<\/em><\/span><\/p>\n<p><a href=\"https:\/\/www.facebook.com\/events\/174575809814664\/\" target=\"_blank\" rel=\"noopener noreferrer\">Facebook de l&rsquo;\u00e9v\u00e9nement<\/a>\u00a0&#8211; <a href=\"http:\/\/www.harcourt-normandie.fr\/\" target=\"_blank\" rel=\"noopener noreferrer\">Site du domaine d&rsquo;Harcourt<\/a><\/p>\n<hr \/>\n<h2>M\u00e9di\u00e9vales du\u00a0ch\u00e2teau de Lichtenberg<\/h2>\n<p><strong>Lieu :\u00a0<\/strong>ch\u00e2teau de Lichtenberg,\u00a0Bas-Rhin, Grand Est<br \/>\n<strong>Dates<\/strong>\u00a0: dimanche 29,\u00a0 lundi 30 avril et mardi 1er mai 2018<\/p>\n<p style=\"text-align: justify;\"><a href=\"https:\/\/www.moyenagepassion.com\/wp-content\/uploads\/2018\/04\/fete_animation_medievale_chateau_lichtenberg_grand_est.jpg\"><img decoding=\"async\" class=\"wp-image-20773 alignleft\" src=\"https:\/\/www.moyenagepassion.com\/wp-content\/uploads\/2018\/04\/fete_animation_medievale_chateau_lichtenberg_grand_est.jpg\" alt=\"fete_animation_medievale_chateau_lichtenberg_grand_est\" width=\"159\" height=\"335\" srcset=\"https:\/\/www.moyenagepassion.com\/wp-content\/uploads\/2018\/04\/fete_animation_medievale_chateau_lichtenberg_grand_est.jpg 350w, https:\/\/www.moyenagepassion.com\/wp-content\/uploads\/2018\/04\/fete_animation_medievale_chateau_lichtenberg_grand_est-142x300.jpg 142w\" sizes=\"(max-width: 159px) 100vw, 159px\" \/><\/a>Enfin le dernier \u00e9v\u00e9nement de notre agenda m\u00e9di\u00e9val de la semaine, nous entra\u00eene du c\u00f4t\u00e9 de l&rsquo;Alsace et du ch\u00e2teau de Lichtenberg puisqu&rsquo;on y c\u00e9l\u00e9brera aussi le moyen-\u00e2ge, \u00e0 la faveur de ce long week end de d\u00e9but mai\u00a0et\u00a0dans le cadre de la Journ\u00e9e des ch\u00e2teaux forts d&rsquo;Alsace.<\/p>\n<p style=\"text-align: justify;\">Entre les remparts de la belle forteresse, des artisans proposeront leurs cr\u00e9ations mais feront aussi la d\u00e9monstration de leur savoir-faire. En plus de ce march\u00e9 m\u00e9di\u00e9val, Il y aura encore une grande vari\u00e9t\u00e9 d&rsquo;animations d&rsquo;\u00e9poque tout au long de ces trois journ\u00e9es : musiques, danses et troubadours, jongleurs et m\u00eame magicien, mais aussi pr\u00e9sentation d&rsquo;armes m\u00e9di\u00e9vales, tir \u00e0 l&rsquo;arc, spectacles de contes et conf\u00e9rences et un tournoi de chevalier pour cl\u00f4turer la derni\u00e8re journ\u00e9e.<\/p>\n<p style=\"text-align: justify;\">Ajoutons pour conclure que c&rsquo;est la <a href=\"http:\/\/www.hanau-lichtenberg.com\/\" target=\"_blank\" rel=\"noopener noreferrer\">Compagnie m\u00e9di\u00e9vale\u00a0Hanau-Lichtenberg<\/a> qui a en charge l&rsquo;organisation de ces journ\u00e9es.<\/p>\n<p><a href=\"http:\/\/www.chateaudelichtenberg.com\/images\/stories\/galerie2\/2017\/2018\/fete.pdf\" target=\"_blank\" rel=\"noopener noreferrer\">D\u00e9couvrez le programme complet des M\u00e9di\u00e9vales de Lichtenberg<br \/>\n<\/a>(<a href=\"https:\/\/www.moyenagepassion.com\/wp-content\/uploads\/2018\/04\/fete_animations_medievale_lichtenberg_chateau_programme.pdf\" target=\"_blank\" rel=\"noopener noreferrer\">Si le lien ci-dessus ne fonctionne pas, cliquez ici<\/a>)<\/p>\n<hr \/>\n<p>En vous souhaitant une belle journ\u00e9e et une excellente fin de semaine.<\/p>\n<p>Fred<br \/>\nPour moyenagepassion.com<br \/>\n<em><strong>A la d\u00e9couverte du monde m\u00e9di\u00e9val sous toutes ses formes.<\/strong><\/em><\/p>\n","protected":false},"excerpt":{"rendered":"<p>Sujet\u00a0: agenda, f\u00eates m\u00e9di\u00e9vales,\u00a0animations,\u00a0 march\u00e9 m\u00e9di\u00e9val, moyen-\u00e2ge festif, Lieu\u00a0: Occitanie, Gard, Normandie, Calvados, Eure, Hauts de France, Bas Rhin, Grand Est, Ev\u00e9nements:\u00a0f\u00eates\u00a0et animations\u00a0m\u00e9di\u00e9vales Dates\u00a0:\u00a0du 28\u00a0avril au 1er mai 2018 Bonjour \u00e0 tous, our cette fin de semaine, nous vous avons d\u00e9j\u00e0 parl\u00e9 du Festival Echos et Merveilles en Occitanie, et voici quelques \u00e9v\u00e9nements de plus &hellip; <a href=\"https:\/\/www.moyenagepassion.com\/index.php\/2018\/04\/26\/fetes-medievales_agenda_festif\/\" class=\"more-link\">Continuer la lecture de <span class=\"screen-reader-text\">Agenda m\u00e9di\u00e9val, f\u00eates et sorties du week end autour du moyen-\u00e2ge<\/span>  <span class=\"meta-nav\">&rarr;<\/span><\/a><\/p>\n","protected":false},"author":2,"featured_media":0,"comment_status":"open","ping_status":"open","sticky":false,"template":"","format":"standard","meta":{"_monsterinsights_skip_tracking":false,"_monsterinsights_sitenote_active":false,"_monsterinsights_sitenote_note":"","_monsterinsights_sitenote_category":0,"footnotes":""},"categories":[11],"tags":[1391,2529,212,3006,22,1227,182,18,2757],"class_list":["post-20753","post","type-post","status-publish","format-standard","hentry","category-fetes-medievales-evenement","tag-agenda","tag-animations-medievales","tag-compagnies-medievales","tag-festif","tag-medievale","tag-medievales","tag-monde-medieval","tag-moyen-age","tag-reconstituteurs"],"aioseo_notices":[],"_links":{"self":[{"href":"https:\/\/www.moyenagepassion.com\/index.php\/wp-json\/wp\/v2\/posts\/20753"}],"collection":[{"href":"https:\/\/www.moyenagepassion.com\/index.php\/wp-json\/wp\/v2\/posts"}],"about":[{"href":"https:\/\/www.moyenagepassion.com\/index.php\/wp-json\/wp\/v2\/types\/post"}],"author":[{"embeddable":true,"href":"https:\/\/www.moyenagepassion.com\/index.php\/wp-json\/wp\/v2\/users\/2"}],"replies":[{"embeddable":true,"href":"https:\/\/www.moyenagepassion.com\/index.php\/wp-json\/wp\/v2\/comments?post=20753"}],"version-history":[{"count":1,"href":"https:\/\/www.moyenagepassion.com\/index.php\/wp-json\/wp\/v2\/posts\/20753\/revisions"}],"predecessor-version":[{"id":34325,"href":"https:\/\/www.moyenagepassion.com\/index.php\/wp-json\/wp\/v2\/posts\/20753\/revisions\/34325"}],"wp:attachment":[{"href":"https:\/\/www.moyenagepassion.com\/index.php\/wp-json\/wp\/v2\/media?parent=20753"}],"wp:term":[{"taxonomy":"category","embeddable":true,"href":"https:\/\/www.moyenagepassion.com\/index.php\/wp-json\/wp\/v2\/categories?post=20753"},{"taxonomy":"post_tag","embeddable":true,"href":"https:\/\/www.moyenagepassion.com\/index.php\/wp-json\/wp\/v2\/tags?post=20753"}],"curies":[{"name":"wp","href":"https:\/\/api.w.org\/{rel}","templated":true}]}}