{"id":20946,"date":"2018-05-04T21:02:42","date_gmt":"2018-05-04T20:02:42","guid":{"rendered":"http:\/\/www.moyenagepassion.com\/?p=20946"},"modified":"2025-05-12T01:08:07","modified_gmt":"2025-05-12T00:08:07","slug":"un-bol-dargent-plein-damertume-le-miracle-de-la-cantiga-de-santa-maria-152","status":"publish","type":"post","link":"https:\/\/www.moyenagepassion.com\/index.php\/2018\/05\/04\/un-bol-dargent-plein-damertume-le-miracle-de-la-cantiga-de-santa-maria-152\/","title":{"rendered":"Un bol d&rsquo;argent plein d&rsquo;amertume: le miracle de la Cantiga de Santa Maria 152"},"content":{"rendered":"<div id=\"moyen-1907057713\" class=\"moyen-before-content moyen-entity-placement\"><script async src=\"\/\/pagead2.googlesyndication.com\/pagead\/js\/adsbygoogle.js?client=ca-pub-3035390706780632\" crossorigin=\"anonymous\"><\/script><ins class=\"adsbygoogle\" style=\"display:block;\" data-ad-client=\"ca-pub-3035390706780632\" \ndata-ad-slot=\"\" \ndata-ad-format=\"auto\"><\/ins>\n<script> \n(adsbygoogle = window.adsbygoogle || []).push({}); \n<\/script>\n<\/div><p><strong>\u00a0<a href=\"https:\/\/www.moyenagepassion.com\/wp-content\/uploads\/2018\/05\/musique_espagne_medievale_cantigas_santa_maria_alphonse_de_castille_moyen-age_central.jpg\"><img decoding=\"async\" class=\" wp-image-20963 alignleft\" src=\"https:\/\/www.moyenagepassion.com\/wp-content\/uploads\/2018\/05\/musique_espagne_medievale_cantigas_santa_maria_alphonse_de_castille_moyen-age_central.jpg\" alt=\"musique_espagne_medievale_cantigas_santa_maria_alphonse_de_castille_moyen-age_central\" width=\"150\" height=\"231\" \/><\/a>Sujet :<\/strong>\u00a0 musique m\u00e9di\u00e9vale, Cantigas de Santa Maria, gala\u00efco-portugais, culte marial, miracles, Sainte-Marie.<br \/>\n<strong>Epoque :<\/strong> Moyen \u00c2ge central, XIIIe si\u00e8cle<br \/>\n<strong>Auteur :<\/strong>\u00a0 Alphonse X\u00a0 (1221-1284)<br \/>\n<strong>Titre :<\/strong><em>\u00a0 C<\/em>antiga\u00a0152, le bol d&rsquo;argent<br \/>\nTantas nos mostra a Virgen<br \/>\n<strong>Direction :\u00a0<\/strong><strong>Eduardo Paniagua\u00a0<\/strong><span class=\"title\">\u00a0<\/span>(2003)\u00a0<i><br \/>\n<\/i><strong>Album : <\/strong>Caballeros, Cantigas de Alfonso X, el sabio<\/p>\n<p>Bonjour \u00e0 tous,<\/p>\n<p style=\"text-align: justify;\"><img decoding=\"async\" class=\"alignleft size-full wp-image-162\" src=\"https:\/\/www.moyenagepassion.com\/wp-content\/uploads\/2015\/12\/N_lettrine_moyen_age_passion.jpg\" alt=\"N_lettrine_moyen_age_passion\" width=\"84\" height=\"103\" \/>ous poursuivons ici l&rsquo;exploration des <a href=\"https:\/\/www.moyenagepassion.com\/index.php\/page\/3\/?s=Cantigas+de+Santa+Maria\" target=\"_blank\" rel=\"noopener noreferrer\">Cantigas de Santa Maria<\/a>, chansons m\u00e9di\u00e9vales toutes enti\u00e8res d\u00e9di\u00e9es au culte marial et \u00e0 la vierge, l\u00e9gu\u00e9es \u00e0 la post\u00e9rit\u00e9 par le roi espagnol\u00a0<strong>Alphonse X de Castille,<\/strong> dans le courant du XIIIe si\u00e8cle. Aujourd&rsquo;hui, c&rsquo;est la Cantiga numero 152 que nous vous pr\u00e9sentons par le d\u00e9tail.<\/p>\n<h2>Culte Marial au Moyen \u00c2ge<\/h2>\n<h3>La bont\u00e9 d&rsquo;une Sainte et la bienveillance d&rsquo;une m\u00e8re, au secours de l&rsquo;homme m\u00e9di\u00e9val<\/h3>\n<p style=\"text-align: justify;\">On ne peut s&rsquo;int\u00e9resser au Moyen \u00c2ge en Europe occidentale, sans se pencher sur ses aspects profond\u00e9ment chr\u00e9tiens. Impossible non plus\u00a0d&rsquo;occulter le culte qui s&rsquo;y d\u00e9veloppe autour de la vierge Marie et dont t\u00e9moigne\u00a0 les <strong>Cantigas de Santa Maria<\/strong>.<\/p>\n<p style=\"text-align: justify;\"><a href=\"https:\/\/www.moyenagepassion.com\/wp-content\/uploads\/2018\/05\/culte_marial_sainte_vierge_marie_moyen-age_chretien_miracles_cantigas_santa_maria_musique_medievale.jpg\"><img decoding=\"async\" class=\" wp-image-20961 alignright\" src=\"https:\/\/www.moyenagepassion.com\/wp-content\/uploads\/2018\/05\/culte_marial_sainte_vierge_marie_moyen-age_chretien_miracles_cantigas_santa_maria_musique_medievale.jpg\" alt=\"culte_marial_sainte_vierge_marie_moyen-age_chretien_miracles_cantigas_santa_maria_musique_medievale\" width=\"118\" height=\"356\" \/><\/a>En Occident, le culte marial s&rsquo;intensifie autour du VIIe si\u00e8cle avec l&rsquo;entr\u00e9e dans le calendrier de f\u00eates destin\u00e9es \u00e0 c\u00e9l\u00e9brer la Sainte incarn\u00e9e et sa maternit\u00e9. Cette force s&rsquo;affirmera encore du IXe au XIe si\u00e8cle. Au XIIe si\u00e8cle, les images et les r\u00e9flexions associ\u00e9es \u00e0 la \u00ab\u00a0madre dolorosa\u00a0\u00bb accompagnant son fils sur la croix lui conf\u00e9rera plus que jamais un statut unique dans le c\u0153ur des croyants.<\/p>\n<p style=\"text-align: justify;\">Entre le ciel et la terre, la m\u00e8re de Dieu sera alors devenue celle de tous les hommes. Toujours prompte \u00e0 les secourir, elle peut leur offrir le salut. M\u00e8re de mis\u00e9ricorde, le XIIe et le XIIIe si\u00e8cles la v\u00e9n\u00e9reront intens\u00e9ment \u00e0 travers de nombreuses productions artistiques et de nombreux r\u00e9cits de Miracles. (1)<\/p>\n<h3>Amour et pouvoir d&rsquo;intercession<\/h3>\n<p style=\"text-align: justify;\">Au XIIIe si\u00e8cle, les Cantigas de Santa Maria sont chant\u00e9es \u00e0 la cour d&rsquo;Espagne. Elles r\u00e9sonnent dans les chants des p\u00e8lerins et les accompagnent au long des grandes routes souvent p\u00e9rilleuses du Moyen \u00c2ge.<\/p>\n<p style=\"text-align: justify;\">Chez certains pr\u00eacheurs de l&rsquo;Eglise, cet amour pour la Sainte h\u00e9ritera m\u00eame des formes de la lyrique courtoise. L&rsquo;\u00e9motion qu&rsquo;elle suscite chez bon nombre d&rsquo;hommes occidentaux, au c\u0153ur du Moyen \u00c2ge, nous est aujourd&rsquo;hui difficile \u00e0 percevoir dans toute sa profondeur et sa complexit\u00e9 mais elle recouvre une r\u00e9alit\u00e9 indubitable dont nous gardons encore de nombreux t\u00e9moignages.<\/p>\n<p style=\"text-align: justify;\"><a href=\"https:\/\/www.moyenagepassion.com\/wp-content\/uploads\/2020\/08\/deco-medieval-culte-marial.jpg\"><img decoding=\"async\" class=\" wp-image-31221 alignleft\" src=\"https:\/\/www.moyenagepassion.com\/wp-content\/uploads\/2020\/08\/deco-medieval-culte-marial.jpg\" alt=\"\" width=\"79\" height=\"340\" srcset=\"https:\/\/www.moyenagepassion.com\/wp-content\/uploads\/2020\/08\/deco-medieval-culte-marial.jpg 115w, https:\/\/www.moyenagepassion.com\/wp-content\/uploads\/2020\/08\/deco-medieval-culte-marial-70x300.jpg 70w\" sizes=\"(max-width: 79px) 100vw, 79px\" \/><\/a>Sainte miraculeuse, m\u00e8re des m\u00e8res, dames des dames, touch\u00e9e par la gr\u00e2ce divine et pleine de mis\u00e9ricorde, icone f\u00e9minine sublime de bont\u00e9 et de puret\u00e9, cette \u00ab\u00a0notre dame\u00a0\u00bb qui est m\u00eame devenue le symbole de l&rsquo;Eglise toute enti\u00e8re est, pour l&rsquo;homme m\u00e9di\u00e9val, capable plus encore que tout autre Saint d&rsquo;interc\u00e9der efficacement aupr\u00e8s de son fils. Aupr\u00e8s du Christ, le \u00ab\u00a0Dieu mort en croix\u00a0\u00bb qui mieux qu&rsquo;elle peut obtenir son oreille et sa mansu\u00e9tude ?<\/p>\n<p style=\"text-align: justify;\">A lui, on n&rsquo;ose pas toujours d&rsquo;adresser directement, jamais tout \u00e0 fait certain d&rsquo;en \u00eatre digne, ni d&rsquo;avoir son \u00e9coute. Et comme on cr\u00e9dite Sainte Marie de cette bont\u00e9 infinie. tout autant que de cette proximit\u00e9, elle appara\u00eet aussi, souvent et se montre quand on l&rsquo;appelle, pour peu qu&rsquo;on le fasse avec une foi sinc\u00e8re. Ainsi, l&rsquo;histoire de la Cantiga de Santa Maria du jour, la Cantiga 152, est encore celle d&rsquo;un miracle et d&rsquo;une apparition.<\/p>\n<p><strong>La Cantiga 152 par Eduardo Paniagua<\/strong><\/p>\n<p><code><iframe src=\"https:\/\/www.youtube.com\/embed\/kxZqn2JVCdQ\" width=\"600\" height=\"333\" frameborder=\"0\" allowfullscreen=\"allowfullscreen\"><\/iframe><\/code><\/p>\n<h2>Eduardo Paniagua et les chevaliers dans les cantigas de Santa Maria<\/h2>\n<p style=\"text-align: justify;\">Nous avions d\u00e9j\u00e0 d\u00e9di\u00e9 \u00e0 <strong>Eduardo Paniagua<\/strong>, un long article \u00e0 l&rsquo;occasion de\u00a0notre <a href=\"https:\/\/www.moyenagepassion.com\/index.php\/2017\/12\/04\/la-cantiga-de-santa-maria-23-et-le-miracle-du-vin\/\" target=\"_blank\" rel=\"noopener noreferrer\">pr\u00e9sentation d\u00e9taill\u00e9e de la <strong>Cantiga 23<\/strong><\/a>\u00a0 (celle du miracle du vin). Aussi, si vous d\u00e9sirez en savoir plus sur ce brillant et talentueux musicien espagnol enti\u00e8rement d\u00e9vou\u00e9 au r\u00e9pertoire m\u00e9di\u00e9val, nous vous invitons \u00e0 le consulter.<\/p>\n<p style=\"text-align: justify;\">Rappelons simplement que dans les nombreuses productions musicales m\u00e9di\u00e9vales qu&rsquo;il a ramen\u00e9 \u00e0 la lumi\u00e8re et r\u00e9interpr\u00e9t\u00e9es, on doit \u00e0 Eduardo Paniagua l&rsquo;immense travail d&rsquo;avoir recompil\u00e9 et <img decoding=\"async\" class=\"alignleft wp-image-20957\" title=\"Les Chevaliers dans les Cantigas d'Alphonse X de Castille, l'album de Eduardo Paniagua\" src=\"https:\/\/www.moyenagepassion.com\/wp-content\/uploads\/2018\/05\/musique_espagne_medievale_culte_marial_eduardo_paniagua_alphonse_de_castille_caballeros_cantigas_santa_maria_chevalier_moyen-age.jpg\" alt=\"musique_espagne_medievale_culte_marial_eduardo_paniagua_alphonse_de_castille_caballeros_cantigas_santa_maria_chevalier_moyen-age\" width=\"194\" height=\"155\" srcset=\"https:\/\/www.moyenagepassion.com\/wp-content\/uploads\/2018\/05\/musique_espagne_medievale_culte_marial_eduardo_paniagua_alphonse_de_castille_caballeros_cantigas_santa_maria_chevalier_moyen-age.jpg 456w, https:\/\/www.moyenagepassion.com\/wp-content\/uploads\/2018\/05\/musique_espagne_medievale_culte_marial_eduardo_paniagua_alphonse_de_castille_caballeros_cantigas_santa_maria_chevalier_moyen-age-300x240.jpg 300w\" sizes=\"(max-width: 194px) 100vw, 194px\" \/>enregistr\u00e9 l&rsquo;ensemble des Cantigas de Santa Maria.<\/p>\n<p style=\"text-align: justify;\">Dans\u00a0un album de 2003 ayant pour titre <strong>Caballeros<\/strong>, il proposait une selection des Cantigas d&rsquo;Alphonse le Sage, sur le th\u00e8me des chevaliers et de la chevalerie. C&rsquo;est de cet album qu&rsquo;est tir\u00e9 l&rsquo;interpr\u00e9tation de la Cantiga 152 du jour.\u00a0 Vous le trouverez disponible \u00e0 la vente en ligne sous ce lien :\u00a0<a href=\"https:\/\/www.amazon.fr\/gp\/product\/B002LAEBSO\/ref=as_li_tl?ie=UTF8&amp;camp=1642&amp;creative=6746&amp;creativeASIN=B002LAEBSO&amp;linkCode=as2&amp;tag=f1266-21&amp;linkId=42285be3d93efc13045fed1f4aec382b\" target=\"_blank\" rel=\"noopener noreferrer\">Caballeros, l&rsquo;album d&rsquo;Eduardo Paniagua<\/a><img decoding=\"async\" style=\"border: none !important; margin: 0px !important;\" src=\"\/\/ir-fr.amazon-adsystem.com\/e\/ir?t=f1266-21&amp;l=am2&amp;o=8&amp;a=B002LAEBSO\" alt=\"\" width=\"1\" height=\"1\" border=\"0\" \/><\/p>\n<hr \/>\n<h2>La Cantiga 152 Un bol d&rsquo;argent plein d&rsquo;amertume pour un chevalier d\u00e9bauch\u00e9<\/h2>\n<p style=\"text-align: justify;\">Petits p\u00e8lerins, simples gens, marchands, bourgeois, seigneurs et princes, les miracles des <strong>Cantigas de Santa Maria<\/strong> ne font pas d&rsquo;ostracisme social et la vierge ne distingue pas entre les classes pour accomplir ses prodiges. Bien au contraire, la multiplicit\u00e9 des exemples ne fait que renforcer l&rsquo;id\u00e9e que la Sainte est \u00e0 port\u00e9e de tous.\u00a0 Le Miracle de la cantiga 152 concerne, cette fois-ci, un chevalier arrogant et enclin \u00e0 la luxure mais qui sera sauv\u00e9.<\/p>\n<p style=\"text-align: justify;\"><span style=\"color: #008000;\"><em><strong>Como u bon cavaleiro d&rsquo;armas, pero que era luxurioso, dezia sempr&rsquo; \u00abAve Maria\u00bb, e Santa Maria o fez en partir per sa demostran\u00e7a.<\/strong><\/em><\/span><\/p>\n<p style=\"text-align: justify;\"><span style=\"color: #808080;\"><em>Comment un bon chevalier d&rsquo;armes, mais qui \u00e9tait plein de luxure, disait toujours \u00ab\u00a0Ave Maria\u00a0\u00bb et comment Sainte Marie par sa d\u00e9monstration lui permis de s&rsquo;en d\u00e9faire.<\/em><\/span><\/p>\n<p style=\"text-align: justify;\">Bien qu&rsquo;il invoqua souvent le nom de la vierge en disant \u00ab\u00a0Ave Marie\u00a0\u00bb, l&rsquo;homme ne se rendait jamais aux messes, ni aux offices et ne priait gu\u00e8re non plus.\u00a0Fort talentueux dans les arts de la guerre et dot\u00e9 d&rsquo;un grand courage, il demeurait aussi arrogant et licencieux, se rendant coupable de tous les p\u00e9ch\u00e9s de luxure, les plus grands comme les plus petits.<\/p>\n<p style=\"text-align: justify;\"><img decoding=\"async\" class=\"alignleft wp-image-20965\" title=\"D\u00e9tail d'une enluminure de la bible de Masiejowski\" src=\"https:\/\/www.moyenagepassion.com\/wp-content\/uploads\/2018\/05\/cantigas_santa_maria_miracle_culte_marial_chevalier_moyen-age_alphonse_X_espagne_medievale.jpg\" alt=\"cantigas_santa_maria_miracle_culte_marial_chevalier_moyen-age_alphonse_X_espagne_medievale\" width=\"112\" height=\"337\" srcset=\"https:\/\/www.moyenagepassion.com\/wp-content\/uploads\/2018\/05\/cantigas_santa_maria_miracle_culte_marial_chevalier_moyen-age_alphonse_X_espagne_medievale.jpg 178w, https:\/\/www.moyenagepassion.com\/wp-content\/uploads\/2018\/05\/cantigas_santa_maria_miracle_culte_marial_chevalier_moyen-age_alphonse_X_espagne_medievale-100x300.jpg 100w\" sizes=\"(max-width: 112px) 100vw, 112px\" \/>Un jour, l&rsquo;homme se trouva en grande lutte avec lui-m\u00eame, d\u00e9sireux de s&rsquo;amender au fond de son \u00e2me mais au dilemme, car son corps ne voulait abandonner les plaisirs de chair qu&rsquo;il go\u00fbtait par ailleurs et auxquels il s&rsquo;\u00e9tait habitu\u00e9. Et tandis qu&rsquo;il \u00e9tait au d\u00e9bat, ne sachant trancher, la \u00ab\u00a0glorieuse\u00a0\u00bb lui apparut, tenant dans sa main un magnifique bol d&rsquo;argent grand et\u00a0luisant. A l&rsquo;int\u00e9rieur du r\u00e9cipient, se tenait un mets de couleur jaun\u00e2tre et abjecte, \u00e0 la saveur am\u00e8re et \u00e0 l&rsquo;odeur\u00a0 naus\u00e9abonde et f\u00e9tide.<\/p>\n<p style=\"text-align: justify;\">A la vue du liquide, le chevalier fut pris d&rsquo;une grande peur et somma l&rsquo;apparition de vouloir se nommer. La Sainte lui r\u00e9pondit : \u00ab\u00a0<em>Je suis Sainte Marie et je viens avec ce bol te d\u00e9crire ta situation afin que tu les abandonnes tes erreurs. Car, vois-tu, ce bol te montre que tu es beau et dot\u00e9 de tr\u00e8s grandes qualit\u00e9s. Et pourtant, comme tu es aussi plein de p\u00e9ch\u00e9s et sale dans ton \u00e2me, tu\u00a0empestes comme ce mets malodorant et tu iras en enfer, qui est plein d&rsquo;amertume<\/em>.\u00a0\u00bb<\/p>\n<p style=\"text-align: justify;\">Ayant prononc\u00e9 ces mots, la vierge s&rsquo;en fut, et depuis cet instant, jusqu&rsquo;\u00e0 la fin de ses jours, le chevalier s&rsquo;amenda et v\u00e9cut dans la droiture. Et quand son \u00e2me fut s\u00e9par\u00e9e du corps, il s&rsquo;en fut dans le lieu de Paradis o\u00f9 l&rsquo;attendait la vierge sainte qui est la dame des dames.<\/p>\n<p style=\"text-align: justify;\">Refrain<span style=\"color: #008000;\"><em> \u00ab\u00a0La vierge nous montre tant de merci et d&rsquo;amour<\/em><\/span><br \/>\n<span style=\"color: #008000;\"> <em>Que jamais et pour aucune raison nous ne devons \u00eatre de mauvais p\u00eacheurs.\u00a0\u00bb<\/em><\/span><\/p>\n<hr \/>\n<h2 style=\"text-align: center;\">La Cantiga de Santa Maria 152<br \/>\nen \u00a0gala\u00efco-portugais original<\/h2>\n<p style=\"text-align: center;\"><span style=\"color: #008000;\"><em><strong>Como u bon cavaleiro d&rsquo;armas, pero que era luxurioso, dezia sempr&rsquo; \u00abAve Maria\u00bb, e Santa Maria o fez en partir per sa demostran\u00e7a.<\/strong><\/em><\/span><em style=\"color: #008000; font-size: revert;\">Tantas nos mostra a Virgen de mercees e d&rsquo; amores<\/em><\/p>\n<div class=\"poema\">\n<p style=\"text-align: center;\"><span style=\"color: #008000;\"><em> que per ren nunca devemos seer maos pecadores.<\/em><\/span><\/p>\n<p style=\"text-align: center;\"><span style=\"color: #008000;\"><em>E dest&rsquo; un mui gran miragre mostrou por un cavaleiro<\/em><\/span><br \/>\n<span style=\"color: #008000;\"><em> que apost&rsquo; e fremos&rsquo; era e ardid&rsquo; e bon guerreiro;<\/em><\/span><br \/>\n<span style=\"color: #008000;\"><em> mas era luxurioso soberv&rsquo; e torticeiro,<\/em><\/span><br \/>\n<span style=\"color: #008000;\"><em> e ch\u1ebdo d&rsquo; outros pecados muitos, grandes e m\u1ebdores.<\/em><\/span><br \/>\n<span style=\"color: #008000;\"><em> Tantas nos mostra a Virgen de mercees e d&rsquo; amores<\/em><\/span><br \/>\n<span style=\"color: #008000;\"><em> que per ren nunca devemos seer maos pecadores.<\/em><\/span><\/p>\n<p style=\"text-align: center;\"><span style=\"color: #008000;\"><em>Este per ren madodynnos nen vesperas non oya,<\/em><\/span><br \/>\n<span style=\"color: #008000;\"><em> nen outras oras nen missa; pero en Santa Maria<\/em><\/span><br \/>\n<span style=\"color: #008000;\"><em> fiava e muitas vezes a sauda\u00e7on dizia<\/em><\/span><br \/>\n<span style=\"color: #008000;\"><em> que ll&rsquo; o Sant&rsquo; Angeo disse, de que somos sabedores.<\/em><\/span><br \/>\n<span style=\"color: #008000;\"><em> Tantas nos mostra a Virgen de mercees e d&rsquo; amores<\/em><\/span><br \/>\n<span style=\"color: #008000;\"><em> que per ren nunca devemos seer maos pecadores.<\/em><\/span><\/p>\n<p style=\"text-align: center;\"><span style=\"color: #008000;\"><em>E un dia, u estava cuidando en ssa fazenda<\/em><\/span><br \/>\n<span style=\"color: #008000;\"><em> com&rsquo; emendass&rsquo; en sa vida, e avia gran contenda,<\/em><\/span><br \/>\n<span style=\"color: #008000;\"><em> ca a alma conssellava que fezesse dest&rsquo; emenda,<\/em><\/span><br \/>\n<span style=\"color: #008000;\"><em> mas a carne non queria que leixasse seus sabores;<\/em><\/span><br \/>\n<span style=\"color: #008000;\"><em> Tantas nos mostra a Virgen de mercees e d&rsquo; amores<\/em><\/span><br \/>\n<span style=\"color: #008000;\"><em> que per ren nunca devemos seer maos pecadores.<\/em><\/span><\/p>\n<p style=\"text-align: center;\"><span style=\"color: #008000;\"><em>El estand&rsquo; en tal perfia, pareceu-ll&rsquo; a Groriosa<\/em><\/span><br \/>\n<span style=\"color: #008000;\"><em> con ha branqu&rsquo; escudela de prata, grand&rsquo; e fremosa,<\/em><\/span><br \/>\n<span style=\"color: #008000;\"><em> ch\u1ebda dun manjar mui jalne, non de vida saborosa,<\/em><\/span><br \/>\n<span style=\"color: #008000;\"><em> mas amarga, e sen esto dava mui maos odores.<\/em><\/span><br \/>\n<span style=\"color: #008000;\"><em> Tantas nos mostra a Virgen de mercees e d&rsquo; amores<\/em><\/span><br \/>\n<span style=\"color: #008000;\"><em> que per ren nunca devemos seer maos pecadores.<\/em><\/span><\/p>\n<p style=\"text-align: center;\"><span style=\"color: #008000;\"><em>U a viu o cavaleyro, foi con medo [e]spantado<\/em><\/span><br \/>\n<span style=\"color: #008000;\"><em> e preguntou-lle quen era. Diss&rsquo; ela: \u00abDar-ch-ei recado:<\/em><\/span><br \/>\n<span style=\"color: #008000;\"><em> eu s\u00f5o Santa Maria, e venno-te teu estado<\/em><\/span><br \/>\n<span style=\"color: #008000;\"><em> mostrar per est&rsquo; escudela, porque leixes teus errores.<\/em><\/span><br \/>\n<span style=\"color: #008000;\"><em> Tantas nos mostra a Virgen de mercees e d&rsquo; amores<\/em><\/span><br \/>\n<span style=\"color: #008000;\"><em> que per ren nunca devemos seer maos pecadores.<\/em><\/span><\/p>\n<p style=\"text-align: center;\"><span style=\"color: #008000;\"><em>Ca ves, esta escudela mostra-ti que es fremoso<\/em><\/span><br \/>\n<span style=\"color: #008000;\"><em> e \u00e1s muitas b\u00f5as mannas; mas peccador e lixoso<\/em><\/span><br \/>\n<span style=\"color: #008000;\"><em> es na alma, poren cheiras com&rsquo; este manjar astroso,<\/em><\/span><br \/>\n<span style=\"color: #008000;\"><em> per que yr\u00e1s a inferno, que \u00e9 ch\u1ebdo d&rsquo; amargores\u00bb.<\/em><\/span><br \/>\n<span style=\"color: #008000;\"><em> Tantas nos mostra a Virgen de mercees e d&rsquo; amores<\/em><\/span><br \/>\n<span style=\"color: #008000;\"><em> que per ren nunca devemos seer maos pecadores.<\/em><\/span><\/p>\n<p style=\"text-align: center;\"><span style=\"color: #008000;\"><em>E pois ll&rsquo; ouv&rsquo; aquesto dito, a Virgen logo foy ida;<\/em><\/span><br \/>\n<span style=\"color: #008000;\"><em> e el dali adeante enmendou tant&rsquo; en sa vida,<\/em><\/span><br \/>\n<span style=\"color: #008000;\"><em> per que quando do seu corpo a ssa alma foy partida,<\/em><\/span><br \/>\n<span style=\"color: #008000;\"><em> foi u viu a Virgen santa, que \u00e9 Sennor das sennores.<\/em><\/span><br \/>\n<span style=\"color: #008000;\"><em> Tantas nos mostra a Virgen de mercees e d&rsquo; amores<\/em><\/span><br \/>\n<span style=\"color: #008000;\"><em> que per ren nunca devemos seer maos pecadores.<\/em><\/span><\/p>\n<hr \/>\n<\/div>\n<p style=\"text-align: justify;\">Retrouvez l&rsquo;<a href=\"https:\/\/www.moyenagepassion.com\/index.php\/decouvrez-les-cantigas-de-santa-maria-en-francais-actuel\/\" target=\"_blank\" rel=\"noopener noreferrer\">index de toutes les Cantigas de Santa Maria traduites et comment\u00e9es, avec leurs versions musicales\u00a0 par les plus grands ensembles de musique m\u00e9di\u00e9vale<\/a>,<\/p>\n<p>En vous souhaitant une belle journ\u00e9e.<\/p>\n<p>Fred<br \/>\nPour Moyenagepassion.com<br \/>\n<em><strong>A la d\u00e9couverte du Moyen \u00c2ge sous toutes ses formes.<\/strong><\/em><\/p>\n<p>(1) Voir\u00a0 <em><a href=\"https:\/\/halshs.archives-ouvertes.fr\/halshs-00937303\/document\" target=\"_blank\" rel=\"noopener noreferrer\">D\u00e9bora Gonz\u00e1lez Mart\u00ednez, Sur la translatio de miracles de la Vierge au Moyen \u00c2ge. Quelques notes sur les Cantigas de Santa Maria<\/a>, FMSH-WP-2014-57, janvier 2014<\/em><\/p>\n","protected":false},"excerpt":{"rendered":"<p>\u00a0Sujet :\u00a0 musique m\u00e9di\u00e9vale, Cantigas de Santa Maria, gala\u00efco-portugais, culte marial, miracles, Sainte-Marie. Epoque : Moyen \u00c2ge central, XIIIe si\u00e8cle Auteur :\u00a0 Alphonse X\u00a0 (1221-1284) Titre :\u00a0 Cantiga\u00a0152, le bol d&rsquo;argent Tantas nos mostra a Virgen Direction :\u00a0Eduardo Paniagua\u00a0\u00a0(2003)\u00a0 Album : Caballeros, Cantigas de Alfonso X, el sabio Bonjour \u00e0 tous, ous poursuivons ici l&rsquo;exploration &hellip; <a href=\"https:\/\/www.moyenagepassion.com\/index.php\/2018\/05\/04\/un-bol-dargent-plein-damertume-le-miracle-de-la-cantiga-de-santa-maria-152\/\" class=\"more-link\">Continuer la lecture de <span class=\"screen-reader-text\">Un bol d&rsquo;argent plein d&rsquo;amertume: le miracle de la Cantiga de Santa Maria 152<\/span>  <span class=\"meta-nav\">&rarr;<\/span><\/a><\/p>\n","protected":false},"author":2,"featured_media":0,"comment_status":"open","ping_status":"open","sticky":false,"template":"","format":"standard","meta":{"_monsterinsights_skip_tracking":false,"_monsterinsights_sitenote_active":false,"_monsterinsights_sitenote_note":"","_monsterinsights_sitenote_category":0,"footnotes":""},"categories":[3306,9],"tags":[1405,1402,1178,3752,1186,1202,654,125,3183,3343,3142,3140,22,3667,18,5725,5729,677,6370,78,79,3181,707,3751,595],"class_list":["post-20946","post","type-post","status-publish","format-standard","hentry","category-alphonse-x-de-castille","category-musique-medieval-historique-fantaisie-celtique","tag-adaptation","tag-alphonse-le-sage","tag-alphonse-x-de-castille","tag-cantiga-152","tag-cantigas","tag-cantigas-de-santa-maria","tag-chanson-medievale","tag-chevalier","tag-culte-marial","tag-eduardo-paniagua","tag-espagne-medievale","tag-galaico-portugais","tag-medievale","tag-miracles","tag-moyen-age","tag-moyen-age-4","tag-moyen-age-central-2","tag-moyen-age-chretien","tag-musica-antigua","tag-musique","tag-musique-medievale","tag-sainte-marie","tag-traduction","tag-vierge","tag-xiiie-siecle"],"aioseo_notices":[],"_links":{"self":[{"href":"https:\/\/www.moyenagepassion.com\/index.php\/wp-json\/wp\/v2\/posts\/20946"}],"collection":[{"href":"https:\/\/www.moyenagepassion.com\/index.php\/wp-json\/wp\/v2\/posts"}],"about":[{"href":"https:\/\/www.moyenagepassion.com\/index.php\/wp-json\/wp\/v2\/types\/post"}],"author":[{"embeddable":true,"href":"https:\/\/www.moyenagepassion.com\/index.php\/wp-json\/wp\/v2\/users\/2"}],"replies":[{"embeddable":true,"href":"https:\/\/www.moyenagepassion.com\/index.php\/wp-json\/wp\/v2\/comments?post=20946"}],"version-history":[{"count":4,"href":"https:\/\/www.moyenagepassion.com\/index.php\/wp-json\/wp\/v2\/posts\/20946\/revisions"}],"predecessor-version":[{"id":51587,"href":"https:\/\/www.moyenagepassion.com\/index.php\/wp-json\/wp\/v2\/posts\/20946\/revisions\/51587"}],"wp:attachment":[{"href":"https:\/\/www.moyenagepassion.com\/index.php\/wp-json\/wp\/v2\/media?parent=20946"}],"wp:term":[{"taxonomy":"category","embeddable":true,"href":"https:\/\/www.moyenagepassion.com\/index.php\/wp-json\/wp\/v2\/categories?post=20946"},{"taxonomy":"post_tag","embeddable":true,"href":"https:\/\/www.moyenagepassion.com\/index.php\/wp-json\/wp\/v2\/tags?post=20946"}],"curies":[{"name":"wp","href":"https:\/\/api.w.org\/{rel}","templated":true}]}}