{"id":20973,"date":"2018-05-05T18:41:18","date_gmt":"2018-05-05T17:41:18","guid":{"rendered":"http:\/\/www.moyenagepassion.com\/?p=20973"},"modified":"2020-10-05T01:21:01","modified_gmt":"2020-10-05T00:21:01","slug":"renaissance-esclavagiste-contre-moyen-age-barbare-regine-pernoud","status":"publish","type":"post","link":"https:\/\/www.moyenagepassion.com\/index.php\/2018\/05\/05\/renaissance-esclavagiste-contre-moyen-age-barbare-regine-pernoud\/","title":{"rendered":"Renaissance esclavagiste contre moyen-\u00e2ge \u00ab\u00a0barbare\u00a0\u00bb, une citation de R\u00e9gine Pernoud"},"content":{"rendered":"<div id=\"moyen-1348026486\" class=\"moyen-before-content moyen-entity-placement\"><script async src=\"\/\/pagead2.googlesyndication.com\/pagead\/js\/adsbygoogle.js?client=ca-pub-3035390706780632\" crossorigin=\"anonymous\"><\/script><ins class=\"adsbygoogle\" style=\"display:block;\" data-ad-client=\"ca-pub-3035390706780632\" \ndata-ad-slot=\"\" \ndata-ad-format=\"auto\"><\/ins>\n<script> \n(adsbygoogle = window.adsbygoogle || []).push({}); \n<\/script>\n<\/div><p><strong><img decoding=\"async\" class=\"wp-image-6797 alignleft\" src=\"https:\/\/www.moyenagepassion.com\/wp-content\/uploads\/2016\/09\/citations_medievales_.jpg\" alt=\"citations_medievales_\" width=\"109\" height=\"109\" srcset=\"https:\/\/www.moyenagepassion.com\/wp-content\/uploads\/2016\/09\/citations_medievales_.jpg 250w, https:\/\/www.moyenagepassion.com\/wp-content\/uploads\/2016\/09\/citations_medievales_-150x150.jpg 150w\" sizes=\"(max-width: 109px) 100vw, 109px\" \/>Sujet :<\/strong> citations m\u00e9di\u00e9vales, histoire m\u00e9di\u00e9vale, historien, m\u00e9di\u00e9viste, pr\u00e9jug\u00e9s, id\u00e9es re\u00e7ues, moyen-\u00e2ge, barbarie, esclavage, citations.<br \/>\n<strong>Auteur<\/strong> : R\u00e9gine Pernoud\u00a0\u00a0(1909-1998)<br \/>\n<strong>Ouvrage<\/strong> : Pour en finir avec le Moyen-\u00e2ge (1977)<\/p>\n<p>Bonjour \u00e0 tous,<\/p>\n<p style=\"text-align: justify;\"><img decoding=\"async\" class=\"alignleft size-full wp-image-445\" src=\"https:\/\/www.moyenagepassion.com\/wp-content\/uploads\/2015\/12\/P_lettrine_moyen_age_passion-copia.jpg\" alt=\"P_lettrine_moyen_age_passion copia\" width=\"96\" height=\"103\" \/>artie au milieu des ann\u00e9es 70 \u00e0 l&rsquo;assaut des pr\u00e9jug\u00e9s et des id\u00e9es re\u00e7ues \u00e0 l&rsquo;encontre\u00a0du Moyen-\u00e2ge, la grande historienne m\u00e9di\u00e9viste <strong>R\u00e9gine Pernoud\u00a0<\/strong>remettait les choses \u00e0 leur place. Dans son ouvrage \u00ab\u00a0Pour en finir avec le Moyen-\u00e2ge\u00a0\u00bb, elle rappelait, entre autres points, que contre un monde m\u00e9di\u00e9val occidental exempt d&rsquo;esclavage (l&rsquo;Eglise en avait prohib\u00e9 l&rsquo;usage), les grands \u00ab\u00a0progr\u00e8s\u00a0\u00bb (\u00e9conomiques) renaissants s&rsquo;\u00e9taient faits en en restaurant la pratique.<\/p>\n<p style=\"text-align: justify;\"><a href=\"https:\/\/www.moyenagepassion.com\/wp-content\/uploads\/2018\/05\/citations_histoire_medievale_historien_medieviste_finir_moyen-age_regine_pernoud.jpg\"><img decoding=\"async\" class=\"alignnone wp-image-20974 size-full\" src=\"https:\/\/www.moyenagepassion.com\/wp-content\/uploads\/2018\/05\/citations_histoire_medievale_historien_medieviste_finir_moyen-age_regine_pernoud.jpg\" alt=\"citations_histoire_medievale_historien_medieviste_finir_moyen-age_regine_pernoud\" width=\"1200\" height=\"483\" srcset=\"https:\/\/www.moyenagepassion.com\/wp-content\/uploads\/2018\/05\/citations_histoire_medievale_historien_medieviste_finir_moyen-age_regine_pernoud.jpg 1200w, https:\/\/www.moyenagepassion.com\/wp-content\/uploads\/2018\/05\/citations_histoire_medievale_historien_medieviste_finir_moyen-age_regine_pernoud-300x121.jpg 300w, https:\/\/www.moyenagepassion.com\/wp-content\/uploads\/2018\/05\/citations_histoire_medievale_historien_medieviste_finir_moyen-age_regine_pernoud-1024x412.jpg 1024w\" sizes=\"(max-width: 1200px) 100vw, 1200px\" \/><\/a><\/p>\n<p style=\"text-align: justify;\"><span style=\"color: #008000;\"><strong><em>\u201cAu XVIe si\u00e8cle, on n&rsquo;a nullement dout\u00e9 que l&rsquo;humanit\u00e9 ne f\u00fbt en progr\u00e8s, et notamment du point de vue \u00e9conomique; fort peu de gens ont pris conscience de ce que, comme le clamaient Las Casas et quelques autres fr\u00e8res dominicains du Nouveau Monde, ce progr\u00e8s \u00e9conomique se faisait en r\u00e9tablissant l&rsquo;esclavage par un gigantesque mouvement de r\u00e9action et que, par cons\u00e9quent, un pas en avant ici peut se payer d&rsquo;un recul ailleurs. L&rsquo;humanit\u00e9 progresse indiscutablement, mais pas uniform\u00e9ment ni partout.\u201d<br \/>\n<\/em><\/strong><\/span><strong>R\u00e9gine Pernoud<\/strong> (1909-1998) <em>Pour en finir avec le Moyen-\u00e2ge\u00a0<\/em><\/p>\n<p style=\"text-align: justify;\">Quand il s&rsquo;agit d&rsquo;opposer Moyen-\u00e2ge et Modernit\u00e9, on doit toujours, avec raison et pr\u00e9cision, analyser les notions de \u00ab\u00a0Barbarie\u00a0\u00bb et de \u00ab\u00a0Progr\u00e8s\u00a0\u00bb dans leurs plus grandes largeurs : r\u00e9alit\u00e9 objective, nuances, instrumentalisation id\u00e9ologique et partie-pris. A d\u00e9faut et comme cette citation l&rsquo;\u00e9tablit, on risque de\u00a0dire assez vite\u00a0 et sans m\u00eame le savoir de grosses \u00e2neries.<\/p>\n<p style=\"text-align: justify;\">Une belle journ\u00e9e!<\/p>\n<p>Fred<br \/>\nPour moyenagepassion.com<br \/>\n<strong><em>A la d\u00e9couverte du monde m\u00e9di\u00e9val sous toutes ses formes<\/em><\/strong><\/p>\n","protected":false},"excerpt":{"rendered":"<p>Sujet : citations m\u00e9di\u00e9vales, histoire m\u00e9di\u00e9vale, historien, m\u00e9di\u00e9viste, pr\u00e9jug\u00e9s, id\u00e9es re\u00e7ues, moyen-\u00e2ge, barbarie, esclavage, citations. Auteur : R\u00e9gine Pernoud\u00a0\u00a0(1909-1998) Ouvrage : Pour en finir avec le Moyen-\u00e2ge (1977) Bonjour \u00e0 tous, artie au milieu des ann\u00e9es 70 \u00e0 l&rsquo;assaut des pr\u00e9jug\u00e9s et des id\u00e9es re\u00e7ues \u00e0 l&rsquo;encontre\u00a0du Moyen-\u00e2ge, la grande historienne m\u00e9di\u00e9viste R\u00e9gine Pernoud\u00a0remettait les &hellip; <a href=\"https:\/\/www.moyenagepassion.com\/index.php\/2018\/05\/05\/renaissance-esclavagiste-contre-moyen-age-barbare-regine-pernoud\/\" class=\"more-link\">Continuer la lecture de <span class=\"screen-reader-text\">Renaissance esclavagiste contre moyen-\u00e2ge \u00ab\u00a0barbare\u00a0\u00bb, une citation de R\u00e9gine Pernoud<\/span>  <span class=\"meta-nav\">&rarr;<\/span><\/a><\/p>\n","protected":false},"author":2,"featured_media":0,"comment_status":"open","ping_status":"open","sticky":false,"template":"","format":"quote","meta":{"_monsterinsights_skip_tracking":false,"_monsterinsights_sitenote_active":false,"_monsterinsights_sitenote_note":"","_monsterinsights_sitenote_category":0,"footnotes":""},"categories":[154,3],"tags":[3255,155,520,525,2926,2489,182,18,2927,3753],"class_list":["post-20973","post","type-post","status-publish","format-quote","hentry","category-citations-moyen-age-medievales","category-livre-moyen-age-medieval-fantaisie","tag-barbarie","tag-citation","tag-histoire-medievale","tag-historien","tag-idees-recues","tag-medieviste","tag-monde-medieval","tag-moyen-age","tag-prejuges","tag-regine-pernoud","post_format-post-format-quote"],"aioseo_notices":[],"_links":{"self":[{"href":"https:\/\/www.moyenagepassion.com\/index.php\/wp-json\/wp\/v2\/posts\/20973"}],"collection":[{"href":"https:\/\/www.moyenagepassion.com\/index.php\/wp-json\/wp\/v2\/posts"}],"about":[{"href":"https:\/\/www.moyenagepassion.com\/index.php\/wp-json\/wp\/v2\/types\/post"}],"author":[{"embeddable":true,"href":"https:\/\/www.moyenagepassion.com\/index.php\/wp-json\/wp\/v2\/users\/2"}],"replies":[{"embeddable":true,"href":"https:\/\/www.moyenagepassion.com\/index.php\/wp-json\/wp\/v2\/comments?post=20973"}],"version-history":[{"count":1,"href":"https:\/\/www.moyenagepassion.com\/index.php\/wp-json\/wp\/v2\/posts\/20973\/revisions"}],"predecessor-version":[{"id":34750,"href":"https:\/\/www.moyenagepassion.com\/index.php\/wp-json\/wp\/v2\/posts\/20973\/revisions\/34750"}],"wp:attachment":[{"href":"https:\/\/www.moyenagepassion.com\/index.php\/wp-json\/wp\/v2\/media?parent=20973"}],"wp:term":[{"taxonomy":"category","embeddable":true,"href":"https:\/\/www.moyenagepassion.com\/index.php\/wp-json\/wp\/v2\/categories?post=20973"},{"taxonomy":"post_tag","embeddable":true,"href":"https:\/\/www.moyenagepassion.com\/index.php\/wp-json\/wp\/v2\/tags?post=20973"}],"curies":[{"name":"wp","href":"https:\/\/api.w.org\/{rel}","templated":true}]}}