{"id":21140,"date":"2018-05-14T22:46:03","date_gmt":"2018-05-14T21:46:03","guid":{"rendered":"http:\/\/www.moyenagepassion.com\/?p=21140"},"modified":"2019-12-30T22:52:10","modified_gmt":"2019-12-30T21:52:10","slug":"la-miserable-vie-dun-tyran-une-poesie-medievale-de-pierre-dailly-et-un-portrait-de-cet-etonnant-erudit-et-religieux-du-xive-et-xve-siecle","status":"publish","type":"post","link":"https:\/\/www.moyenagepassion.com\/index.php\/2018\/05\/14\/la-miserable-vie-dun-tyran-une-poesie-medievale-de-pierre-dailly-et-un-portrait-de-cet-etonnant-erudit-et-religieux-du-xive-et-xve-siecle\/","title":{"rendered":"\u00ab\u00a0La mis\u00e9rable vie d&rsquo;un tyran\u00a0\u00bb, une po\u00e9sie m\u00e9di\u00e9vale de Pierre d&rsquo;Ailly et un portrait de cet \u00e9tonnant \u00e9rudit et religieux des XIVe, XVe si\u00e8cles"},"content":{"rendered":"<div id=\"moyen-4201150804\" class=\"moyen-before-content moyen-entity-placement\"><script async src=\"\/\/pagead2.googlesyndication.com\/pagead\/js\/adsbygoogle.js?client=ca-pub-3035390706780632\" crossorigin=\"anonymous\"><\/script><ins class=\"adsbygoogle\" style=\"display:block;\" data-ad-client=\"ca-pub-3035390706780632\" \ndata-ad-slot=\"\" \ndata-ad-format=\"auto\"><\/ins>\n<script> \n(adsbygoogle = window.adsbygoogle || []).push({}); \n<\/script>\n<\/div><p><strong><img decoding=\"async\" class=\" wp-image-21144 alignleft\" src=\"https:\/\/www.moyenagepassion.com\/wp-content\/uploads\/2018\/05\/poesie_medievale_satirique_morale_pierre_d-ailly_moyen-age.jpg\" alt=\"poesie_medievale_satirique_morale_pierre_d-ailly_moyen-age\" width=\"118\" height=\"166\" srcset=\"https:\/\/www.moyenagepassion.com\/wp-content\/uploads\/2018\/05\/poesie_medievale_satirique_morale_pierre_d-ailly_moyen-age.jpg 222w, https:\/\/www.moyenagepassion.com\/wp-content\/uploads\/2018\/05\/poesie_medievale_satirique_morale_pierre_d-ailly_moyen-age-213x300.jpg 213w\" sizes=\"(max-width: 118px) 100vw, 118px\" \/>Sujet\u00a0<\/strong>: po\u00e9sie m\u00e9di\u00e9vale, auteur m\u00e9di\u00e9val, po\u00e8te, moyen-fran\u00e7ais,\u00a0po\u00e9sie satirique, po\u00e9sie morale, vie curiale, tyrannie,<br \/>\n<strong>P\u00e9riode<\/strong>\u00a0: moyen-\u00e2ge tardif, XIVe, XVe si\u00e8cle.<br \/>\n<strong>Auteur<\/strong>\u00a0: <strong>Pierre d&rsquo;Ailly<\/strong>\u00a0(ou d&rsquo;Ailliac),<br \/>\nPetrus de Alliarco (1351-1420)<br \/>\n<strong>Titre<\/strong>\u00a0: \u00ab\u00a0Combien est mis\u00e9rable la vie du tyran\u00a0\u00bb ou \u00ab\u00a0Les dits de Franc-Gontier\u00a0\u00bb<b><br \/>\n<\/b><\/p>\n<p>Bonjour \u00e0 tous,<\/p>\n<p style=\"text-align: justify;\"><img decoding=\"async\" class=\"alignleft size-full wp-image-50\" src=\"https:\/\/www.moyenagepassion.com\/wp-content\/uploads\/2015\/12\/D_lettrine_moyen_age_passion.jpg\" alt=\"D_lettrine_moyen_age_passion\" width=\"84\" height=\"103\" \/>ans un article pr\u00e9c\u00e9dent nous avions mentionn\u00e9 les premiers <strong><em><a href=\"https:\/\/www.moyenagepassion.com\/index.php\/2018\/05\/08\/franc-gontier-dits-et-contredits-satire-et-contre-satire-de-philippe-de-vitry-a-francois-villon\/\" target=\"_blank\">Contre-dicts de Franc-Gontier<\/a><\/em><\/strong> sous la plume de <strong>Pierre d&rsquo;Ailly<\/strong>. Quelques temps apr\u00e8s le texte de <strong>Philippe de Vitry<\/strong> mettant en exergue les charmes, la libert\u00e9 et la paix\u00a0de la vie rupestre contre la vie de cour, cet auteur r\u00e9digeait, en effet, une courte po\u00e9sie qui y faisait r\u00e9f\u00e9rence,<\/p>\n<p style=\"text-align: justify;\">Cette belle pi\u00e8ce d&rsquo;un peu plus de trente vers est connue sous le double nom de \u00ab\u00a0<em><strong>Combien est mis\u00e9rable le vie du tyran<\/strong><\/em>\u00a0\u00bb ou \u00ab\u00a0<em><strong>les contredicts de Franc-Gontier<\/strong><\/em>\u00a0\u00bb (avant ceux de Fran\u00e7ois Villon donc) et nous la publions donc aujourd&rsquo;hui dans son entier.\u00a0 Po\u00e9sie satirique, po\u00e9sie morale, comme son titre l&rsquo;indique elle d\u00e9peint la vie tragique <a href=\"https:\/\/www.moyenagepassion.com\/wp-content\/uploads\/2018\/05\/citation_avidite_convoitise_tyran_eric_fromm.jpg\"><img decoding=\"async\" class=\"wp-image-21157 alignright\" src=\"https:\/\/www.moyenagepassion.com\/wp-content\/uploads\/2018\/05\/citation_avidite_convoitise_tyran_eric_fromm.jpg\" alt=\"citation_avidite_convoitise_tyran_eric_fromm\" width=\"161\" height=\"276\" srcset=\"https:\/\/www.moyenagepassion.com\/wp-content\/uploads\/2018\/05\/citation_avidite_convoitise_tyran_eric_fromm.jpg 350w, https:\/\/www.moyenagepassion.com\/wp-content\/uploads\/2018\/05\/citation_avidite_convoitise_tyran_eric_fromm-175x300.jpg 175w\" sizes=\"(max-width: 161px) 100vw, 161px\" \/><\/a>et, il faut bien le dire, terriblement ennuyeuse d&rsquo;un tyran avide\u00a0 qui ne vit que pour la convoitise et la gloutonnerie.<\/p>\n<p style=\"text-align: justify;\">Cette po\u00e9sie est d&rsquo;une certaine raret\u00e9 puisque c&rsquo;est une des seules po\u00e9sie en \u00ab\u00a0langue vulgaire\u00a0\u00bb qu&rsquo;on connaisse \u00e0 cet auteur du moyen-\u00e2ge tardif. <strong>Pierre d&rsquo;Ailly<\/strong> s&rsquo;est signal\u00e9 et est entr\u00e9 dans la post\u00e9rit\u00e9 pour bien des raisons sur lesquelles nous aurons l&rsquo;occasion de revenir dans cet article mais pas pour ses talents de versificateur.\u00a0Au vue des qualit\u00e9s de ce texte, on peut regretter avec un de ses biographes, le bibliophile et historien du XIXe si\u00e8cle <strong>Arthur Dinoux<\/strong>\u00a0 (qui nous a permis de la mettre \u00e0 jour), que plus de po\u00e9sies de l&rsquo;auteur ne nous soient parvenues.<\/p>\n<p style=\"text-align: justify;\">Apr\u00e8s cela, nous en profitons pour faire le portrait de cet auteur qui fut aussi un personnage de grande importance au XIVe si\u00e8cle. Sa renomm\u00e9e\u00a0 et son influence sur son temps furent, en effet, telles que certains de ses biographes n&rsquo;h\u00e9sitent pas affirmer qu&rsquo;on peut pratiquement faire l&rsquo;Histoire de l&rsquo;Eglise sous <strong>Pierre d&rsquo;Ailly<\/strong> \u00e0 travers l&rsquo;oeuvre et l&rsquo;influence\u00a0que ce dernier eut sur elle.<\/p>\n<h2 style=\"text-align: center;\">Combien est mis\u00e9rable la vie du tyran<br \/>\nou les contredicts de Franc-Gontier<\/h2>\n<p style=\"text-align: center;\"><strong><span style=\"color: #008000;\"><em>Ung chasteau s\u00e7ay, sur roche espouvantable,<\/em><\/span><\/strong><br \/>\n<strong><span style=\"color: #008000;\"><em> En lieu venteux, sur rive p\u00e9rilleuse,<\/em><\/span><\/strong><br \/>\n<strong><span style=\"color: #008000;\"><em> L\u00e0 vis tyran, s\u00e9ant \u00e0 haute table,<\/em><\/span><\/strong><br \/>\n<strong><span style=\"color: #008000;\"><em> En grand palais, en sale plantureuse,<\/em><\/span><\/strong><br \/>\n<strong><span style=\"color: #008000;\"><em> Environn\u00e9 de famille nombreuse,<\/em><\/span><\/strong><br \/>\n<strong><span style=\"color: #008000;\"><em> Pleine de fraud, d&rsquo;envie et de murmure;<\/em><\/span><\/strong><br \/>\n<strong><span style=\"color: #008000;\"><em> Vuide de foi, d&rsquo;amour, de paix joyeuse,<\/em><\/span><\/strong><br \/>\n<strong><span style=\"color: #008000;\"><em> Serve, subjecte en convoiteuse ardure.<br \/>\n<\/em><\/span><\/strong><br \/>\n<strong><span style=\"color: #008000;\"><em> Viandes, vins, avait-il sans mesure,<\/em><\/span><\/strong><br \/>\n<strong><span style=\"color: #008000;\"><em> Chairs et poissons occis en mainte guise,<\/em><\/span><\/strong><br \/>\n<strong><span style=\"color: #008000;\"><em> Sausses, brou\u00ebts, de diverse teincture:<\/em><\/span><\/strong><br \/>\n<strong><span style=\"color: #008000;\"><em> Et entremets faicts part art et diverse.<\/em><\/span><\/strong><br \/>\n<strong><span style=\"color: #008000;\"><em> Le mal Glouton partout guette et advise,<\/em><\/span><\/strong><br \/>\n<strong><span style=\"color: #008000;\"><em> Pour appetit trouver; et quiert mani\u00e8re<\/em><\/span><\/strong><br \/>\n<strong><span style=\"color: #008000;\"><em> Comment sa bouch&rsquo;, de lescherie esprise,<\/em><\/span><\/strong><br \/>\n<strong><span style=\"color: #008000;\"><em> Son ventre emplit en bourse pautoni\u00e8re.<\/em><\/span><\/strong><\/p>\n<p style=\"text-align: center;\"><strong><span style=\"color: #008000;\"><em>Mais, sac-\u00e0-fien, patente cimeti\u00e8re,<\/em><\/span><\/strong><br \/>\n<strong><span style=\"color: #008000;\"><em> Sepulchre-\u00e0-vin, corps bouffi, crasse panse,<\/em><\/span><\/strong><br \/>\n<strong><span style=\"color: #008000;\"><em> Pour sous ses biens en soy n&rsquo;a lie ch\u00e8re;<\/em><\/span><\/strong><br \/>\n<strong><span style=\"color: #008000;\"><em> Car, ventre saoul n&rsquo;a eu saveur plaisance,<\/em><\/span><\/strong><br \/>\n<strong><span style=\"color: #008000;\"><em> Ne le delit jeu, ris, ne bal, ne danse;<\/em><\/span><\/strong><br \/>\n<strong><span style=\"color: #008000;\"><em> Car, tant convoit, tant quiert, et tant desire,<\/em><\/span><\/strong><br \/>\n<strong><span style=\"color: #008000;\"><em> Qu&rsquo;en rien qu&rsquo;il ays n&rsquo;a vraye suffisance.<\/em><\/span><\/strong><\/p>\n<p style=\"text-align: center;\"><strong><span style=\"color: #008000;\"><em>Acquirer veult, ou royaume, ou empire;<\/em><\/span><\/strong><br \/>\n<strong><span style=\"color: #008000;\"><em> Pour avarice sent douloureux martyre.<\/em><\/span><\/strong><br \/>\n<strong><span style=\"color: #008000;\"><em> Trahison doute, en nully ne se fye,<\/em><\/span><\/strong><br \/>\n<strong><span style=\"color: #008000;\"><em> Coeur a f\u00e9lon, enfl\u00e9 d&rsquo;orgueil et d&rsquo;ire,<\/em><\/span><\/strong><br \/>\n<strong><span style=\"color: #008000;\"><em> Triste, pensif, plein de m\u00e9lancolie.<\/em><\/span><\/strong><br \/>\n<strong><span style=\"color: #008000;\"><em> Las ! Trop mieulx vaut de Franc-Gontier la vie,<\/em><\/span><\/strong><br \/>\n<strong><span style=\"color: #008000;\"><em> Sobre liesse, et nette povret\u00e9,<\/em><\/span><\/strong><br \/>\n<strong><span style=\"color: #008000;\"><em> Que poursuivir, par orde gloutonnie,<\/em><\/span><\/strong><br \/>\n<strong><span style=\"color: #008000;\"><em> Cour de tyran, riche malheuret\u00e9.<\/em><\/span><\/strong><\/p>\n<p style=\"text-align: center;\"><span style=\"color: #808080;\">Pierre d\u2019Ailly (1351-1411),\u00a0<em>Notice historique et litt\u00e9raire sur le Cardinal Pierre d\u2019Ailly, Eveque de Cambray au XVe si\u00e8cle,\u00a0M Arthur Dinaux (1824)<\/em><\/span><\/p>\n<p>Note : les scissions en paragraphe sont de notre fait et sont destin\u00e9s \u00e0 fluidifier la lecture. La version originale est compact et sans saut de lignes.<\/p>\n<h2>Pierre d&rsquo;Ailly, acteur de son temps<\/h2>\n<p style=\"text-align: justify;\"><img decoding=\"async\" class=\"alignleft size-full wp-image-162\" src=\"https:\/\/www.moyenagepassion.com\/wp-content\/uploads\/2015\/12\/N_lettrine_moyen_age_passion.jpg\" alt=\"N_lettrine_moyen_age_passion\" width=\"84\" height=\"103\" \/>atif de Compiegne, <strong>Pierre d&rsquo;Ailly<\/strong> fut un esprit actif et impliqu\u00e9 de son temps, doubl\u00e9 d&rsquo;un intellectuel curieux de toutes les sciences.\u00a0Th\u00e9ologien, philosophe, astrologue, astronome, il fut \u00e9galement un haut dignitaire de l&rsquo;Eglise et le nombre des fonctions qu&rsquo;il occupa au sein de cette derni\u00e8re, au long de son existence, demeure rien moins qu&rsquo;impressionnante : \u00e9v\u00eaque de Cambray, de Limoges, d&rsquo;Orange, du Puy-en-Velay, de Noyon, il fut encore attach\u00e9 \u00e0 de nombreuses paroisses en tant que chanoine ou tr\u00e9sorier et occupa aussi\u00a0la haute charge de Cardinal. On ajoutera \u00e0 cette longue liste (non exhaustive) le fait qu&rsquo;il fut encore chancelier de l&rsquo;\u00e9glise Notre-Dame de Paris et de l&rsquo;universit\u00e9 de Paris ainsi <a href=\"https:\/\/www.moyenagepassion.com\/wp-content\/uploads\/2018\/05\/pierre_Aylli_biographie_portrait_contredits_franc-gonthier_gontier_poesie_medievale_satirique_moyen-age_tardif.jpg\"><img decoding=\"async\" class=\"alignleft wp-image-21148\" src=\"https:\/\/www.moyenagepassion.com\/wp-content\/uploads\/2018\/05\/pierre_Aylli_biographie_portrait_contredits_franc-gonthier_gontier_poesie_medievale_satirique_moyen-age_tardif.jpg\" alt=\"pierre_Aylli_biographie_portrait_contredits_franc-gonthier_gontier_poesie_medievale_satirique_moyen-age_tardif\" width=\"170\" height=\"199\" srcset=\"https:\/\/www.moyenagepassion.com\/wp-content\/uploads\/2018\/05\/pierre_Aylli_biographie_portrait_contredits_franc-gonthier_gontier_poesie_medievale_satirique_moyen-age_tardif.jpg 980w, https:\/\/www.moyenagepassion.com\/wp-content\/uploads\/2018\/05\/pierre_Aylli_biographie_portrait_contredits_franc-gonthier_gontier_poesie_medievale_satirique_moyen-age_tardif-256x300.jpg 256w, https:\/\/www.moyenagepassion.com\/wp-content\/uploads\/2018\/05\/pierre_Aylli_biographie_portrait_contredits_franc-gonthier_gontier_poesie_medievale_satirique_moyen-age_tardif-874x1024.jpg 874w\" sizes=\"(max-width: 170px) 100vw, 170px\" \/><\/a>qu\u2019aum\u00f4nier et confesseur du roi.<\/p>\n<p style=\"text-align: justify;\">Du point de vue intellectuel,\u00a0il a l\u00e9gu\u00e9 nombre de trait\u00e9s autour des sciences, g\u00e9ographie et astronomie notamment, ainsi que quantit\u00e9 d&rsquo;autres ouvrages philosophiques et th\u00e9ologiques, auxquels il faut encore ajouter des sermons. La majeure partie de son oeuvre latine a travers\u00e9 le temps et il a aussi \u00e9crit en fran\u00e7ais,\u00a0 mais une partie de ses \u00e9crits dans cette derni\u00e8re langue s&rsquo;est, semble-t-il, perdue en chemin.<\/p>\n<h3>De Rome en Avignon,<br \/>\ninterventions dans la r\u00e9solution du schisme<\/h3>\n<p style=\"text-align: justify;\">Grand acteur de la conciliation et de la r\u00e9solution du schisme qui, en plein coeur du moyen-\u00e2ge, avait d\u00e9chir\u00e9 l&rsquo;Eglise, pour donner naissance \u00e0 deux papes, il se battit pendant de longues ann\u00e9es pour y mettre un terme.\u00a0Voyageant en Italie, il intervint aussi directement aupr\u00e8s des papes en Avignon pour tenter de surseoir \u00e0 leurs vell\u00e9it\u00e9s s\u00e9paratistes. Son activisme et ses vues sur l&rsquo;unification de l&rsquo;\u00e9glise et sur la sup\u00e9riorit\u00e9 d\u00e9cisionnelle des conciles lui valurent quelques s\u00e9rieux d\u00e9boires, mais finirent \u00e0 force de pers\u00e9v\u00e9rance par aboutir. Pris dans les enjeux de son temps, on le vit encore pr\u00eacher avec z\u00e8le en faveur des croisades ce qui lui valut le surnom de \u00ab\u00a0Marteaux des h\u00e9r\u00e9tiques\u00a0\u00bb. Il n&rsquo;est alors pas le seul \u00e0 les d\u00e9fendre <strong>P\u00e9trarque<\/strong>, <strong>Jeanne d&rsquo;Arc<\/strong> et d&rsquo;autres encore y sont favorables. Autant de choses qui feront dire \u00e0 son biographe Louis Salembier :<\/p>\n<p style=\"text-align: justify;\"><strong><span style=\"color: #008000;\"><em>\u00ab\u00a0Toutes les id\u00e9es vraies ou contestables de cette \u00e9poque si troubl\u00e9e parurent se donner rendez-vous dans la t\u00eate encyclop\u00e9dique et si puissamment\u00a0organis\u00e9e de l&rsquo;\u00e9v\u00eaque de Cambrai.\u00a0\u00bb<br \/>\n<a style=\"color: #808080;\" href=\"https:\/\/www.persee.fr\/doc\/rhef_0300-9505_1912_num_3_16_2031\" target=\"_blank\">Pierre d&rsquo;Ailly et la d\u00e9couverte de l&rsquo;Am\u00e9rique,<\/a>\u00a0<span style=\"color: #999999;\">Revue d&rsquo;histoire de l&rsquo;\u00c9glise de France<\/span><span style=\"color: #999999;\">, Pers\u00e9e,\u00a0<strong>Louis Salembier<\/strong>\u00a0(1912)<\/span><\/em><\/span><\/strong><\/p>\n<h3 style=\"text-align: left;\">De la f\u00eate de la trinit\u00e9<br \/>\n\u00e0 la conqu\u00eate des Am\u00e9riques.<\/h3>\n<p style=\"text-align: justify;\"><img decoding=\"async\" class=\"alignleft size-full wp-image-36\" src=\"https:\/\/www.moyenagepassion.com\/wp-content\/uploads\/2015\/12\/C_lettrine_moyen_age_passion.jpg\" alt=\"C_lettrine_moyen_age_passion\" width=\"84\" height=\"103\" \/>oncernant sa marque, on notera que la f\u00eate de la Sainte Trinit\u00e9 fut institu\u00e9e par le pape Benoit XIII sous son initiative. Son Projet de calendrier destin\u00e9 notamment \u00e0 harmoniser les c\u00e9l\u00e9brations religieuses avec le calendrier civil fut \u00e0 l&rsquo;origine de celui adopt\u00e9 par Gr\u00e9goire XIII pr\u00e8s de 150 ans plus tard. Il impulsa m\u00eame encore quelques corrections au livre des r\u00e9v\u00e9lations divines qui furent \u00e9galement ent\u00e9rin\u00e9es par les papes, \u00e0 deux si\u00e8cles de l\u00e0.<\/p>\n<p style=\"text-align: justify;\">La post\u00e9rit\u00e9 a\u00a0\u00e9galement\u00a0retenu de lui qu&rsquo;il fut, avec Christophe Colomb et au moins en esprit, un des d\u00e9couvreurs de l&rsquo;Am\u00e9rique. Le grand voyageur ne se s\u00e9parait, en effet, jamais du c\u00e9l\u00e8bre <strong>Imago Mundi<\/strong> (ou Ymago Mundi): <strong>Le tableau du monde<\/strong> de <strong>Pierre d&rsquo;Ailly<\/strong> et c&rsquo;est sans doute gr\u00e2ce \u00e0 son aide qu&rsquo;il fut motiv\u00e9 dans son voyage et pu d\u00e9couvrir les nouvelles terres. Le savant religieux avait, en effet, affirm\u00e9 dans son trait\u00e9 que les Indes pouvaient \u00eatre atteintes en <a href=\"https:\/\/www.moyenagepassion.com\/wp-content\/uploads\/2018\/05\/pierre_d-ailly_auteur_philosophe_theologien_medieval_portrait_biographie_poesies_moyen-age.jpg\"><img decoding=\"async\" class=\"wp-image-21154 alignright\" src=\"https:\/\/www.moyenagepassion.com\/wp-content\/uploads\/2018\/05\/pierre_d-ailly_auteur_philosophe_theologien_medieval_portrait_biographie_poesies_moyen-age.jpg\" alt=\"pierre_d-ailly_auteur_philosophe_theologien_medieval_portrait_biographie_poesies_moyen-age\" width=\"180\" height=\"228\" srcset=\"https:\/\/www.moyenagepassion.com\/wp-content\/uploads\/2018\/05\/pierre_d-ailly_auteur_philosophe_theologien_medieval_portrait_biographie_poesies_moyen-age.jpg 575w, https:\/\/www.moyenagepassion.com\/wp-content\/uploads\/2018\/05\/pierre_d-ailly_auteur_philosophe_theologien_medieval_portrait_biographie_poesies_moyen-age-237x300.jpg 237w\" sizes=\"(max-width: 180px) 100vw, 180px\" \/><\/a>quelques jours, en faisant route vers l&rsquo;Ouest. Qu&rsquo;on vienne nous expliquer encore apr\u00e8s cela que les hommes du moyen-\u00e2ge et notamment l&rsquo;Eglise pensaient que la terre \u00e9tait plate&#8230;<\/p>\n<p style=\"text-align: right;\"><span style=\"color: #808080;\">Ci-contre portrait de Pierre d&rsquo;Ailly, A Lefebvre, Eglise Saint-Antoine, Compi\u00e8gne, tir\u00e9 de <a href=\"http:\/\/gallica.bnf.fr\/ark:\/12148\/bpt6k6572456q\/f11.image\" target=\"_blank\"><em>Ymago Mundi<\/em>, \u00e9dition de 1930, par Edmond Buron, BnF, Gallica<\/a>.<\/span><\/p>\n<p style=\"text-align: justify;\">Nous ne rentrerons pas, dans cet article, dans le d\u00e9tail des th\u00e9ories philosophiques de Pierre d&rsquo;Ailly, mais on retiendra qu&rsquo;il\u00a0eut sous sa houlette quelques disciples qui allaient se signer \u00e0 leur tour par leurs oeuvres et m\u00eame d\u00e9passer, voire \u00e9clipser la sienne. On retiendra entre autres noms <strong>Nicolas de Clamanges<\/strong>, et\u00a0\u00a0<strong>Jean de Gerson<\/strong>.<\/p>\n<h2 style=\"text-align: justify;\">Visionnaire ? D&rsquo;\u00e9tonnantes proph\u00e9ties<\/h2>\n<p style=\"text-align: justify;\"><img decoding=\"async\" class=\"alignleft size-full wp-image-445\" src=\"https:\/\/www.moyenagepassion.com\/wp-content\/uploads\/2015\/12\/P_lettrine_moyen_age_passion-copia.jpg\" alt=\"P_lettrine_moyen_age_passion copia\" width=\"96\" height=\"103\" \/>lus \u00e9tonnamment, on doit au religieux f\u00e9ru d&rsquo;astrologie quelques surprenantes pr\u00e9dictions sur les temps qui restaient \u00e0 venir et qui feront dire \u00e0 son\u00a0 biographe <strong>Louis Salembier<\/strong>, au d\u00e9but du XXe si\u00e8cle :<\/p>\n<p style=\"text-align: justify;\"><span style=\"color: #008000;\"><em>\u00ab\u00a0Non seulement D&rsquo;Ailly fut le fid\u00e8le miroir des opinions et m\u00eame des erreurs de son temps,mais encore il eut parfois sur les \u00e2ges futurs des vues proph\u00e9tique qui nous \u00e9tonnent et que nous rapportons sans les expliquer. Pareil \u00e0 certain dieu de la fable, il regarde \u00e0 la fois le pass\u00e9 et le pr\u00e9sent. Il r\u00e9sume l&rsquo;un et il proph\u00e9tise l&rsquo;autre. D&rsquo;une part c&rsquo;est un compilateur clairvoyant; de l&rsquo;autre, c&rsquo;est presque un voyant.\u00a0\u00bb<\/em><\/span><br \/>\n<span style=\"color: #808080;\">\u00a0<strong>Louis Salembier<\/strong> (opus cit\u00e9)<\/span><\/p>\n<p>Jugez plut\u00f4t :<\/p>\n<p style=\"text-align: justify;\"><span style=\"color: #008000;\"><em>\u00ab\u00a0&#8230; Puis apr\u00e8s dix r\u00e9volutions saturnales, viendra l&rsquo;ann\u00e9e 1789. Si le monde dure jusqu&rsquo;\u00e0 ces temps, ce que Dieu seul conna\u00eet, il y aura alors des nombreuses et grandes alt\u00e9rations et de remarquables changements, principalement dans les lois et dans les religions.\u00a0\u00bb<\/em><\/span><br \/>\n<span style=\"color: #808080;\"><em>Concordia Astronimias cum historica narratione<\/em>. <strong>Pierre d&rsquo;Ailly<\/strong>. 1414.<\/span><\/p>\n<p style=\"text-align: justify;\"><img decoding=\"async\" class=\"alignleft wp-image-21160\" src=\"https:\/\/www.moyenagepassion.com\/wp-content\/uploads\/2018\/05\/pierre_ailly_auteur_medieval_savant_philosophe_astrologie_medievale_propheties_moyen-age_chretien_XIVe_siecle.jpg\" alt=\"pierre_ailly_auteur_medieval_savant_philosophe_astrologie_medievale_propheties_moyen-age_chretien_XIVe_siecle\" width=\"90\" height=\"343\" srcset=\"https:\/\/www.moyenagepassion.com\/wp-content\/uploads\/2018\/05\/pierre_ailly_auteur_medieval_savant_philosophe_astrologie_medievale_propheties_moyen-age_chretien_XIVe_siecle.jpg 139w, https:\/\/www.moyenagepassion.com\/wp-content\/uploads\/2018\/05\/pierre_ailly_auteur_medieval_savant_philosophe_astrologie_medievale_propheties_moyen-age_chretien_XIVe_siecle-79x300.jpg 79w\" sizes=\"(max-width: 90px) 100vw, 90px\" \/>Dans un autre ouvrage, quatre ans apr\u00e8s, il \u00e9crivait encore :<\/p>\n<p style=\"text-align: justify;\"><span style=\"color: #008000;\">\u00ab\u00a0<em>&#8230; Avant 1789, il y aura un autre grand bouleversement religieux. Dans un si\u00e8cle \u00e0 partir du moment o\u00f9 j&rsquo;\u00e9cris, il y aura bien des changements dans le christianisme et bien des troubles dans l&rsquo;Eglise, magna fiet alteracio circa leges et sectas\u00a0\u00bb<\/em>.<\/span><br \/>\n<span style=\"color: #808080;\"><em>De persectutionibus Ecclesiae<\/em>, <strong>Pierre d&rsquo;Ailly<\/strong>, 1418<\/span><\/p>\n<p style=\"text-align: justify;\">En 1517 et 1518, naissait le protestantisme.\u00a0Nous vous laisserons juge de la nature proph\u00e9tique, anecdotique ou fortuite de tout cela.<\/p>\n<p style=\"text-align: justify;\">Pour aller plus loin sur cet \u00e9tonnant personnage et auteur des XIVe et XVe si\u00e8cle et si vous en avez la curiosit\u00e9, nous ne pouvons que vous recommander l&rsquo;ouvrage de la docteur en philosophe et agr\u00e9g\u00e9e de lettres classique\u00a0<strong>Alice Lamy<\/strong>, qui s&rsquo;est fait une sp\u00e9cialit\u00e9 des questions de philosophie latine m\u00e9di\u00e9vale et de scolastique.\u00a0\u00a0Sorti, en 2013, chez <strong>Honor\u00e9 Champion<\/strong>, il a pour titre :<strong>\u00a0<em>La Pens\u00e9e de Pierre d\u2019Ailly. Un philosophe engag\u00e9 du Moyen \u00c2ge<\/em><\/strong><\/p>\n<p style=\"text-align: justify;\">En vous souhaitant une excellente journ\u00e9e!<br \/>\nFred<br \/>\nPour moyenagepassion.com<br \/>\n<em><strong>A la d\u00e9couverte du monde m\u00e9di\u00e9val sous toutes ses formes<\/strong><\/em><\/p>\n<hr \/>\n<p><em><strong>Sources<\/strong><\/em><\/p>\n<p><em><a style=\"color: #808080;\" href=\"https:\/\/www.persee.fr\/doc\/rhef_0300-9505_1912_num_3_16_2031\" target=\"_blank\"><span style=\"color: #008000;\">Pierre d&rsquo;Ailly et la d\u00e9couverte de l&rsquo;Am\u00e9rique<\/span>,<\/a>\u00a0<span style=\"color: #999999;\">Revue d&rsquo;histoire de l&rsquo;\u00c9glise de France<\/span><\/em><span style=\"color: #999999;\">, Pers\u00e9e,\u00a0<strong>Louis Salembier<\/strong>\u00a0(1912)<\/span><\/p>\n<p><em><a href=\"https:\/\/books.google.co.cr\/books\/about\/Notice_historique_et_litt%C3%A9raire_sur_le.html?id=qX8XRLPEJtYC&amp;redir_esc=y\" target=\"_blank\">Notice historique et litt\u00e9raire sur le Cardinal Pierre d\u2019Ailly, Eveque de Cambray au XVe si\u00e8cle<\/a>,\u00a0<\/em><span style=\"color: #808080;\"><strong>Arthur Dinaux\u00a0<\/strong><em>(1824)<\/em><\/span><\/p>\n","protected":false},"excerpt":{"rendered":"<p>Sujet\u00a0: po\u00e9sie m\u00e9di\u00e9vale, auteur m\u00e9di\u00e9val, po\u00e8te, moyen-fran\u00e7ais,\u00a0po\u00e9sie satirique, po\u00e9sie morale, vie curiale, tyrannie, P\u00e9riode\u00a0: moyen-\u00e2ge tardif, XIVe, XVe si\u00e8cle. Auteur\u00a0: Pierre d&rsquo;Ailly\u00a0(ou d&rsquo;Ailliac), Petrus de Alliarco (1351-1420) Titre\u00a0: \u00ab\u00a0Combien est mis\u00e9rable la vie du tyran\u00a0\u00bb ou \u00ab\u00a0Les dits de Franc-Gontier\u00a0\u00bb Bonjour \u00e0 tous, ans un article pr\u00e9c\u00e9dent nous avions mentionn\u00e9 les premiers Contre-dicts de Franc-Gontier &hellip; <a href=\"https:\/\/www.moyenagepassion.com\/index.php\/2018\/05\/14\/la-miserable-vie-dun-tyran-une-poesie-medievale-de-pierre-dailly-et-un-portrait-de-cet-etonnant-erudit-et-religieux-du-xive-et-xve-siecle\/\" class=\"more-link\">Continuer la lecture de <span class=\"screen-reader-text\">\u00ab\u00a0La mis\u00e9rable vie d&rsquo;un tyran\u00a0\u00bb, une po\u00e9sie m\u00e9di\u00e9vale de Pierre d&rsquo;Ailly et un portrait de cet \u00e9tonnant \u00e9rudit et religieux des XIVe, XVe si\u00e8cles<\/span>  <span class=\"meta-nav\">&rarr;<\/span><\/a><\/p>\n","protected":false},"author":2,"featured_media":0,"comment_status":"open","ping_status":"open","sticky":false,"template":"","format":"standard","meta":{"_monsterinsights_skip_tracking":false,"_monsterinsights_sitenote_active":false,"_monsterinsights_sitenote_note":"","_monsterinsights_sitenote_category":0,"footnotes":""},"categories":[9,3770],"tags":[3776,388,860,728,1710,3759,3774,3775,182,18,677,3773,3758,332,3771,80,615,1598,688,1071,687,510,333,3772,3267,2168],"class_list":["post-21140","post","type-post","status-publish","format-standard","hentry","category-musique-medieval-historique-fantaisie-celtique","category-pierre-dailly","tag-arthur-dinaux","tag-astrologue","tag-astronome","tag-auteur-medieval","tag-biographie","tag-franc-gontier","tag-geographe","tag-louis-salembier","tag-monde-medieval","tag-moyen-age","tag-moyen-age-chretien","tag-petrus-de-alliarco","tag-philippe-de-vitry","tag-philosophe","tag-pierre-dailly","tag-poesie","tag-poesie-medievale","tag-poesie-morale","tag-poesie-satirique","tag-portrait","tag-satire","tag-savant","tag-theologien","tag-tyran","tag-xive-siecle","tag-xve-siecle"],"aioseo_notices":[],"_links":{"self":[{"href":"https:\/\/www.moyenagepassion.com\/index.php\/wp-json\/wp\/v2\/posts\/21140"}],"collection":[{"href":"https:\/\/www.moyenagepassion.com\/index.php\/wp-json\/wp\/v2\/posts"}],"about":[{"href":"https:\/\/www.moyenagepassion.com\/index.php\/wp-json\/wp\/v2\/types\/post"}],"author":[{"embeddable":true,"href":"https:\/\/www.moyenagepassion.com\/index.php\/wp-json\/wp\/v2\/users\/2"}],"replies":[{"embeddable":true,"href":"https:\/\/www.moyenagepassion.com\/index.php\/wp-json\/wp\/v2\/comments?post=21140"}],"version-history":[{"count":0,"href":"https:\/\/www.moyenagepassion.com\/index.php\/wp-json\/wp\/v2\/posts\/21140\/revisions"}],"wp:attachment":[{"href":"https:\/\/www.moyenagepassion.com\/index.php\/wp-json\/wp\/v2\/media?parent=21140"}],"wp:term":[{"taxonomy":"category","embeddable":true,"href":"https:\/\/www.moyenagepassion.com\/index.php\/wp-json\/wp\/v2\/categories?post=21140"},{"taxonomy":"post_tag","embeddable":true,"href":"https:\/\/www.moyenagepassion.com\/index.php\/wp-json\/wp\/v2\/tags?post=21140"}],"curies":[{"name":"wp","href":"https:\/\/api.w.org\/{rel}","templated":true}]}}