{"id":21523,"date":"2018-05-31T02:30:32","date_gmt":"2018-05-31T01:30:32","guid":{"rendered":"http:\/\/www.moyenagepassion.com\/?p=21523"},"modified":"2023-05-30T01:18:40","modified_gmt":"2023-05-30T00:18:40","slug":"agenda-moyen-age-festif-trois-jours-de-fetes-aux-medievales-de-montferrand-clermont-ferrand","status":"publish","type":"post","link":"https:\/\/www.moyenagepassion.com\/index.php\/2018\/05\/31\/agenda-moyen-age-festif-trois-jours-de-fetes-aux-medievales-de-montferrand-clermont-ferrand\/","title":{"rendered":"Agenda moyen-\u00e2ge festif : trois jours de f\u00eate aux M\u00e9di\u00e9vales auvergnates de Montferrand"},"content":{"rendered":"<div id=\"moyen-3469554170\" class=\"moyen-before-content moyen-entity-placement\"><script async src=\"\/\/pagead2.googlesyndication.com\/pagead\/js\/adsbygoogle.js?client=ca-pub-3035390706780632\" crossorigin=\"anonymous\"><\/script><ins class=\"adsbygoogle\" style=\"display:block;\" data-ad-client=\"ca-pub-3035390706780632\" \ndata-ad-slot=\"\" \ndata-ad-format=\"auto\"><\/ins>\n<script> \n(adsbygoogle = window.adsbygoogle || []).push({}); \n<\/script>\n<\/div><p><strong><img decoding=\"async\" class=\"wp-image-21530 alignleft\" src=\"https:\/\/www.moyenagepassion.com\/wp-content\/uploads\/2018\/05\/heraldique_ecu_clermont-ferrand_blason.jpg\" alt=\"heraldique_ecu_clermont-ferrand_blason\" width=\"169\" height=\"180\" srcset=\"https:\/\/www.moyenagepassion.com\/wp-content\/uploads\/2018\/05\/heraldique_ecu_clermont-ferrand_blason.jpg 522w, https:\/\/www.moyenagepassion.com\/wp-content\/uploads\/2018\/05\/heraldique_ecu_clermont-ferrand_blason-281x300.jpg 281w\" sizes=\"(max-width: 169px) 100vw, 169px\" \/>Sujet<\/strong>&nbsp;: f\u00eates m\u00e9di\u00e9vales, compagnies m\u00e9di\u00e9vales, animations&nbsp; historiques, agenda, march\u00e9 artisanal m\u00e9di\u00e9val.<br \/>\n<strong>P\u00e9riode<\/strong>&nbsp;&nbsp;: moyen-\u00e2ge<br \/>\n<strong>Lieu<\/strong>&nbsp;: Clermond-Ferrand, &nbsp;Puy-de-D\u00f4me, Auvergne-Rh\u00f4ne-Alpes,<br \/>\n<strong>Ev\u00e9nements<\/strong>: Les 23\u00e8me M\u00e9di\u00e9vales de Montferrand<br \/>\n<strong>Dates<\/strong>&nbsp;: du&nbsp; &nbsp;1er au&nbsp; 3&nbsp;juin 2018<\/p>\n<p>Bonjour \u00e0 tous,<\/p>\n<p style=\"text-align: justify;\"><img decoding=\"async\" class=\"alignleft size-full wp-image-50\" src=\"https:\/\/www.moyenagepassion.com\/wp-content\/uploads\/2015\/12\/D_lettrine_moyen_age_passion.jpg\" alt=\"D_lettrine_moyen_age_passion\" width=\"84\" height=\"103\">ans le cadre des \u00e9v\u00e9nements autour du moyen-\u00e2ge festif de cette fin de semaine, il faut&nbsp;souligner trois grandes journ\u00e9es de c\u00e9l\u00e9bration aux M\u00e9di\u00e9vales de Montferrand. Avant de continuer et pour \u00e9viter toute confusion&nbsp;sur l&rsquo;intitul\u00e9 de ces festivit\u00e9s, il ne s&rsquo;agit pas ici de la commune occitane et languedocienne de Montferrand mais bien d&rsquo;une r\u00e9f\u00e9rence historique au nom ancien de la commune auvergnate de Clermont- Ferrand.<\/p>\n<p style=\"text-align: justify;\">Organis\u00e9 par l&rsquo;Association <i><strong>Il \u00e9tait une fois Montferrand<\/strong>, <\/i>cet \u00e9v\u00e9nement,&nbsp;encore connu sous le nom de <strong><em>F\u00eates m\u00e9di\u00e9vales du <a href=\"https:\/\/www.moyenagepassion.com\/wp-content\/uploads\/2018\/05\/agenda_fetes_animations_marche_medievale_montferrand_2018_moyen-age_festif.jpg\"><img decoding=\"async\" class=\"wp-image-21524 alignright\" src=\"https:\/\/www.moyenagepassion.com\/wp-content\/uploads\/2018\/05\/agenda_fetes_animations_marche_medievale_montferrand_2018_moyen-age_festif.jpg\" alt=\"agenda_fetes_animations_marche_medievale_montferrand_2018_moyen-age_festif\" width=\"171\" height=\"241\" srcset=\"https:\/\/www.moyenagepassion.com\/wp-content\/uploads\/2018\/05\/agenda_fetes_animations_marche_medievale_montferrand_2018_moyen-age_festif.jpg 450w, https:\/\/www.moyenagepassion.com\/wp-content\/uploads\/2018\/05\/agenda_fetes_animations_marche_medievale_montferrand_2018_moyen-age_festif-213x300.jpg 213w\" sizes=\"(max-width: 171px) 100vw, 171px\" \/><\/a>Dauphin d&rsquo;Auvergne<\/em><\/strong>, c\u00e9l\u00e8bre, cette ann\u00e9e, sa 23eme \u00e9dition.<\/p>\n<p style=\"text-align: justify;\"><strong>AU PROGRAMME<\/strong><\/p>\n<p style=\"text-align: justify;\">En plus des parades festives et des animations de rues : musique, th\u00e9\u00e2tre, bateleurs, cracheurs de feu, sc\u00e9nettes et d\u00e9monstrations de combat d&rsquo;\u00e9poque, tournois&nbsp; et m\u00eal\u00e9es&nbsp;de chevaliers en armure ancienne, etc&#8230;, il y aura encore sur place des camps install\u00e9s par les diff\u00e9rentes mesnies pr\u00e9sentes, ainsi qu&rsquo;un march\u00e9 artisanal d&rsquo;inspiration m\u00e9di\u00e9vale.<\/p>\n<p><strong>Liste des compagnies m\u00e9di\u00e9vales et artistes attendus<\/strong><\/p>\n<p style=\"text-align: justify;\"><span style=\"color: #008000;\"><em>Galapiat &amp; M\u00e9di\u00e9valys &#8211; Les Triton Ripailleurs &#8211; Teutonic Orders &#8211; L&rsquo;Ost du Ph\u00e9nix &#8211; La Cie De La Lanterne Magique &#8211; Vire et Volte &#8211; Cie Les Tout Petits&nbsp; &#8211; Le Sieur de Montplaisant &#8211; Les Ecuyers du Marchidial &#8211; La Mesnie du Hibou &#8211; L&rsquo;Arroi des trois roues &#8211; L&rsquo;Ep\u00e9e et&nbsp; l&rsquo;Archet &#8211; Les Ecuyers du Marchidial &#8211; Entre chien et jeux &#8211; Marina Lys &#8211; Gueux et ladres du Sud- Ferme itin\u00e9rante du Chaineau<\/em><\/span><\/p>\n<p style=\"text-align: justify;\"><a href=\"https:\/\/www.moyenagepassion.com\/wp-content\/uploads\/2018\/05\/agenda_fetes_medievales_montferrand_20181.jpg\"><img decoding=\"async\" class=\"wp-image-21564 aligncenter\" src=\"https:\/\/www.moyenagepassion.com\/wp-content\/uploads\/2018\/05\/agenda_fetes_medievales_montferrand_20181.jpg\" alt=\"agenda_fetes_medievales_montferrand_2018\" width=\"432\" height=\"288\" srcset=\"https:\/\/www.moyenagepassion.com\/wp-content\/uploads\/2018\/05\/agenda_fetes_medievales_montferrand_20181.jpg 477w, https:\/\/www.moyenagepassion.com\/wp-content\/uploads\/2018\/05\/agenda_fetes_medievales_montferrand_20181-300x200.jpg 300w\" sizes=\"(max-width: 432px) 100vw, 432px\" \/><\/a><\/p>\n<p><a href=\"http:\/\/www.montferrandmedieval.org\" target=\"_blank\" rel=\"noopener noreferrer\">Site de l&rsquo;\u00e9v\u00e9nement <\/a>&#8211; <a href=\"https:\/\/www.facebook.com\/profile.php?id=100006652367816\" target=\"_blank\" rel=\"noopener noreferrer\">Page FB<\/a><\/p>\n<h2>Clermont et Monferrand,<br \/>\nun peu d&rsquo;histoire m\u00e9di\u00e9vale<\/h2>\n<p style=\"text-align: justify;\">Du haut moyen-\u00e2ge jusqu&rsquo;\u00e0 l&rsquo;an 1000, des visigoths du Ve si\u00e8cle aux raids viking des VIIIIe et IXe si\u00e8cles, une partie de l&rsquo;histoire de Clermond-Ferrant s&rsquo;est \u00e9crit sous le signe des invasions.<\/p>\n<p style=\"text-align: justify;\">La pr\u00e9sence d&rsquo;un \u00e9difice d\u00e9fensif sur le site est mentionn\u00e9 d\u00e8s le Ve si\u00e8cle. Il a pour nom &nbsp;<strong><i><span class=\"lang-la\" lang=\"la\">Claremontem Castrum<\/span><\/i><\/strong>&nbsp; ou \u00ab\u00a0ch\u00e2teau du Mont Clair\u00a0\u00bb et donnera plus tard son nom \u00e0 la cit\u00e9, qui se nommait avant cela Arvernis (la cit\u00e9 des Arvernes). Dans le courant du VIIIe si\u00e8cle, la forteresse sera prise par <strong>P\u00e9pin Le Bref<\/strong> et il pillera lui aussi, le site au passage.<\/p>\n<p style=\"text-align: justify;\">Ev\u00e9nement d&rsquo;importance qui marquera longtemps la destin\u00e9e de Clermond, d\u00e8s le milieu du Ve si\u00e8cle, l\u2019<strong>\u00e9v\u00eaque Saint-Namace<\/strong> y \u00e9tablira&nbsp;une&nbsp;\u00e9glise \u00e9piscopale. Quelques si\u00e8cles plus tard, au moyen-\u00e2ge central et vers la fin du Xe si\u00e8cle, l&rsquo;\u00e9v\u00eaque <strong>Etienne II&nbsp;<\/strong>consacrera, \u00e0 son tour, une cath\u00e9drale romane, dans la cit\u00e9.&nbsp; Tout au long de ces si\u00e8cles, les \u00e9v\u00eaques confirmeront leur pouvoir sur le lieu et on se souvient encore qu&rsquo;\u00e0 la fin du XIe si\u00e8cle, la cit\u00e9 sera aussi le si\u00e8ge du fameux <a href=\"https:\/\/www.moyenagepassion.com\/wp-content\/uploads\/2018\/05\/clermond_ferrand_urbain_III_premiere_croisade_moyen-age_central.jpg\"><img decoding=\"async\" class=\"wp-image-21545 alignleft\" src=\"https:\/\/www.moyenagepassion.com\/wp-content\/uploads\/2018\/05\/clermond_ferrand_urbain_III_premiere_croisade_moyen-age_central.jpg\" alt=\"clermond_ferrand_urbain_III_premiere_croisade_moyen-age_central\" width=\"166\" height=\"196\" srcset=\"https:\/\/www.moyenagepassion.com\/wp-content\/uploads\/2018\/05\/clermond_ferrand_urbain_III_premiere_croisade_moyen-age_central.jpg 580w, https:\/\/www.moyenagepassion.com\/wp-content\/uploads\/2018\/05\/clermond_ferrand_urbain_III_premiere_croisade_moyen-age_central-254x300.jpg 254w\" sizes=\"(max-width: 166px) 100vw, 166px\" \/><\/a><strong>Concile de Clermond<\/strong> qui verra le pape <strong>Urbain II<\/strong>&nbsp;pr\u00eacher la premi\u00e8re croisade.<\/p>\n<p style=\"text-align: justify;\">Au XIIe et XIIIe si\u00e8cle, la ville demeurera encore sous la main des \u00e9v\u00eaques mais les comtes et seigneurs d&rsquo;Auvergne tenteront d&rsquo;atermoyer ce pouvoir pour en reprendre le contr\u00f4le. En 1120 et n&rsquo;y parvenant pas, ces derniers \u00e9tabliront&nbsp;la cit\u00e9 comtale de Montferrand,&nbsp;\u00e0 moins de 4 kilom\u00e8tres de Clermond \u00ab\u00a0l&rsquo;\u00e9piscopale\u00a0\u00bb.<\/p>\n<p style=\"text-align: justify;\">Bien d\u00e9termin\u00e9s \u00e0 assurer le d\u00e9veloppement de leur nouvelle installation, les comtes d&rsquo;Auvergne oeuvreront&nbsp;\u00e0&nbsp;y d\u00e9velopper l&rsquo;\u00e9conomie, les foires et le commerce. A la fin du XIIe si\u00e8cle, une charte de franchise sera m\u00eame accord\u00e9e aux citadins qui favorisera l&rsquo;essor \u00e9conomique de la cit\u00e9 comtale, autant que l&rsquo;installation de nouveaux habitants. En r\u00e9alit\u00e9 et pour donner la mesure de la comp\u00e9tition qui s&rsquo;est alors install\u00e9e entre les comtes et l&rsquo;\u00e9piscopat, cette charte fait suite \u00e0 une autre charte elle-m\u00eame accord\u00e9e par l&rsquo;\u00e9v\u00eaque de Clermond, un an auparavant (<a href=\"http:\/\/classes.bnf.fr\/ema\/anthologie\/ville\/2.htm\" target=\"_blank\" rel=\"noopener noreferrer\">voir article BnF ici<\/a>).<\/p>\n<p style=\"text-align: justify;\">La naissance de Montferrand n&#8217;emp\u00eachera pas les seigneurs et comtes d&rsquo;Auvergne de poursuivre leurs tentatives pour&nbsp;annexer Clermond, dans le courant du XIIe si\u00e8cle. Quelques ann\u00e9es seulement apr\u00e8s la cr\u00e9ation de la nouvelle ville, en 1125-1126, il faudra m\u00eame l&rsquo;intervention royale de Louis VI pour venir secourir les \u00e9v\u00eaques assi\u00e9g\u00e9s par les arm\u00e9es comtales et la ville sera encore pill\u00e9e par un autre comte en 1165.<\/p>\n<h3>L&rsquo;annexion de l&rsquo;Auvergne&nbsp; par Philippe-Auguste<\/h3>\n<p style=\"text-align: justify;\">Ala fin du XIIe si\u00e8cle, ses conflits sans&nbsp; fin entre les seigneurs du lieu et l&rsquo;\u00e9piscopat se cristalliseront encore en la personne de <strong>Guy II comte d&rsquo;Auvergne<\/strong>, oppos\u00e9 \u00e0 <strong>Robert, \u00e9v\u00eaque de Clermont<\/strong> qui se trouve \u00eatre aussi son fr\u00e8re.<\/p>\n<p style=\"text-align: justify;\">Malgr\u00e9&nbsp;plusieurs tr\u00eaves entre les deux hommes&nbsp;au fil des ans, entrecoup\u00e9es de quelques s\u00e9rieux coups bas (ou l&rsquo;inverse), le conflit perdurera durant des ann\u00e9es et fournira m\u00eame le pr\u00e9texte \u00e0 <strong>Philippe-auguste<\/strong> pour partir en guerre contre <a href=\"https:\/\/www.moyenagepassion.com\/wp-content\/uploads\/2018\/05\/armoirie_guy_comte_auvergne_histoire_medievale_clermont_montferrand_moyen-age.jpg\"><img decoding=\"async\" class=\"wp-image-21560 alignright\" src=\"https:\/\/www.moyenagepassion.com\/wp-content\/uploads\/2018\/05\/armoirie_guy_comte_auvergne_histoire_medievale_clermont_montferrand_moyen-age.jpg\" alt=\"armoirie_guy_comte_auvergne_histoire_medievale_clermont_montferrand_moyen-age\" width=\"160\" height=\"171\" srcset=\"https:\/\/www.moyenagepassion.com\/wp-content\/uploads\/2018\/05\/armoirie_guy_comte_auvergne_histoire_medievale_clermont_montferrand_moyen-age.jpg 522w, https:\/\/www.moyenagepassion.com\/wp-content\/uploads\/2018\/05\/armoirie_guy_comte_auvergne_histoire_medievale_clermont_montferrand_moyen-age-281x300.jpg 281w\" sizes=\"(max-width: 160px) 100vw, 160px\" \/><\/a>l&rsquo;Auvergne et annexer les terres de Guy II.&nbsp;&nbsp;Ce dernier ayant commis l&rsquo;erreur de s&rsquo;en prendre \u00e0&nbsp; l&rsquo;abbaye royale de&nbsp;Mozac et&nbsp;au prieur\u00e9 de Marsat, il n&rsquo;en fallut&nbsp;gu\u00e8re plus au roi pour lever une arm\u00e9e. On connait la volont\u00e9&nbsp;de Philippe-Auguste d&rsquo;\u00e9tendre les terres de la couronne, tout en r\u00e9cup\u00e9rant&nbsp;au passage quelques bonnes provinces des mains de vassaux ou seigneurs devenus un peu trop puissants \u00e0 la faveur du syst\u00e8me f\u00e9odal.<\/p>\n<p style=\"text-align: justify;\">De fait, les tentatives d&rsquo;alliances avec les anglais du comte d&rsquo;Auvergne n&rsquo;y feront rien, l&rsquo;Auvergne et ses ch\u00e2teaux s&rsquo;effondr\u00e8rent un \u00e0 un devant l&rsquo;arm\u00e9e royale. Apr\u00e8s un dernier si\u00e8ge, durant l&rsquo;ann\u00e9e 1213, \u00e0 la forteresse de Tourno\u00ebl, dernier bastion o\u00f9 s&rsquo;\u00e9tait r\u00e9fugi\u00e9 Guy II, la province sera d\u00e9finitivement tomb\u00e9e sous&nbsp;la main de Philippe-Auguste.<\/p>\n<h3 style=\"text-align: justify;\">De l&rsquo;\u00e2ge d&rsquo;or de Montferrand au XIIIe&nbsp;si\u00e8cle<br \/>\n\u00e0 la brutale mise \u00e0 sac de 1388<\/h3>\n<p style=\"text-align: justify;\">Malgr\u00e9 ces oppositions entre les deux parties en pr\u00e9sence, comtes et \u00e9v\u00eaques et pour y revenir, le XIIe et m\u00eame le XIIIe si\u00e8cle consacreront un \u00e2ge d&rsquo;or dont b\u00e9n\u00e9ficieront les deux cit\u00e9s et qui verra les foires s&rsquo;y d\u00e9velopper. Cette p\u00e9riode florissante perdurera jusqu&rsquo;au XIVe, si\u00e8cle noir de la peste, des famines et de la guerre de Cent ans, qui n&rsquo;\u00e9pargnera pas la ville.<\/p>\n<p style=\"text-align: justify;\">En d\u00e9pit des pr\u00e9cautions prises et du renforcement de son enceinte dans les d\u00e9buts du XIVe si\u00e8cle, Montferrand sera notamment mise \u00e0 sac en 1388 par les routiers sous le commandement de&nbsp;<strong>Perrot&nbsp; le B\u00e9arnais.&nbsp;<\/strong>Immortalis\u00e9 par jean <strong>Froissart<\/strong> dans ses chroniques, ce&nbsp;pillage,&nbsp;portera un coup de gr\u00e2ce au d\u00e9veloppement \u00e9conomique du bourg et \u00e0 son expansion m\u00e9di\u00e9vale.<\/p>\n<p><span style=\"color: #808080;\"><a href=\"https:\/\/www.moyenagepassion.com\/wp-content\/uploads\/2018\/05\/Montferrand_siege_routiers_sac_1388_enluminure_medievale_MS_865_besancon_moyen-age_XIVe_si\u00e8cle.jpg\"><img decoding=\"async\" class=\"alignleft wp-image-21557\" src=\"https:\/\/www.moyenagepassion.com\/wp-content\/uploads\/2018\/05\/Montferrand_siege_routiers_sac_1388_enluminure_medievale_MS_865_besancon_moyen-age_XIVe_si\u00e8cle.jpg\" alt=\"Montferrand_siege_routiers_sac_1388_enluminure_medievale_MS_865_besancon_moyen-age_XIVe_si\u00e8cle\" width=\"160\" height=\"153\" srcset=\"https:\/\/www.moyenagepassion.com\/wp-content\/uploads\/2018\/05\/Montferrand_siege_routiers_sac_1388_enluminure_medievale_MS_865_besancon_moyen-age_XIVe_si\u00e8cle.jpg 308w, https:\/\/www.moyenagepassion.com\/wp-content\/uploads\/2018\/05\/Montferrand_siege_routiers_sac_1388_enluminure_medievale_MS_865_besancon_moyen-age_XIVe_si\u00e8cle-300x286.jpg 300w\" sizes=\"(max-width: 160px) 100vw, 160px\" \/><\/a>(<\/span><em><span style=\"color: #808080;\">ci-contre miniature de ma\u00eetre&nbsp; Boethius, combats \u00e0 l&rsquo;ext\u00e9rieur de Montferrand&nbsp;contre les troupes de Perrot le B\u00e9arnais, Chroniques de Froissart,&nbsp;MS 865, biblioth\u00e8que de Besan\u00e7on,<\/span>&nbsp;<span style=\"color: #008000;\"><a style=\"color: #008000;\" href=\"https:\/\/www.dhi.ac.uk\/onlinefroissart\/apparatus.jsp?type=codi&amp;node=Bes-2\" target=\"_blank\" rel=\"noopener noreferrer\"> TheonlineFroissart<\/a><\/span>)<\/em><\/p>\n<p style=\"text-align: justify;\">Pour le reste, les deux villes garderont jusqu&rsquo;au XVIe si\u00e8cle ce double statut et leur destin\u00e9e s\u00e9par\u00e9e, jusqu&rsquo;\u00e0 se trouver fusionn\u00e9es en une seule par un \u00e9dit royal de 1630, confirm\u00e9 \u00e0 nouveau en 1731.<\/p>\n<p style=\"text-align: justify;\">Voil\u00e0 pour&nbsp;l&rsquo;histoire originale et m\u00e9di\u00e9vale de la capitale auvergnate.&nbsp; Ce week end, on y fera donc un voyage jusqu&rsquo;au moyen-\u00e2ge central pour revivre, le temps de quelques jours, les riches heures de Montferrand, la seigneuriale et la comtale.<\/p>\n<p>En vous souhaitant une belle journ\u00e9e.<\/p>\n<p>Fred<br \/>\nPour moyenagepassion.com<br \/>\n<em><strong>\u00ab&nbsp;Pardonnez-moi, Prince, si je&nbsp;<span class=\"numeroLigne\">s<\/span>uis foutrement moyen\u00e2geux.&nbsp;\u00bb<\/strong><\/em><br \/>\n<em>Georges Brassens \u2013 Le moyen\u00e2geux \u2013 &nbsp;1966<\/em><\/p>\n<hr>\n<p><strong><span style=\"color: #333333;\">Sources<\/span><\/strong><\/p>\n<p class=\"title\"><a href=\"http:\/\/books.openedition.org\/pufr\/6373?lang=fr\" target=\"_blank\" rel=\"noopener noreferrer\"><em>Montferrand et Riom, XII<sup>e<\/sup>-XV<sup>e<\/sup>&nbsp;si\u00e8cle<\/em><\/a>,&nbsp;<span style=\"color: #808080;\"><em>J<\/em>osiane&nbsp;<span class=\"familyName\">Teyssot<\/span><\/span><\/p>\n<p class=\"title\"><a href=\"http:\/\/www.archivesdepartementales.puydedome.fr\/n\/evolution-geographique-de-clermont-ferrand\/n:29\" target=\"_blank\" rel=\"noopener noreferrer\"><em>Evolution g\u00e9ographique de Clermont-Ferrand<\/em><\/a>, <span style=\"color: #808080;\">Archives d\u00e9partementales du Puy-de-D\u00f4me.<\/span><\/p>\n<p class=\"title\"><em><a href=\"https:\/\/www.dhi.ac.uk\/onlinefroissart\/index.jsp\" target=\"_blank\" rel=\"noopener noreferrer\">TheonlineFroissard<\/a><\/em>, <span style=\"color: #808080;\">projet universitaire mutualis\u00e9 anglais<\/span><\/p>\n","protected":false},"excerpt":{"rendered":"<p>Sujet&nbsp;: f\u00eates m\u00e9di\u00e9vales, compagnies m\u00e9di\u00e9vales, animations&nbsp; historiques, agenda, march\u00e9 artisanal m\u00e9di\u00e9val. P\u00e9riode&nbsp;&nbsp;: moyen-\u00e2ge Lieu&nbsp;: Clermond-Ferrand, &nbsp;Puy-de-D\u00f4me, Auvergne-Rh\u00f4ne-Alpes, Ev\u00e9nements: Les 23\u00e8me M\u00e9di\u00e9vales de Montferrand Dates&nbsp;: du&nbsp; &nbsp;1er au&nbsp; 3&nbsp;juin 2018 Bonjour \u00e0 tous, ans le cadre des \u00e9v\u00e9nements autour du moyen-\u00e2ge festif de cette fin de semaine, il faut&nbsp;souligner trois grandes journ\u00e9es de c\u00e9l\u00e9bration aux M\u00e9di\u00e9vales &hellip; <a href=\"https:\/\/www.moyenagepassion.com\/index.php\/2018\/05\/31\/agenda-moyen-age-festif-trois-jours-de-fetes-aux-medievales-de-montferrand-clermont-ferrand\/\" class=\"more-link\">Continuer la lecture de <span class=\"screen-reader-text\">Agenda moyen-\u00e2ge festif : trois jours de f\u00eate aux M\u00e9di\u00e9vales auvergnates de Montferrand<\/span>  <span class=\"meta-nav\">&rarr;<\/span><\/a><\/p>\n","protected":false},"author":2,"featured_media":0,"comment_status":"open","ping_status":"open","sticky":false,"template":"","format":"standard","meta":{"_monsterinsights_skip_tracking":false,"_monsterinsights_sitenote_active":false,"_monsterinsights_sitenote_note":"","_monsterinsights_sitenote_category":0,"footnotes":""},"categories":[11],"tags":[1391,3521,1158,3828,212,520,3827,636,22,3833,3832,18,3829,3831,3830],"class_list":["post-21523","post","type-post","status-publish","format-standard","hentry","category-fetes-medievales-evenement","tag-agenda","tag-animations-historiques","tag-chroniques-de-froissart","tag-clermond-ferrant","tag-compagnies-medievales","tag-histoire-medievale","tag-marche-artisanal","tag-marche-medieval","tag-medievale","tag-medievales-de-montferrand","tag-montferrand","tag-moyen-age","tag-ms-865","tag-perrot-le-bearnais","tag-sac-de-montferrand"],"aioseo_notices":[],"_links":{"self":[{"href":"https:\/\/www.moyenagepassion.com\/index.php\/wp-json\/wp\/v2\/posts\/21523"}],"collection":[{"href":"https:\/\/www.moyenagepassion.com\/index.php\/wp-json\/wp\/v2\/posts"}],"about":[{"href":"https:\/\/www.moyenagepassion.com\/index.php\/wp-json\/wp\/v2\/types\/post"}],"author":[{"embeddable":true,"href":"https:\/\/www.moyenagepassion.com\/index.php\/wp-json\/wp\/v2\/users\/2"}],"replies":[{"embeddable":true,"href":"https:\/\/www.moyenagepassion.com\/index.php\/wp-json\/wp\/v2\/comments?post=21523"}],"version-history":[{"count":3,"href":"https:\/\/www.moyenagepassion.com\/index.php\/wp-json\/wp\/v2\/posts\/21523\/revisions"}],"predecessor-version":[{"id":48252,"href":"https:\/\/www.moyenagepassion.com\/index.php\/wp-json\/wp\/v2\/posts\/21523\/revisions\/48252"}],"wp:attachment":[{"href":"https:\/\/www.moyenagepassion.com\/index.php\/wp-json\/wp\/v2\/media?parent=21523"}],"wp:term":[{"taxonomy":"category","embeddable":true,"href":"https:\/\/www.moyenagepassion.com\/index.php\/wp-json\/wp\/v2\/categories?post=21523"},{"taxonomy":"post_tag","embeddable":true,"href":"https:\/\/www.moyenagepassion.com\/index.php\/wp-json\/wp\/v2\/tags?post=21523"}],"curies":[{"name":"wp","href":"https:\/\/api.w.org\/{rel}","templated":true}]}}