{"id":21675,"date":"2018-06-05T04:50:18","date_gmt":"2018-06-05T03:50:18","guid":{"rendered":"http:\/\/www.moyenagepassion.com\/?p=21675"},"modified":"2023-10-04T22:32:35","modified_gmt":"2023-10-04T21:32:35","slug":"le-travail-en-milieu-urbain-au-moyen-age-avec-lhistorienne-medieviste-julie-claustre","status":"publish","type":"post","link":"https:\/\/www.moyenagepassion.com\/index.php\/2018\/06\/05\/le-travail-en-milieu-urbain-au-moyen-age-avec-lhistorienne-medieviste-julie-claustre\/","title":{"rendered":"Conf\u00e9rence : le travail en milieu urbain au Moyen-\u00e2ge, avec l&rsquo;historienne m\u00e9di\u00e9viste Julie Claustre"},"content":{"rendered":"<div id=\"moyen-3202678423\" class=\"moyen-before-content moyen-entity-placement\"><script async src=\"\/\/pagead2.googlesyndication.com\/pagead\/js\/adsbygoogle.js?client=ca-pub-3035390706780632\" crossorigin=\"anonymous\"><\/script><ins class=\"adsbygoogle\" style=\"display:block;\" data-ad-client=\"ca-pub-3035390706780632\" \ndata-ad-slot=\"\" \ndata-ad-format=\"auto\"><\/ins>\n<script> \n(adsbygoogle = window.adsbygoogle || []).push({}); \n<\/script>\n<\/div><p><strong><img decoding=\"async\" class=\"wp-image-19178 alignleft\" src=\"https:\/\/www.moyenagepassion.com\/wp-content\/uploads\/2018\/02\/conferences_audio_video_moyen-age_monde_medieval_agriculture_paysan_serfs_vilain_moyen-age.jpg\" alt=\"conferences_audio_video_moyen-age_monde_medieval_agriculture_paysan_serfs_vilain_moyen-age\" width=\"121\" height=\"202\" srcset=\"https:\/\/www.moyenagepassion.com\/wp-content\/uploads\/2018\/02\/conferences_audio_video_moyen-age_monde_medieval_agriculture_paysan_serfs_vilain_moyen-age.jpg 365w, https:\/\/www.moyenagepassion.com\/wp-content\/uploads\/2018\/02\/conferences_audio_video_moyen-age_monde_medieval_agriculture_paysan_serfs_vilain_moyen-age-180x300.jpg 180w\" sizes=\"(max-width: 121px) 100vw, 121px\" \/>Sujet:<\/strong>&nbsp;ville m\u00e9di\u00e9vale, m\u00e9tiers m\u00e9di\u00e9vaux, travail moyen-\u00e2ge, artisans, corporations, corps de m\u00e9tiers valorisation, culture technique, histoire m\u00e9di\u00e9vale, m\u00e9di\u00e9viste<br \/>\n<strong>P\u00e9riode<\/strong>&nbsp;: moyen-\u00e2ge, du XIIe au XVe si\u00e8cles<br \/>\n<strong>M\u00e9dia:<\/strong>&nbsp;conf\u00e9rence vid\u00e9o, cha\u00eene youtube<br \/>\n<strong>Lieu:<\/strong>&nbsp;<a href=\"http:\/\/www.musee-moyenage.fr\/\" target=\"_blank\" rel=\"noopener noreferrer\">Mus\u00e9e de Cluny<\/a>, d\u00e9cembre&nbsp;2017<br \/>\n<strong>Titre:&nbsp;<\/strong>Travailler en ville au Moyen \u00c2ge<br \/>\n<strong>Conf\u00e9renci\u00e8re:&nbsp;Julie Claustre<\/strong><\/p>\n<p>Bonjour \u00e0 tous,<\/p>\n<p style=\"text-align: justify;\"><img decoding=\"async\" class=\"alignleft size-full wp-image-59\" src=\"https:\/\/www.moyenagepassion.com\/wp-content\/uploads\/2015\/12\/A_lettrine_moyen_age_passion.jpg\" alt=\"A_lettrine_moyen_age_passion\" width=\"84\" height=\"103\">ujourd&rsquo;hui, nous reprenons la suite du cycle passionnant de conf\u00e9rences propos\u00e9es par&nbsp; le <strong>Mus\u00e9e de Cluny<\/strong> sur le travail au moyen-\u00e2ge et qui valait vraiment que nous lui consacrions quelques&nbsp; articles s\u00e9par\u00e9s. Apr\u00e8s le&nbsp;<a href=\"https:\/\/www.moyenagepassion.com\/index.php\/2018\/02\/08\/agriculture-medievale-et-paysans-au-moyen-age-une-conference-de-didier-panfili-au-musee-de-cluny\/\" target=\"_blank\" rel=\"noopener noreferrer\">travail de la terre&nbsp;avec Didier Panfili<\/a>, celui des <a href=\"https:\/\/www.moyenagepassion.com\/index.php\/2018\/03\/21\/conference_moyen-age_travailler-sur-les-chantiers-du-moyen-age\/\" target=\"_blank\" rel=\"noopener noreferrer\">chantiers avec C\u00e9cile Sabathier<\/a>&nbsp;et celui des <a href=\"https:\/\/www.moyenagepassion.com\/index.php\/2018\/04\/21\/conference-monde-medieval-a-cluny-le-travail-des-moines-au-moyen-age-par-elisabeth-lusset\/\" target=\"_blank\" rel=\"noopener noreferrer\">moines et des monast\u00e8res avec Elisabeth Lusset<\/a>, l&rsquo;intervention du jour a&nbsp;pour objet le travail dans la ville m\u00e9di\u00e9vale. Elle nous est propos\u00e9e par l&rsquo;historienne m\u00e9di\u00e9viste <strong>Julie Claustre.<\/strong><\/p>\n<h2 style=\"text-align: justify;\">R\u00e9alit\u00e9 de la ville m\u00e9di\u00e9vale :<br \/>\nentre espace urbain espace rural<\/h2>\n<p style=\"text-align: justify;\">Dans la ville du moyen-\u00e2ge, espace urbain et espace rural s\u2019interp\u00e9n\u00e8trent et les fronti\u00e8res entre nature et agriculture, d&rsquo;un c\u00f4t\u00e9 et, de l&rsquo;autre, activit\u00e9s proprement urbaines et espace construit y sont bien moins tranch\u00e9es qu&rsquo;aujourd&rsquo;hui.&nbsp;A ce titre, comme l&rsquo;intervenante du jour nous le rappellera, au d\u00e9but du XVe si\u00e8cle on trouve encore \u00e0 Paris de nombreuses parcelles cultiv\u00e9es ou d\u00e9di\u00e9es <a href=\"https:\/\/www.moyenagepassion.com\/wp-content\/uploads\/2018\/06\/ville_medievale_enluminures_conference_moyen-age.jpg\"><img decoding=\"async\" class=\" wp-image-21706 alignright\" src=\"https:\/\/www.moyenagepassion.com\/wp-content\/uploads\/2018\/06\/ville_medievale_enluminures_conference_moyen-age.jpg\" alt=\"ville_medievale_enluminures_conference_moyen-age\" width=\"160\" height=\"282\" srcset=\"https:\/\/www.moyenagepassion.com\/wp-content\/uploads\/2018\/06\/ville_medievale_enluminures_conference_moyen-age.jpg 249w, https:\/\/www.moyenagepassion.com\/wp-content\/uploads\/2018\/06\/ville_medievale_enluminures_conference_moyen-age-170x300.jpg 170w\" sizes=\"(max-width: 160px) 100vw, 160px\" \/><\/a>\u00e0 l&rsquo;\u00e9levage des animaux destin\u00e9s \u00e0 nourrir les habitants de la ville. Un tiers de l&rsquo;espace leur est m\u00eame consacr\u00e9. Le ph\u00e9nom\u00e8ne d\u00e9bordera largement la p\u00e9riode m\u00e9di\u00e9vale puisque laboureurs et vignerons vont se c\u00f4toyer, dans la capitale, jusqu&rsquo;au XVIIe si\u00e8cle.<\/p>\n<p style=\"text-align: right;\"><span style=\"color: #808080;\">(ci-contre, chronique de Girart de Roussillon, construction d&rsquo;une \u00e9glise \u00e0 Saint-Denis (XVe si\u00e8cle)<br \/>\nBiblioth\u00e8que de vienne,&nbsp;<\/span><\/p>\n<p style=\"text-align: justify;\">Au milieu de ce savant m\u00e9lange d&rsquo;urbanit\u00e9 et de ruralit\u00e9, \u00e9mergent pourtant des sp\u00e9cificit\u00e9s li\u00e9es \u00e0 la vie urbaine et notamment certains m\u00e9tiers qui lui sont propres. C&rsquo;est de ce travail l\u00e0 dont il est question dans&nbsp;la conf\u00e9rence du jour. Dans ce vaste champ de pratiques, elle se concentrera en particulier sur certaines activit\u00e9s \u00ab\u00a0productives\u00a0\u00bb et marchandes de la cit\u00e9, sur leur organisation et sur les repr\u00e9sentations qui s&rsquo;y trouveront bient\u00f4t attach\u00e9es. On y parlera donc de diversit\u00e9 m\u00eame mais encore de corporations, de culture technique et d&rsquo;une valorisation h\u00e9t\u00e9rog\u00e8ne des savoirs-faire qui ne rimera pas syst\u00e9matiquement avec la reconnaissance sociale de ces acteurs ni avec leur r\u00e9ussite \u00e9conomique.<\/p>\n<p style=\"text-align: justify;\"><strong><em>\u00ab\u00a0Le travail en ville au moyen-\u00e2ge\u00a0\u00bb<\/em> <\/strong>par Julie Claustre (Mus\u00e9e de Cluny)<br \/>\n<code><iframe src=\"https:\/\/www.youtube.com\/embed\/GIHERl8Ckis\" width=\"550\" height=\"320\" frameborder=\"0\" allowfullscreen=\"allowfullscreen\"><\/iframe><\/code><\/p>\n<p style=\"text-align: justify;\"><strong>Julie Claustre<\/strong> est ma\u00eetre de conf\u00e9rences en Histoire du moyen-\u00e2ge&nbsp; \u00e0 l&rsquo;universit\u00e9 Paris 1&nbsp;Panth\u00e9on-So<span class=\"l6\">rbonne et attach\u00e9e au&nbsp;<\/span>Laboratoire de M\u00e9di\u00e9vistique Occidentale de Paris.<\/p>\n<h2>Activit\u00e9s productives&nbsp;citadines<\/h2>\n<p style=\"text-align: justify;\"><span style=\"color: #008000;\"><strong><em>\u00ab\u00a0&#8230;Vraiment on e\u00fbt volontiers dit qu&rsquo;en qu&rsquo;en la ville se tenait une foire perp\u00e9tuelle, tant elle regorgeait de richesses, cire, poivre, graines et fourrures de vair et de gris, et toutes marchandises qui se peuvent imaginer.\u00a0\u00bb&nbsp;&nbsp;<\/em><\/strong><\/span><span style=\"color: #808080;\"><strong>Chr\u00e9tien de Troyes<\/strong> &#8211; <em>Perceval le Gallois ou contes de Graal<\/em><\/span><\/p>\n<h3>Fourmillement, diversit\u00e9, technicit\u00e9<\/h3>\n<p style=\"text-align: justify;\">En partant de l&rsquo;arriv\u00e9e du Gauvain de <strong>Chr\u00e9tien de Troyes<\/strong> \u00e0 <strong>Escavalon<\/strong>, la premi\u00e8re r\u00e9alit\u00e9 \u00e0 laquelle nous confronte le travail dans la ville m\u00e9di\u00e9vale tient autant de la diversit\u00e9 et de l&rsquo;effervescence&nbsp;&nbsp;:&nbsp;&nbsp;<span style=\"color: #008000;\"><em>\u00ab\u00a0bons ouvriers qui travaillent aux m\u00e9tiers les plus vari\u00e9s\u00a0\u00bb&nbsp;&nbsp;<\/em><\/span>fonderies d&rsquo;or et d&rsquo;argent, orf\u00e8vreries, travail des \u00e9maux, du verre, du cuir, fabrication d&rsquo;armures et d&rsquo;\u00e9cus, draperie et textile, fourrures, \u00e9pices, etc. Tout s&rsquo;y fabrique et tout s&rsquo;y vendent et l&rsquo;image est celle d&rsquo;un fourmillement, de l&rsquo;opulence, mais encore d&rsquo;une forme \u00ab\u00a0d&rsquo;excellence\u00a0\u00bb (le mot est moderne mais l&rsquo;id\u00e9e est l\u00e0).<\/p>\n<p style=\"text-align: justify;\">Savoir-faire, technicit\u00e9, complexit\u00e9 des op\u00e9rations r\u00e9alis\u00e9es, \u00e0 travers certaines formes d&rsquo;artisanat urbain, il est donc question de ma\u00eetrise et les villes des XIIe, XIIIe et XIVe si\u00e8cles verront s&rsquo;organiser autour de ces m\u00e9tiers de v\u00e9ritables corporations (\u00ab\u00a0mestier\u00a0\u00bb, \u00ab\u00a0guildes\u00a0\u00bb, etc&#8230;) qui deviendront bient\u00f4t les interlocuteurs privil\u00e9gi\u00e9s du pouvoir et qui auront m\u00eame une forme de&nbsp;repr\u00e9sentation d&rsquo;influence variable, dans les instances d\u00e9cisionnaires de certaines cit\u00e9s.<\/p>\n<figure id=\"attachment_21698\" aria-describedby=\"caption-attachment-21698\" style=\"width: 440px\" class=\"wp-caption aligncenter\"><a href=\"https:\/\/www.moyenagepassion.com\/wp-content\/uploads\/2018\/06\/conference_moyen-age_ville_medievale_activites_commerciales_travail_effervescence.jpg\"><img decoding=\"async\" class=\"wp-image-21698 \" src=\"https:\/\/www.moyenagepassion.com\/wp-content\/uploads\/2018\/06\/conference_moyen-age_ville_medievale_activites_commerciales_travail_effervescence.jpg\" alt=\"conference_moyen-age_ville_medievale_activites_commerciales_travail_effervescence\" width=\"440\" height=\"339\" srcset=\"https:\/\/www.moyenagepassion.com\/wp-content\/uploads\/2018\/06\/conference_moyen-age_ville_medievale_activites_commerciales_travail_effervescence.jpg 600w, https:\/\/www.moyenagepassion.com\/wp-content\/uploads\/2018\/06\/conference_moyen-age_ville_medievale_activites_commerciales_travail_effervescence-300x231.jpg 300w\" sizes=\"(max-width: 440px) 100vw, 440px\" \/><\/a><figcaption id=\"caption-attachment-21698\" class=\"wp-caption-text\">La ville m\u00e9di\u00e9vale. \u00ab\u00a0Le Chevalier errant\u00a0\u00bb. BnF, d\u00e9partement des Manuscrits, Fran\u00e7ais 12559, Thomas III de Saluces,<\/figcaption><\/figure>\n<h3 style=\"text-align: justify;\">Naissance et d\u00e9veloppement<br \/>\nd&rsquo;organisations corporatives des m\u00e9tiers<\/h3>\n<p style=\"text-align: justify;\">Ces \u00ab\u00a0corporations\u00a0\u00bb r\u00e9giront bient\u00f4t les droits d&rsquo;entr\u00e9e et de sorties des individus \u00e0 l&rsquo;int\u00e9rieur de leurs diff\u00e9rentes sp\u00e9cialit\u00e9s, leurs conditions d&rsquo;exercice, leurs fili\u00e8res d&rsquo;apprentissage et mettront en place de v\u00e9ritables cha\u00eenes pour contr\u00f4ler et r\u00e9glementer chaque m\u00e9tier, tout autant que pour garantir la qualit\u00e9 de leurs oeuvres ou productions. Un peu plus tard dans le temps, certaines d&rsquo;entre elles seront m\u00eame \u00e0 l&rsquo;initiative de la constitution de caisses pour aider leurs membres victimes de maladies professionnelles ou m\u00eame pour financer leur fun\u00e9raille.<\/p>\n<h3 style=\"text-align: justify;\">Intrication du politique et de l&rsquo;\u00e9conomique<\/h3>\n<p style=\"text-align: justify;\">On notera, au passage, l&rsquo;implication des pouvoirs seigneuriaux dans ces processus dans un v\u00e9ritable dialogue qui s&rsquo;installera alors entre pouvoir politique et \u00e9conomique. Les instances de la ville y auront bien s\u00fbr un int\u00e9r\u00eat de contr\u00f4le social tout autant que fiscal et m\u00eame encore militaire et participatif, mais le ph\u00e9nom\u00e8ne d\u00e9notera aussi, sur certains secteurs cl\u00e9s, d&rsquo;une v\u00e9ritable volont\u00e9 d&rsquo;implication du pouvoir politique dans la \u00ab\u00a0signature\u00a0\u00bb des productions.<\/p>\n<p style=\"text-align: justify;\">C&rsquo;est&nbsp;notamment souvent le cas du secteur de la draperie et on s&rsquo;en \u00e9tonne moins quand on sait l&rsquo;importance que ce dernier a rev\u00eatu pour le d\u00e9veloppement intra-muros de nombreuses villes <a href=\"https:\/\/www.moyenagepassion.com\/wp-content\/uploads\/2018\/06\/draperie_artisanat_medieval_travail_ville_moyen-age_livres_12_freres.jpg\"><img decoding=\"async\" class=\"alignright wp-image-21701\" src=\"https:\/\/www.moyenagepassion.com\/wp-content\/uploads\/2018\/06\/draperie_artisanat_medieval_travail_ville_moyen-age_livres_12_freres.jpg\" alt=\"draperie_artisanat_medieval_travail_ville_moyen-age_livres_12_freres\" width=\"158\" height=\"311\" srcset=\"https:\/\/www.moyenagepassion.com\/wp-content\/uploads\/2018\/06\/draperie_artisanat_medieval_travail_ville_moyen-age_livres_12_freres.jpg 320w, https:\/\/www.moyenagepassion.com\/wp-content\/uploads\/2018\/06\/draperie_artisanat_medieval_travail_ville_moyen-age_livres_12_freres-152x300.jpg 152w\" sizes=\"(max-width: 158px) 100vw, 158px\" \/><\/a>m\u00e9di\u00e9vales mais aussi pour leur rayonnement \u00e9conomique et culturel \u00ab\u00a0hors fronti\u00e8res\u00a0\u00bb. Dans le courant du moyen-\u00e2ge central, nombre de cit\u00e9s europ\u00e9ennes ont \u00e9t\u00e9, en effet, litt\u00e9ralement propuls\u00e9es vers l&rsquo;avant par la vente et l&rsquo;exportation de leurs textiles.<\/p>\n<p style=\"text-align: right;\"><span style=\"color: #808080;\">(ci contre, \u00e9tapes de confection&nbsp;textile, illustrations tir\u00e9es du manuscrit allemand<br \/>\n\u00ab\u00a0L<em>e livre de douze fr\u00e8res des maisons mendel<\/em>,\u00a0\u00bb&nbsp;(XIVe)<br \/>\ncit\u00e9 dans la conf\u00e9rence.)<\/span><\/p>\n<p style=\"text-align: justify;\">L&rsquo;activit\u00e9 en question emploie aussi une main d&rsquo;oeuvre cons\u00e9quente aux diff\u00e9rentes \u00e9tapes de sa production qui justifiera d&rsquo;un large crochet de l&rsquo;intervenante de cette conf\u00e9rence, pour nous le d\u00e9tailler. On notera&nbsp; notamment avec elle et pour en donner la mesure, qu&rsquo;une ville comme Florence employait, \u00e0 un moment donn\u00e9 de son histoire m\u00e9di\u00e9vale, plus d&rsquo;un quart de ces habitants dans ce secteur.<\/p>\n<h3>Valorisation s\u00e9lective<\/h3>\n<p style=\"text-align: justify;\">Le d\u00e9veloppement de ces m\u00e9tiers urbains, en particulier ceux li\u00e9s \u00e0 la production et \u00e0 la \u00ab\u00a0cr\u00e9ation\u00a0\u00bb de la mati\u00e8re (op\u00e9rations techniques r\u00e9put\u00e9es complexes), donnera le jour \u00e0 une valorisation g\u00e9n\u00e9rale de leur exercice et de leurs productions, mais il ne suffira pourtant pas qu&rsquo;on les loue ou qu&rsquo;on les consacre sur les vitraux des cath\u00e9drales pour en faire de larges voies d&rsquo;acc\u00e8s \u00e0 la richesse ou \u00e0 l&rsquo;opulence \u00e9conomique. Si, l\u00e0-encore les drapiers ont souvent tir\u00e9 leur \u00e9pingle du jeu (on pourrait peut-\u00eatre y ajouter certaines productions strat\u00e9giques de la ville qui ont prises, <a href=\"https:\/\/www.moyenagepassion.com\/wp-content\/uploads\/2018\/06\/draperie_artisanat_medieval_enluminures_travail_ville_moyen-age_livres_12_freres.jpg\"><img decoding=\"async\" class=\"wp-image-21702 alignleft\" src=\"https:\/\/www.moyenagepassion.com\/wp-content\/uploads\/2018\/06\/draperie_artisanat_medieval_enluminures_travail_ville_moyen-age_livres_12_freres.jpg\" alt=\"draperie_artisanat_medieval_enluminures_travail_ville_moyen-age_livres_12_freres\" width=\"162\" height=\"319\" srcset=\"https:\/\/www.moyenagepassion.com\/wp-content\/uploads\/2018\/06\/draperie_artisanat_medieval_enluminures_travail_ville_moyen-age_livres_12_freres.jpg 320w, https:\/\/www.moyenagepassion.com\/wp-content\/uploads\/2018\/06\/draperie_artisanat_medieval_enluminures_travail_ville_moyen-age_livres_12_freres-152x300.jpg 152w\" sizes=\"(max-width: 162px) 100vw, 162px\" \/><\/a>pour des raisons locales et historiques, une importance particuli\u00e8re au regard de leur exportation ), certains secteurs sont exclus de cette valorisation et certains m\u00e9tiers, \u00e0 l&rsquo;int\u00e9rieur de secteurs pourtant valoris\u00e9s, le sont aussi. L&rsquo;historienne nous en donnera ici quelques exemples \u00e9loquents.<\/p>\n<p style=\"text-align: justify;\">Dans le m\u00eame ordre d&rsquo;id\u00e9es, comp\u00e9tence et&nbsp; ma\u00eetrise d&rsquo;oeuvre technique ne garantiront pas toujours \u00e0 leurs d\u00e9tenteurs, fussent-ils aux \u00e9chelons les plus \u00e9lev\u00e9s de leur profession, une ind\u00e9pendance financi\u00e8re ; ainsi,&nbsp; certains ma\u00eetres artisans seront m\u00eame contraints de se ranger sous le r\u00e9gime du salariat pour pouvoir subsister. D&rsquo;\u00e9gale fa\u00e7on, des barri\u00e8res financi\u00e8res, r\u00e9glementaires , sociales ou l\u00e9gales existeront aussi pour passer du statut de salari\u00e9 \u00e0 celui d&rsquo;artisan ind\u00e9pendant ou de ma\u00eetre d&rsquo;oeuvre. Enfin, on pourra encore ajouter aux limites de cette valorisation, des diff\u00e9rences de reconnaissance qui touchent encore les notions de genre, puisque masculin et f\u00e9minin ne sembleront pas s&rsquo;y trouver log\u00e9s \u00e0 la m\u00eame enseigne.<\/p>\n<p style=\"text-align: justify;\">Pour conclure sur un voeu pieux et tout en rendant gr\u00e2ce \u00e0 la qualit\u00e9 de ces interventions propos\u00e9es par le <strong>Mus\u00e9e de Cluny<\/strong>, on peut esp\u00e9rer que d&rsquo;autres conf\u00e9rences viendront&nbsp;compl\u00e9ter le tableau sur le sujet immens\u00e9ment vaste du travail dans la ville au moyen-\u00e2ge. Si bonne soit-elle, une seule conf\u00e9rence ne saurait en effet l&rsquo;\u00e9puiser. On pense notamment \u00e0 d&rsquo;autres secteurs&nbsp; et m\u00e9tiers (m\u00e9tiers de bouche, restauration, etc&#8230;), mais aussi aux activit\u00e9s urbaines de service ou encore pourquoi pas aux m\u00e9tiers de la justice, de la r\u00e9gulation&nbsp;ou de la loi, pour ne donner que ces quelques exemples.<\/p>\n<p style=\"text-align: justify;\">Pour le moment, sachons toutefois nous contenter et disons-le encore une fois, en les articulant, ces quatre belles conf\u00e9rences nous offrent un panorama assez complet de la r\u00e9alit\u00e9 du travail au moyen-\u00e2ge et des r\u00e8gles qui le r\u00e9gissent et demeurent une v\u00e9ritable mine d&rsquo;information. Merci donc encore une fois au Mus\u00e9e du moyen-\u00e2ge pour partager gracieusement tout cela avec le public sur sa <a href=\"https:\/\/www.youtube.com\/channel\/UCauyin1ts9xXhq7JZxFEuMQ\" target=\"_blank\" rel=\"noopener noreferrer\">cha\u00eene youtube<\/a>.<\/p>\n<p>En vous souhaitant une belle journ\u00e9e.<\/p>\n<p>Fr\u00e9d\u00e9ric EFFE.<br \/>\nPour moyenagepassion.com<br \/>\n<em><strong>A la d\u00e9couverte du monde m\u00e9di\u00e9val sous toutes ses formes.<\/strong><\/em><\/p>\n","protected":false},"excerpt":{"rendered":"<p>Sujet:&nbsp;ville m\u00e9di\u00e9vale, m\u00e9tiers m\u00e9di\u00e9vaux, travail moyen-\u00e2ge, artisans, corporations, corps de m\u00e9tiers valorisation, culture technique, histoire m\u00e9di\u00e9vale, m\u00e9di\u00e9viste P\u00e9riode&nbsp;: moyen-\u00e2ge, du XIIe au XVe si\u00e8cles M\u00e9dia:&nbsp;conf\u00e9rence vid\u00e9o, cha\u00eene youtube Lieu:&nbsp;Mus\u00e9e de Cluny, d\u00e9cembre&nbsp;2017 Titre:&nbsp;Travailler en ville au Moyen \u00c2ge Conf\u00e9renci\u00e8re:&nbsp;Julie Claustre Bonjour \u00e0 tous, ujourd&rsquo;hui, nous reprenons la suite du cycle passionnant de conf\u00e9rences propos\u00e9es par&nbsp; &hellip; <a href=\"https:\/\/www.moyenagepassion.com\/index.php\/2018\/06\/05\/le-travail-en-milieu-urbain-au-moyen-age-avec-lhistorienne-medieviste-julie-claustre\/\" class=\"more-link\">Continuer la lecture de <span class=\"screen-reader-text\">Conf\u00e9rence : le travail en milieu urbain au Moyen-\u00e2ge, avec l&rsquo;historienne m\u00e9di\u00e9viste Julie Claustre<\/span>  <span class=\"meta-nav\">&rarr;<\/span><\/a><\/p>\n","protected":false},"author":2,"featured_media":0,"comment_status":"open","ping_status":"open","sticky":false,"template":"","format":"standard","meta":{"_monsterinsights_skip_tracking":false,"_monsterinsights_sitenote_active":false,"_monsterinsights_sitenote_note":"","_monsterinsights_sitenote_category":0,"footnotes":""},"categories":[1275],"tags":[35,3842,3838,3843,520,525,3841,2489,3844,182,18,85,2477,3730,3840,1032],"class_list":["post-21675","post","type-post","status-publish","format-standard","hentry","category-conference","tag-chaine-youtube","tag-corporations","tag-draperie","tag-guildes","tag-histoire-medievale","tag-historien","tag-julie-claustre","tag-medieviste","tag-metiers-medievaux","tag-monde-medieval","tag-moyen-age","tag-moyen-age-central","tag-musee-de-cluny","tag-travail","tag-video-conferences","tag-ville-medievale"],"aioseo_notices":[],"_links":{"self":[{"href":"https:\/\/www.moyenagepassion.com\/index.php\/wp-json\/wp\/v2\/posts\/21675"}],"collection":[{"href":"https:\/\/www.moyenagepassion.com\/index.php\/wp-json\/wp\/v2\/posts"}],"about":[{"href":"https:\/\/www.moyenagepassion.com\/index.php\/wp-json\/wp\/v2\/types\/post"}],"author":[{"embeddable":true,"href":"https:\/\/www.moyenagepassion.com\/index.php\/wp-json\/wp\/v2\/users\/2"}],"replies":[{"embeddable":true,"href":"https:\/\/www.moyenagepassion.com\/index.php\/wp-json\/wp\/v2\/comments?post=21675"}],"version-history":[{"count":3,"href":"https:\/\/www.moyenagepassion.com\/index.php\/wp-json\/wp\/v2\/posts\/21675\/revisions"}],"predecessor-version":[{"id":49172,"href":"https:\/\/www.moyenagepassion.com\/index.php\/wp-json\/wp\/v2\/posts\/21675\/revisions\/49172"}],"wp:attachment":[{"href":"https:\/\/www.moyenagepassion.com\/index.php\/wp-json\/wp\/v2\/media?parent=21675"}],"wp:term":[{"taxonomy":"category","embeddable":true,"href":"https:\/\/www.moyenagepassion.com\/index.php\/wp-json\/wp\/v2\/categories?post=21675"},{"taxonomy":"post_tag","embeddable":true,"href":"https:\/\/www.moyenagepassion.com\/index.php\/wp-json\/wp\/v2\/tags?post=21675"}],"curies":[{"name":"wp","href":"https:\/\/api.w.org\/{rel}","templated":true}]}}