{"id":21747,"date":"2018-06-07T21:53:26","date_gmt":"2018-06-07T20:53:26","guid":{"rendered":"http:\/\/www.moyenagepassion.com\/?p=21747"},"modified":"2020-10-04T19:25:32","modified_gmt":"2020-10-04T18:25:32","slug":"complement-dagenda-evenements-et-animations-medievales-week-end-des-9-et-10-juin","status":"publish","type":"post","link":"https:\/\/www.moyenagepassion.com\/index.php\/2018\/06\/07\/complement-dagenda-evenements-et-animations-medievales-week-end-des-9-et-10-juin\/","title":{"rendered":"Compl\u00e9ment d&rsquo;agenda, \u00e9v\u00e9nements et animations m\u00e9di\u00e9vales : week end des 9 et 10 juin"},"content":{"rendered":"<div id=\"moyen-1922403649\" class=\"moyen-before-content moyen-entity-placement\"><script async src=\"\/\/pagead2.googlesyndication.com\/pagead\/js\/adsbygoogle.js?client=ca-pub-3035390706780632\" crossorigin=\"anonymous\"><\/script><ins class=\"adsbygoogle\" style=\"display:block;\" data-ad-client=\"ca-pub-3035390706780632\" \ndata-ad-slot=\"\" \ndata-ad-format=\"auto\"><\/ins>\n<script> \n(adsbygoogle = window.adsbygoogle || []).push({}); \n<\/script>\n<\/div><p><strong><a href=\"https:\/\/www.moyenagepassion.com\/wp-content\/uploads\/2017\/04\/agenda_sortie_historique_festivals_fetes_ripailles_week_end_theme_medieval_moyen-age.jpg\"><img decoding=\"async\" class=\"wp-image-11936 alignleft\" src=\"https:\/\/www.moyenagepassion.com\/wp-content\/uploads\/2017\/04\/agenda_sortie_historique_festivals_fetes_ripailles_week_end_theme_medieval_moyen-age.jpg\" alt=\"agenda_sortie_historique_festivals_fetes_ripailles_week_end_theme_medieval_moyen-age\" width=\"89\" height=\"150\" srcset=\"https:\/\/www.moyenagepassion.com\/wp-content\/uploads\/2017\/04\/agenda_sortie_historique_festivals_fetes_ripailles_week_end_theme_medieval_moyen-age.jpg 332w, https:\/\/www.moyenagepassion.com\/wp-content\/uploads\/2017\/04\/agenda_sortie_historique_festivals_fetes_ripailles_week_end_theme_medieval_moyen-age-178x300.jpg 178w\" sizes=\"(max-width: 89px) 100vw, 89px\" \/><\/a>Sujet<\/strong>\u00a0: agenda, f\u00eates m\u00e9di\u00e9vales,\u00a0animations,\u00a0 compagnies, march\u00e9 m\u00e9di\u00e9val, moyen-\u00e2ge festif,<br \/>\n<strong>Lieu<\/strong>\u00a0: Auvergne-Rh\u00f4ne-Alpes, Hauts-de-France, PACA, Nouvelle-Aquitaine.<br \/>\n<strong>Ev\u00e9nements<\/strong><strong>:\u00a0<\/strong>f\u00eates et animations\u00a0m\u00e9di\u00e9vales<br \/>\n<strong>Dates<\/strong>\u00a0:\u00a0du 9 au au\u00a010\u00a0juin\u00a02018<\/p>\n<p>Bonjour \u00e0 tous,<\/p>\n<p style=\"text-align: justify;\"><img decoding=\"async\" class=\"alignleft size-full wp-image-264\" src=\"https:\/\/www.moyenagepassion.com\/wp-content\/uploads\/2015\/12\/V_lettrine_moyen_age_passion-copia.jpg\" alt=\"V_lettrine_moyen_age_passion copia\" width=\"96\" height=\"103\" \/>oici quelques animations et f\u00eates m\u00e9di\u00e9vales de plus pour compl\u00e9ter notre s\u00e9lection du week end, Concernant les <a href=\"https:\/\/www.moyenagepassion.com\/index.php\/2018\/06\/06\/la-5eme-edition-des-grands-tournois-daigues-mortes\/\" target=\"_blank\" rel=\"noopener noreferrer\">5e Grands Tournois d&rsquo;Aigues Mortes<\/a> ainsi que les <a href=\"https:\/\/www.moyenagepassion.com\/index.php\/2018\/06\/06\/agenda-des-hommes-et-des-betes-ce-week-end-a-provins-pour-les-35e-medievales\/\" target=\"_blank\" rel=\"noopener noreferrer\">M\u00e9di\u00e9vales de Provins 2018<\/a>, vous pouvez utilement vous reporter aux articles que nous leur avons d\u00e9j\u00e0 d\u00e9di\u00e9s.<\/p>\n<hr \/>\n<h2>La m\u00e9di\u00e9vale 2018 de\u00a0 P\u00e9rouges,<br \/>\n\u00ab\u00a0entre d\u00e9votion et joie\u00a0\u00bb<\/h2>\n<p style=\"text-align: left;\"><strong>Lieu<\/strong> : P\u00e9rouges, Ain, Auvergne-Rh\u00f4ne-Alpes<br \/>\n<strong>Dates<\/strong> : les 9 &amp; 10 juin 2018<\/p>\n<p style=\"text-align: justify;\"><a href=\"https:\/\/www.moyenagepassion.com\/wp-content\/uploads\/2018\/06\/agenda_animations_fetes_medievales_perouges.jpg\"><img decoding=\"async\" class=\"alignleft wp-image-21752\" src=\"https:\/\/www.moyenagepassion.com\/wp-content\/uploads\/2018\/06\/agenda_animations_fetes_medievales_perouges.jpg\" alt=\"agenda_animations_fetes_medievales_perouges\" width=\"161\" height=\"228\" srcset=\"https:\/\/www.moyenagepassion.com\/wp-content\/uploads\/2018\/06\/agenda_animations_fetes_medievales_perouges.jpg 450w, https:\/\/www.moyenagepassion.com\/wp-content\/uploads\/2018\/06\/agenda_animations_fetes_medievales_perouges-212x300.jpg 212w\" sizes=\"(max-width: 161px) 100vw, 161px\" \/><\/a>Les m\u00e9di\u00e9vales sont de retour \u00e0 P\u00e9rouges, village m\u00e9di\u00e9val fortifi\u00e9 du bugey, class\u00e9 au rang de <strong>plus beaux villages de France<\/strong>. Pour ceux qui sont dans la r\u00e9gion, ces festivit\u00e9s sont toujours l&rsquo;occasion d&rsquo;un grand divertissement, autant que de fl\u00e2neries agr\u00e9ables dans\u00a0un\u00a0cadre exceptionnel.<\/p>\n<p><strong>Compagnies et animations m\u00e9di\u00e9vales (hors artisans)<\/strong><\/p>\n<p style=\"text-align: justify;\"><span style=\"color: #008000;\"><em>Sons de Suevia &#8211; Trobairitz &#8211; Sefarade &#8211; Les Fr\u00e8res Lumi\u00e8res &#8211; Les Goliards &#8211; Les Chevaliers de Crussol &#8211; La Piedthaille &#8211; Escossor &#8211; Diaboli Arma &#8211; Les Jongleurs de Sabodia &#8211; Le Courtil des Courils &#8211; La Menestrandie &#8211; Les histoires de Sire Pascal &#8211; La guilde p\u00e9rougienne<\/em><\/span><\/p>\n<p><a href=\"http:\/\/www.omf-perouges.org\/\" target=\"_blank\" rel=\"noopener noreferrer\">Site officiel <\/a>&amp;\u00a0<a href=\"http:\/\/www.omf-perouges.org\/index.php\/menu-2018\/2018-programme\" target=\"_blank\" rel=\"noopener noreferrer\">Programme<\/a>\u00a0&#8211;\u00a0<a href=\"https:\/\/www.facebook.com\/fetemedievaledePerouges\/\" target=\"_blank\" rel=\"noopener noreferrer\">Facebook de l&rsquo;\u00e9v\u00e9nement<\/a><\/p>\n<p style=\"text-align: justify;\"><a href=\"https:\/\/www.moyenagepassion.com\/index.php\/2017\/06\/09\/perouges-histoire-dune-belle-cite-medievale-au-coeur-du-bugey\/\" target=\"_blank\" rel=\"noopener noreferrer\">Voir l&rsquo;article sur P\u00e9rouges et son histoire m\u00e9di\u00e9vale<\/a> &#8211;\u00a0<a href=\"https:\/\/www.moyenagepassion.com\/index.php\/2017\/06\/09\/agenda-la-medievale-de-perouges-2017\/\" target=\"_blank\" rel=\"noopener noreferrer\">Voir l&rsquo;article sur l&rsquo;\u00e9dition\u00a02017<\/a><\/p>\n<hr \/>\n<h2>Les IIe\u00a0M\u00e9di\u00e9vales de Trans-En-Provence<\/h2>\n<p><strong>Lieu<\/strong>\u00a0: Trans-En-Provence, Var, PACA<br \/>\n<strong>Dates<\/strong>\u00a0: les 9 &amp; 10 juin 2018<\/p>\n<p style=\"text-align: justify;\"><a href=\"https:\/\/www.moyenagepassion.com\/wp-content\/uploads\/2018\/06\/fetes_moyen-age_trans-en-provence_animations_evenement_medieval.jpg\"><img decoding=\"async\" class=\"wp-image-21751 alignright\" src=\"https:\/\/www.moyenagepassion.com\/wp-content\/uploads\/2018\/06\/fetes_moyen-age_trans-en-provence_animations_evenement_medieval.jpg\" alt=\"fetes_moyen-age_trans-en-provence_animations_evenement_medieval\" width=\"162\" height=\"230\" srcset=\"https:\/\/www.moyenagepassion.com\/wp-content\/uploads\/2018\/06\/fetes_moyen-age_trans-en-provence_animations_evenement_medieval.jpg 450w, https:\/\/www.moyenagepassion.com\/wp-content\/uploads\/2018\/06\/fetes_moyen-age_trans-en-provence_animations_evenement_medieval-212x300.jpg 212w\" sizes=\"(max-width: 162px) 100vw, 162px\" \/><\/a>Comme le titre de l&rsquo;\u00e9v\u00e9nement l&rsquo;indique, il s&rsquo;agit l\u00e0 de la deuxi\u00e8me \u00e9dition de cette f\u00eate autour du moyen-\u00e2ge organis\u00e9e par la cit\u00e9 varoise.\u00a0 Pour \u00eatre r\u00e9cente, elle a visiblement \u00e0 coeur de la p\u00e9renniser, ces m\u00e9di\u00e9vales s&rsquo;annoncent, en effet, riches en animations et compteront,parmi leurs\u00a0 invit\u00e9s des compagnies de renom.\u00a0 \u00a0Sur place, un march\u00e9 artisanal devrait aussi accueillir pr\u00e8s de 40 exposants.<\/p>\n<p><strong>Compagnies m\u00e9di\u00e9vales et artisans sur place ce week end<\/strong><\/p>\n<p style=\"text-align: justify;\"><span style=\"color: #008000;\"><em>La compagnie des cabris d&rsquo;argens &#8211; La porte aux \u00e9toiles &#8211; La ferme du soleil &#8211; Le prince des dombes et ses dames &#8211; La guilde de la grenouille &#8211; La hanse du loup des steppes &#8211; Le fils du vent &#8211; La fauconnerie griffondor &#8211; Kofy l&rsquo;aboyeur &#8211; Les Caminaires &#8211; Aragon &#8211; Us et coutumes du moyen age\u00a0<\/em><\/span><\/p>\n<p><a href=\"https:\/\/www.facebook.com\/events\/294287154435478\/\" target=\"_blank\" rel=\"noopener noreferrer\">Facebook de l&rsquo;\u00e9v\u00e9nement<\/a><\/p>\n<hr \/>\n<h2>Le printemps de la Gerb&rsquo;ode \u00e0 Cadaujac<\/h2>\n<p><strong>Lieu<\/strong> :\u00a0Cadaujac, Gironde, Nouvelle Aquitaine<br \/>\n<strong>Dates<\/strong> :\u00a0les 8, 9 &amp; 10 juin 2018<\/p>\n<p style=\"text-align: justify;\"><a href=\"https:\/\/www.moyenagepassion.com\/wp-content\/uploads\/2018\/06\/fetes_festivites_animations_medievales_chateau_cadaujac_la_gerbode.jpg\"><img decoding=\"async\" class=\"alignleft wp-image-21748\" src=\"https:\/\/www.moyenagepassion.com\/wp-content\/uploads\/2018\/06\/fetes_festivites_animations_medievales_chateau_cadaujac_la_gerbode.jpg\" alt=\"fetes_festivites_animations_medievales_chateau_cadaujac_la_gerbode\" width=\"161\" height=\"228\" srcset=\"https:\/\/www.moyenagepassion.com\/wp-content\/uploads\/2018\/06\/fetes_festivites_animations_medievales_chateau_cadaujac_la_gerbode.jpg 450w, https:\/\/www.moyenagepassion.com\/wp-content\/uploads\/2018\/06\/fetes_festivites_animations_medievales_chateau_cadaujac_la_gerbode-212x300.jpg 212w\" sizes=\"(max-width: 161px) 100vw, 161px\" \/><\/a>Organis\u00e9 par l\u2019association <em><strong>Histoire et M\u00e9moire des Graves<\/strong>,<\/em> il s&rsquo;agit l\u00e0 de la 16e \u00e9dition de cette f\u00eate. Cette ann\u00e9e, son th\u00e8me sera\u00a0 le XIVe si\u00e8cle et\u00a0la d\u00e9fense de l&rsquo;Aquitaine\u00a0en 1355-1368 et elle aura pour cadre\u00a0la forteresse de Blanquefort o\u00f9 s\u00e9journa le redoutable seigneur de guerre\u00a0 <em><strong>\u00c9douard de Woodstock<\/strong><\/em>, fils d&rsquo;Edouard III d&rsquo;Angleterre, plus connu encore sous le nom de prince noir.<\/p>\n<p style=\"text-align: justify;\">Pour l&rsquo;occasion et sur les trois jours que dureront cette c\u00e9l\u00e9bration historique, en plus du march\u00e9 m\u00e9di\u00e9val et des animations ou ateliers autour des m\u00e9tiers du moyen-\u00e2ge, un tour d&rsquo;attaque de 11 m\u00e8tres de hauteur sera install\u00e9e sur place, ainsi que de nombreux engins de si\u00e8ge et machines de guerre que l&rsquo;on a rarement l&rsquo;occasion de voir en action ( tr\u00e9buchet, couillard, bricole, arbal\u00e8te \u00e0 tour&#8230;)<\/p>\n<p><a href=\"https:\/\/gerbode.fr\/\" target=\"_blank\" rel=\"noopener noreferrer\">Site officiel<\/a>\u00a0&#8211;\u00a0\u00a0<a href=\"https:\/\/www.facebook.com\/lagerbode\/\" target=\"_blank\" rel=\"noopener noreferrer\">Page FB de l&rsquo;\u00e9v\u00e9nement<\/a><\/p>\n<hr \/>\n<h2>Le tournoi du comt\u00e9 de Roucy,<br \/>\nla f\u00eate m\u00e9di\u00e9vale de Granlup et Fay<\/h2>\n<p style=\"text-align: left;\"><strong>Lieu<\/strong>\u00a0:\u00a0\u00a0Grandlup-et-Fay, Aisne, Hauts-de-France<br \/>\n<strong>Dates<\/strong>\u00a0:\u00a0les 9 &amp; 10 juin 2018<\/p>\n<p>Organis\u00e9e par la municipalit\u00e9 de Granlup-et-Fay et la <strong>Compagnie de la Griffe<\/strong>, Il s&rsquo;agit de la 2eme \u00e9dition de cette m\u00e9di\u00e9vale.<\/p>\n<p style=\"text-align: justify;\"><img decoding=\"async\" class=\"wp-image-21750 alignright\" src=\"https:\/\/www.moyenagepassion.com\/wp-content\/uploads\/2018\/06\/evenement_fetes_moyen-age_tounoi_escrime_medieval_animations.jpg\" alt=\"evenement_fetes_moyen-age_tounoi_escrime_medieval_animations\" width=\"161\" height=\"228\" srcset=\"https:\/\/www.moyenagepassion.com\/wp-content\/uploads\/2018\/06\/evenement_fetes_moyen-age_tounoi_escrime_medieval_animations.jpg 450w, https:\/\/www.moyenagepassion.com\/wp-content\/uploads\/2018\/06\/evenement_fetes_moyen-age_tounoi_escrime_medieval_animations-212x300.jpg 212w\" sizes=\"(max-width: 161px) 100vw, 161px\" \/>La f\u00eate s&rsquo;organise autour d&rsquo;un tournoi qui compte dans les \u00e9tapes du championnat de France d&rsquo;escrime et de joute amiable. Douze mesnies y sont attendus, pour une centaine de m\u00e9di\u00e9vistes.<\/p>\n<p style=\"text-align: justify;\">Aux c\u00f4t\u00e9 du tournoi,\u00a0on pourra encore trouver des animations m\u00e9di\u00e9vales, ainsi qu&rsquo;un march\u00e9 et ses \u00e9choppes.\u00a0 .<\/p>\n<p><a href=\"https:\/\/www.facebook.com\/fetemedievaledegranlup\/\">Facebook de l&rsquo;\u00e9v\u00e9nement<\/a><\/p>\n<hr \/>\n<p>En vous souhaitant une excellente fin de semaine.<\/p>\n<p>Fred<br \/>\nPour moyenagepassion.com<br \/>\n<em><strong>A la d\u00e9couverte du moyen-\u00e2ge\u00a0sous toutes ses formes<\/strong><\/em><\/p>\n","protected":false},"excerpt":{"rendered":"<p>Sujet\u00a0: agenda, f\u00eates m\u00e9di\u00e9vales,\u00a0animations,\u00a0 compagnies, march\u00e9 m\u00e9di\u00e9val, moyen-\u00e2ge festif, Lieu\u00a0: Auvergne-Rh\u00f4ne-Alpes, Hauts-de-France, PACA, Nouvelle-Aquitaine. Ev\u00e9nements:\u00a0f\u00eates et animations\u00a0m\u00e9di\u00e9vales Dates\u00a0:\u00a0du 9 au au\u00a010\u00a0juin\u00a02018 Bonjour \u00e0 tous, oici quelques animations et f\u00eates m\u00e9di\u00e9vales de plus pour compl\u00e9ter notre s\u00e9lection du week end, Concernant les 5e Grands Tournois d&rsquo;Aigues Mortes ainsi que les M\u00e9di\u00e9vales de Provins 2018, vous pouvez &hellip; <a href=\"https:\/\/www.moyenagepassion.com\/index.php\/2018\/06\/07\/complement-dagenda-evenements-et-animations-medievales-week-end-des-9-et-10-juin\/\" class=\"more-link\">Continuer la lecture de <span class=\"screen-reader-text\">Compl\u00e9ment d&rsquo;agenda, \u00e9v\u00e9nements et animations m\u00e9di\u00e9vales : week end des 9 et 10 juin<\/span>  <span class=\"meta-nav\">&rarr;<\/span><\/a><\/p>\n","protected":false},"author":2,"featured_media":0,"comment_status":"open","ping_status":"open","sticky":false,"template":"","format":"standard","meta":{"_monsterinsights_skip_tracking":false,"_monsterinsights_sitenote_active":false,"_monsterinsights_sitenote_note":"","_monsterinsights_sitenote_category":0,"footnotes":""},"categories":[11],"tags":[1539,1780,2529,212,636,1227,18,3063],"class_list":["post-21747","post","type-post","status-publish","format-standard","hentry","category-fetes-medievales-evenement","tag-agenda-medieval","tag-animations","tag-animations-medievales","tag-compagnies-medievales","tag-marche-medieval","tag-medievales","tag-moyen-age","tag-moyen-age-festif"],"aioseo_notices":[],"_links":{"self":[{"href":"https:\/\/www.moyenagepassion.com\/index.php\/wp-json\/wp\/v2\/posts\/21747"}],"collection":[{"href":"https:\/\/www.moyenagepassion.com\/index.php\/wp-json\/wp\/v2\/posts"}],"about":[{"href":"https:\/\/www.moyenagepassion.com\/index.php\/wp-json\/wp\/v2\/types\/post"}],"author":[{"embeddable":true,"href":"https:\/\/www.moyenagepassion.com\/index.php\/wp-json\/wp\/v2\/users\/2"}],"replies":[{"embeddable":true,"href":"https:\/\/www.moyenagepassion.com\/index.php\/wp-json\/wp\/v2\/comments?post=21747"}],"version-history":[{"count":1,"href":"https:\/\/www.moyenagepassion.com\/index.php\/wp-json\/wp\/v2\/posts\/21747\/revisions"}],"predecessor-version":[{"id":34217,"href":"https:\/\/www.moyenagepassion.com\/index.php\/wp-json\/wp\/v2\/posts\/21747\/revisions\/34217"}],"wp:attachment":[{"href":"https:\/\/www.moyenagepassion.com\/index.php\/wp-json\/wp\/v2\/media?parent=21747"}],"wp:term":[{"taxonomy":"category","embeddable":true,"href":"https:\/\/www.moyenagepassion.com\/index.php\/wp-json\/wp\/v2\/categories?post=21747"},{"taxonomy":"post_tag","embeddable":true,"href":"https:\/\/www.moyenagepassion.com\/index.php\/wp-json\/wp\/v2\/tags?post=21747"}],"curies":[{"name":"wp","href":"https:\/\/api.w.org\/{rel}","templated":true}]}}