{"id":21853,"date":"2018-06-14T00:24:20","date_gmt":"2018-06-13T23:24:20","guid":{"rendered":"http:\/\/www.moyenagepassion.com\/?p=21853"},"modified":"2020-10-05T00:02:04","modified_gmt":"2020-10-04T23:02:04","slug":"agenda-northfest-2018-grande-fete-viking-et-festival-rock-en-terre-normande","status":"publish","type":"post","link":"https:\/\/www.moyenagepassion.com\/index.php\/2018\/06\/14\/agenda-northfest-2018-grande-fete-viking-et-festival-rock-en-terre-normande\/","title":{"rendered":"Agenda : North&rsquo;fest 2018, grande f\u00eate viking et festival rock en terre normande"},"content":{"rendered":"<div id=\"moyen-2257916328\" class=\"moyen-before-content moyen-entity-placement\"><script async src=\"\/\/pagead2.googlesyndication.com\/pagead\/js\/adsbygoogle.js?client=ca-pub-3035390706780632\" crossorigin=\"anonymous\"><\/script><ins class=\"adsbygoogle\" style=\"display:block;\" data-ad-client=\"ca-pub-3035390706780632\" \ndata-ad-slot=\"\" \ndata-ad-format=\"auto\"><\/ins>\n<script> \n(adsbygoogle = window.adsbygoogle || []).push({}); \n<\/script>\n<\/div><p><strong><a href=\"https:\/\/www.moyenagepassion.com\/wp-content\/uploads\/2018\/06\/heraldique_armoire_blason_viking_festival_rock_medieval.jpg\"><img decoding=\"async\" class=\"wp-image-21857 alignleft\" src=\"https:\/\/www.moyenagepassion.com\/wp-content\/uploads\/2018\/06\/heraldique_armoire_blason_viking_festival_rock_medieval.jpg\" alt=\"heraldique_armoire_blason_viking_festival_rock_medieval\" width=\"145\" height=\"155\" srcset=\"https:\/\/www.moyenagepassion.com\/wp-content\/uploads\/2018\/06\/heraldique_armoire_blason_viking_festival_rock_medieval.jpg 522w, https:\/\/www.moyenagepassion.com\/wp-content\/uploads\/2018\/06\/heraldique_armoire_blason_viking_festival_rock_medieval-281x300.jpg 281w\" sizes=\"(max-width: 145px) 100vw, 145px\" \/><\/a>Sujet<\/strong>\u00a0: festival, concerts, monde viking, animations m\u00e9di\u00e9vales, reconstitution, f\u00eates, \u00e9vocation historique<br \/>\n<strong>P\u00e9riode<\/strong>\u00a0: fin haut moyen-\u00e2ge, Xe si\u00e8cle<br \/>\n<strong>Ev\u00e9nement<\/strong>\u00a0:\u00a0North-fest 2018<br \/>\n<strong>Lieu<\/strong>\u00a0:\u00a0Chapelle-Saint-Ouen, Seine-Maritime, Normandie.<br \/>\n<strong>Dates<\/strong>: les 15, 16 et 17 juin 2018<\/p>\n<p style=\"text-align: justify;\">Bonjour \u00e0 tous,<\/p>\n<p style=\"text-align: justify;\"><img decoding=\"async\" class=\"alignleft size-full wp-image-36\" src=\"https:\/\/www.moyenagepassion.com\/wp-content\/uploads\/2015\/12\/C_lettrine_moyen_age_passion.jpg\" alt=\"C_lettrine_moyen_age_passion\" width=\"84\" height=\"103\" \/>ette fin de semaine, <strong>North&rsquo;fest<\/strong>, le plus rock des festivals viking ou le plus viking des festivals rock revient en Normandie, \u00e0 quelques lieues de Rouen\u00a0 et \u00e0 la Chapelle-Saint-Ouen.<\/p>\n<h2 style=\"text-align: justify;\">Concerts &amp; DJ&rsquo;s jusqu&rsquo;au bout de la nuit<\/h2>\n<p style=\"text-align: justify;\">Pour sa 19eme \u00e9dition, cet \u00e9v\u00e9nement, m\u00ealant \u00e9vocation historique viking et concerts endiabl\u00e9s,\u00a0confirmera plus que jamais sa vocation musicale avec pr\u00e8s de quinze groupes pr\u00e9sents et\u00a0une\u00a0grande nocturne <a href=\"https:\/\/www.moyenagepassion.com\/wp-content\/uploads\/2018\/06\/agenda_medieval_fetes_animations_viking_moyen-age_Northfest_2018_Normandie.jpg\"><img decoding=\"async\" class=\"alignright wp-image-21855\" src=\"https:\/\/www.moyenagepassion.com\/wp-content\/uploads\/2018\/06\/agenda_medieval_fetes_animations_viking_moyen-age_Northfest_2018_Normandie.jpg\" alt=\"agenda_medieval_fetes_animations_viking_moyen-age_Northfest_2018_Normandie\" width=\"161\" height=\"243\" srcset=\"https:\/\/www.moyenagepassion.com\/wp-content\/uploads\/2018\/06\/agenda_medieval_fetes_animations_viking_moyen-age_Northfest_2018_Normandie.jpg 450w, https:\/\/www.moyenagepassion.com\/wp-content\/uploads\/2018\/06\/agenda_medieval_fetes_animations_viking_moyen-age_Northfest_2018_Normandie-199x300.jpg 199w\" sizes=\"(max-width: 161px) 100vw, 161px\" \/><\/a>jusqu&rsquo;au bout de la nuit, le samedi soir.\u00a0Comme pour l&rsquo;\u00e9dition pr\u00e9c\u00e9dente, le dernier apr\u00e8s-midi du festival, celui du dimanche, servira\u00a0encore de tremplin\u00a0\u00e0\u00a0de jeunes groupes montants.<\/p>\n<p style=\"text-align: justify;\"><strong>Groupes\u00a0 pr\u00e9sents \u00e0 l&rsquo;\u00e9dition 2018<\/strong><br \/>\n<span style=\"color: #008000;\"><em>L\u00e9nine Renaud &#8211; Blue Butter Pot &#8211; GHB &#8211; DJ&rsquo;s Cyanure &amp; Dyvad &#8211; Flor de Fango &#8211; Brassen&rsquo;s not dead &#8211; Iphaze &#8211; Noflipe\u00a0&#8211; Yallah &#8211; DJ Law &#8211; Living West &#8211; Orange yeti &#8211; Ricky Dozen<\/em><\/span><\/p>\n<h2 style=\"text-align: justify;\"><span style=\"color: #000000;\">Village viking, r\u00e9constituteurs<\/span><br \/>\n<span style=\"color: #000000;\">et march\u00e9 m\u00e9di\u00e9val artisanal<\/span><\/h2>\n<p style=\"text-align: justify;\">Comme chaque ann\u00e9e, de nombreuses troupes de reconstituteurs sp\u00e9cialis\u00e9s dans le monde viking seront sur place, ce week end, pour animer le lieu de leurs d\u00e9monstrations, ateliers et combats. La f\u00eate sera\u00a0\u00e9galement agr\u00e9ment\u00e9e d&rsquo;un march\u00e9 m\u00e9di\u00e9val artisanal\u00a0aux couleurs nordiques\u00a0et historiques lui aussi et du c\u00f4t\u00e9 ripailles et boissons fra\u00eeches, les organisateurs se sont encore charg\u00e9s de s&rsquo;assurer que rien ne manquera.<\/p>\n<p><a href=\"https:\/\/www.moyenagepassion.com\/wp-content\/uploads\/2018\/06\/festival_medieval_viking_normandie_northfest_animations_concerts_evocation_historique.jpg\"><img decoding=\"async\" class=\"wp-image-21859  aligncenter\" src=\"https:\/\/www.moyenagepassion.com\/wp-content\/uploads\/2018\/06\/festival_medieval_viking_normandie_northfest_animations_concerts_evocation_historique.jpg\" alt=\"festival_medieval_viking_normandie_northfest_animations_concerts_evocation_historique\" width=\"422\" height=\"281\" srcset=\"https:\/\/www.moyenagepassion.com\/wp-content\/uploads\/2018\/06\/festival_medieval_viking_normandie_northfest_animations_concerts_evocation_historique.jpg 600w, https:\/\/www.moyenagepassion.com\/wp-content\/uploads\/2018\/06\/festival_medieval_viking_normandie_northfest_animations_concerts_evocation_historique-300x200.jpg 300w\" sizes=\"(max-width: 422px) 100vw, 422px\" \/><\/a><\/p>\n<p><strong>Le projet North park<\/strong><\/p>\n<p style=\"text-align: justify;\">Initi\u00e9 en 2017, le projet de construction \u00e0 terme, sur site, d&rsquo;un village <a href=\"https:\/\/www.moyenagepassion.com\/wp-content\/uploads\/2018\/06\/village_viking_norvegiens_normandie_reconstitution_historique_moyen-age_Xe_siecle.jpg\"><img decoding=\"async\" class=\" wp-image-21860 alignleft\" src=\"https:\/\/www.moyenagepassion.com\/wp-content\/uploads\/2018\/06\/village_viking_norvegiens_normandie_reconstitution_historique_moyen-age_Xe_siecle.jpg\" alt=\"village_viking_norvegiens_normandie_reconstitution_historique_moyen-age_Xe_siecle\" width=\"106\" height=\"210\" srcset=\"https:\/\/www.moyenagepassion.com\/wp-content\/uploads\/2018\/06\/village_viking_norvegiens_normandie_reconstitution_historique_moyen-age_Xe_siecle.jpg 250w, https:\/\/www.moyenagepassion.com\/wp-content\/uploads\/2018\/06\/village_viking_norvegiens_normandie_reconstitution_historique_moyen-age_Xe_siecle-151x300.jpg 151w\" sizes=\"(max-width: 106px) 100vw, 106px\" \/><\/a>de 4000 m2, \u00e0 la d\u00e9couverte des vikings s\u00e9dentaris\u00e9s de la fin du haut moyen-\u00e2ge, reste d&rsquo;actualit\u00e9. Pilot\u00e9 par l&rsquo;Association <a href=\"http:\/\/www.thorpark.fr\/\" target=\"_blank\" rel=\"noopener noreferrer\">Thor Park<\/a>, il fait m\u00eame toujours l&rsquo;objet d&rsquo;une campagne Ulule appelant au soutien (un certain nombre d&rsquo;avantages y sont notamment offerts pour les donateurs, en relation avec le festival).\u00a0 En plus de tout le reste, l&rsquo;\u00e9v\u00e9nement fournira donc aussi une belle occasion de s&rsquo;immerger dans ce projet original et d&rsquo;en\u00a0 d\u00e9couvrir les avanc\u00e9es.<\/p>\n<p style=\"text-align: justify;\"><a href=\"http:\/\/www.northfest.fr\/?rub=accueil\" target=\"_blank\" rel=\"noopener noreferrer\">Site officiel du Festival North&rsquo;Fest\u00a0<\/a>&#8211; <a href=\"https:\/\/www.facebook.com\/NorthFest-la-F%C3%AAte-Viking-855987147831033\/\" target=\"_blank\" rel=\"noopener noreferrer\">FB de l&rsquo;\u00e9v\u00e9nement<\/a><\/p>\n<p style=\"text-align: justify;\">En vous souhaitant une belle journ\u00e9e et un excellent North&rsquo;Fest si vous vous y rendez.<\/p>\n<p style=\"text-align: justify;\">Fr\u00e9d\u00e9ric EFFE<br \/>\nPour moyenagepassion.com<br \/>\n<strong><em>A la d\u00e9couverte du Moyen-Age\u00a0 sous toutes ses formes.<\/em><\/strong><\/p>\n","protected":false},"excerpt":{"rendered":"<p>Sujet\u00a0: festival, concerts, monde viking, animations m\u00e9di\u00e9vales, reconstitution, f\u00eates, \u00e9vocation historique P\u00e9riode\u00a0: fin haut moyen-\u00e2ge, Xe si\u00e8cle Ev\u00e9nement\u00a0:\u00a0North-fest 2018 Lieu\u00a0:\u00a0Chapelle-Saint-Ouen, Seine-Maritime, Normandie. Dates: les 15, 16 et 17 juin 2018 Bonjour \u00e0 tous, ette fin de semaine, North&rsquo;fest, le plus rock des festivals viking ou le plus viking des festivals rock revient en Normandie, \u00e0 &hellip; <a href=\"https:\/\/www.moyenagepassion.com\/index.php\/2018\/06\/14\/agenda-northfest-2018-grande-fete-viking-et-festival-rock-en-terre-normande\/\" class=\"more-link\">Continuer la lecture de <span class=\"screen-reader-text\">Agenda : North&rsquo;fest 2018, grande f\u00eate viking et festival rock en terre normande<\/span>  <span class=\"meta-nav\">&rarr;<\/span><\/a><\/p>\n","protected":false},"author":2,"featured_media":0,"comment_status":"open","ping_status":"open","sticky":false,"template":"","format":"standard","meta":{"_monsterinsights_skip_tracking":false,"_monsterinsights_sitenote_active":false,"_monsterinsights_sitenote_note":"","_monsterinsights_sitenote_category":0,"footnotes":""},"categories":[11],"tags":[1391,2529,3862,632,3861,1380,636,22,3063,681,3863,2757,118],"class_list":["post-21853","post","type-post","status-publish","format-standard","hentry","category-fetes-medievales-evenement","tag-agenda","tag-animations-medievales","tag-evocation-historique","tag-festival-medieval","tag-fete-viking","tag-fetes","tag-marche-medieval","tag-medievale","tag-moyen-age-festif","tag-normandie","tag-northfest","tag-reconstituteurs","tag-vikings"],"aioseo_notices":[],"_links":{"self":[{"href":"https:\/\/www.moyenagepassion.com\/index.php\/wp-json\/wp\/v2\/posts\/21853"}],"collection":[{"href":"https:\/\/www.moyenagepassion.com\/index.php\/wp-json\/wp\/v2\/posts"}],"about":[{"href":"https:\/\/www.moyenagepassion.com\/index.php\/wp-json\/wp\/v2\/types\/post"}],"author":[{"embeddable":true,"href":"https:\/\/www.moyenagepassion.com\/index.php\/wp-json\/wp\/v2\/users\/2"}],"replies":[{"embeddable":true,"href":"https:\/\/www.moyenagepassion.com\/index.php\/wp-json\/wp\/v2\/comments?post=21853"}],"version-history":[{"count":1,"href":"https:\/\/www.moyenagepassion.com\/index.php\/wp-json\/wp\/v2\/posts\/21853\/revisions"}],"predecessor-version":[{"id":34305,"href":"https:\/\/www.moyenagepassion.com\/index.php\/wp-json\/wp\/v2\/posts\/21853\/revisions\/34305"}],"wp:attachment":[{"href":"https:\/\/www.moyenagepassion.com\/index.php\/wp-json\/wp\/v2\/media?parent=21853"}],"wp:term":[{"taxonomy":"category","embeddable":true,"href":"https:\/\/www.moyenagepassion.com\/index.php\/wp-json\/wp\/v2\/categories?post=21853"},{"taxonomy":"post_tag","embeddable":true,"href":"https:\/\/www.moyenagepassion.com\/index.php\/wp-json\/wp\/v2\/tags?post=21853"}],"curies":[{"name":"wp","href":"https:\/\/api.w.org\/{rel}","templated":true}]}}