{"id":22017,"date":"2018-06-22T01:57:24","date_gmt":"2018-06-22T00:57:24","guid":{"rendered":"http:\/\/www.moyenagepassion.com\/?p=22017"},"modified":"2020-10-04T19:51:16","modified_gmt":"2020-10-04T18:51:16","slug":"agenda-grandes-celebrations-medievales-et-celtiques-avec-le-solstice-festival-2018-du-nemours-medieval","status":"publish","type":"post","link":"https:\/\/www.moyenagepassion.com\/index.php\/2018\/06\/22\/agenda-grandes-celebrations-medievales-et-celtiques-avec-le-solstice-festival-2018-du-nemours-medieval\/","title":{"rendered":"Agenda : c\u00e9l\u00e9brations m\u00e9di\u00e9vales et concerts folk, rock et celtiques avec le Solstice festival 2018 du Nemours-M\u00e9di\u00e9val"},"content":{"rendered":"<div id=\"moyen-470604850\" class=\"moyen-before-content moyen-entity-placement\"><script async src=\"\/\/pagead2.googlesyndication.com\/pagead\/js\/adsbygoogle.js?client=ca-pub-3035390706780632\" crossorigin=\"anonymous\"><\/script><ins class=\"adsbygoogle\" style=\"display:block;\" data-ad-client=\"ca-pub-3035390706780632\" \ndata-ad-slot=\"\" \ndata-ad-format=\"auto\"><\/ins>\n<script> \n(adsbygoogle = window.adsbygoogle || []).push({}); \n<\/script>\n<\/div><p><strong><a href=\"https:\/\/www.moyenagepassion.com\/wp-content\/uploads\/2018\/06\/armoirie_blason_nemours_ile-de-france.jpg\"><img decoding=\"async\" class=\"alignleft wp-image-22020\" src=\"https:\/\/www.moyenagepassion.com\/wp-content\/uploads\/2018\/06\/armoirie_blason_nemours_ile-de-france.jpg\" alt=\"armoirie_blason_nemours_ile-de-france\" width=\"155\" height=\"165\" srcset=\"https:\/\/www.moyenagepassion.com\/wp-content\/uploads\/2018\/06\/armoirie_blason_nemours_ile-de-france.jpg 522w, https:\/\/www.moyenagepassion.com\/wp-content\/uploads\/2018\/06\/armoirie_blason_nemours_ile-de-france-281x300.jpg 281w\" sizes=\"(max-width: 155px) 100vw, 155px\" \/><\/a>Sujet<\/strong>\u00a0: festival, concerts, monde celtique,\u00a0 cultures\u00a0viking, animations m\u00e9di\u00e9vales, reconstitution, f\u00eates, \u00e9vocation historique, pagan folk, folk m\u00e9di\u00e9val,<br \/>\n<strong>Ev\u00e9nement<\/strong>\u00a0:\u00a0Nemours Solstice Festival<br \/>\n<strong>Lieu<\/strong>\u00a0:\u00a0Ormesson, Nemours,\u00a0Seine-et-Marne, \u00cele-de-France<br \/>\n<strong>Dates<\/strong>: les\u00a022\u00a023 et\u00a024 juin 2018<\/p>\n<p>Bonjour \u00e0 tous,<\/p>\n<p style=\"text-align: justify;\"><img decoding=\"async\" class=\"alignleft size-full wp-image-397\" src=\"https:\/\/www.moyenagepassion.com\/wp-content\/uploads\/2015\/12\/O_lettrine_moyen_age_passion.jpg\" alt=\"O_lettrine_moyen_age_passion\" width=\"96\" height=\"103\" \/>rganis\u00e9 par l&rsquo;<strong>Association Nemours-M\u00e9di\u00e9val<\/strong> qui, depuis 2005, a d\u00e9j\u00e0 \u00e0 son actif la cr\u00e9ation\u00a0 de nombreux \u00e9v\u00e9nements, f\u00eates et march\u00e9s sur le th\u00e8me du moyen-\u00e2ge (dont notamment les m\u00e9di\u00e9vales de Nemours), ce grand festival de trois jours, baptis\u00e9 le <strong>Nemours Solstice Festival<\/strong> qu&rsquo;elle nous propose ce week-end, se pose d&#8217;embl\u00e9e comme un rassemblement\u00a0 de taille.<\/p>\n<h2 style=\"text-align: justify;\">Un programme ambitieux<br \/>\npour un grand rassemblement\u00a0festif<\/h2>\n<p style=\"text-align: justify;\"><a href=\"https:\/\/www.moyenagepassion.com\/wp-content\/uploads\/2018\/06\/agenda_festival_evenement_animations_compagnies-medievale_musique_celtique_Nermours-medieval_Solstice_festival_2018.jpg\"><img decoding=\"async\" class=\"alignright wp-image-22021\" src=\"https:\/\/www.moyenagepassion.com\/wp-content\/uploads\/2018\/06\/agenda_festival_evenement_animations_compagnies-medievale_musique_celtique_Nermours-medieval_Solstice_festival_2018.jpg\" alt=\"agenda_festival_evenement_animations_compagnies-medievale_musique_celtique_Nermours-medieval_Solstice_festival_2018\" width=\"202\" height=\"291\" srcset=\"https:\/\/www.moyenagepassion.com\/wp-content\/uploads\/2018\/06\/agenda_festival_evenement_animations_compagnies-medievale_musique_celtique_Nermours-medieval_Solstice_festival_2018.jpg 450w, https:\/\/www.moyenagepassion.com\/wp-content\/uploads\/2018\/06\/agenda_festival_evenement_animations_compagnies-medievale_musique_celtique_Nermours-medieval_Solstice_festival_2018-208x300.jpg 208w\" sizes=\"(max-width: 202px) 100vw, 202px\" \/><\/a>Avec pr\u00e8s de 37 compagnies , troupes et artistes sp\u00e9cialis\u00e9s dans la reconstitution ou l&rsquo;\u00e9vocation historique et m\u00e9di\u00e9vale, plusieurs centaines de m\u00e9di\u00e9vistes devraient y \u00eatre pr\u00e9sents et l&rsquo;espace r\u00e9serv\u00e9 aux campements s&rsquo;annonce d\u00e9j\u00e0 rien moins qu&rsquo;imposant avec des th\u00e8mes aussi vari\u00e9s que les cultures viking, celtes, mais aussi \u00e9cossaises.<\/p>\n<p style=\"text-align: justify;\">Sur place,\u00a0un grand march\u00e9 artisanal promet aussi un large achalandage de produits d&rsquo;inspiration m\u00e9di\u00e9vale puisque plus de soixante \u00e9choppes et exposants y sont attendus.<\/p>\n<p style=\"text-align: justify;\"><strong>Mesnies, compagnies m\u00e9di\u00e9vales et artistes pr\u00e9sents<br \/>\n(campements celtes, viking, \u00e9cossais)<br \/>\n<\/strong><br \/>\n<span style=\"color: #008000;\"><em>Terracrom &#8211; Sepa Hystos &#8211; Aventuriers d&rsquo;un autre temps &#8211; Vikingar &#8211; Managram &#8211; La Geste de l&rsquo;Hurepoix &#8211; les Barbiers fous &#8211; Les Gueux d&rsquo;Smur &#8211; Les fr\u00e8res d&rsquo;armes &#8211; Les trimardeuses &#8211; Cie ordre du pic du jour &#8211; Cie les H\u00e9ritiers du Dagr -Entre chien et jeu &#8211; Midgarfolkar &#8211; Compagnons de la m\u00e9moire d&rsquo;antan &#8211; Maisnie des Griffons &#8211; Mesnie de la Fortelle &#8211; La Maisnie du Val de Loing &#8211; Lous Cans Thancayres &#8211; La Trace du Geste &#8211; Branno Teuta &#8211; Cie Templi\u00e8re Arm\u00e9e de Villedieu &#8211; La Ferme m\u00e9di\u00e9vale du Chaineau &#8211; Harold Jenking &#8211; Jean de Boiscommun -Holmgeir Ottoson &#8211; Cie Pater Patriae &#8211; Campement de l&rsquo;Enchanteresse &#8211; Mesnie d&rsquo;Augerolles &#8211; Fabricae &#8211; Le Petit Paon &#8211; Cie Agartha &#8211; Cie Moriquendi &#8211; Cie Bric \u00e0 Brac &#8211; R\u00e9cr\u00e9ation pour tous &#8211; Tribu d&rsquo;Af&rsquo;avel.<\/em><\/span><\/p>\n<h3 style=\"text-align: justify;\">Grands concerts tout au long de l&rsquo;\u00e9v\u00e9nement<\/h3>\n<p style=\"text-align: justify;\"><img decoding=\"async\" class=\"alignleft size-full wp-image-148\" src=\"https:\/\/www.moyenagepassion.com\/wp-content\/uploads\/2015\/12\/E_lettrine_moyen_age_passion.jpg\" alt=\"E_lettrine_moyen_age_passion\" width=\"84\" height=\"103\" \/>n plus du march\u00e9 m\u00e9di\u00e9val et des nombreuses animations en continu &#8211; ateliers, d\u00e9monstrations, sc\u00e9nettes, etc&#8230; &#8211; que tous les reconstituteurs, artistes et bateleurs pr\u00e9sents se chargeront de faire tout au long du festival, des spectacles de feu \u00e9mailleront \u00e9galement\u00a0les festivit\u00e9s et il faudra aussi compter sur de nombreux concerts puisque l&rsquo;\u00e9v\u00e9nement se positionne r\u00e9solument comme un v\u00e9ritable festival, au sens musical du terme.\u00a0Six groupes y sont ainsi pr\u00e9vus qui s&rsquo;encha\u00eeneront tout au long des journ\u00e9es et des nocturnes \u00e0 un rythme endiabl\u00e9.<\/p>\n<h4 style=\"text-align: justify;\">Groupes attendus<\/h4>\n<p>Au programme\u00a0rock celtique, pagan folk, folk m\u00e9di\u00e9val avec\u00a0<span style=\"color: #008000;\"><strong>Celkilt, \u00a0<strong>Barbarian Pipe Band, <\/strong>Pagan Noz, In Vino Veritas, Acus Vacuum <\/strong><span style=\"color: #000000;\">et<\/span><strong> Ethnomus<span style=\"color: #000000;\">.<\/span><\/strong><\/span><\/p>\n<table width=\"\u00bb475\u2033\" cellspacing=\"\u00bb0\u2033\" cellpadding=\"\u00bb0\u2033\">\n<tbody>\n<tr>\n<td><a href=\"https:\/\/www.moyenagepassion.com\/wp-content\/uploads\/2018\/06\/festival_musique_celtique_folk_pagan_medieval_celkilt.jpg\"><img decoding=\"async\" class=\"alignnone wp-image-22024 size-full\" src=\"https:\/\/www.moyenagepassion.com\/wp-content\/uploads\/2018\/06\/festival_musique_celtique_folk_pagan_medieval_celkilt.jpg\" alt=\"festival_musique_celtique_folk_pagan_medieval_celkilt\" width=\"300\" height=\"310\" srcset=\"https:\/\/www.moyenagepassion.com\/wp-content\/uploads\/2018\/06\/festival_musique_celtique_folk_pagan_medieval_celkilt.jpg 300w, https:\/\/www.moyenagepassion.com\/wp-content\/uploads\/2018\/06\/festival_musique_celtique_folk_pagan_medieval_celkilt-290x300.jpg 290w\" sizes=\"(max-width: 300px) 100vw, 300px\" \/><\/a><\/td>\n<td><a href=\"https:\/\/www.moyenagepassion.com\/wp-content\/uploads\/2018\/06\/festival_musique_celtique_folk_pagan_medieval_acus_vacuum.jpg\"><img decoding=\"async\" class=\"alignnone wp-image-22026 size-full\" src=\"https:\/\/www.moyenagepassion.com\/wp-content\/uploads\/2018\/06\/festival_musique_celtique_folk_pagan_medieval_acus_vacuum.jpg\" alt=\"festival_musique_celtique_folk_pagan_medieval_acus_vacuum\" width=\"300\" height=\"310\" srcset=\"https:\/\/www.moyenagepassion.com\/wp-content\/uploads\/2018\/06\/festival_musique_celtique_folk_pagan_medieval_acus_vacuum.jpg 300w, https:\/\/www.moyenagepassion.com\/wp-content\/uploads\/2018\/06\/festival_musique_celtique_folk_pagan_medieval_acus_vacuum-290x300.jpg 290w\" sizes=\"(max-width: 300px) 100vw, 300px\" \/><\/a><\/td>\n<\/tr>\n<tr>\n<td><a href=\"https:\/\/www.moyenagepassion.com\/wp-content\/uploads\/2018\/06\/festival_musique_celtique_folk_pagan_medieval_pagan_noz.jpg\"><img decoding=\"async\" class=\"size-full wp-image-22025 alignnone\" src=\"https:\/\/www.moyenagepassion.com\/wp-content\/uploads\/2018\/06\/festival_musique_celtique_folk_pagan_medieval_pagan_noz.jpg\" alt=\"festival_musique_celtique_folk_pagan_medieval_pagan_noz\" width=\"300\" height=\"310\" srcset=\"https:\/\/www.moyenagepassion.com\/wp-content\/uploads\/2018\/06\/festival_musique_celtique_folk_pagan_medieval_pagan_noz.jpg 300w, https:\/\/www.moyenagepassion.com\/wp-content\/uploads\/2018\/06\/festival_musique_celtique_folk_pagan_medieval_pagan_noz-290x300.jpg 290w\" sizes=\"(max-width: 300px) 100vw, 300px\" \/><\/a><\/td>\n<td><a href=\"https:\/\/www.moyenagepassion.com\/wp-content\/uploads\/2018\/06\/festival_musique_celtique_folk_pagan_medieval_barbarian_pipe_band.jpg\"><img decoding=\"async\" class=\"alignnone wp-image-22027 size-full\" src=\"https:\/\/www.moyenagepassion.com\/wp-content\/uploads\/2018\/06\/festival_musique_celtique_folk_pagan_medieval_barbarian_pipe_band.jpg\" alt=\"festival_musique_celtique_folk_pagan_medieval_barbarian_pipe_band\" width=\"300\" height=\"310\" srcset=\"https:\/\/www.moyenagepassion.com\/wp-content\/uploads\/2018\/06\/festival_musique_celtique_folk_pagan_medieval_barbarian_pipe_band.jpg 300w, https:\/\/www.moyenagepassion.com\/wp-content\/uploads\/2018\/06\/festival_musique_celtique_folk_pagan_medieval_barbarian_pipe_band-290x300.jpg 290w\" sizes=\"(max-width: 300px) 100vw, 300px\" \/><\/a><\/td>\n<\/tr>\n<tr>\n<td><a href=\"https:\/\/www.moyenagepassion.com\/wp-content\/uploads\/2018\/06\/festival_musique_celtique_folk_pagan_medieval_ethnomus.jpg\"><img decoding=\"async\" class=\"alignnone wp-image-22022 size-full\" src=\"https:\/\/www.moyenagepassion.com\/wp-content\/uploads\/2018\/06\/festival_musique_celtique_folk_pagan_medieval_ethnomus.jpg\" alt=\"festival_musique_celtique_folk_pagan_medieval_ethnomus\" width=\"300\" height=\"310\" srcset=\"https:\/\/www.moyenagepassion.com\/wp-content\/uploads\/2018\/06\/festival_musique_celtique_folk_pagan_medieval_ethnomus.jpg 300w, https:\/\/www.moyenagepassion.com\/wp-content\/uploads\/2018\/06\/festival_musique_celtique_folk_pagan_medieval_ethnomus-290x300.jpg 290w\" sizes=\"(max-width: 300px) 100vw, 300px\" \/><\/a><\/td>\n<td><a href=\"https:\/\/www.moyenagepassion.com\/wp-content\/uploads\/2018\/06\/festival_musique_celtique_folk_pagan_medieval_in_vino_veritas.jpg\"><img decoding=\"async\" class=\"alignnone wp-image-22023 size-full\" src=\"https:\/\/www.moyenagepassion.com\/wp-content\/uploads\/2018\/06\/festival_musique_celtique_folk_pagan_medieval_in_vino_veritas.jpg\" alt=\"festival_musique_celtique_folk_pagan_medieval_in_vino_veritas\" width=\"300\" height=\"310\" srcset=\"https:\/\/www.moyenagepassion.com\/wp-content\/uploads\/2018\/06\/festival_musique_celtique_folk_pagan_medieval_in_vino_veritas.jpg 300w, https:\/\/www.moyenagepassion.com\/wp-content\/uploads\/2018\/06\/festival_musique_celtique_folk_pagan_medieval_in_vino_veritas-290x300.jpg 290w\" sizes=\"(max-width: 300px) 100vw, 300px\" \/><\/a><\/td>\n<\/tr>\n<\/tbody>\n<\/table>\n<h3>Une c\u00e9l\u00e9bration du solstice\u00a0en musique<br \/>\ndans un carr\u00e9 de verdure<\/h3>\n<p style=\"text-align: justify;\"><img decoding=\"async\" class=\"alignleft size-full wp-image-50\" src=\"https:\/\/www.moyenagepassion.com\/wp-content\/uploads\/2015\/12\/D_lettrine_moyen_age_passion.jpg\" alt=\"D_lettrine_moyen_age_passion\" width=\"84\" height=\"103\" \/>u point de vue du site, le<strong> Nemours Solstice Festival<\/strong> a choisi de s&rsquo;installer \u00e0 environ une heure de route au sud de la capitale, pr\u00e8s du Village d&rsquo;Ormesson, \u00e0 quelques encablures de Nemours. Un\u00a0vaste espace de verdure y a \u00e9t\u00e9 m\u00e9nag\u00e9, au coeur d&rsquo;une for\u00eat, pour accueillir l&rsquo;\u00e9v\u00e9nement et les festivaliers. Il devrait fournir le cadre id\u00e9al pour festoyer, ripailler et se divertir cette fin de semaine, en c\u00e9l\u00e9brant dignement\u00a0le solstice d&rsquo;\u00e9t\u00e9.<\/p>\n<p style=\"text-align: justify;\"><a href=\"https:\/\/www.nemours-medieval.fr\/solsticefestival\" target=\"_blank\" rel=\"noopener noreferrer\">Programme et site officiel du festival\u00a0 <\/a>&#8211; <a href=\"https:\/\/www.facebook.com\/assnemoursmedieval\" target=\"_blank\" rel=\"noopener noreferrer\">Page FB de l&rsquo;\u00e9v\u00e9nement<\/a><\/p>\n<p><em><strong>\u00a0Teaser video Nemours Solstice festival<\/strong><\/em><br \/>\n<code><iframe src=\"https:\/\/www.youtube.com\/embed\/UJnMlZRvp-8\" width=\"600\" height=\"333\" frameborder=\"0\" allowfullscreen=\"allowfullscreen\"><\/iframe><br \/>\n<\/code><br \/>\nEn vous souhaitant une belle journ\u00e9e et un excellent Solstice Festival 2018, si vous vous y rendez.<\/p>\n<p>Fr\u00e9d\u00e9ric EFFE<br \/>\nPour moyenagepassion.com<br \/>\n<strong><em>A la d\u00e9couverte du Moyen-Age\u00a0 sous toutes ses formes.<\/em><\/strong><\/p>\n","protected":false},"excerpt":{"rendered":"<p>Sujet\u00a0: festival, concerts, monde celtique,\u00a0 cultures\u00a0viking, animations m\u00e9di\u00e9vales, reconstitution, f\u00eates, \u00e9vocation historique, pagan folk, folk m\u00e9di\u00e9val, Ev\u00e9nement\u00a0:\u00a0Nemours Solstice Festival Lieu\u00a0:\u00a0Ormesson, Nemours,\u00a0Seine-et-Marne, \u00cele-de-France Dates: les\u00a022\u00a023 et\u00a024 juin 2018 Bonjour \u00e0 tous, rganis\u00e9 par l&rsquo;Association Nemours-M\u00e9di\u00e9val qui, depuis 2005, a d\u00e9j\u00e0 \u00e0 son actif la cr\u00e9ation\u00a0 de nombreux \u00e9v\u00e9nements, f\u00eates et march\u00e9s sur le th\u00e8me du moyen-\u00e2ge &hellip; <a href=\"https:\/\/www.moyenagepassion.com\/index.php\/2018\/06\/22\/agenda-grandes-celebrations-medievales-et-celtiques-avec-le-solstice-festival-2018-du-nemours-medieval\/\" class=\"more-link\">Continuer la lecture de <span class=\"screen-reader-text\">Agenda : c\u00e9l\u00e9brations m\u00e9di\u00e9vales et concerts folk, rock et celtiques avec le Solstice festival 2018 du Nemours-M\u00e9di\u00e9val<\/span>  <span class=\"meta-nav\">&rarr;<\/span><\/a><\/p>\n","protected":false},"author":2,"featured_media":0,"comment_status":"open","ping_status":"open","sticky":false,"template":"","format":"standard","meta":{"_monsterinsights_skip_tracking":false,"_monsterinsights_sitenote_active":false,"_monsterinsights_sitenote_note":"","_monsterinsights_sitenote_category":0,"footnotes":""},"categories":[11],"tags":[3891,1391,3887,2771,3888,212,2568,3892,3893,632,489,3890,636,22,2489,18,78,3894,3897,2299,3889,3896,2757,2917,3895],"class_list":["post-22017","post","type-post","status-publish","format-standard","hentry","category-fetes-medievales-evenement","tag-acus-vacuum","tag-agenda","tag-barbarian-pipe-band","tag-celebration","tag-celkilt","tag-compagnies-medievales","tag-concerts","tag-ethnomus","tag-festival-celtique","tag-festival-medieval","tag-folk-medieval","tag-in-vino-veritas","tag-marche-medieval","tag-medievale","tag-medieviste","tag-moyen-age","tag-musique","tag-nemours-medieval","tag-nemours-solstice-festival","tag-pagan-folk","tag-pagan-noz","tag-rassemblement","tag-reconstituteurs","tag-rock-celtique","tag-solstice-festival"],"aioseo_notices":[],"_links":{"self":[{"href":"https:\/\/www.moyenagepassion.com\/index.php\/wp-json\/wp\/v2\/posts\/22017"}],"collection":[{"href":"https:\/\/www.moyenagepassion.com\/index.php\/wp-json\/wp\/v2\/posts"}],"about":[{"href":"https:\/\/www.moyenagepassion.com\/index.php\/wp-json\/wp\/v2\/types\/post"}],"author":[{"embeddable":true,"href":"https:\/\/www.moyenagepassion.com\/index.php\/wp-json\/wp\/v2\/users\/2"}],"replies":[{"embeddable":true,"href":"https:\/\/www.moyenagepassion.com\/index.php\/wp-json\/wp\/v2\/comments?post=22017"}],"version-history":[{"count":1,"href":"https:\/\/www.moyenagepassion.com\/index.php\/wp-json\/wp\/v2\/posts\/22017\/revisions"}],"predecessor-version":[{"id":34200,"href":"https:\/\/www.moyenagepassion.com\/index.php\/wp-json\/wp\/v2\/posts\/22017\/revisions\/34200"}],"wp:attachment":[{"href":"https:\/\/www.moyenagepassion.com\/index.php\/wp-json\/wp\/v2\/media?parent=22017"}],"wp:term":[{"taxonomy":"category","embeddable":true,"href":"https:\/\/www.moyenagepassion.com\/index.php\/wp-json\/wp\/v2\/categories?post=22017"},{"taxonomy":"post_tag","embeddable":true,"href":"https:\/\/www.moyenagepassion.com\/index.php\/wp-json\/wp\/v2\/tags?post=22017"}],"curies":[{"name":"wp","href":"https:\/\/api.w.org\/{rel}","templated":true}]}}