{"id":22250,"date":"2018-07-05T20:12:03","date_gmt":"2018-07-05T19:12:03","guid":{"rendered":"http:\/\/www.moyenagepassion.com\/?p=22250"},"modified":"2020-10-04T19:50:55","modified_gmt":"2020-10-04T18:50:55","slug":"agenda-les-16e-medievales-de-montaner","status":"publish","type":"post","link":"https:\/\/www.moyenagepassion.com\/index.php\/2018\/07\/05\/agenda-les-16e-medievales-de-montaner\/","title":{"rendered":"Agenda : sur les traces de Gaston F\u00e9bus, les 16e m\u00e9di\u00e9vales du ch\u00e2teau de Montaner"},"content":{"rendered":"<div id=\"moyen-1862307394\" class=\"moyen-before-content moyen-entity-placement\"><script async src=\"\/\/pagead2.googlesyndication.com\/pagead\/js\/adsbygoogle.js?client=ca-pub-3035390706780632\" crossorigin=\"anonymous\"><\/script><ins class=\"adsbygoogle\" style=\"display:block;\" data-ad-client=\"ca-pub-3035390706780632\" \ndata-ad-slot=\"\" \ndata-ad-format=\"auto\"><\/ins>\n<script> \n(adsbygoogle = window.adsbygoogle || []).push({}); \n<\/script>\n<\/div><p><strong><a href=\"https:\/\/www.moyenagepassion.com\/wp-content\/uploads\/2018\/07\/blason_armoirie_heraldique_chateau_montaner_pyrenees_foix_bearn.jpg\"><img decoding=\"async\" class=\"alignleft wp-image-22254\" src=\"https:\/\/www.moyenagepassion.com\/wp-content\/uploads\/2018\/07\/blason_armoirie_heraldique_chateau_montaner_pyrenees_foix_bearn.jpg\" alt=\"blason_armoirie_heraldique_chateau_montaner_pyrenees_foix_bearn\" width=\"184\" height=\"197\" srcset=\"https:\/\/www.moyenagepassion.com\/wp-content\/uploads\/2018\/07\/blason_armoirie_heraldique_chateau_montaner_pyrenees_foix_bearn.jpg 522w, https:\/\/www.moyenagepassion.com\/wp-content\/uploads\/2018\/07\/blason_armoirie_heraldique_chateau_montaner_pyrenees_foix_bearn-281x300.jpg 281w\" sizes=\"(max-width: 184px) 100vw, 184px\" \/><\/a>Sujet<\/strong>\u00a0: f\u00eate m\u00e9di\u00e9vale, march\u00e9 m\u00e9di\u00e9val, animations, compagnies m\u00e9di\u00e9vales,\u00a0reconstitution historique<br \/>\n<strong>P\u00e9riode:<\/strong>\u00a0moyen-\u00e2ge\u00a0central, XIVe<br \/>\n<strong>Lieu<\/strong>\u00a0: Pyr\u00e9n\u00e9es-Atlantiques,\u00a0Nouvelle Aquitaine, B\u00e9arn.<br \/>\n<strong>Ev\u00e9nement<\/strong><strong>:\u00a0L<\/strong><strong>es 16e m\u00e9di\u00e9vales de Montaner<\/strong><br \/>\n<strong>Dates<\/strong>\u00a0:\u00a0du\u00a07 au\u00a08 juillet 2018<\/p>\n<p>Bonjour \u00e0 tous,<\/p>\n<p style=\"text-align: justify;\"><img decoding=\"async\" class=\"alignleft size-full wp-image-128\" src=\"https:\/\/www.moyenagepassion.com\/wp-content\/uploads\/2015\/12\/S_lettrine_moyen_age_passion.jpg\" alt=\"S_lettrine_moyen_age_passion\" width=\"84\" height=\"103\" \/>is entre Hautes Pyr\u00e9n\u00e9es et Pyr\u00e9n\u00e9es Atlantiques, le\u00a0 ch\u00e2teau fort de Montaner se replonge, chaque ann\u00e9e, dans son histoire m\u00e9di\u00e9vale, en repartant sur les traces de\u00a0celui qui l&rsquo;\u00e9difia et se rendit c\u00e9l\u00e8bre, en son temps, du pays de Foix jusqu&rsquo;au B\u00e9arn et au del\u00e0\u00a0:\u00a0 le l\u00e9gendaire <a href=\"https:\/\/www.moyenagepassion.com\/?s=Gaston+Febus\" target=\"_blank\" rel=\"noopener noreferrer\">Gaston F\u00e9bus<\/a>.<\/p>\n<p style=\"text-align: justify;\">Ainsi, cette ann\u00e9e 2018 ne fera pas exception \u00e0 la r\u00e8gle, puisqu&rsquo;on\u00a0 y c\u00e9l\u00e9brera, tout au long du week end\u00a0 la 16e \u00e9dition des m\u00e9di\u00e9vales de Montaner.<\/p>\n<h2>Reconstitutions historiques, animations d&rsquo;\u00e9poque et march\u00e9 m\u00e9di\u00e9val<\/h2>\n<p style=\"text-align: justify;\"><a href=\"https:\/\/www.moyenagepassion.com\/wp-content\/uploads\/2018\/07\/agenda_animations_fetes_medievales_montaner_occitanie_2018.jpg\"><img decoding=\"async\" class=\"alignright wp-image-22252\" src=\"https:\/\/www.moyenagepassion.com\/wp-content\/uploads\/2018\/07\/agenda_animations_fetes_medievales_montaner_occitanie_2018.jpg\" alt=\"agenda_animations_fetes_medievales_montaner_occitanie_2018\" width=\"166\" height=\"233\" srcset=\"https:\/\/www.moyenagepassion.com\/wp-content\/uploads\/2018\/07\/agenda_animations_fetes_medievales_montaner_occitanie_2018.jpg 380w, https:\/\/www.moyenagepassion.com\/wp-content\/uploads\/2018\/07\/agenda_animations_fetes_medievales_montaner_occitanie_2018-214x300.jpg 214w\" sizes=\"(max-width: 166px) 100vw, 166px\" \/><\/a>Le programme est, comme \u00e0 l&rsquo;habitude, tr\u00e8s complet et riche en divertissements.<\/p>\n<p style=\"text-align: justify;\">On\u00a0pourra, en effet, y trouver, en plus du march\u00e9 artisanal et m\u00e9di\u00e9val,\u00a0des reconstitutions autour de temps forts de la vie du Lion des Pyr\u00e9n\u00e9es mais \u00e9galement\u00a0de nombreuses animations d&rsquo;\u00e9poque. Elles ne se cantonneront pas au ch\u00e2teau intra-muros puisque la f\u00eate s&rsquo;\u00e9tend jusqu&rsquo;\u00e0 la plaine et la for\u00eat environnante.<\/p>\n<p style=\"text-align: justify;\">Pour l&rsquo;occasion, une foule de mesnies et compagnies de passionn\u00e9s d&rsquo;Histoire vivante ont \u00e9t\u00e9 invit\u00e9es ainsi qu&rsquo;un bon nombre de troupes de com\u00e9diens, artistes, trouv\u00e8res\u00a0 et troubadours. En voici la liste pour vous faire une id\u00e9e.<\/p>\n<p><strong>Liste de Mesnies, artistes, musiciens et com\u00e9diens <\/strong><br \/>\n<strong>(hors exposants march\u00e9 m\u00e9di\u00e9val)<\/strong><\/p>\n<p style=\"text-align: justify;\"><em><span style=\"color: #008000;\">Compagnie Lilamayi &#8211; Compagnie Cow Prod &#8211; Tartaruga Teatro &#8211; Compagnie Imbrikey &#8211; Compagnie Crealid &#8211; Compagnie le Goupil &#8211; Belli Mercator &#8211; Compagnie du Lion de Flandre &#8211; La Petite Brigade &#8211; La Cour Pontificale &#8211; Le Chant De L&rsquo;\u00e9p\u00e9e &#8211; Pescaluna &#8211; Le Lunantroll <span style=\"color: #808080;\">(photo ci-<a href=\"https:\/\/www.moyenagepassion.com\/wp-content\/uploads\/2018\/07\/chateau_montaner_animations_fetes_medievales_pyren\u00e9es.jpg\"><img decoding=\"async\" class=\"wp-image-22256 alignleft\" src=\"https:\/\/www.moyenagepassion.com\/wp-content\/uploads\/2018\/07\/chateau_montaner_animations_fetes_medievales_pyren\u00e9es.jpg\" alt=\"chateau_montaner_animations_fetes_medievales_pyren\u00e9es\" width=\"163\" height=\"331\" srcset=\"https:\/\/www.moyenagepassion.com\/wp-content\/uploads\/2018\/07\/chateau_montaner_animations_fetes_medievales_pyren\u00e9es.jpg 493w, https:\/\/www.moyenagepassion.com\/wp-content\/uploads\/2018\/07\/chateau_montaner_animations_fetes_medievales_pyren\u00e9es-148x300.jpg 148w\" sizes=\"(max-width: 163px) 100vw, 163px\" \/><\/a>contre)<\/span> &#8211; Hippogriffe\u00a0&#8211; Serge Claderes &#8211; Association A-te-lier &#8211; Les Talmeliers de Terrignis &#8211; Qu\u2019em Biarnes &#8211; Les Berserkrs &#8211; Febus Avan &#8211; La Herpaille et les Mortes Payes &#8211; Les Archers de Febus &#8211; La Commanderie de Pyrene &#8211; Les Sentinelles de la Guivre &#8211; La Guilde B\u00e2tarde &#8211; Les Ecuries des 3 Balzanes &#8211; Boen &#8211; Ballarom &#8211; Les Kagotins &#8211; Celestias &#8211; Vishwanath &#8211; Cie Cercle de Feu.<\/span><\/em><\/p>\n<p style=\"text-align: justify;\">Ajoutons que la nocturne du samedi s&rsquo;annonce prometteuse avec un spectacle de feu qui m\u00ealera danses et arts martiaux et qui sera suivi d&rsquo;un grand feu d&rsquo;artifice.<\/p>\n<p style=\"text-align: justify;\">Si vous \u00eates du c\u00f4t\u00e9 des Pyr\u00e9n\u00e9es-Atlantiques, ce week-end et qu&rsquo;une escapade au coeur du moyen-\u00e2ge vous tente, nous ne pouvons que vous conseiller d&rsquo;aller voir de plus pr\u00e8s ces belles m\u00e9di\u00e9vales.<\/p>\n<p style=\"text-align: justify;\">Pour plus d&rsquo;informations, acc\u00e8s, tarifs, programme d\u00e9taill\u00e9, suivez les liens :\u00a0 \u00a0<a href=\"https:\/\/www.facebook.com\/medievalesdemontaner\/\" target=\"_blank\" rel=\"noopener noreferrer\">FB de l&rsquo;\u00e9v\u00e9nement\u00a0<\/a> &#8211; <a href=\"http:\/\/www.chateau-montaner.info\/\" target=\"_blank\" rel=\"noopener noreferrer\">Site officiel du ch\u00e2teau de Montaner<\/a><\/p>\n<p><a href=\"https:\/\/www.moyenagepassion.com\/index.php\/2017\/07\/07\/agenda-medieval-du-nord-au-sud-un-week-end-de-juillet-aux-couleurs-du-moyen-age\/\">Voir aussi article sur l&rsquo;\u00e9dition pr\u00e9c\u00e9dente<\/a><\/p>\n<p>En vous souhaitant une belle journ\u00e9e.<br \/>\nFred<\/p>\n<p>Pour moyenagepassion.com<br \/>\n<em><strong>A la d\u00e9couverte du monde m\u00e9di\u00e9val sous toutes ses formes<\/strong><\/em><\/p>\n","protected":false},"excerpt":{"rendered":"<p>Sujet\u00a0: f\u00eate m\u00e9di\u00e9vale, march\u00e9 m\u00e9di\u00e9val, animations, compagnies m\u00e9di\u00e9vales,\u00a0reconstitution historique P\u00e9riode:\u00a0moyen-\u00e2ge\u00a0central, XIVe Lieu\u00a0: Pyr\u00e9n\u00e9es-Atlantiques,\u00a0Nouvelle Aquitaine, B\u00e9arn. Ev\u00e9nement:\u00a0Les 16e m\u00e9di\u00e9vales de Montaner Dates\u00a0:\u00a0du\u00a07 au\u00a08 juillet 2018 Bonjour \u00e0 tous, is entre Hautes Pyr\u00e9n\u00e9es et Pyr\u00e9n\u00e9es Atlantiques, le\u00a0 ch\u00e2teau fort de Montaner se replonge, chaque ann\u00e9e, dans son histoire m\u00e9di\u00e9vale, en repartant sur les traces de\u00a0celui qui l&rsquo;\u00e9difia &hellip; <a href=\"https:\/\/www.moyenagepassion.com\/index.php\/2018\/07\/05\/agenda-les-16e-medievales-de-montaner\/\" class=\"more-link\">Continuer la lecture de <span class=\"screen-reader-text\">Agenda : sur les traces de Gaston F\u00e9bus, les 16e m\u00e9di\u00e9vales du ch\u00e2teau de Montaner<\/span>  <span class=\"meta-nav\">&rarr;<\/span><\/a><\/p>\n","protected":false},"author":2,"featured_media":0,"comment_status":"open","ping_status":"open","sticky":false,"template":"","format":"standard","meta":{"_monsterinsights_skip_tracking":false,"_monsterinsights_sitenote_active":false,"_monsterinsights_sitenote_note":"","_monsterinsights_sitenote_category":0,"footnotes":""},"categories":[11],"tags":[1391,1780,2940,212,1437,636,22,3478,182,3912,85,3063,261],"class_list":["post-22250","post","type-post","status-publish","format-standard","hentry","category-fetes-medievales-evenement","tag-agenda","tag-animations","tag-chateau-montaner","tag-compagnies-medievales","tag-gaston-febus","tag-marche-medieval","tag-medievale","tag-medievales-2018","tag-monde-medieval","tag-montaner","tag-moyen-age-central","tag-moyen-age-festif","tag-reconstitution-historique"],"aioseo_notices":[],"_links":{"self":[{"href":"https:\/\/www.moyenagepassion.com\/index.php\/wp-json\/wp\/v2\/posts\/22250"}],"collection":[{"href":"https:\/\/www.moyenagepassion.com\/index.php\/wp-json\/wp\/v2\/posts"}],"about":[{"href":"https:\/\/www.moyenagepassion.com\/index.php\/wp-json\/wp\/v2\/types\/post"}],"author":[{"embeddable":true,"href":"https:\/\/www.moyenagepassion.com\/index.php\/wp-json\/wp\/v2\/users\/2"}],"replies":[{"embeddable":true,"href":"https:\/\/www.moyenagepassion.com\/index.php\/wp-json\/wp\/v2\/comments?post=22250"}],"version-history":[{"count":1,"href":"https:\/\/www.moyenagepassion.com\/index.php\/wp-json\/wp\/v2\/posts\/22250\/revisions"}],"predecessor-version":[{"id":34298,"href":"https:\/\/www.moyenagepassion.com\/index.php\/wp-json\/wp\/v2\/posts\/22250\/revisions\/34298"}],"wp:attachment":[{"href":"https:\/\/www.moyenagepassion.com\/index.php\/wp-json\/wp\/v2\/media?parent=22250"}],"wp:term":[{"taxonomy":"category","embeddable":true,"href":"https:\/\/www.moyenagepassion.com\/index.php\/wp-json\/wp\/v2\/categories?post=22250"},{"taxonomy":"post_tag","embeddable":true,"href":"https:\/\/www.moyenagepassion.com\/index.php\/wp-json\/wp\/v2\/tags?post=22250"}],"curies":[{"name":"wp","href":"https:\/\/api.w.org\/{rel}","templated":true}]}}