{"id":22299,"date":"2018-07-07T00:24:42","date_gmt":"2018-07-06T23:24:42","guid":{"rendered":"http:\/\/www.moyenagepassion.com\/?p=22299"},"modified":"2020-10-11T02:21:54","modified_gmt":"2020-10-11T01:21:54","slug":"legendes-arthuriennes-a-la-francaise-kaamelott-lintegrale-dvd-blu-ray-deja-disponible","status":"publish","type":"post","link":"https:\/\/www.moyenagepassion.com\/index.php\/2018\/07\/07\/legendes-arthuriennes-a-la-francaise-kaamelott-lintegrale-dvd-blu-ray-deja-disponible\/","title":{"rendered":"L\u00e9gendes arthuriennes \u00e0 la fran\u00e7aise : Kaamelott, sortie de l&rsquo;int\u00e9grale DVD, Blu-ray"},"content":{"rendered":"<div id=\"moyen-1164276721\" class=\"moyen-before-content moyen-entity-placement\"><script async src=\"\/\/pagead2.googlesyndication.com\/pagead\/js\/adsbygoogle.js?client=ca-pub-3035390706780632\" crossorigin=\"anonymous\"><\/script><ins class=\"adsbygoogle\" style=\"display:block;\" data-ad-client=\"ca-pub-3035390706780632\" \ndata-ad-slot=\"\" \ndata-ad-format=\"auto\"><\/ins>\n<script> \n(adsbygoogle = window.adsbygoogle || []).push({}); \n<\/script>\n<\/div><p><strong><a href=\"https:\/\/www.moyenagepassion.com\/wp-content\/uploads\/2018\/07\/kaamelott_integrale_dvd_serie_televisee_coffret_humour_legendes_arthuriennes_Graal.jpg\"><img decoding=\"async\" class=\"alignleft wp-image-22310\" src=\"https:\/\/www.moyenagepassion.com\/wp-content\/uploads\/2018\/07\/kaamelott_integrale_dvd_serie_televisee_coffret_humour_legendes_arthuriennes_Graal.jpg\" alt=\"kaamelott_integrale_dvd_serie_televisee_coffret_humour_legendes_arthuriennes_Graal\" width=\"76\" height=\"155\" srcset=\"https:\/\/www.moyenagepassion.com\/wp-content\/uploads\/2018\/07\/kaamelott_integrale_dvd_serie_televisee_coffret_humour_legendes_arthuriennes_Graal.jpg 254w, https:\/\/www.moyenagepassion.com\/wp-content\/uploads\/2018\/07\/kaamelott_integrale_dvd_serie_televisee_coffret_humour_legendes_arthuriennes_Graal-147x300.jpg 147w\" sizes=\"(max-width: 76px) 100vw, 76px\" \/><\/a>Sujet<\/strong>\u00a0:\u00a0Kaamelott, humour, s\u00e9rie t\u00e9l\u00e9vis\u00e9e,\u00a0 nouveaut\u00e9,\u00a0<a href=\"https:\/\/www.moyenagepassion.com\/?s=l%C3%A9gendes+arthuriennes\" target=\"_blank\" rel=\"noopener noreferrer\">l\u00e9gendes arthuriennes<\/a>,\u00a0 qu\u00eate du Graal, Heroic Fantasy, m\u00e9di\u00e9val-fantastique,<br \/>\nDVD, Blu-ray, coffret, int\u00e9grale.<br \/>\n<strong>P\u00e9riode<\/strong>\u00a0: haut moyen-\u00e2ge \u00e0\u00a0 moyen-\u00e2ge central,<br \/>\n<strong>Auteur<\/strong> :\u00a0 \u00a0<strong>Alexandre Astier<br \/>\n<\/strong><strong>Distribution : <\/strong>\u00a0Studio M6,<\/p>\n<p>Bonjour \u00e0 tous,<\/p>\n<p style=\"text-align: justify;\"><img decoding=\"async\" class=\"alignleft size-full wp-image-50\" src=\"https:\/\/www.moyenagepassion.com\/wp-content\/uploads\/2015\/12\/D_lettrine_moyen_age_passion.jpg\" alt=\"D_lettrine_moyen_age_passion\" width=\"84\" height=\"103\" \/>u c\u00f4t\u00e9 des l\u00e9gendes arthuriennes revisit\u00e9es \u00e0 la lumi\u00e8re de notre temps et avec humour, on notera que\u00a0<strong>Alexandre Astier, <\/strong>auteur-r\u00e9alisateur entre autres oeuvres, de<strong> Kaamelott,\u00a0<\/strong>vient tout juste d&rsquo;annoncer la sortie d&rsquo;un coffret, r\u00e9unissant l&rsquo;ensemble des opus de la c\u00e9l\u00e8bre<strong>\u00a0<\/strong>s\u00e9rie t\u00e9l\u00e9vis\u00e9e. Jusque l\u00e0, l&rsquo;offre\u00a0\u00e9tait, en effet,\u00a0 fractionn\u00e9e par livres.<\/p>\n<p style=\"text-align: justify;\"><a href=\"https:\/\/www.moyenagepassion.com\/wp-content\/uploads\/2018\/07\/kaamelott_serie_televisee_legendes_arthuriennes_integrale_dvd_Alexandre_Astier.jpg\"><img decoding=\"async\" class=\"alignright wp-image-22306\" src=\"https:\/\/www.moyenagepassion.com\/wp-content\/uploads\/2018\/07\/kaamelott_serie_televisee_legendes_arthuriennes_integrale_dvd_Alexandre_Astier.jpg\" alt=\"kaamelott_serie_televisee_legendes_arthuriennes_integrale_dvd_Alexandre_Astier\" width=\"141\" height=\"287\" srcset=\"https:\/\/www.moyenagepassion.com\/wp-content\/uploads\/2018\/07\/kaamelott_serie_televisee_legendes_arthuriennes_integrale_dvd_Alexandre_Astier.jpg 254w, https:\/\/www.moyenagepassion.com\/wp-content\/uploads\/2018\/07\/kaamelott_serie_televisee_legendes_arthuriennes_integrale_dvd_Alexandre_Astier-147x300.jpg 147w\" sizes=\"(max-width: 141px) 100vw, 141px\" \/><\/a>Pr\u00e9vu pour d\u00e9but octobre prochain, ce coffret\u00a0qui totalise, ainsi, des heures de visionnage (mis bout \u00e0 bout, plus de 35 heures, sans coupure et sans pub !) devrait ravir les fans puisqu&rsquo;un bon nombre d&rsquo;entre eux l&rsquo;attendait depuis longtemps d\u00e9j\u00e0. Il\u00a0 devrait aussi donner des id\u00e9es de cadeaux \u00e0 tous ceux qui veulent faire partager leur go\u00fbt pour les aventures \u00e9piques des chevaliers du Graal, \u00e0 la fa\u00e7on d&rsquo;<strong>Alexandre Astier<\/strong>.<\/p>\n<p style=\"text-align: justify;\">Depuis sa sortie, la s\u00e9rie\u00a0a su conserver une base de plusieurs millions de fans; elle est encore r\u00e9guli\u00e8rement rejointe par de nouveaux amateurs qui la d\u00e9couvrent, \u00e0 travers ses nombreuses rediffusions tv, et on peut donc s&rsquo;attendre \u00e0 ce que ce coffret rencontre un franc et l\u00e9gitime succ\u00e8s.\u00a0 \u00a0C&rsquo;est, en tout cas, tout le mal que nous lui souhaitons.<\/p>\n<h2>D\u00e9j\u00e0 dispo en pr\u00e9commande<\/h2>\n<p style=\"text-align: justify;\">Pour information, le coffret est dors et d\u00e9j\u00e0 disponible en pr\u00e9commande, au lien suivant :\u00a0<a href=\"https:\/\/www.amazon.fr\/gp\/product\/B07F576MSG\/ref=as_li_tl?ie=UTF8&amp;camp=1642&amp;creative=6746&amp;creativeASIN=B07F576MSG&amp;linkCode=as2&amp;tag=f1266-21&amp;linkId=9acd82bc1fe6e7c3e3dd3db232d42720\" target=\"_blank\" rel=\"noopener noreferrer\">Coffret kaamelott, saisons 1 \u00e0 6 [Blu-ray]<\/a><img decoding=\"async\" style=\"border: none !important; margin: 0px !important;\" src=\"\/\/ir-fr.amazon-adsystem.com\/e\/ir?t=f1266-21&amp;l=am2&amp;o=8&amp;a=B07F576MSG\" alt=\"\" width=\"1\" height=\"1\" border=\"0\" \/>.<\/p>\n<p><a href=\"https:\/\/www.amazon.fr\/gp\/product\/B07F576MSG\/ref=as_li_tl?ie=UTF8&amp;camp=1642&amp;creative=6746&amp;creativeASIN=B07F576MSG&amp;linkCode=as2&amp;tag=f1266-21&amp;linkId=cdefd0018660085361f6950611bcb767\"><img decoding=\"async\" class=\"wp-image-22300  aligncenter\" src=\"https:\/\/www.moyenagepassion.com\/wp-content\/uploads\/2018\/07\/serie_tv_kaamelott_coffret_dvd_integrale_humour_legendes_arthuriennes.jpg\" alt=\"serie_tv_kaamelott_coffret_dvd_integrale_humour_legendes_arthuriennes\" width=\"441\" height=\"263\" srcset=\"https:\/\/www.moyenagepassion.com\/wp-content\/uploads\/2018\/07\/serie_tv_kaamelott_coffret_dvd_integrale_humour_legendes_arthuriennes.jpg 964w, https:\/\/www.moyenagepassion.com\/wp-content\/uploads\/2018\/07\/serie_tv_kaamelott_coffret_dvd_integrale_humour_legendes_arthuriennes-300x179.jpg 300w\" sizes=\"(max-width: 441px) 100vw, 441px\" \/><\/a><\/p>\n<h2>Bonus &amp; Teaser<\/h2>\n<p style=\"text-align: justify;\">Au titre de bonus, il contiendra, sans nul doute, quelques surprises suppl\u00e9mentaires, comme le\u00a0sugg\u00e8re\u00a0 le teaser, publi\u00e9, dans la foul\u00e9e, par l&rsquo;auteur lui-m\u00eame, sur sa cha\u00eene youtube. Il y d\u00e9montre encore l&rsquo;\u00e9tendue de ses talents, cette fois, dans le registre musical et la direction d&rsquo;orchestre. On dira ce qu&rsquo;on voudra, mais tout de m\u00eame, mener \u00e0 la baguette le grand Orchestre National de Lyon, c&rsquo;est prestigieux.<\/p>\n<p><code><iframe src=\"https:\/\/www.youtube.com\/embed\/Z-3aRsRLsEw\" width=\"600\" height=\"333\" frameborder=\"0\" allowfullscreen=\"allowfullscreen\"><\/iframe><\/code><\/p>\n<p style=\"text-align: justify;\">Pour ceux qui ne conna\u00eetraient pas encore <strong>Kaamelott<\/strong>, la s\u00e9rie met en sc\u00e8ne la qu\u00eate m\u00e9di\u00e9vale du Saint-Graal, \u00e0 travers les aventures de chevaliers de la table ronde, l\u00e9g\u00e8rement ralentis par leur propre capacit\u00e9 d&rsquo;entendement.<\/p>\n<p style=\"text-align: justify;\"><a href=\"https:\/\/www.moyenagepassion.com\/wp-content\/uploads\/2018\/07\/kaamelott_serie_televisee_lancelot_du_lac_integrale_dvd_thomas_cousseau.jpg\"><img decoding=\"async\" class=\"alignright wp-image-22307\" src=\"https:\/\/www.moyenagepassion.com\/wp-content\/uploads\/2018\/07\/kaamelott_serie_televisee_lancelot_du_lac_integrale_dvd_thomas_cousseau.jpg\" alt=\"kaamelott_serie_televisee_lancelot_du_lac_integrale_dvd_thomas_cousseau\" width=\"136\" height=\"277\" srcset=\"https:\/\/www.moyenagepassion.com\/wp-content\/uploads\/2018\/07\/kaamelott_serie_televisee_lancelot_du_lac_integrale_dvd_thomas_cousseau.jpg 254w, https:\/\/www.moyenagepassion.com\/wp-content\/uploads\/2018\/07\/kaamelott_serie_televisee_lancelot_du_lac_integrale_dvd_thomas_cousseau-147x300.jpg 147w\" sizes=\"(max-width: 136px) 100vw, 136px\" \/><\/a> Au programme, com\u00e9die, non-sens, situations jubilatoires et des dialogues rythm\u00e9s et savoureux qui n&rsquo;h\u00e9sitent pas \u00e0 puiser dans le registre d&rsquo;un argot que n&rsquo;aurait pas d\u00e9savouer Michel Audiard, et qui plaque, sur les l\u00e9gendes arthuriennes, une modernit\u00e9 rafra\u00eechissante. Il n&rsquo;est pas pour autant question d&rsquo;y botter en touche la gravit\u00e9 que prend parfois le roman arthurien dont l&rsquo;auteur suit la trame (en y posant tout de m\u00eame sa propre signature) ;\u00a0la narration sait aussi, par instants, se faire plus grave, en particulier dans les derniers opus, qui, rappelons-le, ne sont pas tout \u00e0 fait les derniers, puisque une trilogie cin\u00e9matographique, en pr\u00e9paration, devrait leur faire suite.<\/p>\n<p style=\"text-align: justify;\">Redisons-le, la richesse de <strong>Kaamelott<\/strong> en fait une s\u00e9rie ind\u00e9modable, \u00e0 visionner et \u00e0 revisionner. Pour preuve, elle est, depuis sa premi\u00e8re sortie, r\u00e9guli\u00e8rement rediffus\u00e9e \u00e0 la t\u00e9l\u00e9vision.\u00a0Il faut d&rsquo;autant plus saluer ce succ\u00e8s qu&rsquo;elle demeure une production t\u00e9l\u00e9visuelle de qualit\u00e9, 100% fran\u00e7aise, comme il n&rsquo;y en plus tant\u00a0dans notre paysage <a href=\"https:\/\/www.moyenagepassion.com\/wp-content\/uploads\/2018\/07\/kaamelott_serie_televisee_meleagant_integrale_dvd_Carlo_Brandt.jpg\"><img decoding=\"async\" class=\"alignleft wp-image-22308\" src=\"https:\/\/www.moyenagepassion.com\/wp-content\/uploads\/2018\/07\/kaamelott_serie_televisee_meleagant_integrale_dvd_Carlo_Brandt.jpg\" alt=\"kaamelott_serie_televisee_meleagant_integrale_dvd_Carlo_Brandt\" width=\"139\" height=\"284\" srcset=\"https:\/\/www.moyenagepassion.com\/wp-content\/uploads\/2018\/07\/kaamelott_serie_televisee_meleagant_integrale_dvd_Carlo_Brandt.jpg 254w, https:\/\/www.moyenagepassion.com\/wp-content\/uploads\/2018\/07\/kaamelott_serie_televisee_meleagant_integrale_dvd_Carlo_Brandt-147x300.jpg 147w\" sizes=\"(max-width: 139px) 100vw, 139px\" \/><\/a>audiovisuel.<\/p>\n<p style=\"text-align: justify;\">Avec ce coffret, on pourra donc profiter de <strong>Kaamelott<\/strong>, sans coupure et sans pub,\u00a0comme nous le disions plus haut. C&rsquo;est d&rsquo;autant plus important que les \u00e9pisodes des quatre premiers livres ont des formats courts et, il faut bien le dire, m\u00eame en comprenant bien la logique \u00e9conomique et le mod\u00e8le sous-jacent, la vente interpos\u00e9e de salades, de jus de fruits et autres produits de grande consommation, pouvaient, en g\u00e2ter, avant ce coffret, franchement le rythme.<\/p>\n<p style=\"text-align: justify;\">En vous souhaitant une tr\u00e8s belle journ\u00e9e.<\/p>\n<p>Fred<br \/>\nPour moyenagepassion.com<br \/>\n<em>A la d\u00e9couverte du monde m\u00e9di\u00e9val sous toutes ses formes<\/em><\/p>\n<p style=\"text-align: justify;\"><span style=\"color: #808080;\"><em>PS : sur les photos de l&rsquo;article et dans l&rsquo;ordre, Alexandre Astier (Roi Arthur), Thomas Cousseau (Lancelot du Lac), Carlo Brandt (M\u00e9l\u00e9agant)<\/em><\/span><\/p>\n<p><a href=\"https:\/\/www.moyenagepassion.com\/index.php\/tag\/kaamelott\/\" target=\"_blank\" rel=\"noopener noreferrer\">Voir nos autres articles sur la s\u00e9rie t\u00e9l\u00e9vis\u00e9e Kaamelott ici<\/a><\/p>\n","protected":false},"excerpt":{"rendered":"<p>Sujet\u00a0:\u00a0Kaamelott, humour, s\u00e9rie t\u00e9l\u00e9vis\u00e9e,\u00a0 nouveaut\u00e9,\u00a0l\u00e9gendes arthuriennes,\u00a0 qu\u00eate du Graal, Heroic Fantasy, m\u00e9di\u00e9val-fantastique, DVD, Blu-ray, coffret, int\u00e9grale. P\u00e9riode\u00a0: haut moyen-\u00e2ge \u00e0\u00a0 moyen-\u00e2ge central, Auteur :\u00a0 \u00a0Alexandre Astier Distribution : \u00a0Studio M6, Bonjour \u00e0 tous, u c\u00f4t\u00e9 des l\u00e9gendes arthuriennes revisit\u00e9es \u00e0 la lumi\u00e8re de notre temps et avec humour, on notera que\u00a0Alexandre Astier, auteur-r\u00e9alisateur entre autres &hellip; <a href=\"https:\/\/www.moyenagepassion.com\/index.php\/2018\/07\/07\/legendes-arthuriennes-a-la-francaise-kaamelott-lintegrale-dvd-blu-ray-deja-disponible\/\" class=\"more-link\">Continuer la lecture de <span class=\"screen-reader-text\">L\u00e9gendes arthuriennes \u00e0 la fran\u00e7aise : Kaamelott, sortie de l&rsquo;int\u00e9grale DVD, Blu-ray<\/span>  <span class=\"meta-nav\">&rarr;<\/span><\/a><\/p>\n","protected":false},"author":2,"featured_media":0,"comment_status":"open","ping_status":"open","sticky":false,"template":"","format":"standard","meta":{"_monsterinsights_skip_tracking":false,"_monsterinsights_sitenote_active":false,"_monsterinsights_sitenote_note":"","_monsterinsights_sitenote_category":0,"footnotes":""},"categories":[8,10],"tags":[197,3916,3299,125,3914,3917,575,2289,69,1587,3915,2170,556,574,346,585,18,2286,349,717,4490,733,2287,25],"class_list":["post-22299","post","type-post","status-publish","format-standard","hentry","category-blagues-humour-moyen-age","category-series-televisees-moyen-age","tag-alexandre-astier","tag-blu-ray","tag-carlo-brandt","tag-chevalier","tag-coffret","tag-coffret-dvd","tag-dvd","tag-fans","tag-haut-moyen-age","tag-heroic-fantasy","tag-integrale","tag-kaameloot","tag-kaamelott","tag-lancelot-du-lac","tag-legendes-arthuriennes","tag-meleagant","tag-moyen-age","tag-moyen-age-fantastique","tag-roi-arthur","tag-saint-graal","tag-serie-tv","tag-table-ronde","tag-thomas-cousseau","tag-videos"],"aioseo_notices":[],"_links":{"self":[{"href":"https:\/\/www.moyenagepassion.com\/index.php\/wp-json\/wp\/v2\/posts\/22299"}],"collection":[{"href":"https:\/\/www.moyenagepassion.com\/index.php\/wp-json\/wp\/v2\/posts"}],"about":[{"href":"https:\/\/www.moyenagepassion.com\/index.php\/wp-json\/wp\/v2\/types\/post"}],"author":[{"embeddable":true,"href":"https:\/\/www.moyenagepassion.com\/index.php\/wp-json\/wp\/v2\/users\/2"}],"replies":[{"embeddable":true,"href":"https:\/\/www.moyenagepassion.com\/index.php\/wp-json\/wp\/v2\/comments?post=22299"}],"version-history":[{"count":2,"href":"https:\/\/www.moyenagepassion.com\/index.php\/wp-json\/wp\/v2\/posts\/22299\/revisions"}],"predecessor-version":[{"id":35094,"href":"https:\/\/www.moyenagepassion.com\/index.php\/wp-json\/wp\/v2\/posts\/22299\/revisions\/35094"}],"wp:attachment":[{"href":"https:\/\/www.moyenagepassion.com\/index.php\/wp-json\/wp\/v2\/media?parent=22299"}],"wp:term":[{"taxonomy":"category","embeddable":true,"href":"https:\/\/www.moyenagepassion.com\/index.php\/wp-json\/wp\/v2\/categories?post=22299"},{"taxonomy":"post_tag","embeddable":true,"href":"https:\/\/www.moyenagepassion.com\/index.php\/wp-json\/wp\/v2\/tags?post=22299"}],"curies":[{"name":"wp","href":"https:\/\/api.w.org\/{rel}","templated":true}]}}