{"id":22440,"date":"2018-07-12T03:20:23","date_gmt":"2018-07-12T02:20:23","guid":{"rendered":"http:\/\/www.moyenagepassion.com\/?p=22440"},"modified":"2025-07-06T23:57:56","modified_gmt":"2025-07-06T22:57:56","slug":"les-46emes-fetes-medievales-du-grand-fauconnier-de-cordes-sur-ciel","status":"publish","type":"post","link":"https:\/\/www.moyenagepassion.com\/index.php\/2018\/07\/12\/les-46emes-fetes-medievales-du-grand-fauconnier-de-cordes-sur-ciel\/","title":{"rendered":"Les 46emes F\u00eates m\u00e9di\u00e9vales du Grand Fauconnier \u00e0 Cordes-sur-Ciel"},"content":{"rendered":"<div id=\"moyen-2162959457\" class=\"moyen-before-content moyen-entity-placement\"><script async src=\"\/\/pagead2.googlesyndication.com\/pagead\/js\/adsbygoogle.js?client=ca-pub-3035390706780632\" crossorigin=\"anonymous\"><\/script><ins class=\"adsbygoogle\" style=\"display:block;\" data-ad-client=\"ca-pub-3035390706780632\" \ndata-ad-slot=\"\" \ndata-ad-format=\"auto\"><\/ins>\n<script> \n(adsbygoogle = window.adsbygoogle || []).push({}); \n<\/script>\n<\/div><p><strong><a href=\"https:\/\/www.moyenagepassion.com\/wp-content\/uploads\/2018\/07\/animations_medievales_armoire_blason_cordes_sur_ciel_tarn_occitanie.jpg\"><img decoding=\"async\" class=\"alignleft wp-image-22441\" src=\"https:\/\/www.moyenagepassion.com\/wp-content\/uploads\/2018\/07\/animations_medievales_armoire_blason_cordes_sur_ciel_tarn_occitanie.jpg\" alt=\"animations_medievales_armoire_blason_cordes_sur_ciel_tarn_occitanie\" width=\"125\" height=\"133\" srcset=\"https:\/\/www.moyenagepassion.com\/wp-content\/uploads\/2018\/07\/animations_medievales_armoire_blason_cordes_sur_ciel_tarn_occitanie.jpg 522w, https:\/\/www.moyenagepassion.com\/wp-content\/uploads\/2018\/07\/animations_medievales_armoire_blason_cordes_sur_ciel_tarn_occitanie-281x300.jpg 281w\" sizes=\"(max-width: 125px) 100vw, 125px\" \/><\/a>Sujet<\/strong>\u00a0: f\u00eates m\u00e9di\u00e9vales, festivit\u00e9s, animations, compagnies m\u00e9di\u00e9vales, agenda,\u00a0\u00a0bastide m\u00e9di\u00e9vale<br \/>\n<strong>Lieu<\/strong>\u00a0: \u00a0Cordes-sur-Ciel, Tarn, \u00a0Occitanie<br \/>\n<strong>Ev\u00e9nement<\/strong><strong>: <\/strong>Les 46emes F\u00eates m\u00e9di\u00e9vales du Grand Fauconnier<br \/>\n<strong>Dates<\/strong>\u00a0:\u00a0du\u00a014 au 15 juillet 2018<\/p>\n<p>Bonjour \u00e0 tous,<\/p>\n<p style=\"text-align: justify;\"><img decoding=\"async\" class=\"alignleft size-full wp-image-148\" src=\"https:\/\/www.moyenagepassion.com\/wp-content\/uploads\/2015\/12\/E_lettrine_moyen_age_passion.jpg\" alt=\"E_lettrine_moyen_age_passion\" width=\"84\" height=\"103\" \/>n suivant le fil des c\u00e9l\u00e9brations autour de l&rsquo;histoire et du\u00a0 Moyen \u00c2ge, c&rsquo;est, encore une fois, du c\u00f4t\u00e9 de l&rsquo;Occitanie que l&rsquo;agenda m\u00e9di\u00e9val nous entra\u00eene ce week-end.<\/p>\n<p style=\"text-align: justify;\">Organis\u00e9e par le\u00a0<strong>Comit\u00e9 du Grand Fauconnier,\u00a0<\/strong>la municipalit\u00e9 de Cordes-Sur-Ciel &amp; la Soci\u00e9t\u00e9 de production l&rsquo;<strong>Oriflamme, <\/strong>la 46e \u00e9dition des m\u00e9di\u00e9vales de cette bastide de\u00a0 charme se propose de vous convier \u00e0 un voyage dans le temps, en direction du milieu du XIVe si\u00e8cle, \u00e0 l&rsquo;\u00e9vocation de la guerre de cent ans.<\/p>\n<p style=\"text-align: justify;\"><a href=\"https:\/\/www.moyenagepassion.com\/wp-content\/uploads\/2018\/07\/fetes_animations_medievales_cordes_sur_ciel_20181.jpg\"><img decoding=\"async\" class=\"alignright wp-image-22462\" src=\"https:\/\/www.moyenagepassion.com\/wp-content\/uploads\/2018\/07\/fetes_animations_medievales_cordes_sur_ciel_20181.jpg\" alt=\"fetes_animations_medievales_cordes_sur_ciel_2018\" width=\"166\" height=\"235\" srcset=\"https:\/\/www.moyenagepassion.com\/wp-content\/uploads\/2018\/07\/fetes_animations_medievales_cordes_sur_ciel_20181.jpg 400w, https:\/\/www.moyenagepassion.com\/wp-content\/uploads\/2018\/07\/fetes_animations_medievales_cordes_sur_ciel_20181-212x300.jpg 212w\" sizes=\"(max-width: 166px) 100vw, 166px\" \/><\/a>En plus de ses camps m\u00e9di\u00e9vaux permanents, de ses ateliers autour de l&rsquo;artisanat\u00a0 de la p\u00e9riode cibl\u00e9e, ou de son march\u00e9 artisanal, ces festivit\u00e9s ne devraient conna\u00eetre\u00a0 aucun temps mort, tout au long\u00a0du week-end, puisque du samedi, d\u00e9but d&rsquo;apr\u00e8s-midi, jusque tard dans la soir\u00e9e du dimanche, un spectacle (concert, th\u00e9\u00e2tre, contes, sc\u00e9nettes, danse,\u00a0 fauconnerie, etc&#8230;) y est pr\u00e9vu toutes les trente minutes. On ajoutera \u00e0 tout cela, un sc\u00e9nario historique, concoct\u00e9 par la Soci\u00e9t\u00e9 Oriflamme, d\u00e9j\u00e0 cit\u00e9e plus-haut, qui viendra encore animer la f\u00eate de ses\u00a0 personnages, ses p\u00e9rip\u00e9ties et ses rebondissements.<\/p>\n<p style=\"text-align: justify;\">A noter que ces m\u00e9di\u00e9vales qui affichent clairement leur ambition de se situer dans \u00ab\u00a0la\u00a0promotion du patrimoine historique, culturel, humain et b\u00e2ti du pays cordais\u00a0\u00bb\u00a0ont \u00e9t\u00e9 \u00e9galement labellis\u00e9es, pour l&rsquo;ann\u00e9e 2017-2018 par la <a href=\"http:\/\/www.fffsh.eu\/\" target=\"_blank\" rel=\"noopener noreferrer\">FFFSH<\/a> (<span style=\"color: #333333;\"><a style=\"color: #333333;\" href=\"http:\/\/www.fffsh.eu\/\">F\u00e9d\u00e9ration Fran\u00e7aise des F\u00eates et Spectacles Historiques<\/a>).<\/span><\/p>\n<p><strong>Compagnies m\u00e9di\u00e9vales, artistes &amp; campements (hors exposants)<\/strong><\/p>\n<p><span style=\"color: #008000;\"><em>Les Ailes de l\u2019Urga &#8211; Les Trimarrants &#8211; Cornalusa &#8211; Les Pies &#8211; Celestiaes &#8211; Dragons du Cormyr &#8211; La Ferme Equestre de la Gr\u00e9signe &#8211; Les B\u00e2tisseurs M\u00e9di\u00e9vaux &#8211; Les Lions de Guerre &#8211; Les Mortes Payes et La Herpaille &#8211;<\/em><\/span><\/p>\n<p><a href=\"http:\/\/medievale-cordes.fr\/le-programme-medievales-de-cordes-2018\/\" target=\"_blank\" rel=\"noopener noreferrer\">Programme d\u00e9taill\u00e9 des m\u00e9di\u00e9vales 2018<\/a>&#8211;\u00a0<a href=\"https:\/\/www.facebook.com\/MedievalesCordes\/\" target=\"_blank\" rel=\"noopener noreferrer\">Page FB de l&rsquo;\u00e9v\u00e9nement<\/a><\/p>\n<p><a href=\"https:\/\/www.moyenagepassion.com\/wp-content\/uploads\/2018\/07\/fetes_historiques_animations_medievales_cordes_sur_ciel_occitanie.jpg\"><img decoding=\"async\" class=\"wp-image-22463 aligncenter\" src=\"https:\/\/www.moyenagepassion.com\/wp-content\/uploads\/2018\/07\/fetes_historiques_animations_medievales_cordes_sur_ciel_occitanie.jpg\" alt=\"fetes_historiques_animations_medievales_cordes_sur_ciel_occitanie\" width=\"422\" height=\"303\" srcset=\"https:\/\/www.moyenagepassion.com\/wp-content\/uploads\/2018\/07\/fetes_historiques_animations_medievales_cordes_sur_ciel_occitanie.jpg 750w, https:\/\/www.moyenagepassion.com\/wp-content\/uploads\/2018\/07\/fetes_historiques_animations_medievales_cordes_sur_ciel_occitanie-300x215.jpg 300w\" sizes=\"(max-width: 422px) 100vw, 422px\" \/><\/a><\/p>\n<h2>Cordes-sur-Ciel, un peu d&rsquo;Histoire.<\/h2>\n<p style=\"text-align: justify;\">Sise \u00e0 quelques kilom\u00e8tres au nord d&rsquo;Albi, sur la route du p\u00e8lerinage de Saint-Jacques de Compostelle, cette belle bastide fut fond\u00e9e au d\u00e9but du XIIIe si\u00e8cle, par le comte <strong>Raymond de Toulouse<\/strong>, septi\u00e8me du nom, soucieux de prot\u00e9ger son territoire et suite aux destructions que la croisade contre les albigeois avait laiss\u00e9 \u00e0 sa tra\u00eene.<\/p>\n<p style=\"text-align: justify;\">Pour favoriser de nouvelles installations sur le site, par ailleurs d\u00e9j\u00e0 peupl\u00e9, la cit\u00e9 nouvelle et ses habitants se virent accorder par le seigneur toulousain, une charte, et on y b\u00e2tit, bient\u00f4t, une enceinte et des <a href=\"https:\/\/www.moyenagepassion.com\/wp-content\/uploads\/2018\/07\/evenements_animations_medievales_cordes_sur_ciel_occitanie.jpg\"><img decoding=\"async\" class=\"alignleft wp-image-22453\" src=\"https:\/\/www.moyenagepassion.com\/wp-content\/uploads\/2018\/07\/evenements_animations_medievales_cordes_sur_ciel_occitanie.jpg\" alt=\"evenements_animations_medievales_cordes_sur_ciel_occitanie\" width=\"160\" height=\"314\" srcset=\"https:\/\/www.moyenagepassion.com\/wp-content\/uploads\/2018\/07\/evenements_animations_medievales_cordes_sur_ciel_occitanie.jpg 493w, https:\/\/www.moyenagepassion.com\/wp-content\/uploads\/2018\/07\/evenements_animations_medievales_cordes_sur_ciel_occitanie-153x300.jpg 153w\" sizes=\"(max-width: 160px) 100vw, 160px\" \/><\/a>murailles, tant et si bien que sept ans plus tard, en 1229, Cordes \u00e9tait d\u00e9j\u00e0 devenue une place forte strat\u00e9gique, au nord du grand comt\u00e9 de Toulouse. Entre le milieu du XIIIe et le XIVe si\u00e8cle, elle saura\u00a0tirer partie\u00a0de ses avantages et de sa situation pour fleurir \u00e9conomiquement et se d\u00e9velopper,\u00a0 \u00a0\u00e0 la faveur, notamment, des n\u00e9goces du cuir, de la toile et de la draperie.<\/p>\n<p style=\"text-align: justify;\">De sa cr\u00e9ation jusqu&rsquo;au d\u00e9but du XIVe si\u00e8cle, l&rsquo;histoire de la bastide demeure indissociable\u00a0 de la lutte de l&rsquo;\u00e9glise catholique et des seigneurs du nord contre les albigeois et les seigneurs du sud puisque la pr\u00e9sence de cathares y est encore attest\u00e9e autour de 1321, \u00e0 quoi les crois\u00e9s viendront bient\u00f4t mettre fin. Au XVe, \u00e0 l&rsquo;\u00e9gale de nombreuses cit\u00e9s d&rsquo;Europe elle ne sera pas \u00e9pargn\u00e9e par la grande \u00e9pid\u00e9mie de peste noire qui emportera dans son sillage pr\u00e8s du\u00a0 quart de ses habitants, freinant quelque peu ses d\u00e9veloppements.<\/p>\n<p style=\"text-align: justify;\">Visit\u00e9 dans le courant du XXe par des personnages aussi c\u00e9l\u00e8bres que Prosper M\u00e9rim\u00e9e\u00a0ou Albert Camus, c&rsquo;est durant ce m\u00eame si\u00e8cle que la bastide changera de nom pour devenir\u00a0\u00a0Cordes-sur-Ciel.<\/p>\n<p><strong>Teaser de l&rsquo;\u00e9dition 2018<\/strong><br \/>\n<code><iframe src=\"https:\/\/www.youtube.com\/embed\/HrqM-BFhef0\" width=\"600\" height=\"333\" frameborder=\"0\" allowfullscreen=\"allowfullscreen\"><\/iframe><\/code><\/p>\n<p>En vous souhaitant une excellente\u00a0journ\u00e9e.<\/p>\n<p>Fred<br \/>\nPour moyenagepassion.com<br \/>\n<em><strong>A la d\u00e9couverte du Moyen \u00c2ge sous toutes ses formes.<\/strong><\/em><\/p>\n","protected":false},"excerpt":{"rendered":"<p>Sujet\u00a0: f\u00eates m\u00e9di\u00e9vales, festivit\u00e9s, animations, compagnies m\u00e9di\u00e9vales, agenda,\u00a0\u00a0bastide m\u00e9di\u00e9vale Lieu\u00a0: \u00a0Cordes-sur-Ciel, Tarn, \u00a0Occitanie Ev\u00e9nement: Les 46emes F\u00eates m\u00e9di\u00e9vales du Grand Fauconnier Dates\u00a0:\u00a0du\u00a014 au 15 juillet 2018 Bonjour \u00e0 tous, n suivant le fil des c\u00e9l\u00e9brations autour de l&rsquo;histoire et du\u00a0 Moyen \u00c2ge, c&rsquo;est, encore une fois, du c\u00f4t\u00e9 de l&rsquo;Occitanie que l&rsquo;agenda m\u00e9di\u00e9val nous entra\u00eene &hellip; <a href=\"https:\/\/www.moyenagepassion.com\/index.php\/2018\/07\/12\/les-46emes-fetes-medievales-du-grand-fauconnier-de-cordes-sur-ciel\/\" class=\"more-link\">Continuer la lecture de <span class=\"screen-reader-text\">Les 46emes F\u00eates m\u00e9di\u00e9vales du Grand Fauconnier \u00e0 Cordes-sur-Ciel<\/span>  <span class=\"meta-nav\">&rarr;<\/span><\/a><\/p>\n","protected":false},"author":2,"featured_media":0,"comment_status":"open","ping_status":"open","sticky":false,"template":"","format":"standard","meta":{"_monsterinsights_skip_tracking":false,"_monsterinsights_sitenote_active":false,"_monsterinsights_sitenote_note":"","_monsterinsights_sitenote_category":0,"footnotes":""},"categories":[11],"tags":[1391,2529,1341,212,3930,520,3827,22,1227,18,1369],"class_list":["post-22440","post","type-post","status-publish","format-standard","hentry","category-fetes-medievales-evenement","tag-agenda","tag-animations-medievales","tag-bastide","tag-compagnies-medievales","tag-cordes-sur-ciel","tag-histoire-medievale","tag-marche-artisanal","tag-medievale","tag-medievales","tag-moyen-age","tag-occitanie"],"aioseo_notices":[],"_links":{"self":[{"href":"https:\/\/www.moyenagepassion.com\/index.php\/wp-json\/wp\/v2\/posts\/22440"}],"collection":[{"href":"https:\/\/www.moyenagepassion.com\/index.php\/wp-json\/wp\/v2\/posts"}],"about":[{"href":"https:\/\/www.moyenagepassion.com\/index.php\/wp-json\/wp\/v2\/types\/post"}],"author":[{"embeddable":true,"href":"https:\/\/www.moyenagepassion.com\/index.php\/wp-json\/wp\/v2\/users\/2"}],"replies":[{"embeddable":true,"href":"https:\/\/www.moyenagepassion.com\/index.php\/wp-json\/wp\/v2\/comments?post=22440"}],"version-history":[{"count":3,"href":"https:\/\/www.moyenagepassion.com\/index.php\/wp-json\/wp\/v2\/posts\/22440\/revisions"}],"predecessor-version":[{"id":51968,"href":"https:\/\/www.moyenagepassion.com\/index.php\/wp-json\/wp\/v2\/posts\/22440\/revisions\/51968"}],"wp:attachment":[{"href":"https:\/\/www.moyenagepassion.com\/index.php\/wp-json\/wp\/v2\/media?parent=22440"}],"wp:term":[{"taxonomy":"category","embeddable":true,"href":"https:\/\/www.moyenagepassion.com\/index.php\/wp-json\/wp\/v2\/categories?post=22440"},{"taxonomy":"post_tag","embeddable":true,"href":"https:\/\/www.moyenagepassion.com\/index.php\/wp-json\/wp\/v2\/tags?post=22440"}],"curies":[{"name":"wp","href":"https:\/\/api.w.org\/{rel}","templated":true}]}}