{"id":22469,"date":"2018-07-13T03:25:11","date_gmt":"2018-07-13T02:25:11","guid":{"rendered":"http:\/\/www.moyenagepassion.com\/?p=22469"},"modified":"2020-10-04T19:50:55","modified_gmt":"2020-10-04T18:50:55","slug":"agenda-week-end-chateaux-en-fete-et-animations-medievales-en-terre-de-france","status":"publish","type":"post","link":"https:\/\/www.moyenagepassion.com\/index.php\/2018\/07\/13\/agenda-week-end-chateaux-en-fete-et-animations-medievales-en-terre-de-france\/","title":{"rendered":"Agenda week-end : ch\u00e2teaux en f\u00eate et animations m\u00e9di\u00e9vales en terre de France"},"content":{"rendered":"<div id=\"moyen-1519689338\" class=\"moyen-before-content moyen-entity-placement\"><script async src=\"\/\/pagead2.googlesyndication.com\/pagead\/js\/adsbygoogle.js?client=ca-pub-3035390706780632\" crossorigin=\"anonymous\"><\/script><ins class=\"adsbygoogle\" style=\"display:block;\" data-ad-client=\"ca-pub-3035390706780632\" \ndata-ad-slot=\"\" \ndata-ad-format=\"auto\"><\/ins>\n<script> \n(adsbygoogle = window.adsbygoogle || []).push({}); \n<\/script>\n<\/div><p><strong><a href=\"https:\/\/www.moyenagepassion.com\/wp-content\/uploads\/2017\/04\/agenda_sortie_historique_festivals_fetes_ripailles_week_end_theme_medieval_moyen-age.jpg\"><img decoding=\"async\" class=\"wp-image-11936 alignleft\" src=\"https:\/\/www.moyenagepassion.com\/wp-content\/uploads\/2017\/04\/agenda_sortie_historique_festivals_fetes_ripailles_week_end_theme_medieval_moyen-age.jpg\" alt=\"agenda_sortie_historique_festivals_fetes_ripailles_week_end_theme_medieval_moyen-age\" width=\"131\" height=\"220\" srcset=\"https:\/\/www.moyenagepassion.com\/wp-content\/uploads\/2017\/04\/agenda_sortie_historique_festivals_fetes_ripailles_week_end_theme_medieval_moyen-age.jpg 332w, https:\/\/www.moyenagepassion.com\/wp-content\/uploads\/2017\/04\/agenda_sortie_historique_festivals_fetes_ripailles_week_end_theme_medieval_moyen-age-178x300.jpg 178w\" sizes=\"(max-width: 131px) 100vw, 131px\" \/><\/a>Sujet<\/strong>\u00a0: f\u00eates m\u00e9di\u00e9vales, reconstitutions, animations, compagnies m\u00e9di\u00e9vales, agenda\u00a0m\u00e9di\u00e9val,\u00a0 march\u00e9 m\u00e9di\u00e9val, week-end<br \/>\n<strong>Lieu<\/strong>\u00a0:\u00a0Normandie,\u00a0Nouvelle-Aquitaine,\u00a0 Bourgogne-Franche-Comt\u00e9, Pays-de-Loire, Grand Est, Occitanie, Sud-ouest, Occitanie.<br \/>\n<strong>Ev\u00e9nement<\/strong><strong>:\u00a0<em>M\u00e9di\u00e9vales d\u2019ici et d\u2019ailleurs, ch\u00e2teaux en f\u00eate.<\/em><\/strong><br \/>\n<strong>Dates<\/strong>\u00a0:\u00a0du\u00a014 au\u00a015 juillet 2018<\/p>\n<p>Bonjour \u00e0 tous,<\/p>\n<p style=\"text-align: justify;\"><img decoding=\"async\" class=\"alignleft size-full wp-image-445\" src=\"https:\/\/www.moyenagepassion.com\/wp-content\/uploads\/2015\/12\/P_lettrine_moyen_age_passion-copia.jpg\" alt=\"P_lettrine_moyen_age_passion copia\" width=\"96\" height=\"103\" \/>our ce week-end du 14 juillet, alors que l&rsquo;on c\u00e9l\u00e9brera un peu partout sur le territoire les grandes f\u00eates nationales d&rsquo;usage, les m\u00e9di\u00e9vistes ne baisseront pas, pour autant, la garde, loin de l\u00e0, et on pourra, dans bien des cit\u00e9s, les trouver aux c\u00f4t\u00e9s des d\u00e9fil\u00e9s habituels, croisant le fer ou encore chantant et ripaillant.<\/p>\n<p style=\"text-align: justify;\">Nous avons d\u00e9j\u00e0 mentionn\u00e9 ici les\u00a0<a href=\"https:\/\/www.moyenagepassion.com\/index.php\/2018\/07\/12\/les-46emes-fetes-medievales-du-grand-fauconnier-de-cordes-sur-ciel\/\" target=\"_blank\" rel=\"noopener noreferrer\">f\u00eates m\u00e9di\u00e9vales du Grand Fauconnier \u00e0 Cordes-sur-Ciel<\/a>\u00a0mais aussi les\u00a0<a href=\"http:\/\/Retour de la l\u00e9gende du Volo Bi\u00f2u pour les 32\u00e8mes M\u00e9di\u00e9vales de Saint-Ambroix\" target=\"_blank\" rel=\"noopener noreferrer\">M\u00e9di\u00e9vales\u00a0du Volo Bi\u00f2u\u00a0\u00e0 Saint-Ambroix<\/a>\u00a0et voici donc quelques rejouissances de plus, aux couleurs du moyen-\u00e2ge, pr\u00e8s de chez vous.<\/p>\n<h2>M\u00e9di\u00e9vales d&rsquo;ici et d&rsquo;ailleurs<\/h2>\n<table width=\"\u00bb475\u2033\" cellspacing=\"\u00bb0\u2033\" cellpadding=\"\u00bb0\u2033\">\n<tbody>\n<tr>\n<td>\u00a0<a href=\"https:\/\/www.moyenagepassion.com\/wp-content\/uploads\/2018\/07\/fetes_medievale_animations_reconstitution_moyen-age_chateau_saint-mesmin_vendee.jpg\"><img decoding=\"async\" class=\"alignnone wp-image-22470 size-full\" src=\"https:\/\/www.moyenagepassion.com\/wp-content\/uploads\/2018\/07\/fetes_medievale_animations_reconstitution_moyen-age_chateau_saint-mesmin_vendee.jpg\" alt=\"fetes_medievale_animations_reconstitution_moyen-age_chateau_saint-mesmin_vendee\" width=\"400\" height=\"600\" srcset=\"https:\/\/www.moyenagepassion.com\/wp-content\/uploads\/2018\/07\/fetes_medievale_animations_reconstitution_moyen-age_chateau_saint-mesmin_vendee.jpg 400w, https:\/\/www.moyenagepassion.com\/wp-content\/uploads\/2018\/07\/fetes_medievale_animations_reconstitution_moyen-age_chateau_saint-mesmin_vendee-200x300.jpg 200w\" sizes=\"(max-width: 400px) 100vw, 400px\" \/><\/a><\/p>\n<p><strong>Animations m\u00e9di\u00e9vales au<br \/>\nCh\u00e2teau de Saint-Mesmin<br \/>\nLieu<\/strong>\u00a0:\u00a0 Saint-Andr\u00e9-sur-S\u00e8vre, Deux-S\u00e8vres, Nouvelle-Aquitaine<br \/>\n<em>\u00ab\u00a0Portrait de chevalier\u00a0\u00bb<\/em><br \/>\ncombats, duels, adoubement, etc&#8230;<br \/>\n<a href=\"https:\/\/www.chateau-saintmesmin.com\/\" target=\"_blank\" rel=\"noopener noreferrer\">Site officiel du ch\u00e2teau <\/a><\/td>\n<td>\u00a0<a href=\"https:\/\/www.moyenagepassion.com\/wp-content\/uploads\/2018\/07\/medievales_cerisy-la-foret_normandie_animations_medievales_2018.jpg\"><img decoding=\"async\" class=\"alignnone wp-image-22472 size-full\" src=\"https:\/\/www.moyenagepassion.com\/wp-content\/uploads\/2018\/07\/medievales_cerisy-la-foret_normandie_animations_medievales_2018.jpg\" alt=\"medievales_cerisy-la-foret_normandie_animations_medievales_2018\" width=\"400\" height=\"600\" srcset=\"https:\/\/www.moyenagepassion.com\/wp-content\/uploads\/2018\/07\/medievales_cerisy-la-foret_normandie_animations_medievales_2018.jpg 400w, https:\/\/www.moyenagepassion.com\/wp-content\/uploads\/2018\/07\/medievales_cerisy-la-foret_normandie_animations_medievales_2018-200x300.jpg 200w\" sizes=\"(max-width: 400px) 100vw, 400px\" \/><\/a><\/p>\n<p><strong>La 3\u00e9me F\u00eate M\u00e9di\u00e9vale<br \/>\nde Cerisy-la-For\u00eat<br \/>\nLieu<\/strong>\u00a0:\u00a0 Cerisy-la-For\u00eat<br \/>\nManche, Normandie<br \/>\nAnimations, campements viking, march\u00e9 m\u00e9di\u00e9val<br \/>\n<a href=\"https:\/\/www.facebook.com\/events\/1652368558173873\/\" target=\"_blank\" rel=\"noopener noreferrer\">FB de l\u2019\u00e9v\u00e9nement<\/a><\/td>\n<\/tr>\n<tr>\n<td><a href=\"https:\/\/www.moyenagepassion.com\/wp-content\/uploads\/2018\/07\/fetes_animations_medievales_chateau_couches_2018.jpg\"><img decoding=\"async\" class=\"alignnone wp-image-22478 size-full\" src=\"https:\/\/www.moyenagepassion.com\/wp-content\/uploads\/2018\/07\/fetes_animations_medievales_chateau_couches_2018.jpg\" alt=\"fetes_animations_medievales_chateau_couches_2018\" width=\"400\" height=\"600\" srcset=\"https:\/\/www.moyenagepassion.com\/wp-content\/uploads\/2018\/07\/fetes_animations_medievales_chateau_couches_2018.jpg 400w, https:\/\/www.moyenagepassion.com\/wp-content\/uploads\/2018\/07\/fetes_animations_medievales_chateau_couches_2018-200x300.jpg 200w\" sizes=\"(max-width: 400px) 100vw, 400px\" \/><\/a><\/p>\n<p><strong>Les\u00a0M\u00e9di\u00e9vales<br \/>\ndu ch\u00e2teau de Couches<br \/>\n<\/strong><strong>Lieu<\/strong>\u00a0:\u00a0\u00a0Couches,\u00a0Sa\u00f4ne-et-Loire, Bourgogne-Franche-Comt\u00e9<br \/>\nAnimations, campements Spectacles \u00e9questres<br \/>\n<a href=\"https:\/\/www.chateaudecouches.com\/evenements\/festival-les-medievales\/\" target=\"_blank\" rel=\"noopener noreferrer\">Site de l\u2019\u00e9v\u00e9nement<\/a>\u00a0\u2013\u00a0<a href=\"https:\/\/www.chateaudecouches.com\/wp-content\/uploads\/2018\/06\/Programme-m%C3%A9di%C3%A9vale-2018-1.pdf\" target=\"_blank\" rel=\"noopener noreferrer\">Programme<\/a><\/td>\n<td><a href=\"https:\/\/www.moyenagepassion.com\/wp-content\/uploads\/2018\/07\/chateau_Rilhac_lastours_animations_camp_medieval_nouvelle_aquitaine.jpg\"><img decoding=\"async\" class=\"alignnone wp-image-22474 size-full\" src=\"https:\/\/www.moyenagepassion.com\/wp-content\/uploads\/2018\/07\/chateau_Rilhac_lastours_animations_camp_medieval_nouvelle_aquitaine.jpg\" alt=\"chateau_Rilhac_lastours_animations_camp_medieval_nouvelle_aquitaine\" width=\"400\" height=\"600\" srcset=\"https:\/\/www.moyenagepassion.com\/wp-content\/uploads\/2018\/07\/chateau_Rilhac_lastours_animations_camp_medieval_nouvelle_aquitaine.jpg 400w, https:\/\/www.moyenagepassion.com\/wp-content\/uploads\/2018\/07\/chateau_Rilhac_lastours_animations_camp_medieval_nouvelle_aquitaine-200x300.jpg 200w\" sizes=\"(max-width: 400px) 100vw, 400px\" \/><\/a><\/p>\n<p><strong>Animations\u00a0M\u00e9di\u00e9vales<br \/>\nau ch\u00e2teau de Lastours<br \/>\n<\/strong><strong>Lieu<\/strong>\u00a0:\u00a0 Rilhac-Lastours, Haute-Vienne, Nouvelle-Aquitaine<br \/>\ncamp m\u00e9di\u00e9val, armes et escrime anciennes, jeux d&rsquo;aventure<br \/>\n<a href=\"https:\/\/www.facebook.com\/chateaudelastours\/\" target=\"_blank\" rel=\"noopener noreferrer\">FB de l\u2019\u00e9v\u00e9nement<\/a>\u00a0\u2013 <a href=\"http:\/\/www.chateau-de-lastours.fr\/articles\/articles.php?cat=3&amp;id=24\" target=\"_blank\" rel=\"noopener noreferrer\">Site du ch\u00e2teau<\/a><\/td>\n<\/tr>\n<tr>\n<td><a href=\"https:\/\/www.moyenagepassion.com\/wp-content\/uploads\/2018\/07\/bayonne_animations_marche_medieval_2018_Pays_basque.jpg\"><img decoding=\"async\" class=\"alignnone wp-image-22473 size-full\" src=\"https:\/\/www.moyenagepassion.com\/wp-content\/uploads\/2018\/07\/bayonne_animations_marche_medieval_2018_Pays_basque.jpg\" alt=\"bayonne_animations_marche_medieval_2018_Pays_basque\" width=\"400\" height=\"600\" srcset=\"https:\/\/www.moyenagepassion.com\/wp-content\/uploads\/2018\/07\/bayonne_animations_marche_medieval_2018_Pays_basque.jpg 400w, https:\/\/www.moyenagepassion.com\/wp-content\/uploads\/2018\/07\/bayonne_animations_marche_medieval_2018_Pays_basque-200x300.jpg 200w\" sizes=\"(max-width: 400px) 100vw, 400px\" \/><\/a><\/p>\n<p><strong>Le 28\u00e8me March\u00e9 M\u00e9di\u00e9val<br \/>\nde Bayonne<br \/>\n<\/strong><strong>Lieu<\/strong>\u00a0:\u00a0 Bayonne,<br \/>\nPays basque, Sud-ouest<br \/>\nAnimations,\u00a0March\u00e9 m\u00e9di\u00e9val<br \/>\n<a href=\"http:\/\/www.bayonne.fr\/actualites\/56-toutes-les-actualites\/9572-marche-medieval-changez-dere.html\" target=\"_blank\" rel=\"noopener noreferrer\">Site de la municipalit\u00e9<\/a><\/td>\n<td><a href=\"https:\/\/www.moyenagepassion.com\/wp-content\/uploads\/2018\/07\/fetes_agenda_moyen-age_festif_ch\u00e2teau_blanc-buisson.jpg\"><img decoding=\"async\" class=\"alignnone wp-image-22471 size-full\" src=\"https:\/\/www.moyenagepassion.com\/wp-content\/uploads\/2018\/07\/fetes_agenda_moyen-age_festif_ch\u00e2teau_blanc-buisson.jpg\" alt=\"fetes_agenda_moyen-age_festif_ch\u00e2teau_blanc-buisson\" width=\"400\" height=\"600\" srcset=\"https:\/\/www.moyenagepassion.com\/wp-content\/uploads\/2018\/07\/fetes_agenda_moyen-age_festif_ch\u00e2teau_blanc-buisson.jpg 400w, https:\/\/www.moyenagepassion.com\/wp-content\/uploads\/2018\/07\/fetes_agenda_moyen-age_festif_ch\u00e2teau_blanc-buisson-200x300.jpg 200w\" sizes=\"(max-width: 400px) 100vw, 400px\" \/><\/a><\/p>\n<p><strong>Les 3e f\u00eates m\u00e9di\u00e9vales du Ch\u00e2teau du Blanc Buisson<br \/>\n<\/strong><strong>Lieu<\/strong>\u00a0:\u00a0 Saint-Pierre-du-Mesnil,<br \/>\nEure, Normandie<br \/>\njoutes,\u00a0animations, spectacles.<br \/>\n<a href=\"https:\/\/www.blancbuisson.com\/fete-medievale\" target=\"_blank\" rel=\"noopener noreferrer\">Site de l\u2019\u00e9v\u00e9nement<\/a><\/td>\n<\/tr>\n<tr>\n<td><a href=\"https:\/\/www.moyenagepassion.com\/wp-content\/uploads\/2018\/07\/fetes_medievales_marche_animations_ch\u00e2teau_de_sigournais_vendee_loire.jpg\"><img decoding=\"async\" class=\"alignnone wp-image-22475 size-full\" src=\"https:\/\/www.moyenagepassion.com\/wp-content\/uploads\/2018\/07\/fetes_medievales_marche_animations_ch\u00e2teau_de_sigournais_vendee_loire.jpg\" alt=\"fetes_medievales_marche_animations_ch\u00e2teau_de_sigournais_vendee_loire\" width=\"400\" height=\"600\" srcset=\"https:\/\/www.moyenagepassion.com\/wp-content\/uploads\/2018\/07\/fetes_medievales_marche_animations_ch\u00e2teau_de_sigournais_vendee_loire.jpg 400w, https:\/\/www.moyenagepassion.com\/wp-content\/uploads\/2018\/07\/fetes_medievales_marche_animations_ch\u00e2teau_de_sigournais_vendee_loire-200x300.jpg 200w\" sizes=\"(max-width: 400px) 100vw, 400px\" \/><\/a><\/p>\n<p><strong>La 1er M\u00e9di\u00e9vale<br \/>\ndu Ch\u00e2teau de Sigournais,<br \/>\nLieu<\/strong>\u00a0:\u00a0 Sigournais, Vend\u00e9e,<br \/>\nPays de la Loire<br \/>\nReconstitution historique, campement,\u00a0 banquet<br \/>\n<a href=\"https:\/\/www.facebook.com\/Ch%C3%A2teau-de-Sigournais-1757905641094218\/\" target=\"_blank\" rel=\"noopener noreferrer\">FB de l\u2019\u00e9v\u00e9nement<\/a>\u00a0\u2013\u00a0<a href=\"http:\/\/www.chateau-sigournais.fr\/\" target=\"_blank\" rel=\"noopener noreferrer\">Site du ch\u00e2teau<\/a><\/td>\n<td><a href=\"https:\/\/www.moyenagepassion.com\/wp-content\/uploads\/2018\/07\/fetes_medievale-fantastique_Mormal_locquignol_2018.jpg\"><img decoding=\"async\" class=\"alignnone wp-image-22477 size-full\" src=\"https:\/\/www.moyenagepassion.com\/wp-content\/uploads\/2018\/07\/fetes_medievale-fantastique_Mormal_locquignol_2018.jpg\" alt=\"fetes_medievale-fantastique_Mormal_locquignol_2018\" width=\"400\" height=\"600\" srcset=\"https:\/\/www.moyenagepassion.com\/wp-content\/uploads\/2018\/07\/fetes_medievale-fantastique_Mormal_locquignol_2018.jpg 400w, https:\/\/www.moyenagepassion.com\/wp-content\/uploads\/2018\/07\/fetes_medievale-fantastique_Mormal_locquignol_2018-200x300.jpg 200w\" sizes=\"(max-width: 400px) 100vw, 400px\" \/><\/a><\/p>\n<p><strong>Les M\u00e9di\u00e9vales Fantastiques<br \/>\nde Mormal<br \/>\n<\/strong><strong>Lieu<\/strong>\u00a0:\u00a0 Locquignol,<br \/>\nNord, Hauts-de-France<br \/>\nAnimations, spectacles, tournois de joutes, th\u00e9\u00e2tre, etc&#8230;<br \/>\n<a href=\"https:\/\/www.facebook.com\/MedievalesdeMormal\/\" target=\"_blank\" rel=\"noopener noreferrer\">FB de l\u2019\u00e9v\u00e9nement<\/a>\u00a0 \u00a0<a href=\"http:\/\/medievales-mormal.fr\/\" target=\"_blank\" rel=\"noopener noreferrer\">Site officiel<\/a><\/td>\n<\/tr>\n<tr>\n<td><a href=\"https:\/\/www.moyenagepassion.com\/wp-content\/uploads\/2018\/07\/animations_fetes_moyen-age_campements_reconstitution_chateau_essor_blinois_blain.jpg\"><img decoding=\"async\" class=\"alignnone wp-image-22266 size-full\" src=\"https:\/\/www.moyenagepassion.com\/wp-content\/uploads\/2018\/07\/animations_fetes_moyen-age_campements_reconstitution_chateau_essor_blinois_blain.jpg\" alt=\"animations_fetes_moyen-age_campements_reconstitution_chateau_essor_blinois_blain\" width=\"400\" height=\"600\" srcset=\"https:\/\/www.moyenagepassion.com\/wp-content\/uploads\/2018\/07\/animations_fetes_moyen-age_campements_reconstitution_chateau_essor_blinois_blain.jpg 400w, https:\/\/www.moyenagepassion.com\/wp-content\/uploads\/2018\/07\/animations_fetes_moyen-age_campements_reconstitution_chateau_essor_blinois_blain-200x300.jpg 200w\" sizes=\"(max-width: 400px) 100vw, 400px\" \/><\/a><\/p>\n<p><strong>Journ\u00e9es M\u00e9di\u00e9vales au ch\u00e2teau<br \/>\n<\/strong><strong>Lieu<\/strong>\u00a0:\u00a0 Ch\u00e2teau Essor Blinois, Blain,\u00a0Loire-Atlantique,<br \/>\nPays de la Loire<br \/>\nCampements m\u00e9di\u00e9vaux,<br \/>\n<a href=\"https:\/\/www.facebook.com\/chateauessorblinoisjoutesdarchers\/\" target=\"_blank\" rel=\"noopener noreferrer\">FB \u00e9v\u00e9nement<\/a>\u00a0 \u00a0<a href=\"https:\/\/www.moyenagepassion.com\/index.php\/tag\/blain\/\" target=\"_blank\" rel=\"noopener noreferrer\">Article\u00a0d\u00e9taill\u00e9<\/a><\/td>\n<td><a href=\"https:\/\/www.moyenagepassion.com\/wp-content\/uploads\/2018\/07\/fete_medievale_le_bosc_herault_occitanie.jpg\"><img decoding=\"async\" class=\"alignnone wp-image-22476 size-full\" src=\"https:\/\/www.moyenagepassion.com\/wp-content\/uploads\/2018\/07\/fete_medievale_le_bosc_herault_occitanie.jpg\" alt=\"fete_medievale_le_bosc_herault_occitanie\" width=\"400\" height=\"600\" srcset=\"https:\/\/www.moyenagepassion.com\/wp-content\/uploads\/2018\/07\/fete_medievale_le_bosc_herault_occitanie.jpg 400w, https:\/\/www.moyenagepassion.com\/wp-content\/uploads\/2018\/07\/fete_medievale_le_bosc_herault_occitanie-200x300.jpg 200w\" sizes=\"(max-width: 400px) 100vw, 400px\" \/><\/a><\/p>\n<p><strong>Les 2e M\u00e9di\u00e9vales du Bosc<br \/>\n<\/strong><strong>Lieu<\/strong>\u00a0:\u00a0 Le Bosc,<br \/>\nH\u00e9rault, Occitanie<br \/>\nCompagnies, animations, march\u00e9 m\u00e9di\u00e9val<br \/>\n<a href=\"https:\/\/www.facebook.com\/events\/188370035208276\/\" target=\"_blank\" rel=\"noopener noreferrer\">FB de l\u2019\u00e9v\u00e9nement<\/a><\/td>\n<\/tr>\n<\/tbody>\n<\/table>\n<p>En vous souhaitant un excellent week-end du 14 juillet !<\/p>\n<p>Fred<\/p>\n<p>Pour moyenagepassion.com<br \/>\n<em><strong>A la d\u00e9couverte du monde m\u00e9di\u00e9val sous toutes ses formes<\/strong><\/em><\/p>\n","protected":false},"excerpt":{"rendered":"<p>Sujet\u00a0: f\u00eates m\u00e9di\u00e9vales, reconstitutions, animations, compagnies m\u00e9di\u00e9vales, agenda\u00a0m\u00e9di\u00e9val,\u00a0 march\u00e9 m\u00e9di\u00e9val, week-end Lieu\u00a0:\u00a0Normandie,\u00a0Nouvelle-Aquitaine,\u00a0 Bourgogne-Franche-Comt\u00e9, Pays-de-Loire, Grand Est, Occitanie, Sud-ouest, Occitanie. Ev\u00e9nement:\u00a0M\u00e9di\u00e9vales d\u2019ici et d\u2019ailleurs, ch\u00e2teaux en f\u00eate. Dates\u00a0:\u00a0du\u00a014 au\u00a015 juillet 2018 Bonjour \u00e0 tous, our ce week-end du 14 juillet, alors que l&rsquo;on c\u00e9l\u00e9brera un peu partout sur le territoire les grandes f\u00eates nationales d&rsquo;usage, les &hellip; <a href=\"https:\/\/www.moyenagepassion.com\/index.php\/2018\/07\/13\/agenda-week-end-chateaux-en-fete-et-animations-medievales-en-terre-de-france\/\" class=\"more-link\">Continuer la lecture de <span class=\"screen-reader-text\">Agenda week-end : ch\u00e2teaux en f\u00eate et animations m\u00e9di\u00e9vales en terre de France<\/span>  <span class=\"meta-nav\">&rarr;<\/span><\/a><\/p>\n","protected":false},"author":2,"featured_media":0,"comment_status":"open","ping_status":"open","sticky":false,"template":"","format":"standard","meta":{"_monsterinsights_skip_tracking":false,"_monsterinsights_sitenote_active":false,"_monsterinsights_sitenote_note":"","_monsterinsights_sitenote_category":0,"footnotes":""},"categories":[11],"tags":[1391,2529,443,2753,1438,636,22,2489,182,18,3063,2772,2674],"class_list":["post-22469","post","type-post","status-publish","format-standard","hentry","category-fetes-medievales-evenement","tag-agenda","tag-animations-medievales","tag-chateaux","tag-evocation","tag-marche","tag-marche-medieval","tag-medievale","tag-medieviste","tag-monde-medieval","tag-moyen-age","tag-moyen-age-festif","tag-sorties-historiques","tag-troupes-medievales"],"aioseo_notices":[],"_links":{"self":[{"href":"https:\/\/www.moyenagepassion.com\/index.php\/wp-json\/wp\/v2\/posts\/22469"}],"collection":[{"href":"https:\/\/www.moyenagepassion.com\/index.php\/wp-json\/wp\/v2\/posts"}],"about":[{"href":"https:\/\/www.moyenagepassion.com\/index.php\/wp-json\/wp\/v2\/types\/post"}],"author":[{"embeddable":true,"href":"https:\/\/www.moyenagepassion.com\/index.php\/wp-json\/wp\/v2\/users\/2"}],"replies":[{"embeddable":true,"href":"https:\/\/www.moyenagepassion.com\/index.php\/wp-json\/wp\/v2\/comments?post=22469"}],"version-history":[{"count":1,"href":"https:\/\/www.moyenagepassion.com\/index.php\/wp-json\/wp\/v2\/posts\/22469\/revisions"}],"predecessor-version":[{"id":34293,"href":"https:\/\/www.moyenagepassion.com\/index.php\/wp-json\/wp\/v2\/posts\/22469\/revisions\/34293"}],"wp:attachment":[{"href":"https:\/\/www.moyenagepassion.com\/index.php\/wp-json\/wp\/v2\/media?parent=22469"}],"wp:term":[{"taxonomy":"category","embeddable":true,"href":"https:\/\/www.moyenagepassion.com\/index.php\/wp-json\/wp\/v2\/categories?post=22469"},{"taxonomy":"post_tag","embeddable":true,"href":"https:\/\/www.moyenagepassion.com\/index.php\/wp-json\/wp\/v2\/tags?post=22469"}],"curies":[{"name":"wp","href":"https:\/\/api.w.org\/{rel}","templated":true}]}}