{"id":22564,"date":"2018-07-17T23:47:21","date_gmt":"2018-07-17T22:47:21","guid":{"rendered":"http:\/\/www.moyenagepassion.com\/?p=22564"},"modified":"2020-10-04T19:50:55","modified_gmt":"2020-10-04T18:50:55","slug":"agenda-aux-portes-de-la-fete-medievale-des-remparts-de-dinan","status":"publish","type":"post","link":"https:\/\/www.moyenagepassion.com\/index.php\/2018\/07\/17\/agenda-aux-portes-de-la-fete-medievale-des-remparts-de-dinan\/","title":{"rendered":"Agenda : aux portes de la f\u00eate m\u00e9di\u00e9vale des remparts de Dinan"},"content":{"rendered":"<div id=\"moyen-1237606939\" class=\"moyen-before-content moyen-entity-placement\"><script async src=\"\/\/pagead2.googlesyndication.com\/pagead\/js\/adsbygoogle.js?client=ca-pub-3035390706780632\" crossorigin=\"anonymous\"><\/script><ins class=\"adsbygoogle\" style=\"display:block;\" data-ad-client=\"ca-pub-3035390706780632\" \ndata-ad-slot=\"\" \ndata-ad-format=\"auto\"><\/ins>\n<script> \n(adsbygoogle = window.adsbygoogle || []).push({}); \n<\/script>\n<\/div><p><strong><a href=\"https:\/\/www.moyenagepassion.com\/wp-content\/uploads\/2018\/04\/fete_festival_medieval_remparts_dinan_animations_compagnies_reconstituteurs_moyen-age.jpg\"><img decoding=\"async\" class=\" wp-image-20669 alignleft\" src=\"https:\/\/www.moyenagepassion.com\/wp-content\/uploads\/2018\/04\/fete_festival_medieval_remparts_dinan_animations_compagnies_reconstituteurs_moyen-age.jpg\" alt=\"fete_festival_medieval_remparts_dinan_animations_compagnies_reconstituteurs_moyen-age\" width=\"88\" height=\"157\" \/><\/a>Sujet<\/strong>\u00a0: f\u00eates historiques, festival m\u00e9di\u00e9val europ\u00e9en, compagnies m\u00e9di\u00e9vales. festival historique. animations m\u00e9di\u00e9vales<br \/>\n<strong>P\u00e9riode<\/strong> : grand moyen-\u00e2ge, du Ve au XVe si\u00e8cle.<br \/>\n<strong>Ev\u00e9nement<\/strong>\u00a0: F\u00eate des Remparts de Dinan 2018, 1000 ans d\u2019Histoire<br \/>\n<strong>Lieu<\/strong>\u00a0: Dinan, C\u00f4tes-d\u2019Armor (Bretagne)<br \/>\n<strong>Date<\/strong>\u00a0: les 21\u00a0 et 22 juillet 2018<\/p>\n<p style=\"text-align: justify;\">Bonjour \u00e0 tous,<\/p>\n<p style=\"text-align: justify;\"><img decoding=\"async\" class=\"alignleft size-full wp-image-162\" src=\"https:\/\/www.moyenagepassion.com\/wp-content\/uploads\/2015\/12\/N_lettrine_moyen_age_passion.jpg\" alt=\"N_lettrine_moyen_age_passion\" width=\"84\" height=\"103\" \/>ous faisons simplement, ici, un petit rappel sur l&rsquo;agenda m\u00e9di\u00e9val.\u00a0Du c\u00f4t\u00e9 des C\u00f4tes-d&rsquo;Armor, se tiendra, en effet, ce week-end, la tr\u00e8s attendue <em><strong>F\u00eate des Remparts de Dinan<\/strong><\/em>,<\/p>\n<p style=\"text-align: justify;\">Cette grande c\u00e9l\u00e9bration accueille, chaque ann\u00e9e, pr\u00e8s de 100 000 visiteurs et des centaines de m\u00e9di\u00e9vistes (troupes, musiciens, artistes, com\u00e9diens, reconstituteurs, &#8230;) y sont\u00a0invit\u00e9s pour faire revivre la cit\u00e9 aux heures du moyen-\u00e2ge : animations, spectacles, tournois de chevalerie, campements, march\u00e9 m\u00e9di\u00e9val, bal et concerts. Tout est au rendez-vous pour garantir la r\u00e9ussite de cette f\u00eate.<\/p>\n<p style=\"text-align: justify;\">Comme nous avions d\u00e9j\u00e0\u00a0<a href=\"https:\/\/www.moyenagepassion.com\/index.php\/2018\/04\/18\/en-juillet-moyen-age-1000-ans-dhistoire-a-revivre-a-la-grande-fete-des-remparts-de-dinan\/\"><img decoding=\"async\" class=\"alignright wp-image-20665\" src=\"https:\/\/www.moyenagepassion.com\/wp-content\/uploads\/2018\/04\/agenda_fete_medievale_remparts_dinan_festival_europeen_moyen-age_bretagne.jpg\" alt=\"agenda_fete_medievale_remparts_dinan_festival_europeen_moyen-age_bretagne\" width=\"189\" height=\"268\" srcset=\"https:\/\/www.moyenagepassion.com\/wp-content\/uploads\/2018\/04\/agenda_fete_medievale_remparts_dinan_festival_europeen_moyen-age_bretagne.jpg 750w, https:\/\/www.moyenagepassion.com\/wp-content\/uploads\/2018\/04\/agenda_fete_medievale_remparts_dinan_festival_europeen_moyen-age_bretagne-212x300.jpg 212w, https:\/\/www.moyenagepassion.com\/wp-content\/uploads\/2018\/04\/agenda_fete_medievale_remparts_dinan_festival_europeen_moyen-age_bretagne-724x1024.jpg 724w\" sizes=\"(max-width: 189px) 100vw, 189px\" \/><\/a>d\u00e9di\u00e9 un article complet\u00a0\u00e0 cette derni\u00e8re, nous ne pouvons que vous inviter \u00e0 le consulter :\u00a0 <a href=\"https:\/\/www.moyenagepassion.com\/index.php\/2018\/04\/18\/en-juillet-moyen-age-1000-ans-dhistoire-a-revivre-a-la-grande-fete-des-remparts-de-dinan\/\" target=\"_blank\" rel=\"noopener noreferrer\">d\u00e9couvrir le programme d\u00e9taill\u00e9 de la f\u00eate des remparts 2018\u00a0<\/a><\/p>\n<p style=\"text-align: justify;\">Si vous vous tenez du c\u00f4t\u00e9 de la r\u00e9gion bretonne, cette fin de semaine, avec l&rsquo;envie de vous d\u00e9payser et de festoyer et ripailler, en remontant le temps de quelques si\u00e8cles, c&rsquo;est v\u00e9ritablement un \u00e9v\u00e9nement \u00e0 ne pas manquer.<\/p>\n<p>En vous souhaitant une excellente journ\u00e9e.<\/p>\n<p>Fr\u00e9d<br \/>\nPour moyenagepassion.com<br \/>\n<em><strong>A la d\u00e9couverte du monde m\u00e9di\u00e9val sous toutes ses formes<\/strong><\/em><\/p>\n","protected":false},"excerpt":{"rendered":"<p>Sujet\u00a0: f\u00eates historiques, festival m\u00e9di\u00e9val europ\u00e9en, compagnies m\u00e9di\u00e9vales. festival historique. animations m\u00e9di\u00e9vales P\u00e9riode : grand moyen-\u00e2ge, du Ve au XVe si\u00e8cle. Ev\u00e9nement\u00a0: F\u00eate des Remparts de Dinan 2018, 1000 ans d\u2019Histoire Lieu\u00a0: Dinan, C\u00f4tes-d\u2019Armor (Bretagne) Date\u00a0: les 21\u00a0 et 22 juillet 2018 Bonjour \u00e0 tous, ous faisons simplement, ici, un petit rappel sur l&rsquo;agenda m\u00e9di\u00e9val.\u00a0Du &hellip; <a href=\"https:\/\/www.moyenagepassion.com\/index.php\/2018\/07\/17\/agenda-aux-portes-de-la-fete-medievale-des-remparts-de-dinan\/\" class=\"more-link\">Continuer la lecture de <span class=\"screen-reader-text\">Agenda : aux portes de la f\u00eate m\u00e9di\u00e9vale des remparts de Dinan<\/span>  <span class=\"meta-nav\">&rarr;<\/span><\/a><\/p>\n","protected":false},"author":2,"featured_media":0,"comment_status":"open","ping_status":"open","sticky":false,"template":"","format":"standard","meta":{"_monsterinsights_skip_tracking":false,"_monsterinsights_sitenote_active":false,"_monsterinsights_sitenote_note":"","_monsterinsights_sitenote_category":0,"footnotes":""},"categories":[11],"tags":[1391,2529,742,1835,3934,22,18],"class_list":["post-22564","post","type-post","status-publish","format-standard","hentry","category-fetes-medievales-evenement","tag-agenda","tag-animations-medievales","tag-bretagne","tag-dinan","tag-fetes-des-remparts","tag-medievale","tag-moyen-age"],"aioseo_notices":[],"_links":{"self":[{"href":"https:\/\/www.moyenagepassion.com\/index.php\/wp-json\/wp\/v2\/posts\/22564"}],"collection":[{"href":"https:\/\/www.moyenagepassion.com\/index.php\/wp-json\/wp\/v2\/posts"}],"about":[{"href":"https:\/\/www.moyenagepassion.com\/index.php\/wp-json\/wp\/v2\/types\/post"}],"author":[{"embeddable":true,"href":"https:\/\/www.moyenagepassion.com\/index.php\/wp-json\/wp\/v2\/users\/2"}],"replies":[{"embeddable":true,"href":"https:\/\/www.moyenagepassion.com\/index.php\/wp-json\/wp\/v2\/comments?post=22564"}],"version-history":[{"count":1,"href":"https:\/\/www.moyenagepassion.com\/index.php\/wp-json\/wp\/v2\/posts\/22564\/revisions"}],"predecessor-version":[{"id":34289,"href":"https:\/\/www.moyenagepassion.com\/index.php\/wp-json\/wp\/v2\/posts\/22564\/revisions\/34289"}],"wp:attachment":[{"href":"https:\/\/www.moyenagepassion.com\/index.php\/wp-json\/wp\/v2\/media?parent=22564"}],"wp:term":[{"taxonomy":"category","embeddable":true,"href":"https:\/\/www.moyenagepassion.com\/index.php\/wp-json\/wp\/v2\/categories?post=22564"},{"taxonomy":"post_tag","embeddable":true,"href":"https:\/\/www.moyenagepassion.com\/index.php\/wp-json\/wp\/v2\/tags?post=22564"}],"curies":[{"name":"wp","href":"https:\/\/api.w.org\/{rel}","templated":true}]}}