{"id":22775,"date":"2018-07-25T09:42:54","date_gmt":"2018-07-25T08:42:54","guid":{"rendered":"http:\/\/www.moyenagepassion.com\/?p=22775"},"modified":"2020-10-05T01:51:57","modified_gmt":"2020-10-05T00:51:57","slug":"lete-a-foix-de-grandes-fetes-medievales-et-un-spectacle-historique-pour-revivre-toute-lhistoire-de-lariege-en-son-lumiere","status":"publish","type":"post","link":"https:\/\/www.moyenagepassion.com\/index.php\/2018\/07\/25\/lete-a-foix-de-grandes-fetes-medievales-et-un-spectacle-historique-pour-revivre-toute-lhistoire-de-lariege-en-son-lumiere\/","title":{"rendered":"L&rsquo;\u00e9t\u00e9 \u00e0 Foix : de grandes f\u00eates m\u00e9di\u00e9vales et un spectacle historique pour revivre toute l&rsquo;Histoire de l&rsquo;Ari\u00e8ge en Son &#038; Lumi\u00e8re"},"content":{"rendered":"<div id=\"moyen-4205439235\" class=\"moyen-before-content moyen-entity-placement\"><script async src=\"\/\/pagead2.googlesyndication.com\/pagead\/js\/adsbygoogle.js?client=ca-pub-3035390706780632\" crossorigin=\"anonymous\"><\/script><ins class=\"adsbygoogle\" style=\"display:block;\" data-ad-client=\"ca-pub-3035390706780632\" \ndata-ad-slot=\"\" \ndata-ad-format=\"auto\"><\/ins>\n<script> \n(adsbygoogle = window.adsbygoogle || []).push({}); \n<\/script>\n<\/div><p><strong><a href=\"https:\/\/www.moyenagepassion.com\/wp-content\/uploads\/2018\/07\/foix_terre_histoire_fetes_medievales_spectacle_historique.jpg\"><img decoding=\"async\" class=\"alignleft wp-image-22788\" src=\"https:\/\/www.moyenagepassion.com\/wp-content\/uploads\/2018\/07\/foix_terre_histoire_fetes_medievales_spectacle_historique.jpg\" alt=\"foix_terre_'histoire_fetes_medievales_spectacle_historique\" width=\"167\" height=\"200\" srcset=\"https:\/\/www.moyenagepassion.com\/wp-content\/uploads\/2018\/07\/foix_terre_histoire_fetes_medievales_spectacle_historique.jpg 566w, https:\/\/www.moyenagepassion.com\/wp-content\/uploads\/2018\/07\/foix_terre_histoire_fetes_medievales_spectacle_historique-251x300.jpg 251w\" sizes=\"(max-width: 167px) 100vw, 167px\" \/><\/a>Sujet<\/strong>\u00a0: agenda, f\u00eates historiques, animations. histoire, Ari\u00e8ge, f\u00eates.<br \/>\n<strong>P\u00e9riode<\/strong>\u00a0: de la pr\u00e9histoire aux d\u00e9buts du XXe si\u00e8cle, moyen-\u00e2ge<br \/>\n<strong>Ev\u00e9nement<\/strong>\u00a0: Spectacle Historique\u00a02018 &amp;\u00a0F\u00eates m\u00e9di\u00e9vales d&rsquo;Ao\u00fbt<br \/>\n<strong>Lieu<\/strong>\u00a0: Foix, Ari\u00e8ge, Occitanie<br \/>\n<strong>Dates<\/strong>\u00a0: les\u00a0 <i>27, 28 juillet, ainsi que les 1, 2, 3, 4, 8, 9, 10 et 14 ao\u00fbt 2018<\/i><\/p>\n<p>Bonjour \u00e0 tous,<\/p>\n<p style=\"text-align: justify;\"><img decoding=\"async\" class=\"alignleft size-full wp-image-162\" src=\"https:\/\/www.moyenagepassion.com\/wp-content\/uploads\/2015\/12\/N_lettrine_moyen_age_passion.jpg\" alt=\"N_lettrine_moyen_age_passion\" width=\"84\" height=\"103\" \/>ous avons souvent parl\u00e9 ici des manifestations m\u00e9di\u00e9vales organis\u00e9es autour du <a href=\"https:\/\/www.moyenagepassion.com\/?s=Foix\" target=\"_blank\" rel=\"noopener noreferrer\">Ch\u00e2teau-fort de Foix<\/a> et de son histoire, mais de son c\u00f4t\u00e9, la belle cit\u00e9 ari\u00e9geoise ne demeure pas en reste puisqu&rsquo;elle propose en effet, chaque ann\u00e9e, ses propres \u00e9v\u00e9nements et c\u00e9l\u00e9brations historiques. En charge de leur organisation, on trouve notamment l&rsquo;Association\u00a0locale <strong>Foix Terre d&rsquo;Histoire,<\/strong> qui s&rsquo;enorgueillit de plus de soixante ans d&rsquo;existence.\u00a0 Nous avons donc le plaisir, ici, de vous annoncer deux des \u00e9v\u00e9nements majeurs autour de l&rsquo;Histoire et du Moyen-\u00e2ge\u00a0 qui vous attendent sur place, cet \u00e9t\u00e9, dont un d\u00e9bute rien moins que cette fin de semaine.<\/p>\n<p style=\"text-align: justify;\"><a href=\"https:\/\/www.moyenagepassion.com\/wp-content\/uploads\/2018\/07\/foix_ariege_fetes_medievales_animations_spectacles_historiques_2018_Occitanie.jpg\"><img decoding=\"async\" class=\"alignnone size-full wp-image-22786\" src=\"https:\/\/www.moyenagepassion.com\/wp-content\/uploads\/2018\/07\/foix_ariege_fetes_medievales_animations_spectacles_historiques_2018_Occitanie.jpg\" alt=\"foix_ariege_fetes_medievales_animations_spectacles_historiques_2018_Occitanie\" width=\"732\" height=\"884\" srcset=\"https:\/\/www.moyenagepassion.com\/wp-content\/uploads\/2018\/07\/foix_ariege_fetes_medievales_animations_spectacles_historiques_2018_Occitanie.jpg 732w, https:\/\/www.moyenagepassion.com\/wp-content\/uploads\/2018\/07\/foix_ariege_fetes_medievales_animations_spectacles_historiques_2018_Occitanie-248x300.jpg 248w\" sizes=\"(max-width: 732px) 100vw, 732px\" \/><\/a><\/p>\n<h2 style=\"text-align: justify;\">Ari\u00e8ge, terre d&rsquo;Histoire :<br \/>\nle grand spectacle historique 2018<\/h2>\n<p style=\"text-align: justify;\">De la fin juillet \u00e0 la mi-ao\u00fbt, l&rsquo;Association Foix Terre d&rsquo;Histoire propose donc, chaque ann\u00e9e, un grand spectacle historique Son et Lumi\u00e8re, pour une dizaine de repr\u00e9sentations. Il se tient\u00a0au\u00a0coeur du th\u00e9\u00e2tre de verdure de l&rsquo;Espinet, belle esplanade qui compte les belles tours du ch\u00e2teau, en surplomb, comme \u00e9l\u00e9ment incomparable de son d\u00e9corum.<\/p>\n<p style=\"text-align: justify;\"><a href=\"https:\/\/www.moyenagepassion.com\/wp-content\/uploads\/2018\/07\/spectacle_historique_foix_terre_histoire_ari\u00e8ge_animations_medievales_sorties.jpg\"><img decoding=\"async\" class=\"wp-image-22779 alignright\" src=\"https:\/\/www.moyenagepassion.com\/wp-content\/uploads\/2018\/07\/spectacle_historique_foix_terre_histoire_ari\u00e8ge_animations_medievales_sorties.jpg\" alt=\"spectacle_historique_foix_terre_histoire_ari\u00e8ge_animations_medievales_sorties\" width=\"214\" height=\"302\" srcset=\"https:\/\/www.moyenagepassion.com\/wp-content\/uploads\/2018\/07\/spectacle_historique_foix_terre_histoire_ari\u00e8ge_animations_medievales_sorties.jpg 314w, https:\/\/www.moyenagepassion.com\/wp-content\/uploads\/2018\/07\/spectacle_historique_foix_terre_histoire_ari\u00e8ge_animations_medievales_sorties-212x300.jpg 212w\" sizes=\"(max-width: 214px) 100vw, 214px\" \/><\/a>Le th\u00e8me et le sc\u00e9nario changent \u00e0 chaque nouvelle saison, mais forts de leur longue exp\u00e9rience et de leur passion, les organisateurs s&rsquo;y investissent toujours \u00e0 plein pour en assurer la qualit\u00e9 et l&rsquo;ambition, appuy\u00e9s par nombre de professionnels mais aussi de b\u00e9n\u00e9voles.<\/p>\n<p style=\"text-align: justify;\">Cette ann\u00e9e, le d\u00e9fi\u00a0a donc \u00e9t\u00e9 de nouveau relev\u00e9 et\u00a0avec pr\u00e8s de deux-cent figurants, com\u00e9diens, artistes cavaliers et jongleurs,\u00a0 le spectacle s&rsquo;annonce de taille. De fait, il entend bien ravir ses nombreux spectateurs en les entra\u00eenant, pour cette \u00e9dition, \u00e0 la d\u00e9couverte de l&rsquo;Histoire de l&rsquo;Ari\u00e8ge : de la pr\u00e9histoire \u00e0 l&rsquo;aube du XXe si\u00e8cle, en passant, bien s\u00fbr, par le moyen-\u00e2ge.<\/p>\n<p style=\"text-align: justify;\">Comme nous l&rsquo;indiquions plus haut, la premi\u00e8re aura lieu ce vendredi soir et sera suivie d&rsquo;une dizaine de dates. Pour plus de d\u00e9tails sur les acc\u00e8s et tarifs, (des formules d\u00eener+spectacle sont m\u00eame disponibles)\u00a0voir le lien vers le site de l&rsquo;organisateur en pied d&rsquo;article.<\/p>\n<h2 style=\"text-align: justify;\">En Ao\u00fbt, Les m\u00e9di\u00e9vales<\/h2>\n<p style=\"text-align: justify;\">D&rsquo;un point de vue des c\u00e9l\u00e9brations plus \u00ab\u00a0strictement\u00a0\u00bb m\u00e9di\u00e9vales, on notera encore, sur l&rsquo;agenda, les 10, 11 et 12 ao\u00fbt prochain, puisque l&rsquo;Association organisera\u00a0aussi\u00a0une grande f\u00eate m\u00e9di\u00e9vale de\u00a0trois jours dans les rues de la cit\u00e9, avec\u00a0animations d&rsquo;\u00e9poque, campements\u00a0\u00a0<a href=\"https:\/\/www.moyenagepassion.com\/wp-content\/uploads\/2018\/07\/fetes_medievales_animations_historique_march\u00e9_foix_ariege_occitanie.jpg\"><img decoding=\"async\" class=\" wp-image-22783 alignleft\" src=\"https:\/\/www.moyenagepassion.com\/wp-content\/uploads\/2018\/07\/fetes_medievales_animations_historique_march\u00e9_foix_ariege_occitanie.jpg\" alt=\"fetes_medievales_animations_historique_march\u00e9_foix_ariege_occitanie\" width=\"211\" height=\"292\" srcset=\"https:\/\/www.moyenagepassion.com\/wp-content\/uploads\/2018\/07\/fetes_medievales_animations_historique_march\u00e9_foix_ariege_occitanie.jpg 400w, https:\/\/www.moyenagepassion.com\/wp-content\/uploads\/2018\/07\/fetes_medievales_animations_historique_march\u00e9_foix_ariege_occitanie-217x300.jpg 217w\" sizes=\"(max-width: 211px) 100vw, 211px\" \/><\/a>et spectacles, sans oublier encore le march\u00e9\u00a0m\u00e9di\u00e9val et ses \u00e9choppes.<\/p>\n<p style=\"text-align: justify;\">Pour ceux qui connaissent Foix, comme pour ceux d\u00e9sireux de d\u00e9couvrir le charme de ses belles ruelles et de ses vieilles pierres, ce sera l\u00e0 encore\u00a0une nouvelle occasion de s&rsquo;y rendre pour joindre \u00e0 la fl\u00e2nerie, de joyeux moments de divertissement.<\/p>\n<p><a href=\"https:\/\/www.foixterredhistoire.fr\" target=\"_blank\" rel=\"noopener noreferrer\">Site officiel <\/a>\u00a0&#8211; <a href=\"https:\/\/www.facebook.com\/terredhistoire\/\" target=\"_blank\" rel=\"noopener noreferrer\">Page Facebook\u00a0de Foix Terre d&rsquo;Histoire<\/a><\/p>\n<p>Une tr\u00e8s belle journ\u00e9e \u00e0 tous !<\/p>\n<p>Fred<br \/>\nPour moyenagepassion.com<br \/>\n<em><strong>A la d\u00e9couverte du monde m\u00e9di\u00e9val sous toutes ses formes<\/strong><\/em><\/p>\n","protected":false},"excerpt":{"rendered":"<p>Sujet\u00a0: agenda, f\u00eates historiques, animations. histoire, Ari\u00e8ge, f\u00eates. P\u00e9riode\u00a0: de la pr\u00e9histoire aux d\u00e9buts du XXe si\u00e8cle, moyen-\u00e2ge Ev\u00e9nement\u00a0: Spectacle Historique\u00a02018 &amp;\u00a0F\u00eates m\u00e9di\u00e9vales d&rsquo;Ao\u00fbt Lieu\u00a0: Foix, Ari\u00e8ge, Occitanie Dates\u00a0: les\u00a0 27, 28 juillet, ainsi que les 1, 2, 3, 4, 8, 9, 10 et 14 ao\u00fbt 2018 Bonjour \u00e0 tous, ous avons souvent parl\u00e9 ici &hellip; <a href=\"https:\/\/www.moyenagepassion.com\/index.php\/2018\/07\/25\/lete-a-foix-de-grandes-fetes-medievales-et-un-spectacle-historique-pour-revivre-toute-lhistoire-de-lariege-en-son-lumiere\/\" class=\"more-link\">Continuer la lecture de <span class=\"screen-reader-text\">L&rsquo;\u00e9t\u00e9 \u00e0 Foix : de grandes f\u00eates m\u00e9di\u00e9vales et un spectacle historique pour revivre toute l&rsquo;Histoire de l&rsquo;Ari\u00e8ge en Son &#038; Lumi\u00e8re<\/span>  <span class=\"meta-nav\">&rarr;<\/span><\/a><\/p>\n","protected":false},"author":2,"featured_media":0,"comment_status":"open","ping_status":"open","sticky":false,"template":"","format":"standard","meta":{"_monsterinsights_skip_tracking":false,"_monsterinsights_sitenote_active":false,"_monsterinsights_sitenote_note":"","_monsterinsights_sitenote_category":0,"footnotes":""},"categories":[11],"tags":[1350,1436,636,1227,182,1369,1833,3959],"class_list":["post-22775","post","type-post","status-publish","format-standard","hentry","category-fetes-medievales-evenement","tag-ariege","tag-foix","tag-marche-medieval","tag-medievales","tag-monde-medieval","tag-occitanie","tag-spectacles-historiques","tag-terre-dhistoire"],"aioseo_notices":[],"_links":{"self":[{"href":"https:\/\/www.moyenagepassion.com\/index.php\/wp-json\/wp\/v2\/posts\/22775"}],"collection":[{"href":"https:\/\/www.moyenagepassion.com\/index.php\/wp-json\/wp\/v2\/posts"}],"about":[{"href":"https:\/\/www.moyenagepassion.com\/index.php\/wp-json\/wp\/v2\/types\/post"}],"author":[{"embeddable":true,"href":"https:\/\/www.moyenagepassion.com\/index.php\/wp-json\/wp\/v2\/users\/2"}],"replies":[{"embeddable":true,"href":"https:\/\/www.moyenagepassion.com\/index.php\/wp-json\/wp\/v2\/comments?post=22775"}],"version-history":[{"count":1,"href":"https:\/\/www.moyenagepassion.com\/index.php\/wp-json\/wp\/v2\/posts\/22775\/revisions"}],"predecessor-version":[{"id":34816,"href":"https:\/\/www.moyenagepassion.com\/index.php\/wp-json\/wp\/v2\/posts\/22775\/revisions\/34816"}],"wp:attachment":[{"href":"https:\/\/www.moyenagepassion.com\/index.php\/wp-json\/wp\/v2\/media?parent=22775"}],"wp:term":[{"taxonomy":"category","embeddable":true,"href":"https:\/\/www.moyenagepassion.com\/index.php\/wp-json\/wp\/v2\/categories?post=22775"},{"taxonomy":"post_tag","embeddable":true,"href":"https:\/\/www.moyenagepassion.com\/index.php\/wp-json\/wp\/v2\/tags?post=22775"}],"curies":[{"name":"wp","href":"https:\/\/api.w.org\/{rel}","templated":true}]}}