{"id":22802,"date":"2018-07-26T03:02:14","date_gmt":"2018-07-26T02:02:14","guid":{"rendered":"http:\/\/www.moyenagepassion.com\/?p=22802"},"modified":"2020-10-04T19:50:54","modified_gmt":"2020-10-04T18:50:54","slug":"digest-week-end-animations-fetes-medievales-et-moyen-age-festif-a-travers-la-france","status":"publish","type":"post","link":"https:\/\/www.moyenagepassion.com\/index.php\/2018\/07\/26\/digest-week-end-animations-fetes-medievales-et-moyen-age-festif-a-travers-la-france\/","title":{"rendered":"Digest du week-end : Animations, f\u00eates m\u00e9di\u00e9vales et moyen-\u00e2ge festif \u00e0 travers la France"},"content":{"rendered":"<div id=\"moyen-2032719943\" class=\"moyen-before-content moyen-entity-placement\"><script async src=\"\/\/pagead2.googlesyndication.com\/pagead\/js\/adsbygoogle.js?client=ca-pub-3035390706780632\" crossorigin=\"anonymous\"><\/script><ins class=\"adsbygoogle\" style=\"display:block;\" data-ad-client=\"ca-pub-3035390706780632\" \ndata-ad-slot=\"\" \ndata-ad-format=\"auto\"><\/ins>\n<script> \n(adsbygoogle = window.adsbygoogle || []).push({}); \n<\/script>\n<\/div><p><strong><a href=\"https:\/\/www.moyenagepassion.com\/wp-content\/uploads\/2018\/07\/agenda_fetes_festival_animations_medievales_moyen-age_festif.jpg\"><img decoding=\"async\" class=\"alignleft wp-image-22638\" src=\"https:\/\/www.moyenagepassion.com\/wp-content\/uploads\/2018\/07\/agenda_fetes_festival_animations_medievales_moyen-age_festif.jpg\" alt=\"agenda_fetes_festival_animations_medievales_moyen-age_festif\" width=\"124\" height=\"210\" srcset=\"https:\/\/www.moyenagepassion.com\/wp-content\/uploads\/2018\/07\/agenda_fetes_festival_animations_medievales_moyen-age_festif.jpg 332w, https:\/\/www.moyenagepassion.com\/wp-content\/uploads\/2018\/07\/agenda_fetes_festival_animations_medievales_moyen-age_festif-178x300.jpg 178w\" sizes=\"(max-width: 124px) 100vw, 124px\" \/><\/a>Sujet<\/strong>\u00a0: agenda, f\u00eates m\u00e9di\u00e9vales, festivals, \u00e9v\u00e9nements historiques, moyen-\u00e2ge festif, march\u00e9 m\u00e9di\u00e9val. id\u00e9es week-end<br \/>\n<strong>Lieu<\/strong>\u00a0: Nouvelle-Aquitaine,\u00a0 Auvergne- Rh\u00f4ne-Alpes,\u00a0Bretagne, Occitanie, Normandie, Provence-Alpes-C\u00f4te-d&rsquo;Azur<br \/>\n<strong>Ev\u00e9nement<\/strong><strong>:\u00a0<em>M\u00e9di\u00e9vales d\u2019ici et d\u2019ailleurs, ch\u00e2teaux en f\u00eate.<\/em><\/strong><br \/>\n<strong>Dates<\/strong>: du\u00a028 au \u00a029 juillet 2018<\/p>\n<p>Bonjour \u00e0 tous,<\/p>\n<p style=\"text-align: justify;\"><img decoding=\"async\" class=\"alignleft size-full wp-image-445\" src=\"https:\/\/www.moyenagepassion.com\/wp-content\/uploads\/2015\/12\/P_lettrine_moyen_age_passion-copia.jpg\" alt=\"P_lettrine_moyen_age_passion copia\" width=\"96\" height=\"103\" \/>our ce week end d&rsquo;\u00e9t\u00e9 charni\u00e8re, au croisement des juillettistes et ao\u00fbtiens, les compagnies, artistes et artisans d&rsquo;inspiration m\u00e9di\u00e9vale n&rsquo;ont de cesse d&rsquo;animer de leur pr\u00e9sence et de leur passion, les f\u00eates et animations autour du Moyen-\u00e2ge, aux quatre coins de France.<\/p>\n<p style=\"text-align: justify;\">A l&rsquo;habitude, en voici donc un digest auquel il conviendra d&rsquo;ajouter des \u00e9v\u00e9nements que nous avons d\u00e9j\u00e0 cit\u00e9s dans nos autres articles : <a href=\"https:\/\/www.moyenagepassion.com\/index.php\/2018\/07\/18\/spectacle-historique-ouverture-de-la-bataille-de-castillon-pour-15-nouvelles-representations\/\" target=\"_blank\" rel=\"noopener noreferrer\">la Bataille de Castillon<\/a>, le <a href=\"https:\/\/www.moyenagepassion.com\/index.php\/2018\/07\/25\/ce-week-end-a-souvigny-le-grand-retour-de-la-festival-medieval-des-troubadours-saltimbanques\/\" target=\"_blank\" rel=\"noopener noreferrer\">Festival des troubours et Saltimbanque de Souvigny<\/a> mais aussi le <a href=\"https:\/\/www.moyenagepassion.com\/index.php\/2018\/07\/25\/lete-a-foix-de-grandes-fetes-medievales-et-un-spectacle-historique-pour-revivre-toute-lhistoire-de-lariege-en-son-lumiere\/\" target=\"_blank\" rel=\"noopener noreferrer\">Spectacle Historique de Foix<\/a>.<\/p>\n<hr \/>\n<h2>Les 10e M\u00e9di\u00e9vales de Chalmazel<\/h2>\n<p><strong>Lieu :\u00a0<\/strong>Chalmazel, Loire, Auvergne-Rh\u00f4ne-Alpes<br \/>\n<strong>Dates :<\/strong> les 28 et 29 juillet 2018<\/p>\n<p style=\"text-align: justify;\"><strong>Au programme : <\/strong>m<a href=\"https:\/\/www.moyenagepassion.com\/wp-content\/uploads\/2018\/07\/fete_medievale_animations_marche_chalmazel_loire_Auvergne-Rhone-Alpes.jpg\"><img decoding=\"async\" class=\"alignright wp-image-22804\" src=\"https:\/\/www.moyenagepassion.com\/wp-content\/uploads\/2018\/07\/fete_medievale_animations_marche_chalmazel_loire_Auvergne-Rhone-Alpes.jpg\" alt=\"fete_medievale_animations_marche_chalmazel_loire_Auvergne-Rhone-Alpes\" width=\"203\" height=\"287\" srcset=\"https:\/\/www.moyenagepassion.com\/wp-content\/uploads\/2018\/07\/fete_medievale_animations_marche_chalmazel_loire_Auvergne-Rhone-Alpes.jpg 400w, https:\/\/www.moyenagepassion.com\/wp-content\/uploads\/2018\/07\/fete_medievale_animations_marche_chalmazel_loire_Auvergne-Rhone-Alpes-212x300.jpg 212w\" sizes=\"(max-width: 203px) 100vw, 203px\" \/><\/a>arch\u00e9 m\u00e9di\u00e9val &amp; artisanal, parades, retraite aux flambeaux, compagnies m\u00e9di\u00e9vales &amp; artisans\u00a0 (forgeron, tailleur de pierre, sabotier), nocturne avec bal anim\u00e9 et spectacle pyrotechnique ,<\/p>\n<p style=\"text-align: justify;\"><strong>Compagnies m\u00e9di\u00e9vales<\/strong><\/p>\n<p><span style=\"color: #008000;\"><em>Jurajali &#8211; Les archers du Bailli &#8211; Entre chien et jeu &#8211; Marazula &#8211; Ost du phenix &#8211; Natchipo\u00ff &#8211; Chantelame &#8211; La Compagnie du Polisson &#8211; Sons da Suevia &#8211; La compagnie Mandalas &#8211; Malatitsch &#8211; Les Monts Rieurs &#8211; Les Tanaruck, Felm\u00eb &#8211; L&rsquo;\u00e9toile<\/em><\/span><\/p>\n<p style=\"text-align: justify;\"><a href=\"https:\/\/www.medievalesdechalmazel.fr\/\" target=\"_blank\" rel=\"noopener noreferrer\">Site Officiel de l&rsquo;\u00e9v\u00e9nement<\/a><\/p>\n<hr \/>\n<h2>Les M\u00e9di\u00e9vales d&rsquo;Eze<\/h2>\n<p><strong>Lieu<\/strong> : Eze,\u00a0Alpes-Maritimes, Provence-Alpes-C\u00f4te d&rsquo;Azur<br \/>\n<strong>Dates<\/strong> :\u00a0les 28 et 29 juillet 2018<\/p>\n<p style=\"text-align: justify;\"><strong><a href=\"https:\/\/www.moyenagepassion.com\/wp-content\/uploads\/2018\/07\/fetes_medievales_animations_contes_et_legendes_eze.jpg\"><img decoding=\"async\" class=\"alignleft wp-image-22829\" src=\"https:\/\/www.moyenagepassion.com\/wp-content\/uploads\/2018\/07\/fetes_medievales_animations_contes_et_legendes_eze.jpg\" alt=\"fetes_medievales_animations_contes_et_legendes_eze\" width=\"194\" height=\"274\" srcset=\"https:\/\/www.moyenagepassion.com\/wp-content\/uploads\/2018\/07\/fetes_medievales_animations_contes_et_legendes_eze.jpg 400w, https:\/\/www.moyenagepassion.com\/wp-content\/uploads\/2018\/07\/fetes_medievales_animations_contes_et_legendes_eze-212x300.jpg 212w\" sizes=\"(max-width: 194px) 100vw, 194px\" \/><\/a>Au programme : <\/strong>organis\u00e9es par l&rsquo;<strong>Office du tourisme de Eze,\u00a0<\/strong>sur le th\u00e8me des <em>Contes &amp; L\u00e9gendes<\/em>, ces f\u00eates proposent des animations vari\u00e9es, musique, th\u00e9\u00e2tre de rue, parades festives et march\u00e9 m\u00e9di\u00e9val.<\/p>\n<p><strong>Compagnies pr\u00e9sentes<\/strong><\/p>\n<p><span style=\"color: #008000;\"><em>Al Cantara &#8211; Keras &#8211; Sembadelle &#8211; Les Aboyeurs &#8211; Les Trimarrants &#8211; Le Turdion &#8211; Vagarem &#8211; La Petite Flambe &#8211; Yalicko &#8211; Bella Trav\u00e9e &#8211; La Baraterie &#8211; La Coquina des Casse Museaux<\/em><\/span><\/p>\n<p style=\"text-align: justify;\"><a href=\"http:\/\/www.eze-tourisme.com\/fr\/agenda\/icalrepeat.detail\/2018\/07\/28\/434\/-\/les-medievales-d-eze.html\" target=\"_blank\" rel=\"noopener noreferrer\">Voir le programme d\u00e9taill\u00e9 sur site de l&rsquo;Office du tourisme d&rsquo;Eze<\/a><\/p>\n<hr \/>\n<h2 style=\"text-align: justify;\">Les M\u00e9di\u00e9vales de Monpazier 2018<\/h2>\n<p style=\"text-align: justify;\"><strong>Lieu<\/strong> : Monpazier, Dordogne, Nouvelle-Aquitaine<br \/>\n<strong>Dates\u00a0<\/strong>: les 28 et 29 juillet 2018<\/p>\n<p style=\"text-align: justify;\"><strong><a href=\"https:\/\/www.moyenagepassion.com\/wp-content\/uploads\/2018\/07\/les_medievales_montpazier_animations_moyen-age_festif_2018.jpg\"><img decoding=\"async\" class=\"wp-image-22806 alignright\" src=\"https:\/\/www.moyenagepassion.com\/wp-content\/uploads\/2018\/07\/les_medievales_montpazier_animations_moyen-age_festif_2018.jpg\" alt=\"les_medievales_montpazier_animations_moyen-age_festif_2018\" width=\"208\" height=\"294\" srcset=\"https:\/\/www.moyenagepassion.com\/wp-content\/uploads\/2018\/07\/les_medievales_montpazier_animations_moyen-age_festif_2018.jpg 400w, https:\/\/www.moyenagepassion.com\/wp-content\/uploads\/2018\/07\/les_medievales_montpazier_animations_moyen-age_festif_2018-212x300.jpg 212w\" sizes=\"(max-width: 208px) 100vw, 208px\" \/><\/a>Au programme :\u00a0<\/strong>organis\u00e9e par <em><strong>La Ligue M\u00e9di\u00e9vale Nouvelle Aquitaine<\/strong><\/em>, on pourra retrouver \u00e0 l&rsquo;occasion de cette f\u00eate, diverses troupes, et animations m\u00e9di\u00e9vales, ainsi que des artisans et un march\u00e9 artisanal d&rsquo;\u00e9poque.<\/p>\n<p style=\"text-align: justify;\"><strong>Compagnies &amp; Mesnies<\/strong><\/p>\n<p><span style=\"color: #008000;\"><em>Lilmashi Saghir &#8211; Periguers per Semper &#8211; Wakinyan &#8211; La Louve et la hure &#8211; Le Cercle de la Fontaine &#8211; Les Compagnons d\u2019Azur &#8211; Elskerl &#8211; Escrime m\u00e9di\u00e9vale 17 &#8211; Les archers solidaires.<\/em><\/span><\/p>\n<p style=\"text-align: justify;\"><a href=\"https:\/\/www.facebook.com\/la-m%C3%A9di%C3%A9vale-de-Monpazier-24-196645617049536\/\" target=\"_blank\" rel=\"noopener noreferrer\">Site de l&rsquo;\u00e9v\u00e9nement<\/a><\/p>\n<hr \/>\n<h2 style=\"text-align: justify;\">Les M\u00e9di\u00e9vales &amp; les tournois de Hennebont<\/h2>\n<p><strong>Lieu :\u00a0 <\/strong>Hennebont, Morbihan, Bretagne<br \/>\n<strong>Dates :<\/strong>\u00a0les 28 et 29 juillet 2018<\/p>\n<p style=\"text-align: justify;\"><strong><a href=\"https:\/\/www.moyenagepassion.com\/wp-content\/uploads\/2018\/07\/fetes_medievales_tournoi_chevalerie_animations_hennebont_bretagne.jpg\"><img decoding=\"async\" class=\"wp-image-22809 alignleft\" src=\"https:\/\/www.moyenagepassion.com\/wp-content\/uploads\/2018\/07\/fetes_medievales_tournoi_chevalerie_animations_hennebont_bretagne.jpg\" alt=\"fetes_medievales_tournoi_chevalerie_animations_hennebont_bretagne\" width=\"212\" height=\"299\" srcset=\"https:\/\/www.moyenagepassion.com\/wp-content\/uploads\/2018\/07\/fetes_medievales_tournoi_chevalerie_animations_hennebont_bretagne.jpg 400w, https:\/\/www.moyenagepassion.com\/wp-content\/uploads\/2018\/07\/fetes_medievales_tournoi_chevalerie_animations_hennebont_bretagne-212x300.jpg 212w\" sizes=\"(max-width: 212px) 100vw, 212px\" \/><\/a>Au programme : <\/strong>tournois de chevalerie, d\u00e9fil\u00e9s et parades costum\u00e9s, campements, concerts, spectacles,\u00a0 fauconnerie, march\u00e9\u00a0 artisanal et m\u00e9di\u00e9val.<\/p>\n<p style=\"text-align: justify;\"><strong>Compagnies pr\u00e9sentes<\/strong><\/p>\n<p><span style=\"color: #008000;\"><em>Les Pies &#8211; Waraok &#8211; Choeur Ardent &#8211; Sonj &#8211; Gueule de Loup &#8211; Arkaval &#8211; Compagnie Sonjeveyes &#8211; Pastourel &#8211; La Volte Gaillarde &#8211; Compagnie des jeux d\u2019Oc<\/em><\/span><\/p>\n<p><a href=\"https:\/\/medievales-hennebont.com\/\" target=\"_blank\" rel=\"noopener noreferrer\">Site officiel de l&rsquo;\u00e9v\u00e9nement<\/a><\/p>\n<hr \/>\n<h2 style=\"text-align: justify;\">Les Vasconiales de Saint-Sever<\/h2>\n<p><strong>Lieu :\u00a0\u00a0<\/strong>Saint-Sever, Landes, Nouvelle-Aquitaine<br \/>\n<strong>Dates :<\/strong>\u00a0les 28 et 29 juillet 2018<\/p>\n<p style=\"text-align: justify;\"><strong><a href=\"https:\/\/www.moyenagepassion.com\/wp-content\/uploads\/2018\/07\/fetes_medievales_marche_artisanal_vasconiales_saint-sever_2018_Nouvelle_Aquitaine.jpg\"><img decoding=\"async\" class=\"wp-image-22805 alignright\" src=\"https:\/\/www.moyenagepassion.com\/wp-content\/uploads\/2018\/07\/fetes_medievales_marche_artisanal_vasconiales_saint-sever_2018_Nouvelle_Aquitaine.jpg\" alt=\"fetes_medievales_marche_artisanal_vasconiales_saint-sever_2018_Nouvelle_Aquitaine\" width=\"196\" height=\"277\" srcset=\"https:\/\/www.moyenagepassion.com\/wp-content\/uploads\/2018\/07\/fetes_medievales_marche_artisanal_vasconiales_saint-sever_2018_Nouvelle_Aquitaine.jpg 400w, https:\/\/www.moyenagepassion.com\/wp-content\/uploads\/2018\/07\/fetes_medievales_marche_artisanal_vasconiales_saint-sever_2018_Nouvelle_Aquitaine-212x300.jpg 212w\" sizes=\"(max-width: 196px) 100vw, 196px\" \/><\/a>Au programme : <\/strong>sur le th\u00e8me de <strong><em>La f\u00e9erie du Moyen-\u00e2ge<\/em><\/strong>, cette f\u00eate propose\u00a0de nombreuses animations : tournoi de chevalerie, cascades \u00e9questres, fauconnerie, th\u00e9\u00e2tre, musique, campements m\u00e9di\u00e9vaux, ateliers et artisans d&rsquo;antan, banquet m\u00e9di\u00e9val.<\/p>\n<p style=\"text-align: justify;\"><strong>Compagnies et troupes pr\u00e9sentes<\/strong><\/p>\n<p style=\"text-align: justify;\"><span style=\"color: #008000;\"><em>Cie des chevaliers et gentes dames d&rsquo;Occitanie &#8211; Commanderie de Pyrene &#8211; Cie Comp\u00e8res &amp; Troubadours &#8211; Cie Crini\u00e8re d&rsquo;Evol &#8211;\u00a0Cie Ballaroms\u00a0<\/em><\/span><\/p>\n<p style=\"text-align: justify;\"><a href=\"http:\/\/www.association-culturelle.fr\/les-vasconiales\/#1531326579813-fe02fbb8-3507\" target=\"_blank\" rel=\"noopener noreferrer\">Site de l&rsquo;\u00e9v\u00e9nement\u00a0<\/a>\u00a0&#8211; <a href=\"https:\/\/www.facebook.com\/Vasconiales-474737186009334\/\" target=\"_blank\" rel=\"noopener noreferrer\">Facebook\u00a0<\/a><\/p>\n<p><span style=\"color: #808080;\"><em>Teaser vid\u00e9o de la f\u00eate m\u00e9di\u00e9vale de Saint-Sever<\/em><\/span><br \/>\n<code><iframe style=\"border: none; overflow: hidden;\" src=\"https:\/\/www.facebook.com\/plugins\/video.php?href=https%3A%2F%2Fwww.facebook.com%2F474737186009334%2Fvideos%2F1095841627232217%2F&amp;show_text=0&amp;width=560\" width=\"560\" height=\"315\" frameborder=\"0\" scrolling=\"no\" allowfullscreen=\"allowfullscreen\"><\/iframe><\/code><\/p>\n<h2>Autres f\u00eates, animations et r\u00e9jouissances historiques et m\u00e9di\u00e9vales<\/h2>\n<table width=\"\u00bb475\u2033\" cellspacing=\"\u00bb0\u2033\" cellpadding=\"\u00bb0\u2033\">\n<tbody>\n<tr>\n<td><a href=\"https:\/\/www.moyenagepassion.com\/wp-content\/uploads\/2018\/07\/fete_animation_marche_medievale_chateau_noe_seche_bretagne.jpg\"><img decoding=\"async\" class=\"alignnone wp-image-22811 size-full\" src=\"https:\/\/www.moyenagepassion.com\/wp-content\/uploads\/2018\/07\/fete_animation_marche_medievale_chateau_noe_seche_bretagne.jpg\" alt=\"fete_animation_marche_medievale_chateau_noe_seche_bretagne\" width=\"400\" height=\"565\" srcset=\"https:\/\/www.moyenagepassion.com\/wp-content\/uploads\/2018\/07\/fete_animation_marche_medievale_chateau_noe_seche_bretagne.jpg 400w, https:\/\/www.moyenagepassion.com\/wp-content\/uploads\/2018\/07\/fete_animation_marche_medievale_chateau_noe_seche_bretagne-212x300.jpg 212w\" sizes=\"(max-width: 400px) 100vw, 400px\" \/><\/a><\/p>\n<p><strong>F\u00eate m\u00e9di\u00e9vale <\/strong><br \/>\n<strong>au ch\u00e2teau de Noe S\u00e8che<\/strong><br \/>\n<strong>Lieu<\/strong> ;\u00a0Le F\u0153il,<br \/>\nC\u00f4tes-d&rsquo;Armor, Bretagne<br \/>\nMarch\u00e9, animations, spectacles, contes, musique, campements. etc<br \/>\n<a href=\"https:\/\/www.facebook.com\/events\/1660377244000638\/\" target=\"_blank\" rel=\"noopener noreferrer\">Ev\u00e9nement <\/a>&#8211; <a href=\"https:\/\/www.facebook.com\/Chateau-de-la-noe-seche-250240895547067\/\" target=\"_blank\" rel=\"noopener noreferrer\">Site du ch\u00e2teau<\/a><\/td>\n<td><a href=\"https:\/\/www.moyenagepassion.com\/wp-content\/uploads\/2018\/07\/animations_fetes_medievales_chateau_sainte_croix_grand_tonne_tournoi_chevalerie_2018.jpg\"><img decoding=\"async\" class=\"alignnone wp-image-22812 size-full\" src=\"https:\/\/www.moyenagepassion.com\/wp-content\/uploads\/2018\/07\/animations_fetes_medievales_chateau_sainte_croix_grand_tonne_tournoi_chevalerie_2018.jpg\" alt=\"animations_fetes_medievales_chateau_sainte_croix_grand_tonne_tournoi_chevalerie_2018\" width=\"400\" height=\"565\" srcset=\"https:\/\/www.moyenagepassion.com\/wp-content\/uploads\/2018\/07\/animations_fetes_medievales_chateau_sainte_croix_grand_tonne_tournoi_chevalerie_2018.jpg 400w, https:\/\/www.moyenagepassion.com\/wp-content\/uploads\/2018\/07\/animations_fetes_medievales_chateau_sainte_croix_grand_tonne_tournoi_chevalerie_2018-212x300.jpg 212w\" sizes=\"(max-width: 400px) 100vw, 400px\" \/><\/a><\/p>\n<p><strong>Tournoi de Chevalerie au ch\u00e2teau de Sainte Croix Grand Tonne<\/strong><br \/>\n<strong>Lieu :\u00a0<\/strong>Sainte Croix Grand Tonne, Calvados, Normandie<br \/>\nTournoi, tir \u00e0 l&rsquo;arc \u00e0 cheval, joutes,<br \/>\njeux de chasse, guerre, etc.<br \/>\n<a href=\"http:\/\/www.chateaudeschevaliers.com\/tournoi-de-chevalerie\" target=\"_blank\" rel=\"noopener noreferrer\">Site officiel du ch\u00e2teau<\/a><\/td>\n<\/tr>\n<tr>\n<td><a href=\"https:\/\/www.moyenagepassion.com\/wp-content\/uploads\/2018\/07\/animations_viking_medievales_marche_chateau_la_lucerne_manche_normandie.jpg\"><img decoding=\"async\" class=\"alignnone wp-image-22813 size-full\" src=\"https:\/\/www.moyenagepassion.com\/wp-content\/uploads\/2018\/07\/animations_viking_medievales_marche_chateau_la_lucerne_manche_normandie.jpg\" alt=\"animations_viking_medievales_marche_chateau_la_lucerne_manche_normandie\" width=\"400\" height=\"565\" srcset=\"https:\/\/www.moyenagepassion.com\/wp-content\/uploads\/2018\/07\/animations_viking_medievales_marche_chateau_la_lucerne_manche_normandie.jpg 400w, https:\/\/www.moyenagepassion.com\/wp-content\/uploads\/2018\/07\/animations_viking_medievales_marche_chateau_la_lucerne_manche_normandie-212x300.jpg 212w\" sizes=\"(max-width: 400px) 100vw, 400px\" \/><\/a><\/p>\n<p><strong>Village Viking &amp; Normand<br \/>\nLieu :\u00a0<\/strong>La Lucerne-d&rsquo;Outremer, Manche, Normandie<br \/>\nVillage viking, animations, march\u00e9 artisanal et m\u00e9di\u00e9vale<br \/>\n<a href=\"http:\/\/www.abbaye-lucerne.fr\/Marche-Viking-et-Medieval.html\" target=\"_blank\" rel=\"noopener noreferrer\">Site de l&rsquo;\u00e9v\u00e9nement<\/a><\/td>\n<td><a href=\"https:\/\/www.moyenagepassion.com\/wp-content\/uploads\/2018\/07\/fete_animations_medievale_spectacles_bruniquel_2018.jpg\"><img decoding=\"async\" class=\"alignnone wp-image-22816 size-full\" src=\"https:\/\/www.moyenagepassion.com\/wp-content\/uploads\/2018\/07\/fete_animations_medievale_spectacles_bruniquel_2018.jpg\" alt=\"fete_animations_medievale_spectacles_bruniquel_2018\" width=\"400\" height=\"565\" srcset=\"https:\/\/www.moyenagepassion.com\/wp-content\/uploads\/2018\/07\/fete_animations_medievale_spectacles_bruniquel_2018.jpg 400w, https:\/\/www.moyenagepassion.com\/wp-content\/uploads\/2018\/07\/fete_animations_medievale_spectacles_bruniquel_2018-212x300.jpg 212w\" sizes=\"(max-width: 400px) 100vw, 400px\" \/><\/a><\/p>\n<p><strong>Les M\u00e9di\u00e9vales de Bruniquel<br \/>\nLieu : <\/strong>Bruniquel,<br \/>\nTarn-et-Garonne, Occitanie<br \/>\nSpectacles equestres &amp; animations m\u00e9di\u00e9vales<br \/>\n<a href=\"http:\/\/www.bruniquel.fr\/2018\/07\/fete-medievale\/\" target=\"_blank\" rel=\"noopener noreferrer\">Site de l&rsquo;\u00e9v\u00e9nement<\/a><\/td>\n<\/tr>\n<tr>\n<td><a href=\"https:\/\/www.moyenagepassion.com\/wp-content\/uploads\/2018\/07\/fetes_agenda_medieval_montcuq_lot_occitanie.jpg\"><img decoding=\"async\" class=\"alignnone wp-image-22814 size-full\" src=\"https:\/\/www.moyenagepassion.com\/wp-content\/uploads\/2018\/07\/fetes_agenda_medieval_montcuq_lot_occitanie.jpg\" alt=\"fetes_agenda_medieval_montcuq_lot_occitanie\" width=\"400\" height=\"565\" srcset=\"https:\/\/www.moyenagepassion.com\/wp-content\/uploads\/2018\/07\/fetes_agenda_medieval_montcuq_lot_occitanie.jpg 400w, https:\/\/www.moyenagepassion.com\/wp-content\/uploads\/2018\/07\/fetes_agenda_medieval_montcuq_lot_occitanie-212x300.jpg 212w\" sizes=\"(max-width: 400px) 100vw, 400px\" \/><\/a><\/p>\n<p><strong>Les 2emes M\u00e9di\u00e9vales Montcuquoises<br \/>\nLieu :<\/strong> Montcuq, Lot, Occitanie<br \/>\nSpectacle de feu, chevaliers, musique, artisans<br \/>\n<a href=\"http:\/\/www.mairie-montcuq-en-quercy-blanc.fr\/fr\/agenda#event-5\" target=\"_blank\" rel=\"noopener noreferrer\">Site de l\u00a0\u00bb\u00e9v\u00e9nement<\/a><\/td>\n<td><a href=\"https:\/\/www.moyenagepassion.com\/wp-content\/uploads\/2018\/07\/fetes_evenements_animations_historiques_laleu_normandie_2018.jpg\"><img decoding=\"async\" class=\"alignnone wp-image-22815 size-full\" src=\"https:\/\/www.moyenagepassion.com\/wp-content\/uploads\/2018\/07\/fetes_evenements_animations_historiques_laleu_normandie_2018.jpg\" alt=\"fetes_evenements_animations_historiques_laleu_normandie_2018\" width=\"400\" height=\"565\" srcset=\"https:\/\/www.moyenagepassion.com\/wp-content\/uploads\/2018\/07\/fetes_evenements_animations_historiques_laleu_normandie_2018.jpg 400w, https:\/\/www.moyenagepassion.com\/wp-content\/uploads\/2018\/07\/fetes_evenements_animations_historiques_laleu_normandie_2018-212x300.jpg 212w\" sizes=\"(max-width: 400px) 100vw, 400px\" \/><\/a><\/p>\n<p><strong>Les F\u00eates Historiques<br \/>\nde Laleu 2018<br \/>\nLieu :\u00a0<\/strong>Laleu, Orne, Normandie<br \/>\nCamps multi-\u00e9poques, de la pr\u00e9histoire \u00e0 la lib\u00e9ration.<br \/>\n<a href=\"https:\/\/www.facebook.com\/pages\/biz\/topic_concert_venue\/Les-historiques-de-Laleu-735271193340558\/\" target=\"_blank\" rel=\"noopener noreferrer\">Site de l&rsquo;\u00e9v\u00e9nement<\/a><\/td>\n<\/tr>\n<\/tbody>\n<\/table>\n<p>En vous souhaitant une\u00a0excellente journ\u00e9e et un bon week-end. Une grande prudence sur les grandes routes si vous les empruntez.<\/p>\n<p>Fred<br \/>\nPour moyenagepassion.com<br \/>\n<em><strong>A la d\u00e9couverte du moyen-\u00e2ge sous toutes ses formes.<\/strong><\/em><\/p>\n","protected":false},"excerpt":{"rendered":"<p>Sujet\u00a0: agenda, f\u00eates m\u00e9di\u00e9vales, festivals, \u00e9v\u00e9nements historiques, moyen-\u00e2ge festif, march\u00e9 m\u00e9di\u00e9val. id\u00e9es week-end Lieu\u00a0: Nouvelle-Aquitaine,\u00a0 Auvergne- Rh\u00f4ne-Alpes,\u00a0Bretagne, Occitanie, Normandie, Provence-Alpes-C\u00f4te-d&rsquo;Azur Ev\u00e9nement:\u00a0M\u00e9di\u00e9vales d\u2019ici et d\u2019ailleurs, ch\u00e2teaux en f\u00eate. Dates: du\u00a028 au \u00a029 juillet 2018 Bonjour \u00e0 tous, our ce week end d&rsquo;\u00e9t\u00e9 charni\u00e8re, au croisement des juillettistes et ao\u00fbtiens, les compagnies, artistes et artisans d&rsquo;inspiration m\u00e9di\u00e9vale &hellip; <a href=\"https:\/\/www.moyenagepassion.com\/index.php\/2018\/07\/26\/digest-week-end-animations-fetes-medievales-et-moyen-age-festif-a-travers-la-france\/\" class=\"more-link\">Continuer la lecture de <span class=\"screen-reader-text\">Digest du week-end : Animations, f\u00eates m\u00e9di\u00e9vales et moyen-\u00e2ge festif \u00e0 travers la France<\/span>  <span class=\"meta-nav\">&rarr;<\/span><\/a><\/p>\n","protected":false},"author":2,"featured_media":0,"comment_status":"open","ping_status":"open","sticky":false,"template":"","format":"standard","meta":{"_monsterinsights_skip_tracking":false,"_monsterinsights_sitenote_active":false,"_monsterinsights_sitenote_note":"","_monsterinsights_sitenote_category":0,"footnotes":""},"categories":[11],"tags":[1539,1780,3794,1891,742,3913,212,1380,1438,3827,22,1227,3063,681,3938,1369,3962,2772,3961],"class_list":["post-22802","post","type-post","status-publish","format-standard","hentry","category-fetes-medievales-evenement","tag-agenda-medieval","tag-animations","tag-auvergne-rhone-alpes","tag-behourd","tag-bretagne","tag-chateaux-en-fete","tag-compagnies-medievales","tag-fetes","tag-marche","tag-marche-artisanal","tag-medievale","tag-medievales","tag-moyen-age-festif","tag-normandie","tag-nouvelle-aquitaine","tag-occitanie","tag-provence-alpes-cote-dazur","tag-sorties-historiques","tag-tournoi-de-chevalerie"],"aioseo_notices":[],"_links":{"self":[{"href":"https:\/\/www.moyenagepassion.com\/index.php\/wp-json\/wp\/v2\/posts\/22802"}],"collection":[{"href":"https:\/\/www.moyenagepassion.com\/index.php\/wp-json\/wp\/v2\/posts"}],"about":[{"href":"https:\/\/www.moyenagepassion.com\/index.php\/wp-json\/wp\/v2\/types\/post"}],"author":[{"embeddable":true,"href":"https:\/\/www.moyenagepassion.com\/index.php\/wp-json\/wp\/v2\/users\/2"}],"replies":[{"embeddable":true,"href":"https:\/\/www.moyenagepassion.com\/index.php\/wp-json\/wp\/v2\/comments?post=22802"}],"version-history":[{"count":1,"href":"https:\/\/www.moyenagepassion.com\/index.php\/wp-json\/wp\/v2\/posts\/22802\/revisions"}],"predecessor-version":[{"id":34284,"href":"https:\/\/www.moyenagepassion.com\/index.php\/wp-json\/wp\/v2\/posts\/22802\/revisions\/34284"}],"wp:attachment":[{"href":"https:\/\/www.moyenagepassion.com\/index.php\/wp-json\/wp\/v2\/media?parent=22802"}],"wp:term":[{"taxonomy":"category","embeddable":true,"href":"https:\/\/www.moyenagepassion.com\/index.php\/wp-json\/wp\/v2\/categories?post=22802"},{"taxonomy":"post_tag","embeddable":true,"href":"https:\/\/www.moyenagepassion.com\/index.php\/wp-json\/wp\/v2\/tags?post=22802"}],"curies":[{"name":"wp","href":"https:\/\/api.w.org\/{rel}","templated":true}]}}