{"id":23018,"date":"2018-08-13T00:36:08","date_gmt":"2018-08-12T23:36:08","guid":{"rendered":"http:\/\/www.moyenagepassion.com\/?p=23018"},"modified":"2025-04-23T01:45:26","modified_gmt":"2025-04-23T00:45:26","slug":"la-cantiga-de-santa-maria-156-le-miracle-dun-pretre-devoue-a-la-langue-tranchee-puis-retrouvee","status":"publish","type":"post","link":"https:\/\/www.moyenagepassion.com\/index.php\/2018\/08\/13\/la-cantiga-de-santa-maria-156-le-miracle-dun-pretre-devoue-a-la-langue-tranchee-puis-retrouvee\/","title":{"rendered":"La Cantiga de Santa Maria 156 : le miracle d&rsquo;un pr\u00eatre d\u00e9vou\u00e9, \u00e0 la langue tranch\u00e9e, puis retrouv\u00e9e"},"content":{"rendered":"<div id=\"moyen-2396531309\" class=\"moyen-before-content moyen-entity-placement\"><script async src=\"\/\/pagead2.googlesyndication.com\/pagead\/js\/adsbygoogle.js?client=ca-pub-3035390706780632\" crossorigin=\"anonymous\"><\/script><ins class=\"adsbygoogle\" style=\"display:block;\" data-ad-client=\"ca-pub-3035390706780632\" \ndata-ad-slot=\"\" \ndata-ad-format=\"auto\"><\/ins>\n<script> \n(adsbygoogle = window.adsbygoogle || []).push({}); \n<\/script>\n<\/div><p><strong><a href=\"https:\/\/www.moyenagepassion.com\/wp-content\/uploads\/2018\/05\/musique_espagne_medievale_cantigas_santa_maria_alphonse_de_castille_moyen-age_central.jpg\"><img decoding=\"async\" class=\"wp-image-20963 alignleft\" src=\"https:\/\/www.moyenagepassion.com\/wp-content\/uploads\/2018\/05\/musique_espagne_medievale_cantigas_santa_maria_alphonse_de_castille_moyen-age_central.jpg\" alt=\"musique_espagne_medievale_cantigas_santa_maria_alphonse_de_castille_moyen-age_central\" width=\"185\" height=\"285\" \/><\/a>Sujet<\/strong>\u00a0: musique m\u00e9di\u00e9vale,\u00a0<a href=\"https:\/\/www.moyenagepassion.com\/?s=Cantigas+de+Santa+Maria\" target=\"_blank\" rel=\"noopener noreferrer\">Cantigas de Santa Maria<\/a>, gala\u00efco-portugais, culte marial, miracles, Sainte-Marie, vierge, Moyen \u00c2ge chr\u00e9tien, Espagne m\u00e9di\u00e9vale.<br \/>\n<strong>P\u00e9riode<\/strong> : Moyen \u00c2ge central, XIIIe si\u00e8cle<br \/>\n<strong>Auteur<\/strong>\u00a0: Alphonse X\u00a0 (1221-1284)<br \/>\n<strong>Ensemble : Musica Ficta &amp; l&rsquo;Ensemble Fontegara<\/strong><a class=\"yt-simple-endpoint style-scope yt-formatted-string\" spellcheck=\"false\" href=\"https:\/\/www.moyenagepassion.com\/?s=Arany+Zolt%C3%A1n\" target=\"_blank\" rel=\"noopener noreferrer\"><br \/>\n<\/a><strong>Titre :<\/strong>\u00a0 Cantiga 156<br \/>\n<strong>Album<\/strong>\u00a0: <em>M\u00fasicas Viajeras: Tres Culturas (<\/em>Enchiriadis<em>.\u00a0<\/em>2013)<\/p>\n<p>Bonjour \u00e0 tous,<\/p>\n<p style=\"text-align: justify;\"><img decoding=\"async\" class=\"alignleft size-full wp-image-162\" src=\"https:\/\/www.moyenagepassion.com\/wp-content\/uploads\/2015\/12\/N_lettrine_moyen_age_passion.jpg\" alt=\"N_lettrine_moyen_age_passion\" width=\"84\" height=\"103\" \/>ous poursuivons aujourd&rsquo;hui notre exploration du culte marial m\u00e9di\u00e9val \u00e0 travers l&rsquo;\u00e9tude des<strong> Cantigas de Santa Maria<\/strong> du roi <strong>Alphonse X de Castille<\/strong>. Cette fois-ci, nous nous penchons sur la <strong>Cantiga 156<\/strong>.\u00a0A notre habitude,\u00a0nous en d\u00e9taillerons le contenu et nous en profiterons aussi pour vous dire un mot de la belle version que nous vous en pr\u00e9sentons ici et de ses interpr\u00e8tes.<\/p>\n<p><em><strong>La Cantiga 156 par\u00a0 \u00a0Musica Ficta et l&rsquo;Ensemble Fontegara<\/strong><\/em><br \/>\n<code><iframe src=\"https:\/\/www.youtube.com\/embed\/d93CWzp4jfI\" width=\"600\" height=\"333\" frameborder=\"0\" allowfullscreen=\"allowfullscreen\"><\/iframe><\/code><\/p>\n<h2>Musica Ficta et l&rsquo;Ensemble Fontegara<\/h2>\n<p style=\"text-align: justify;\">Fond\u00e9s au d\u00e9but des ann\u00e9es\u00a0 90,\u00a0 par le musicien, directeur d&rsquo;orchestre et \u00e9diteur de Musiques anciennes espagnoles, <b>Ra\u00fal Mallavibarrena, <\/b>les deux ensembles <strong>Musica Ficta<\/strong>\u00a0 et <strong>Fontegara<\/strong> ont \u00e9t\u00e9 r\u00e9unis par lui en 2012 \u00e0\u00a0 l&rsquo;occasion d&rsquo;un album ayant pour titre :\u00a0<em><strong>M\u00fasicas Viajeras: Tres Culturas.<\/strong><\/em><\/p>\n<p style=\"text-align: justify;\"><a href=\"https:\/\/www.amazon.fr\/gp\/product\/B00FY0L406\/ref=as_li_tl?ie=UTF8&amp;camp=1642&amp;creative=6746&amp;creativeASIN=B00FY0L406&amp;linkCode=as2&amp;tag=f1266-21&amp;linkId=7043ac694c28904f9563d8450d1451e9\" target=\"_blank\" rel=\"noopener noreferrer\"><img decoding=\"async\" class=\"alignleft wp-image-23032\" title=\"L'Album, Musicas Viajeras Tres Culturas\" src=\"https:\/\/www.moyenagepassion.com\/wp-content\/uploads\/2018\/08\/musiques_espagne_medievales_cantigas_santa_maria_156_ensemble_musica_ficta_culte_marial_moyen-age.jpg\" alt=\"musiques_espagne_medievales_cantigas_santa_maria_156_ensemble_musica_ficta_culte_marial_moyen-age\" width=\"230\" height=\"184\" srcset=\"https:\/\/www.moyenagepassion.com\/wp-content\/uploads\/2018\/08\/musiques_espagne_medievales_cantigas_santa_maria_156_ensemble_musica_ficta_culte_marial_moyen-age.jpg 456w, https:\/\/www.moyenagepassion.com\/wp-content\/uploads\/2018\/08\/musiques_espagne_medievales_cantigas_santa_maria_156_ensemble_musica_ficta_culte_marial_moyen-age-300x240.jpg 300w\" sizes=\"(max-width: 230px) 100vw, 230px\" \/><\/a>A la fusion des mondes chr\u00e9tien, musulman et juif\u00a0s\u00e9farade de la p\u00e9ninsule ib\u00e9rique,\u00a0<strong><em>Musicas Viajeras<\/em><\/strong> (<em>Musiques itin\u00e9rantes<\/em>) est une invitation \u00e0 la d\u00e9couverte de ces trois cultures, \u00e0 travers leur univers musicaux.<\/p>\n<p style=\"text-align: justify;\">L&rsquo;\u00e9ventail des pi\u00e8ces propos\u00e9es, au nombre de 15, d\u00e9borde largement le Moyen \u00c2ge pour aller puiser jusque dans le r\u00e9pertoire de la p\u00e9riode baroque. Entre tradition Sefardi, musique et chants arabes et chr\u00e9tiens, on y retrouve deux Cantigas de Santa Maria, dont celle du jour. Ajoutons que dans cette production, les deux formations \u00e9taient accompagn\u00e9es par la soprano\u00a0<strong>Roc\u00edo de Frutos.<\/strong><\/p>\n<p style=\"text-align: justify;\">A ce jour, l&rsquo;album est toujours \u00e9dit\u00e9 par <strong>Enchiriadis<\/strong> (la maison d&rsquo;\u00e9dition cr\u00e9\u00e9e par le directeur des deux\u00a0 ensembles<b>) <\/b>qui a eu l&rsquo;excellente id\u00e9e, en plus de le proposer au format CD, de le mettre \u00e0 disposition \u00e9galement sous forme d\u00e9mat\u00e9rialis\u00e9e et MP3. Pour plus d&rsquo;informations, voici un lien sur lequel vous pourrez trouver les deux formats:\u00a0 <a href=\"https:\/\/www.amazon.fr\/gp\/product\/B00B5UBEM2\/ref=as_li_tl?ie=UTF8&amp;camp=1642&amp;creative=6746&amp;creativeASIN=B00B5UBEM2&amp;linkCode=as2&amp;tag=f1266-21&amp;linkId=0aa46ad8c4caa5c39a3bc2e891d8a705\" target=\"_blank\" rel=\"noopener noreferrer\">Musicas Viajeras: Tres Culturas<\/a><img decoding=\"async\" style=\"border: none !important; margin: 0px !important;\" src=\"\/\/ir-fr.amazon-adsystem.com\/e\/ir?t=f1266-21&amp;l=am2&amp;o=8&amp;a=B00B5UBEM2\" alt=\"\" width=\"1\" height=\"1\" border=\"0\" \/><\/p>\n<p style=\"text-align: justify;\">Pour revenir \u00e0 <b>Ra\u00fal Mallavibarrena, <\/b>dans le champ des musiques anciennes, du Moyen \u00c2ge jusqu&rsquo;\u00e0 la p\u00e9riode baroque, ce musicien et musicologue espagnol a d\u00e9j\u00e0 re\u00e7u de nombreux prix et la reconnaissance de ses pairs dans ses domaines de pr\u00e9dilection. <a href=\"https:\/\/www.moyenagepassion.com\/wp-content\/uploads\/2018\/08\/musica_ficta_musique_medievale_renaissance_baroque_Raul_Mallavibarrena.jpg\"><img decoding=\"async\" class=\"alignright wp-image-23039\" title=\"Ra\u00f9l Mallavibarrena et Muscia Ficta, passion musiques anciennes\" src=\"https:\/\/www.moyenagepassion.com\/wp-content\/uploads\/2018\/08\/musica_ficta_musique_medievale_renaissance_baroque_Raul_Mallavibarrena.jpg\" alt=\"musica_ficta_musique_medievale_renaissance_baroque_Raul_Mallavibarrena\" width=\"160\" height=\"255\" srcset=\"https:\/\/www.moyenagepassion.com\/wp-content\/uploads\/2018\/08\/musica_ficta_musique_medievale_renaissance_baroque_Raul_Mallavibarrena.jpg 300w, https:\/\/www.moyenagepassion.com\/wp-content\/uploads\/2018\/08\/musica_ficta_musique_medievale_renaissance_baroque_Raul_Mallavibarrena-188x300.jpg 188w\" sizes=\"(max-width: 160px) 100vw, 160px\" \/><\/a>Loin de\u00a0se contenter de diriger ou de fonder divers ensembles, il est \u00e9galement tr\u00e8s actif dans le champ de la publication.<\/p>\n<p style=\"text-align: justify;\">A ce titre, il a particip\u00e9 notamment, depuis les ann\u00e9es 90, \u00e0 la revue de musique classique <em>Ritmo<\/em> et on lui doit encore, entre autres contributions, des articles sur les musiques m\u00e9di\u00e9vale, renaissante et baroque dans l&rsquo;encyclop\u00e9die espagnole \u00ab\u00a0<i>Historia de la M\u00fasica\u00a0\u00bb, <\/i>paru aux <strong>Editions Altaya<\/strong><i>.\u00a0<\/i><\/p>\n<p style=\"text-align: justify;\">Voici deux liens vous pouvez vous reporter pour plus d&rsquo;informations (en Espagnol)\u00a0:\u00a0<a href=\"http:\/\/musicaficta.es\/\" target=\"_blank\" rel=\"noopener noreferrer\">Site web de l&rsquo;Ensemble Musica Ficta<\/a>\u00a0&#8211;\u00a0<a href=\"https:\/\/www.enchiriadis.com\/\" target=\"_blank\" rel=\"noopener noreferrer\">Site Web des \u00e9ditions Enchiriadis<\/a><\/p>\n<h2>Les paroles de la Cantigas 156<br \/>\n\u00ab\u00a0<em>A Madre do que de terra&#8230;\u00a0\u00bb\u00a0<\/em><\/h2>\n<p style=\"text-align: justify;\">Les efforts pour s\u00e9parer le \u00ab\u00a0magique\u00a0\u00bb du religieux courent tout le long de la p\u00e9riode m\u00e9di\u00e9vale. Au XIIIe si\u00e8cle, ils continuent d&rsquo;\u00eatre bien pr\u00e9sents et m\u00eame si les manifestations les plus fusionnelles de ces deux mondes telles qu&rsquo;on pouvait les retrouver dans certaines formes d&rsquo;<a href=\"https:\/\/www.moyenagepassion.com\/index.php\/2017\/01\/05\/le-duel-judiciaire-justice-medievale-et-justice-divine\/\" target=\"_blank\" rel=\"noopener noreferrer\">Ordalie<\/a> par exemple,\u00a0 ont recul\u00e9 depuis les d\u00e9buts du XIe si\u00e8cle.<\/p>\n<p style=\"text-align: justify;\">Dans ce Moyen \u00c2ge impr\u00e9gn\u00e9 de valeurs chr\u00e9tiennes, au sein d&rsquo;un univers nimb\u00e9 de myst\u00e8res, fait d&rsquo;\u00e9tranges lois d&rsquo;analogies et de correspondances, les miracles resteront pour longtemps le signe d&rsquo;une foi chr\u00e9tienne qui tutoie\u00a0 le surnaturel et le magique et ouvrent tous les champs du <a href=\"https:\/\/www.moyenagepassion.com\/wp-content\/uploads\/2018\/08\/musique_medievale_chant_chretien_culte_marial_miracle_alphonse-X_cantiga_santa_maria_moyen-age.jpg\"><img decoding=\"async\" class=\"alignleft wp-image-23045\" src=\"https:\/\/www.moyenagepassion.com\/wp-content\/uploads\/2018\/08\/musique_medievale_chant_chretien_culte_marial_miracle_alphonse-X_cantiga_santa_maria_moyen-age.jpg\" alt=\"musique_medievale_chant_chretien_culte_marial_miracle_alphonse-X_cantiga_santa_maria_moyen-age\" width=\"161\" height=\"227\" srcset=\"https:\/\/www.moyenagepassion.com\/wp-content\/uploads\/2018\/08\/musique_medievale_chant_chretien_culte_marial_miracle_alphonse-X_cantiga_santa_maria_moyen-age.jpg 276w, https:\/\/www.moyenagepassion.com\/wp-content\/uploads\/2018\/08\/musique_medievale_chant_chretien_culte_marial_miracle_alphonse-X_cantiga_santa_maria_moyen-age-213x300.jpg 213w\" sizes=\"(max-width: 161px) 100vw, 161px\" \/><\/a>possible. Dans ces champs l\u00e0, les prodiges\u00a0 qui on trait \u00e0 l&rsquo;intercession de la \u00ab\u00a0m\u00e8re du Dieu mort en croix\u00a0\u00bb trouvent une place de choix.<\/p>\n<p style=\"text-align: left;\"><em><span style=\"color: #999999;\">Ci-contre miniature de la Cantiga de Santa Maria 156 dans le manuscrit de l&rsquo;Escorial MS TI 1, C\u00f3dice Rico (Biblioth\u00e8que San Lorenzo el Real, Madrid)<\/span><\/em><\/p>\n<h3>R\u00e9demption d&rsquo; un pr\u00eatre d\u00e9vot injustement tortur\u00e9<\/h3>\n<p style=\"text-align: justify;\">Le miracle dont il est question ici touche un pr\u00eatre que des h\u00e9r\u00e9tiques avaient ch\u00e2ti\u00e9 en lui coupant la langue, pour avoir trop chant\u00e9 de louanges \u00e0 la vierge. Le religieux se trouvait au d\u00e9sespoir de ne plus pouvoir entonner ses chants mais, l\u00e0 encore, sur les rives les plus miraculeuses du <a href=\"https:\/\/www.moyenagepassion.com\/index.php\/tag\/culte-marial\/\" target=\"_blank\" rel=\"noopener noreferrer\">culte marial<\/a>, tout peut s&rsquo;accomplir.<\/p>\n<p style=\"text-align: justify;\">Ainsi, un jour qu&rsquo;il se rendait \u00e0 l&rsquo;abbaye b\u00e9n\u00e9dictine de Cluny pour assister aux v\u00eapres, avec les moines, il ne put s&#8217;emp\u00eacher de faire avec eux l&rsquo;effort d&rsquo;entonner les chants d\u00e9di\u00e9s \u00e0 la Sainte et, comme il s&rsquo;ex\u00e9cutait, sa langue repoussa et elle lui fut rendue.<\/p>\n<p style=\"text-align: justify;\">Comme dans de nombreuses autres Cantigas de Santa Maria, le po\u00e8te nous conte que bien des moines furent t\u00e9moins du miracle et le lou\u00e8rent. Pour finir, le pr\u00eatre se fit moine et rejoignit la communaut\u00e9 de Cluny.<\/p>\n<p><a href=\"https:\/\/www.moyenagepassion.com\/wp-content\/uploads\/2017\/06\/deco_frise.jpg\"><img decoding=\"async\" class=\"alignnone size-full wp-image-13632\" src=\"https:\/\/www.moyenagepassion.com\/wp-content\/uploads\/2017\/06\/deco_frise.jpg\" alt=\"deco_frise\" width=\"500\" height=\"76\" srcset=\"https:\/\/www.moyenagepassion.com\/wp-content\/uploads\/2017\/06\/deco_frise.jpg 500w, https:\/\/www.moyenagepassion.com\/wp-content\/uploads\/2017\/06\/deco_frise-300x46.jpg 300w\" sizes=\"(max-width: 500px) 100vw, 500px\" \/><\/a><\/p>\n<p style=\"text-align: center;\"><strong><span style=\"color: #008000;\"><em>Este miragre fez Santa Maria en Cunnegro por un crerigo que cantava mui ben as sas\u00a0prosas a ssa loor, e prend\u00e9rono ereges e tallaron-ll&rsquo; a lingua.<\/em><\/span><\/strong><\/p>\n<p style=\"text-align: center;\"><strong><span style=\"color: #008000;\"><em>A Madre do que de terra primeir&rsquo; ame foi fazer<\/em><\/span><\/strong><br \/>\n<strong><span style=\"color: #008000;\"><em>ben pod&rsquo; a lingua tallada fazer que possa crecer.<\/em><\/span><\/strong><\/p>\n<p style=\"text-align: center;\"><strong><span style=\"color: #008000;\"><em>Dest&rsquo; un mui maravilloso<\/em><\/span><\/strong><br \/>\n<strong><span style=\"color: #008000;\"><em>miragre vos contarey,<\/em><\/span><\/strong><br \/>\n<strong><span style=\"color: #008000;\"><em>que fez, e mui piadoso,<\/em><\/span><\/strong><br \/>\n<strong><span style=\"color: #008000;\"><em>a Madre do alto Rei<\/em><\/span><\/strong><br \/>\n<strong><span style=\"color: #008000;\"><em>por un crerigo, que foran a furt&rsquo; ereges prender<\/em><\/span><\/strong><br \/>\n<strong><span style=\"color: #008000;\"><em>porque de Santa Maria sempr&rsquo; ya loor dizer.<br \/>\n<\/em><\/span><\/strong><br \/>\n<strong><span style=\"color: #008000;\"><em>A Madre do que de terra primeir&rsquo; ome foi fazer&#8230;<\/em><\/span><\/strong><\/p>\n<p style=\"text-align: center;\"><strong><span style=\"color: #008000;\"><em>Poilo ouveron fillado,<\/em><\/span><\/strong><br \/>\n<strong><span style=\"color: #008000;\"><em>quis\u00e9rano y matar;<\/em><\/span><\/strong><br \/>\n<strong><span style=\"color: #008000;\"><em>mais, polo fazer penado<\/em><\/span><\/strong><br \/>\n<strong><span style=\"color: #008000;\"><em>viver, foron-lle tallar<\/em><\/span><\/strong><br \/>\n<strong><span style=\"color: #008000;\"><em>a lingua ben na garganta, cuidando-o cofonder,<\/em><\/span><\/strong><br \/>\n<strong><span style=\"color: #008000;\"><em>porque nunca mais da Virgen fosse loor comp\u00f5er.<br \/>\n<\/em><\/span><\/strong><br \/>\n<strong><span style=\"color: #008000;\"><em>A Madre do que de terra primeir&rsquo; ome foi fazer&#8230;<\/em><\/span><\/strong><\/p>\n<p style=\"text-align: center;\"><strong><span style=\"color: #008000;\"><em>Pois que ll&rsquo;a lingua tallaron,<\/em><\/span><\/strong><br \/>\n<strong><span style=\"color: #008000;\"><em>leix\u00e1rono assi yr;<\/em><\/span><\/strong><br \/>\n<strong><span style=\"color: #008000;\"><em>e mui mal lle per jogaron,<\/em><\/span><\/strong><br \/>\n<strong><span style=\"color: #008000;\"><em>ca non podia pedir<\/em><\/span><\/strong><br \/>\n<strong><span style=\"color: #008000;\"><em>nen cantar como cantara da que Deus quiso nacer<\/em><\/span><\/strong><br \/>\n<strong><span style=\"color: #008000;\"><em>por nos; e con esta coita cuidava o sen perder.<\/em><\/span><\/strong><br \/>\n<strong><span style=\"color: #008000;\"><em>A Madre do que de terra primeir&rsquo; ome foi fazer&#8230;<\/em><\/span><\/strong><\/p>\n<p style=\"text-align: center;\"><strong><span style=\"color: #008000;\"><em>E o que mais grave ll&rsquo; era,<\/em><\/span><\/strong><br \/>\n<strong><span style=\"color: #008000;\"><em>que quando oya son<\/em><\/span><\/strong><br \/>\n<strong><span style=\"color: #008000;\"><em>dizer dos que el dissera,<\/em><\/span><\/strong><br \/>\n<strong><span style=\"color: #008000;\"><em>quebrava-ll&rsquo; o cora\u00e7on<\/em><\/span><\/strong><br \/>\n<strong><span style=\"color: #008000;\"><em>porque non podia nada cantar, onde gran prazer<\/em><\/span><\/strong><br \/>\n<strong><span style=\"color: #008000;\"><em>ouvera muitas vegadas, e fillava-ss&rsquo; a gemer.<br \/>\n<\/em><\/span><\/strong><br \/>\n<strong><span style=\"color: #008000;\"><em>A Madre do que de terra primeir&rsquo; ome foi fazer&#8230;<\/em><\/span><\/strong><\/p>\n<p style=\"text-align: center;\"><strong><span style=\"color: #008000;\"><em>El cuitad&rsquo; assi andando,<\/em><\/span><\/strong><br \/>\n<strong><span style=\"color: #008000;\"><em>un dia foi que chegou<\/em><\/span><\/strong><br \/>\n<strong><span style=\"color: #008000;\"><em>a Cunnegro, e entrando<\/em><\/span><\/strong><br \/>\n<strong><span style=\"color: #008000;\"><em>na eigreja, ascuitou<\/em><\/span><\/strong><br \/>\n<strong><span style=\"color: #008000;\"><em>e oyu como cantavan vesperas a gran lezer<\/em><\/span><\/strong><br \/>\n<strong><span style=\"color: #008000;\"><em>da Virgen santa Rea; e quis con eles erger.<br \/>\n<\/em><\/span><\/strong><br \/>\n<strong><span style=\"color: #008000;\"><em>A Madre do que de terra primeir&rsquo; ome foi fazer&#8230;<\/em><\/span><\/strong><\/p>\n<p style=\"text-align: center;\"><strong><span style=\"color: #008000;\"><em>Sa voz, e ssa voontade<\/em><\/span><\/strong><br \/>\n<strong><span style=\"color: #008000;\"><em>e ssa punna y meteu.<\/em><\/span><\/strong><br \/>\n<strong><span style=\"color: #008000;\"><em>E log&rsquo; a da gran bondade<\/em><\/span><\/strong><br \/>\n<strong><span style=\"color: #008000;\"><em>fez que lingua lle naceu<\/em><\/span><\/strong><br \/>\n<strong><span style=\"color: #008000;\"><em>toda nova e comprida, qual ante soy&rsquo; aver;<\/em><\/span><\/strong><br \/>\n<strong><span style=\"color: #008000;\"><em>assi esta Virgen Madre lle foi conprir seu querer.<br \/>\n<\/em><\/span><\/strong><br \/>\n<strong><span style=\"color: #008000;\"><em>A Madre do que de terra primeir&rsquo; ome foi fazer&#8230;<\/em><\/span><\/strong><\/p>\n<p style=\"text-align: center;\"><strong><span style=\"color: #008000;\"><em>Esto viron muitas gentes<\/em><\/span><\/strong><br \/>\n<strong><span style=\"color: #008000;\"><em>que estavan enton y,<\/em><\/span><\/strong><br \/>\n<strong><span style=\"color: #008000;\"><em>e meteron mui ben mentes<\/em><\/span><\/strong><br \/>\n<strong><span style=\"color: #008000;\"><em>no miragre, com&rsquo; o\u00fd;<\/em><\/span><\/strong><br \/>\n<strong><span style=\"color: #008000;\"><em>e a Virgen poren todos fillaron-s&rsquo; a beizer,<\/em><\/span><\/strong><br \/>\n<strong><span style=\"color: #008000;\"><em>e o crerigo na orden dos monges se foi meter.<br \/>\n<\/em><\/span><\/strong><br \/>\n<strong><span style=\"color: #008000;\"><em>A Madre do que de terra primeir&rsquo; ome foi fazer&#8230;<\/em><\/span><\/strong><\/p>\n<p><a href=\"https:\/\/www.moyenagepassion.com\/wp-content\/uploads\/2017\/06\/deco_frise.jpg\"><img decoding=\"async\" class=\"alignnone size-full wp-image-13632\" src=\"https:\/\/www.moyenagepassion.com\/wp-content\/uploads\/2017\/06\/deco_frise.jpg\" alt=\"deco_frise\" width=\"500\" height=\"76\" srcset=\"https:\/\/www.moyenagepassion.com\/wp-content\/uploads\/2017\/06\/deco_frise.jpg 500w, https:\/\/www.moyenagepassion.com\/wp-content\/uploads\/2017\/06\/deco_frise-300x46.jpg 300w\" sizes=\"(max-width: 500px) 100vw, 500px\" \/><\/a><\/p>\n<p>Retrouvez l&rsquo;<a href=\"https:\/\/www.moyenagepassion.com\/index.php\/decouvrez-les-cantigas-de-santa-maria-en-francais-actuel\/\" target=\"_blank\" rel=\"noopener noreferrer\">index de toutes les Cantigas de Santa Maria traduites et comment\u00e9es en fran\u00e7ais, avec leur version en musique<\/a>,<\/p>\n<p>En vous souhaitant une tr\u00e8s belle journ\u00e9e!<\/p>\n<p>Fred<br \/>\nPour Moyenagepassion.com<br \/>\n<em><strong>A la d\u00e9couverte du Moyen \u00c2ge sous toutes ses formes<\/strong><\/em><\/p>\n","protected":false},"excerpt":{"rendered":"<p>Sujet\u00a0: musique m\u00e9di\u00e9vale,\u00a0Cantigas de Santa Maria, gala\u00efco-portugais, culte marial, miracles, Sainte-Marie, vierge, Moyen \u00c2ge chr\u00e9tien, Espagne m\u00e9di\u00e9vale. P\u00e9riode : Moyen \u00c2ge central, XIIIe si\u00e8cle Auteur\u00a0: Alphonse X\u00a0 (1221-1284) Ensemble : Musica Ficta &amp; l&rsquo;Ensemble Fontegara Titre :\u00a0 Cantiga 156 Album\u00a0: M\u00fasicas Viajeras: Tres Culturas (Enchiriadis.\u00a02013) Bonjour \u00e0 tous, ous poursuivons aujourd&rsquo;hui notre exploration du culte &hellip; <a href=\"https:\/\/www.moyenagepassion.com\/index.php\/2018\/08\/13\/la-cantiga-de-santa-maria-156-le-miracle-dun-pretre-devoue-a-la-langue-tranchee-puis-retrouvee\/\" class=\"more-link\">Continuer la lecture de <span class=\"screen-reader-text\">La Cantiga de Santa Maria 156 : le miracle d&rsquo;un pr\u00eatre d\u00e9vou\u00e9, \u00e0 la langue tranch\u00e9e, puis retrouv\u00e9e<\/span>  <span class=\"meta-nav\">&rarr;<\/span><\/a><\/p>\n","protected":false},"author":2,"featured_media":0,"comment_status":"open","ping_status":"open","sticky":false,"template":"","format":"standard","meta":{"_monsterinsights_skip_tracking":false,"_monsterinsights_sitenote_active":false,"_monsterinsights_sitenote_note":"","_monsterinsights_sitenote_category":0,"footnotes":""},"categories":[3306,9],"tags":[3995,1401,1169,3990,1202,1184,3379,3183,3994,3142,3140,3996,3667,18,677,1845,3993,78,79,3991,883,3992,3181,3751,595],"class_list":["post-23018","post","type-post","status-publish","format-standard","hentry","category-alphonse-x-de-castille","category-musique-medieval-historique-fantaisie-celtique","tag-abbaye-de-cluny","tag-album","tag-alphonse-x","tag-cantiga-156","tag-cantigas-de-santa-maria","tag-cantigas-santa-maria","tag-chant-chretien","tag-culte-marial","tag-ensemble-fontegara","tag-espagne-medievale","tag-galaico-portugais","tag-manuscrit-de-lescorial","tag-miracles","tag-moyen-age","tag-moyen-age-chretien","tag-mp3","tag-musica-ficta","tag-musique","tag-musique-medievale","tag-musique-sefardi","tag-musiques-anciennes","tag-raul-mallavibarrena","tag-sainte-marie","tag-vierge","tag-xiiie-siecle"],"aioseo_notices":[],"_links":{"self":[{"href":"https:\/\/www.moyenagepassion.com\/index.php\/wp-json\/wp\/v2\/posts\/23018"}],"collection":[{"href":"https:\/\/www.moyenagepassion.com\/index.php\/wp-json\/wp\/v2\/posts"}],"about":[{"href":"https:\/\/www.moyenagepassion.com\/index.php\/wp-json\/wp\/v2\/types\/post"}],"author":[{"embeddable":true,"href":"https:\/\/www.moyenagepassion.com\/index.php\/wp-json\/wp\/v2\/users\/2"}],"replies":[{"embeddable":true,"href":"https:\/\/www.moyenagepassion.com\/index.php\/wp-json\/wp\/v2\/comments?post=23018"}],"version-history":[{"count":5,"href":"https:\/\/www.moyenagepassion.com\/index.php\/wp-json\/wp\/v2\/posts\/23018\/revisions"}],"predecessor-version":[{"id":51593,"href":"https:\/\/www.moyenagepassion.com\/index.php\/wp-json\/wp\/v2\/posts\/23018\/revisions\/51593"}],"wp:attachment":[{"href":"https:\/\/www.moyenagepassion.com\/index.php\/wp-json\/wp\/v2\/media?parent=23018"}],"wp:term":[{"taxonomy":"category","embeddable":true,"href":"https:\/\/www.moyenagepassion.com\/index.php\/wp-json\/wp\/v2\/categories?post=23018"},{"taxonomy":"post_tag","embeddable":true,"href":"https:\/\/www.moyenagepassion.com\/index.php\/wp-json\/wp\/v2\/tags?post=23018"}],"curies":[{"name":"wp","href":"https:\/\/api.w.org\/{rel}","templated":true}]}}