{"id":23056,"date":"2018-08-16T05:06:08","date_gmt":"2018-08-16T04:06:08","guid":{"rendered":"http:\/\/www.moyenagepassion.com\/?p=23056"},"modified":"2020-10-04T19:50:37","modified_gmt":"2020-10-04T18:50:37","slug":"agenda-moyen-age-festif-animations-et-fetes-medievales-du-week-end","status":"publish","type":"post","link":"https:\/\/www.moyenagepassion.com\/index.php\/2018\/08\/16\/agenda-moyen-age-festif-animations-et-fetes-medievales-du-week-end\/","title":{"rendered":"Agenda moyen-\u00e2ge festif : animations et f\u00eates m\u00e9di\u00e9vales du week-end"},"content":{"rendered":"<div id=\"moyen-102706235\" class=\"moyen-before-content moyen-entity-placement\"><script async src=\"\/\/pagead2.googlesyndication.com\/pagead\/js\/adsbygoogle.js?client=ca-pub-3035390706780632\" crossorigin=\"anonymous\"><\/script><ins class=\"adsbygoogle\" style=\"display:block;\" data-ad-client=\"ca-pub-3035390706780632\" \ndata-ad-slot=\"\" \ndata-ad-format=\"auto\"><\/ins>\n<script> \n(adsbygoogle = window.adsbygoogle || []).push({}); \n<\/script>\n<\/div><p><strong><a href=\"https:\/\/www.moyenagepassion.com\/wp-content\/uploads\/2018\/07\/agenda_fetes_festival_animations_medievales_moyen-age_festif.jpg\"><img decoding=\"async\" class=\"alignleft wp-image-22638\" src=\"https:\/\/www.moyenagepassion.com\/wp-content\/uploads\/2018\/07\/agenda_fetes_festival_animations_medievales_moyen-age_festif.jpg\" alt=\"agenda_fetes_festival_animations_medievales_moyen-age_festif\" width=\"124\" height=\"210\" srcset=\"https:\/\/www.moyenagepassion.com\/wp-content\/uploads\/2018\/07\/agenda_fetes_festival_animations_medievales_moyen-age_festif.jpg 332w, https:\/\/www.moyenagepassion.com\/wp-content\/uploads\/2018\/07\/agenda_fetes_festival_animations_medievales_moyen-age_festif-178x300.jpg 178w\" sizes=\"(max-width: 124px) 100vw, 124px\" \/><\/a>Sujet<\/strong>\u00a0: agenda, f\u00eates m\u00e9di\u00e9vales, festivals, \u00e9v\u00e9nements historiques, moyen-\u00e2ge festif, march\u00e9 m\u00e9di\u00e9val. id\u00e9es week-end<br \/>\n<strong>Lieu<\/strong>\u00a0: Nouvelle-Aquitaine,\u00a0 Occitanie, Normandie, Provence-Alpes-C\u00f4te-d\u2019Azur, Grand-Est, Pays de la Loire<br \/>\n<strong>Ev\u00e9nement<\/strong><strong>:\u00a0<em>M\u00e9di\u00e9vales d\u2019ici et d\u2019ailleurs, ch\u00e2teaux en f\u00eate.<\/em><\/strong><br \/>\n<strong>Dates<\/strong>:\u00a0Du 18 au 29 aout\u00a02018<\/p>\n<p>Bonjour \u00e0 tous,<\/p>\n<p style=\"text-align: justify;\"><img decoding=\"async\" class=\"alignleft size-full wp-image-264\" src=\"https:\/\/www.moyenagepassion.com\/wp-content\/uploads\/2015\/12\/V_lettrine_moyen_age_passion-copia.jpg\" alt=\"V_lettrine_moyen_age_passion copia\" width=\"96\" height=\"103\" \/>oici, comme \u00e0 l&rsquo;habitude, un point sur les r\u00e9jouissances et f\u00eates m\u00e9di\u00e9vales qui vous attendent \u00e0 l&rsquo;agenda de cette fin de semaine, aux quatre coins du territoire.<\/p>\n<hr \/>\n<h2>La f\u00eate multi-\u00e9poques de Valr\u00e9as<\/h2>\n<p><strong>Lieu<\/strong> : Valr\u00e9as,\u00a0Vaucluse, Provence-Alpes-C\u00f4te d&rsquo;Azur.<br \/>\n<strong>Dates<\/strong> : les 18 &amp; 19 ao\u00fbt 2018<br \/>\n<a href=\"https:\/\/www.moyenagepassion.com\/wp-content\/uploads\/2018\/08\/fetes_animations_medievales_historiques_multi-epoques_valreas_vaucluse_PACA_agenda_moyen-age_festif.jpg\"><br \/>\n<img decoding=\"async\" class=\"alignright wp-image-23058\" src=\"https:\/\/www.moyenagepassion.com\/wp-content\/uploads\/2018\/08\/fetes_animations_medievales_historiques_multi-epoques_valreas_vaucluse_PACA_agenda_moyen-age_festif.jpg\" alt=\"fetes_animations_medievales_historiques_multi-epoques_valreas_vaucluse_PACA_agenda_moyen-age_festif\" width=\"159\" height=\"239\" srcset=\"https:\/\/www.moyenagepassion.com\/wp-content\/uploads\/2018\/08\/fetes_animations_medievales_historiques_multi-epoques_valreas_vaucluse_PACA_agenda_moyen-age_festif.jpg 400w, https:\/\/www.moyenagepassion.com\/wp-content\/uploads\/2018\/08\/fetes_animations_medievales_historiques_multi-epoques_valreas_vaucluse_PACA_agenda_moyen-age_festif-200x300.jpg 200w\" sizes=\"(max-width: 159px) 100vw, 159px\" \/><\/a><strong>Au programme<\/strong><\/p>\n<p style=\"text-align: justify;\">C&rsquo;est la 2\u00e8me \u00e9dition de cette f\u00eate\u00a0 apr\u00e8s une 1\u00e8re r\u00e9ussie, en 2017.<\/p>\n<p style=\"text-align: justify;\">Organis\u00e9e par la<em><strong> Compagnie Histoire en Sc\u00e8ne<\/strong><\/em> en soutien avec la municipalit\u00e9, on devrait pouvoir y croiser, cette fin de semaine, pr\u00e8s de 80 reconstituteurs venus pour repr\u00e9senter diff\u00e9rentes p\u00e9riodes de l&rsquo;Histoire Fran\u00e7aise, du moyen-\u00e2ge \u00e0 la fin de la premi\u00e8re guerre mondiale. A ses parades, animations, ateliers, spectacles et reconstitutions viendront encore s&rsquo;ajouter un march\u00e9 du terroir et comme nous sommes\u00a0ici dans l&rsquo;Enclave des papes, au milieu des riches vignobles des plus gouleyants <strong>C\u00f4tes du Rh\u00f4ne<\/strong>, l&rsquo;\u00e9tape devrait valoir deux fois le prix de s&rsquo;y arr\u00eater pour les amateurs de bons produits et de bon crus.<\/p>\n<p><a href=\"https:\/\/www.valreas.net\/festivites-annuelles.html\" target=\"_blank\" rel=\"noopener noreferrer\">Site municipalit\u00e9\u00a0<\/a> \u00a0 \u00a0 <a href=\"https:\/\/www.valreas.net\/images\/pdf\/Flyer_WEH_2018_web.pdf\" target=\"_blank\" rel=\"noopener noreferrer\">Programme d\u00e9taill\u00e9<\/a>\u00a0 <a href=\"https:\/\/www.moyenagepassion.com\/wp-content\/uploads\/2018\/08\/valreas_programme_fetes_animations_historiques_vaucluse_PACA.jpg\" target=\"_blank\" rel=\"noopener noreferrer\">(lien alternatif programme)<\/a><\/p>\n<p><a href=\"https:\/\/www.moyenagepassion.com\/index.php\/2017\/08\/14\/valreas-un-week-end-historique-en-drome-provencale-au-coeur-de-lenclave-des-papes\/\" target=\"_blank\" rel=\"noopener noreferrer\">Voir article pr\u00e9c\u00e9dent sur l&rsquo;\u00e9dition 2017 de\u00a0 cette f\u00eate m\u00e9di\u00e9vale ici<\/a><\/p>\n<hr \/>\n<h2>La F\u00eate m\u00e9di\u00e9vale de Serralongue<\/h2>\n<p><strong>Lieu<\/strong> :\u00a0Serralongue, Pyr\u00e9n\u00e9es-Orientales, Occitanie<br \/>\n<strong>Dates<\/strong> : du 17 au 19 ao\u00fbt 2018<\/p>\n<p style=\"text-align: justify;\"><strong><a href=\"https:\/\/www.moyenagepassion.com\/wp-content\/uploads\/2018\/08\/fetes_animations_marche_medievales_millenaire_serralongue_Occitanie.jpg\"><img decoding=\"async\" class=\"alignleft wp-image-23060\" src=\"https:\/\/www.moyenagepassion.com\/wp-content\/uploads\/2018\/08\/fetes_animations_marche_medievales_millenaire_serralongue_Occitanie.jpg\" alt=\"fetes_animations_marche_medievales_millenaire_serralongue_Occitanie\" width=\"162\" height=\"243\" srcset=\"https:\/\/www.moyenagepassion.com\/wp-content\/uploads\/2018\/08\/fetes_animations_marche_medievales_millenaire_serralongue_Occitanie.jpg 400w, https:\/\/www.moyenagepassion.com\/wp-content\/uploads\/2018\/08\/fetes_animations_marche_medievales_millenaire_serralongue_Occitanie-200x300.jpg 200w\" sizes=\"(max-width: 162px) 100vw, 162px\" \/><\/a>Au programme <\/strong><\/p>\n<p style=\"text-align: justify;\">Organis\u00e9 par le <strong>Comit\u00e9 du Mill\u00e9naire<\/strong>, cette f\u00eate m\u00e9di\u00e9vale s&rsquo;annonce tr\u00e8s prometteuse. Elle se propose de revenir \u00e0 l&rsquo;an 1018 durant trois jours complets : artisans\u00a0 d\u00e9montrant les savoir-faire d&rsquo;antan, d\u00e9couverte de la vie civile et militaire des d\u00e9but du moyen-\u00e2ge central. Bref de nombreuses animations continues s&rsquo;y tiendront et des troupes de com\u00e9diens, musiciens et danseurs invit\u00e9s pour l&rsquo;occasion ajouteront encore\u00a0leur art et leurs fac\u00e9ties aux\u00a0divertissements et r\u00e9jouissances pr\u00e9vus. Un march\u00e9 m\u00e9di\u00e9val est \u00e9galement au programme.<\/p>\n<p style=\"text-align: justify;\"><a href=\"https:\/\/millenaire-serralongue.com\/\" target=\"_blank\" rel=\"noopener noreferrer\">Site officiel de la f\u00eate<\/a>\u00a0 \u00a0&#8211; <a href=\"https:\/\/www.facebook.com\/serralonguemillenaire2018\/\" target=\"_blank\" rel=\"noopener noreferrer\">Facebook de l&rsquo;\u00e9v\u00e9nement<\/a><\/p>\n<hr \/>\n<h2 style=\"text-align: justify;\">F\u00eate et march\u00e9 m\u00e9di\u00e9val<br \/>\nau ch\u00e2teau de Ducs de Lorraine<\/h2>\n<p style=\"text-align: justify;\"><strong>Lieu<\/strong> :\u00a0Sierck-les-Bains,\u00a0Lorraine, Moselle, Grand Est.<br \/>\n<strong>Dates<\/strong> : les 18 et 19 ao\u00fbt 2018<\/p>\n<p style=\"text-align: justify;\"><strong><a href=\"https:\/\/www.moyenagepassion.com\/wp-content\/uploads\/2018\/08\/fetes_animations_compagnies_medievales_chateau_sierck_les_bains_lorraine_grand-est_moyen-age_festif.jpg\"><img decoding=\"async\" class=\"alignright wp-image-23064\" src=\"https:\/\/www.moyenagepassion.com\/wp-content\/uploads\/2018\/08\/fetes_animations_compagnies_medievales_chateau_sierck_les_bains_lorraine_grand-est_moyen-age_festif.jpg\" alt=\"fetes_animations_compagnies_medievales_chateau_sierck_les_bains_lorraine_grand-est_moyen-age_festif\" width=\"161\" height=\"242\" srcset=\"https:\/\/www.moyenagepassion.com\/wp-content\/uploads\/2018\/08\/fetes_animations_compagnies_medievales_chateau_sierck_les_bains_lorraine_grand-est_moyen-age_festif.jpg 400w, https:\/\/www.moyenagepassion.com\/wp-content\/uploads\/2018\/08\/fetes_animations_compagnies_medievales_chateau_sierck_les_bains_lorraine_grand-est_moyen-age_festif-200x300.jpg 200w\" sizes=\"(max-width: 161px) 100vw, 161px\" \/><\/a>Au programme<\/strong><\/p>\n<p style=\"text-align: justify;\">C&rsquo;est encore une belle f\u00eate qui nous est propos\u00e9e ici, du c\u00f4t\u00e9 de la Lorraine.<\/p>\n<p style=\"text-align: justify;\">Sise sur le site m\u00eame du ch\u00e2teau des ducs de Lorraine, douze compagnies m\u00e9di\u00e9vales y sont annonc\u00e9es. On y assistera \u00e0 des spectacles vari\u00e9s : combats de chevaliers, joutes \u00e9questres, fauconnerie et m\u00eame une attaque en r\u00e8gle du ch\u00e2teau par plus d&rsquo;une centaine de vikings ! Des Campements m\u00e9di\u00e9vaux et viking ainsi qu&rsquo;un march\u00e9 (lui aussi m\u00e9di\u00e9val &amp; viking) vous attendent encore sur place et, le samedi soir, un grand spectacle nocturne de chevalerie suivi d&rsquo;un spectacle de feu seront donn\u00e9s.<\/p>\n<p style=\"text-align: justify;\"><strong>Compagnies m\u00e9di\u00e9vales<\/strong><\/p>\n<p style=\"text-align: justify;\"><span style=\"color: #008000;\"><em>Compagnie de Beserkrs &#8211; Managarm &#8211; Odin Folgesvenner &#8211; Austan Gautar Vikingar &#8211; Vestgard &#8211; Ekit chevaux &#8211; La Maisnie de Bois Guillaume &#8211; La Compagnie de la Hache &#8211; Vol libre &#8211; Saltabraz &#8211; Tormis\u00a0 &#8211; Animalkia &#8211; Les couleurs de la Luciole &#8211; Le Scriptorium de Haienges &#8211; La F\u00e9e Brodeuse &#8211; Atelier th\u00e9\u00e2tre de l&rsquo;\u00e9tincelle<\/em><\/span><\/p>\n<p><a href=\"https:\/\/www.chateau-sierck.com\/fete-du-chateau\" target=\"_blank\" rel=\"noopener noreferrer\">Site officiel du ch\u00e2teau <\/a>\u00a0 &#8211; <a href=\"https:\/\/www.facebook.com\/chateausierck\/\" target=\"_blank\" rel=\"noopener noreferrer\">Facebook du ch\u00e2teau<\/a><\/p>\n<hr \/>\n<h2>La 7eme f\u00eate m\u00e9di\u00e9vale de Sisteron<\/h2>\n<p><strong>Lieu<\/strong> : Sisteron,\u00a0Alpes-de-Haute-Provence, Provence-Alpes-C\u00f4te d&rsquo;Azur.<br \/>\n<strong>Dates<\/strong> :\u00a0\u00a0les 18 et 19 ao\u00fbt 2018<\/p>\n<p style=\"text-align: justify;\"><strong><a href=\"https:\/\/www.moyenagepassion.com\/wp-content\/uploads\/2018\/08\/agenda_fete_animations_marche_medievale_sisteron_provence_alpe_cote_azur.jpg\"><img decoding=\"async\" class=\"alignleft wp-image-23065\" src=\"https:\/\/www.moyenagepassion.com\/wp-content\/uploads\/2018\/08\/agenda_fete_animations_marche_medievale_sisteron_provence_alpe_cote_azur.jpg\" alt=\"agenda_fete_animations_marche_medievale_sisteron_provence_alpe_cote_azur\" width=\"160\" height=\"240\" srcset=\"https:\/\/www.moyenagepassion.com\/wp-content\/uploads\/2018\/08\/agenda_fete_animations_marche_medievale_sisteron_provence_alpe_cote_azur.jpg 400w, https:\/\/www.moyenagepassion.com\/wp-content\/uploads\/2018\/08\/agenda_fete_animations_marche_medievale_sisteron_provence_alpe_cote_azur-200x300.jpg 200w\" sizes=\"(max-width: 160px) 100vw, 160px\" \/><\/a>Au programme<\/strong><\/p>\n<p style=\"text-align: justify;\">Pour cette f\u00eate qui a lieu tous les deux ans \u00e0 Sisteron, le comit\u00e9 organisateur entend\u00a0 \u00ab\u00a0favoriser la d\u00e9couverte\u00a0de l\u2019artisanat, de l\u2019art et de la culture m\u00e9di\u00e9val\u00a0\u00bb.<\/p>\n<p style=\"text-align: justify;\">Pour se faire, tout sera donc mis en oeuvre, y compris les moyens les plus festifs : d\u00e9fil\u00e9s et parades, musiques, danses, spectacle nocturne, le samedi et le dimanche, tournoi, campements, spectacles de rapaces et autres animations. Un march\u00e9 m\u00e9di\u00e9val se tiendra \u00e9galement sur place durant les deux journ\u00e9es. Le samedi, les r\u00e9jouissances sont en centre ville et gratuites, le dimanche, elles ont lieu \u00e0 la citadelle et sont payantes.<\/p>\n<p><strong>Compagnies m\u00e9di\u00e9vales attendues<\/strong><\/p>\n<p><span style=\"color: #008000;\"><em>L\u2019Esbaudye &#8211; Riberty Familia &#8211; Duo Albespin -Les Aboyeurs -La Ferme\u00a0 du chaineau &#8211; L\u2019ost des Temps Jadis &#8211; Marymorgan Witch &#8211; Cie du Polisson &#8211; Les Loups du Pays d\u2019Aix -M\u00e9di\u00e9v\u2019Arts<\/em><\/span><\/p>\n<p><a href=\"http:\/\/www.sisteron.com\/passage-du-fort\" target=\"_blank\" rel=\"noopener noreferrer\">D\u00e9tail de l&rsquo;\u00e9v\u00e9nement sur le site de la municipalit\u00e9<\/a><\/p>\n<hr \/>\n<h2>Le Festival M\u00e9di\u00e9val de Montsaugeon<\/h2>\n<p><strong>Lieu<\/strong> :\u00a0Montsaugeon,\u00a0Haute-Marne, Grand Est<br \/>\n<strong>Dates<\/strong> : les 18 et 19 ao\u00fbt 2018<\/p>\n<p><strong>Au programme<\/strong><\/p>\n<p style=\"text-align: justify;\">Voila encore ici un \u00e9v\u00e9nement de taille puisque les organisateurs nous promettent la pr\u00e9sence, ce week-end \u00e0 <strong>Montsaugeon,<\/strong> de plus de 250 intervenants, entre artistes, artisans, reconstituteurs et passionn\u00e9s de moyen-\u00e2ge.<\/p>\n<p style=\"text-align: justify;\"><a href=\"https:\/\/www.moyenagepassion.com\/wp-content\/uploads\/2018\/08\/Festival-animations_agenda_medieval_montsaugeon_grand-est.jpg\"><img decoding=\"async\" class=\"alignright wp-image-23067\" src=\"https:\/\/www.moyenagepassion.com\/wp-content\/uploads\/2018\/08\/Festival-animations_agenda_medieval_montsaugeon_grand-est.jpg\" alt=\"Festival-animations_agenda_medieval_montsaugeon_grand-est\" width=\"237\" height=\"159\" srcset=\"https:\/\/www.moyenagepassion.com\/wp-content\/uploads\/2018\/08\/Festival-animations_agenda_medieval_montsaugeon_grand-est.jpg 600w, https:\/\/www.moyenagepassion.com\/wp-content\/uploads\/2018\/08\/Festival-animations_agenda_medieval_montsaugeon_grand-est-300x201.jpg 300w\" sizes=\"(max-width: 237px) 100vw, 237px\" \/><\/a><\/p>\n<p style=\"text-align: justify;\">Le programme pr\u00e9voit de nombreuses animations, une foire du terroir coupl\u00e9e \u00e0 un march\u00e9 m\u00e9di\u00e9val, et encore un grand tournoi de \u00ab\u00a0combat sportif armur\u00e9\u00a0\u00bb (appelons-le <a href=\"https:\/\/www.moyenagepassion.com\/index.php\/tag\/behourd\/\" target=\"_blank\" rel=\"noopener noreferrer\"><strong>B\u00e9hourd<\/strong><\/a> pour que tout le monde comprenne), avec plus de 40 challengers venus de l&rsquo;Europe enti\u00e8re pour en d\u00e9coudre, auxquels viendront s&rsquo;ajouter\u00a0dix cavaliers, lance \u00e0 la main et pr\u00eats \u00e0 jouter.<\/p>\n<p style=\"text-align: justify;\"><a href=\"http:\/\/montsaugeon.fr\/\" target=\"_blank\" rel=\"noopener noreferrer\">Programme d\u00e9taill\u00e9 et site officiel ici<\/a><\/p>\n<hr \/>\n<h2>Autres f\u00eates<br \/>\n&amp; \u00e9v\u00e9nements autour du moyen-\u00e2ge<\/h2>\n<table width=\"\u00bb475\u2033\" cellspacing=\"\u00bb0\u2033\" cellpadding=\"\u00bb0\u2033\">\n<tbody>\n<tr>\n<td><strong><a href=\"https:\/\/www.moyenagepassion.com\/wp-content\/uploads\/2018\/08\/fetes_animations_campement_medievales_chateau_essor_blinois_loire_atlantique.jpg\"><img decoding=\"async\" class=\"alignnone wp-image-23072 size-full\" src=\"https:\/\/www.moyenagepassion.com\/wp-content\/uploads\/2018\/08\/fetes_animations_campement_medievales_chateau_essor_blinois_loire_atlantique.jpg\" alt=\"fetes_animations_campement_medievales_chateau_essor_blinois_loire_atlantique\" width=\"400\" height=\"600\" srcset=\"https:\/\/www.moyenagepassion.com\/wp-content\/uploads\/2018\/08\/fetes_animations_campement_medievales_chateau_essor_blinois_loire_atlantique.jpg 400w, https:\/\/www.moyenagepassion.com\/wp-content\/uploads\/2018\/08\/fetes_animations_campement_medievales_chateau_essor_blinois_loire_atlantique-200x300.jpg 200w\" sizes=\"(max-width: 400px) 100vw, 400px\" \/><\/a><\/strong><\/p>\n<p><strong>Journ\u00e9es M\u00e9di\u00e9vales au ch\u00e2teau<br \/>\n<\/strong><strong>Lieu<\/strong>\u00a0:\u00a0 Ch\u00e2teau Essor Blinois, Blain,\u00a0Loire-Atlantique,<br \/>\nPays de la Loire<br \/>\nCampements m\u00e9di\u00e9vaux,<br \/>\n<a href=\"https:\/\/www.chateauessorblinois.com\/\" target=\"_blank\" rel=\"noopener noreferrer\">Site du ch\u00e2teau<\/a><\/td>\n<td><a href=\"https:\/\/www.moyenagepassion.com\/wp-content\/uploads\/2018\/08\/fetes_animations_medievales_Saint_leonard_Noblat.jpg\"><img decoding=\"async\" class=\"alignnone wp-image-23074 size-full\" src=\"https:\/\/www.moyenagepassion.com\/wp-content\/uploads\/2018\/08\/fetes_animations_medievales_Saint_leonard_Noblat.jpg\" alt=\"fetes_animations_medievales_Saint_leonard_Noblat\" width=\"400\" height=\"600\" srcset=\"https:\/\/www.moyenagepassion.com\/wp-content\/uploads\/2018\/08\/fetes_animations_medievales_Saint_leonard_Noblat.jpg 400w, https:\/\/www.moyenagepassion.com\/wp-content\/uploads\/2018\/08\/fetes_animations_medievales_Saint_leonard_Noblat-200x300.jpg 200w\" sizes=\"(max-width: 400px) 100vw, 400px\" \/><\/a><\/p>\n<p>Les M\u00e9di\u00e9vales de Saint-L\u00e9onard<br \/>\n<strong>Lieu<\/strong> : Saint-L\u00e9onard de Noblat, Haute-Vienne, Nouvelle-Aquitaine.<br \/>\nAnimations, jongleries, combat (f\u00eate de la viande limousine)<br \/>\n<a href=\"https:\/\/www.facebook.com\/pg\/stleonarddenoblat\/posts\/\" target=\"_blank\" rel=\"noopener noreferrer\">Site de l&rsquo;organisateur<\/a><\/td>\n<\/tr>\n<tr>\n<td><a href=\"https:\/\/www.moyenagepassion.com\/wp-content\/uploads\/2018\/08\/fetes_animations_medievales_chauvigny_Vienne_Nouvelle-Aquitaine_agenda_moyen-age.jpg\"><img decoding=\"async\" class=\"alignnone wp-image-23069 size-full\" src=\"https:\/\/www.moyenagepassion.com\/wp-content\/uploads\/2018\/08\/fetes_animations_medievales_chauvigny_Vienne_Nouvelle-Aquitaine_agenda_moyen-age.jpg\" alt=\"fetes_animations_medievales_chauvigny_Vienne_Nouvelle-Aquitaine_agenda_moyen-age\" width=\"400\" height=\"600\" srcset=\"https:\/\/www.moyenagepassion.com\/wp-content\/uploads\/2018\/08\/fetes_animations_medievales_chauvigny_Vienne_Nouvelle-Aquitaine_agenda_moyen-age.jpg 400w, https:\/\/www.moyenagepassion.com\/wp-content\/uploads\/2018\/08\/fetes_animations_medievales_chauvigny_Vienne_Nouvelle-Aquitaine_agenda_moyen-age-200x300.jpg 200w\" sizes=\"(max-width: 400px) 100vw, 400px\" \/><\/a><\/p>\n<p><strong>12e f\u00eate m\u00e9di\u00e9vale de Chauvigny<br \/>\nLieu<\/strong>\u00a0:\u00a0\u00a0Chauvigny, Vienne<br \/>\nNouvelle-Aquitaine<br \/>\n<strong>12\u00e8me \u00e9dition, animations,<br \/>\ntournoi\u00a0en duel, march\u00e9 m\u00e9di\u00e9val<br \/>\n<\/strong><a href=\"https:\/\/www.chauvigny.fr\/index.php\/culture-sport\/les-evenements-artistiques-et-culturels\/177-la-fete-medievale\">Site de l&rsquo;organisateur<\/a><\/td>\n<td><a href=\"https:\/\/www.moyenagepassion.com\/wp-content\/uploads\/2018\/08\/agenda_fetes_animations_medievales_entraygues_occitanie_.jpg\"><img decoding=\"async\" class=\"alignnone wp-image-23070 size-full\" src=\"https:\/\/www.moyenagepassion.com\/wp-content\/uploads\/2018\/08\/agenda_fetes_animations_medievales_entraygues_occitanie_.jpg\" alt=\"agenda_fetes_animations_medievales_entraygues_occitanie_\" width=\"400\" height=\"600\" srcset=\"https:\/\/www.moyenagepassion.com\/wp-content\/uploads\/2018\/08\/agenda_fetes_animations_medievales_entraygues_occitanie_.jpg 400w, https:\/\/www.moyenagepassion.com\/wp-content\/uploads\/2018\/08\/agenda_fetes_animations_medievales_entraygues_occitanie_-200x300.jpg 200w\" sizes=\"(max-width: 400px) 100vw, 400px\" \/><\/a><\/p>\n<p><strong>Les M\u00e9di\u00e9vales d&rsquo;Entraygues<br \/>\nLieu<\/strong>\u00a0:\u00a0 Entraygues-sur-Truy\u00e8res, Aveyron, Occitanie.<br \/>\n<strong>Joutes, archeries, march\u00e9 m\u00e9di\u00e9val, animations, spectacles,\u00a0\u2026<br \/>\n<\/strong><a href=\"https:\/\/www.facebook.com\/LES-MEDIEVALES-DENTRAYGUES-489757894492524\/\" target=\"_blank\" rel=\"noopener noreferrer\">Facebook de l\u2019\u00e9v\u00e9nement<\/a><\/td>\n<\/tr>\n<tr>\n<td><strong><a href=\"https:\/\/www.moyenagepassion.com\/wp-content\/uploads\/2018\/08\/spectacle_medieval_bataille_castillon_2018.jpg\"><img decoding=\"async\" class=\"alignnone wp-image-22975 size-full\" src=\"https:\/\/www.moyenagepassion.com\/wp-content\/uploads\/2018\/08\/spectacle_medieval_bataille_castillon_2018.jpg\" alt=\"spectacle_medieval_bataille_castillon_2018\" width=\"400\" height=\"600\" srcset=\"https:\/\/www.moyenagepassion.com\/wp-content\/uploads\/2018\/08\/spectacle_medieval_bataille_castillon_2018.jpg 400w, https:\/\/www.moyenagepassion.com\/wp-content\/uploads\/2018\/08\/spectacle_medieval_bataille_castillon_2018-200x300.jpg 200w\" sizes=\"(max-width: 400px) 100vw, 400px\" \/><\/a><\/strong><\/p>\n<p>Festival Multi-\u00e9poques de Laon<br \/>\nLieu\u00a0:\u00a0 Laon, Aisne,<br \/>\nHauts-de-France<br \/>\n<strong>Tournoi, march\u00e9 m\u00e9di\u00e9val, animations, spectacles,\u00a0\u2026<br \/>\n<\/strong><a href=\"https:\/\/www.facebook.com\/Les-vikings-aux-remparts-de-laon-670612163144286\/\" target=\"_blank\" rel=\"noopener noreferrer\">Facebook de l\u2019\u00e9v\u00e9nement<\/a><\/td>\n<td><strong><a href=\"https:\/\/www.moyenagepassion.com\/wp-content\/uploads\/2018\/08\/fetes_marche_medievales_animations_historique_viking_multi-epoques.jpg\"><img decoding=\"async\" class=\"alignnone wp-image-22981 size-full\" src=\"https:\/\/www.moyenagepassion.com\/wp-content\/uploads\/2018\/08\/fetes_marche_medievales_animations_historique_viking_multi-epoques.jpg\" alt=\"fetes_marche_medievales_animations_historique_viking_multi-epoques\" width=\"400\" height=\"600\" srcset=\"https:\/\/www.moyenagepassion.com\/wp-content\/uploads\/2018\/08\/fetes_marche_medievales_animations_historique_viking_multi-epoques.jpg 400w, https:\/\/www.moyenagepassion.com\/wp-content\/uploads\/2018\/08\/fetes_marche_medievales_animations_historique_viking_multi-epoques-200x300.jpg 200w\" sizes=\"(max-width: 400px) 100vw, 400px\" \/><\/a><\/strong><\/p>\n<p><strong>La Bataille de Castillon<br \/>\nLieu<\/strong>\u00a0:\u00a0 B\u00e8lves de Castillon, Gironde, Nouvelle-Aquitaine<br \/>\n<strong>Spectacle vivant, reconstitution de la bataille de 1453<br \/>\n<\/strong><a href=\"https:\/\/www.moyenagepassion.com\/index.php\/2018\/07\/18\/spectacle-historique-ouverture-de-la-bataille-de-castillon-pour-15-nouvelles-representations\/\" target=\"_blank\" rel=\"noopener noreferrer\">Voir article d\u00e9taill\u00e9 Ici<\/a><\/td>\n<\/tr>\n<\/tbody>\n<\/table>\n<p>En vous souhaitant un tr\u00e8s bon week-end.<\/p>\n<p>Fred<br \/>\nPour moyenagepassion.com<br \/>\n<em><strong>A la d\u00e9couverte du moyen-\u00e2ge sous toutes ses formes.<\/strong><\/em><\/p>\n","protected":false},"excerpt":{"rendered":"<p>Sujet\u00a0: agenda, f\u00eates m\u00e9di\u00e9vales, festivals, \u00e9v\u00e9nements historiques, moyen-\u00e2ge festif, march\u00e9 m\u00e9di\u00e9val. id\u00e9es week-end Lieu\u00a0: Nouvelle-Aquitaine,\u00a0 Occitanie, Normandie, Provence-Alpes-C\u00f4te-d\u2019Azur, Grand-Est, Pays de la Loire Ev\u00e9nement:\u00a0M\u00e9di\u00e9vales d\u2019ici et d\u2019ailleurs, ch\u00e2teaux en f\u00eate. Dates:\u00a0Du 18 au 29 aout\u00a02018 Bonjour \u00e0 tous, oici, comme \u00e0 l&rsquo;habitude, un point sur les r\u00e9jouissances et f\u00eates m\u00e9di\u00e9vales qui vous attendent \u00e0 l&rsquo;agenda &hellip; <a href=\"https:\/\/www.moyenagepassion.com\/index.php\/2018\/08\/16\/agenda-moyen-age-festif-animations-et-fetes-medievales-du-week-end\/\" class=\"more-link\">Continuer la lecture de <span class=\"screen-reader-text\">Agenda moyen-\u00e2ge festif : animations et f\u00eates m\u00e9di\u00e9vales du week-end<\/span>  <span class=\"meta-nav\">&rarr;<\/span><\/a><\/p>\n","protected":false},"author":2,"featured_media":0,"comment_status":"open","ping_status":"open","sticky":false,"template":"","format":"standard","meta":{"_monsterinsights_skip_tracking":false,"_monsterinsights_sitenote_active":false,"_monsterinsights_sitenote_note":"","_monsterinsights_sitenote_category":0,"footnotes":""},"categories":[11],"tags":[1539,1780,212,136,1380,1339,636,22,1227,3063,2757],"class_list":["post-23056","post","type-post","status-publish","format-standard","hentry","category-fetes-medievales-evenement","tag-agenda-medieval","tag-animations","tag-compagnies-medievales","tag-festival","tag-fetes","tag-fetes-historiques","tag-marche-medieval","tag-medievale","tag-medievales","tag-moyen-age-festif","tag-reconstituteurs"],"aioseo_notices":[],"_links":{"self":[{"href":"https:\/\/www.moyenagepassion.com\/index.php\/wp-json\/wp\/v2\/posts\/23056"}],"collection":[{"href":"https:\/\/www.moyenagepassion.com\/index.php\/wp-json\/wp\/v2\/posts"}],"about":[{"href":"https:\/\/www.moyenagepassion.com\/index.php\/wp-json\/wp\/v2\/types\/post"}],"author":[{"embeddable":true,"href":"https:\/\/www.moyenagepassion.com\/index.php\/wp-json\/wp\/v2\/users\/2"}],"replies":[{"embeddable":true,"href":"https:\/\/www.moyenagepassion.com\/index.php\/wp-json\/wp\/v2\/comments?post=23056"}],"version-history":[{"count":1,"href":"https:\/\/www.moyenagepassion.com\/index.php\/wp-json\/wp\/v2\/posts\/23056\/revisions"}],"predecessor-version":[{"id":34280,"href":"https:\/\/www.moyenagepassion.com\/index.php\/wp-json\/wp\/v2\/posts\/23056\/revisions\/34280"}],"wp:attachment":[{"href":"https:\/\/www.moyenagepassion.com\/index.php\/wp-json\/wp\/v2\/media?parent=23056"}],"wp:term":[{"taxonomy":"category","embeddable":true,"href":"https:\/\/www.moyenagepassion.com\/index.php\/wp-json\/wp\/v2\/categories?post=23056"},{"taxonomy":"post_tag","embeddable":true,"href":"https:\/\/www.moyenagepassion.com\/index.php\/wp-json\/wp\/v2\/tags?post=23056"}],"curies":[{"name":"wp","href":"https:\/\/api.w.org\/{rel}","templated":true}]}}