{"id":23102,"date":"2018-08-22T00:17:29","date_gmt":"2018-08-21T23:17:29","guid":{"rendered":"http:\/\/www.moyenagepassion.com\/?p=23102"},"modified":"2020-10-01T02:16:51","modified_gmt":"2020-10-01T01:16:51","slug":"la-formation-du-sens-historique-par-regine-pernoud","status":"publish","type":"post","link":"https:\/\/www.moyenagepassion.com\/index.php\/2018\/08\/22\/la-formation-du-sens-historique-par-regine-pernoud\/","title":{"rendered":"La formation du sens historique, par R\u00e9gine Pernoud"},"content":{"rendered":"<div id=\"moyen-280173494\" class=\"moyen-before-content moyen-entity-placement\"><script async src=\"\/\/pagead2.googlesyndication.com\/pagead\/js\/adsbygoogle.js?client=ca-pub-3035390706780632\" crossorigin=\"anonymous\"><\/script><ins class=\"adsbygoogle\" style=\"display:block;\" data-ad-client=\"ca-pub-3035390706780632\" \ndata-ad-slot=\"\" \ndata-ad-format=\"auto\"><\/ins>\n<script> \n(adsbygoogle = window.adsbygoogle || []).push({}); \n<\/script>\n<\/div><p><span style=\"color: #808080;\"><strong>Sujet<\/strong>\u00a0:<em>\u00a0 citations, moyen-\u00e2ge, monde m\u00e9di\u00e9val, historien, m\u00e9di\u00e9viste, R\u00e9gine Pernoud, sens historique, amn\u00e9sies.<\/em><\/span><\/p>\n<p><a href=\"https:\/\/www.moyenagepassion.com\/wp-content\/uploads\/2018\/07\/citation_histoire_medieviste_moyen-age_regine_pernoud.jpg\"><img decoding=\"async\" class=\"alignnone wp-image-22572 size-full\" src=\"https:\/\/www.moyenagepassion.com\/wp-content\/uploads\/2018\/07\/citation_histoire_medieviste_moyen-age_regine_pernoud.jpg\" alt=\"citation_histoire_medieviste_moyen-age_regine_pernoud\" width=\"1200\" height=\"442\" srcset=\"https:\/\/www.moyenagepassion.com\/wp-content\/uploads\/2018\/07\/citation_histoire_medieviste_moyen-age_regine_pernoud.jpg 1200w, https:\/\/www.moyenagepassion.com\/wp-content\/uploads\/2018\/07\/citation_histoire_medieviste_moyen-age_regine_pernoud-300x111.jpg 300w, https:\/\/www.moyenagepassion.com\/wp-content\/uploads\/2018\/07\/citation_histoire_medieviste_moyen-age_regine_pernoud-1024x377.jpg 1024w\" sizes=\"(max-width: 1200px) 100vw, 1200px\" \/><\/a><\/p>\n<p style=\"text-align: justify;\"><strong><span style=\"color: #008000;\"><em>\u00ab\u00a0En n\u00e9gligeant la formation du sens historique, en oubliant que l&rsquo;Histoire est la M\u00e9moire des peuples, l&rsquo;enseignement forme des amn\u00e9siques. On reproche parfois de nos jours aux \u00e9coles, aux universit\u00e9s, de former des irresponsables, en privil\u00e9giant l&rsquo;intellect au d\u00e9triment de la sensibilit\u00e9 et du caract\u00e8re. Mais il est grave aussi de faire des amn\u00e9siques. Pas plus que l&rsquo;irresponsable, l&rsquo;amn\u00e9sique n&rsquo;est une personne \u00e0 part enti\u00e8re; ni l&rsquo;un ni l&rsquo;autre ne jouissent de ce plein exercice de leurs facult\u00e9s qui seul permet \u00e0 l&rsquo;homme, sans danger pour lui-m\u00eame et pour ses semblables, une vraie libert\u00e9.\u00a0\u00bb<\/em><\/span><\/strong><\/p>\n<p><span style=\"color: #808080;\"><em>Pour en finir avec le Moyen Age<\/em>, de R\u00e9gine Pernoud (1909-1998)<\/span><\/p>\n","protected":false},"excerpt":{"rendered":"<p>Sujet\u00a0:\u00a0 citations, moyen-\u00e2ge, monde m\u00e9di\u00e9val, historien, m\u00e9di\u00e9viste, R\u00e9gine Pernoud, sens historique, amn\u00e9sies. \u00ab\u00a0En n\u00e9gligeant la formation du sens historique, en oubliant que l&rsquo;Histoire est la M\u00e9moire des peuples, l&rsquo;enseignement forme des amn\u00e9siques. On reproche parfois de nos jours aux \u00e9coles, aux universit\u00e9s, de former des irresponsables, en privil\u00e9giant l&rsquo;intellect au d\u00e9triment de la sensibilit\u00e9 et &hellip; <a href=\"https:\/\/www.moyenagepassion.com\/index.php\/2018\/08\/22\/la-formation-du-sens-historique-par-regine-pernoud\/\" class=\"more-link\">Continuer la lecture de <span class=\"screen-reader-text\">La formation du sens historique, par R\u00e9gine Pernoud<\/span>  <span class=\"meta-nav\">&rarr;<\/span><\/a><\/p>\n","protected":false},"author":2,"featured_media":0,"comment_status":"open","ping_status":"open","sticky":false,"template":"","format":"quote","meta":{"_monsterinsights_skip_tracking":false,"_monsterinsights_sitenote_active":false,"_monsterinsights_sitenote_note":"","_monsterinsights_sitenote_category":0,"footnotes":""},"categories":[154],"tags":[155,525,2489,182,18,3753,3935],"class_list":["post-23102","post","type-post","status-publish","format-quote","hentry","category-citations-moyen-age-medievales","tag-citation","tag-historien","tag-medieviste","tag-monde-medieval","tag-moyen-age","tag-regine-pernoud","tag-sens-historique","post_format-post-format-quote"],"aioseo_notices":[],"_links":{"self":[{"href":"https:\/\/www.moyenagepassion.com\/index.php\/wp-json\/wp\/v2\/posts\/23102"}],"collection":[{"href":"https:\/\/www.moyenagepassion.com\/index.php\/wp-json\/wp\/v2\/posts"}],"about":[{"href":"https:\/\/www.moyenagepassion.com\/index.php\/wp-json\/wp\/v2\/types\/post"}],"author":[{"embeddable":true,"href":"https:\/\/www.moyenagepassion.com\/index.php\/wp-json\/wp\/v2\/users\/2"}],"replies":[{"embeddable":true,"href":"https:\/\/www.moyenagepassion.com\/index.php\/wp-json\/wp\/v2\/comments?post=23102"}],"version-history":[{"count":1,"href":"https:\/\/www.moyenagepassion.com\/index.php\/wp-json\/wp\/v2\/posts\/23102\/revisions"}],"predecessor-version":[{"id":33839,"href":"https:\/\/www.moyenagepassion.com\/index.php\/wp-json\/wp\/v2\/posts\/23102\/revisions\/33839"}],"wp:attachment":[{"href":"https:\/\/www.moyenagepassion.com\/index.php\/wp-json\/wp\/v2\/media?parent=23102"}],"wp:term":[{"taxonomy":"category","embeddable":true,"href":"https:\/\/www.moyenagepassion.com\/index.php\/wp-json\/wp\/v2\/categories?post=23102"},{"taxonomy":"post_tag","embeddable":true,"href":"https:\/\/www.moyenagepassion.com\/index.php\/wp-json\/wp\/v2\/tags?post=23102"}],"curies":[{"name":"wp","href":"https:\/\/api.w.org\/{rel}","templated":true}]}}