{"id":23255,"date":"2018-09-06T01:00:23","date_gmt":"2018-09-06T00:00:23","guid":{"rendered":"http:\/\/www.moyenagepassion.com\/?p=23255"},"modified":"2020-10-04T19:50:36","modified_gmt":"2020-10-04T18:50:36","slug":"agenda-moyen-age-en-fete-et-animations-medievales-du-week-end","status":"publish","type":"post","link":"https:\/\/www.moyenagepassion.com\/index.php\/2018\/09\/06\/agenda-moyen-age-en-fete-et-animations-medievales-du-week-end\/","title":{"rendered":"Compl\u00e9ment d&rsquo;agenda : moyen-\u00e2ge en f\u00eate et animations m\u00e9di\u00e9vales du week-end"},"content":{"rendered":"<div id=\"moyen-2169508870\" class=\"moyen-before-content moyen-entity-placement\"><script async src=\"\/\/pagead2.googlesyndication.com\/pagead\/js\/adsbygoogle.js?client=ca-pub-3035390706780632\" crossorigin=\"anonymous\"><\/script><ins class=\"adsbygoogle\" style=\"display:block;\" data-ad-client=\"ca-pub-3035390706780632\" \ndata-ad-slot=\"\" \ndata-ad-format=\"auto\"><\/ins>\n<script> \n(adsbygoogle = window.adsbygoogle || []).push({}); \n<\/script>\n<\/div><p><strong><a href=\"https:\/\/www.moyenagepassion.com\/wp-content\/uploads\/2018\/07\/agenda_fetes_festival_animations_medievales_moyen-age_festif.jpg\"><img decoding=\"async\" class=\"alignleft wp-image-22638\" src=\"https:\/\/www.moyenagepassion.com\/wp-content\/uploads\/2018\/07\/agenda_fetes_festival_animations_medievales_moyen-age_festif.jpg\" alt=\"agenda_fetes_festival_animations_medievales_moyen-age_festif\" width=\"142\" height=\"240\" srcset=\"https:\/\/www.moyenagepassion.com\/wp-content\/uploads\/2018\/07\/agenda_fetes_festival_animations_medievales_moyen-age_festif.jpg 332w, https:\/\/www.moyenagepassion.com\/wp-content\/uploads\/2018\/07\/agenda_fetes_festival_animations_medievales_moyen-age_festif-178x300.jpg 178w\" sizes=\"(max-width: 142px) 100vw, 142px\" \/><\/a>Sujet<\/strong>\u00a0: agenda, f\u00eates m\u00e9di\u00e9vales,\u00a0 moyen-\u00e2ge festif, animations m\u00e9di\u00e9vales, march\u00e9 m\u00e9di\u00e9val, id\u00e9es week-end, histoire vivante.<br \/>\n<strong>Lieu<\/strong>\u00a0: Bretagne,\u00a0 Occitanie, Hauts-de-France, Provence-Alpes-C\u00f4te-d\u2019Azur,\u00a0 Auvergne-Rh\u00f4ne-Alpes, Bourgogne-Franche-Comt\u00e9,\u00a0Nouvelle-Aquitaine<br \/>\n<strong>Ev\u00e9nement<\/strong><strong>:\u00a0<em>M\u00e9di\u00e9vales d\u2019ici et d\u2019ailleurs, ch\u00e2teaux en f\u00eate.<\/em><\/strong><br \/>\n<strong>Dates<\/strong>:\u00a0Du\u00a07 au\u00a09 septembre\u00a02018<\/p>\n<p>Bonjour \u00e0 tous,<\/p>\n<p style=\"text-align: justify;\"><img decoding=\"async\" class=\"alignleft size-full wp-image-153\" src=\"https:\/\/www.moyenagepassion.com\/wp-content\/uploads\/2015\/12\/L_lettrine_moyen_age_passion.jpg\" alt=\"L_lettrine_moyen_age_passion\" width=\"84\" height=\"103\" \/>a rentr\u00e9e qui approche ne dissuade pas encore ceux qui ont \u00e0 coeur de c\u00e9l\u00e9brer le moyen-\u00e2ge de s&rsquo;arr\u00eater en si bon chemin, aussi \u00e0 la faveur des douceurs de septembre,\u00a0voici encore une large s\u00e9lection des f\u00eates m\u00e9di\u00e9vales \u00e0 ajouter sur l&rsquo;agenda de fin de semaine.<\/p>\n<hr \/>\n<h2>Les M\u00e9di\u00e9vales Pelaudes<br \/>\nde\u00a0Saint-Symphorien sur Coise<\/h2>\n<p style=\"text-align: justify;\"><strong>Lieu<\/strong> : Ch\u00e2teau de Saconay, Saint-Symphorien sur Coise,<br \/>\nRh\u00f4ne,\u00a0 Auvergne-Rh\u00f4ne-Alpes<br \/>\n<strong>Dates<\/strong> : les 8 et 9 septembre 2018<\/p>\n<p style=\"text-align: justify;\"><strong><a href=\"https:\/\/www.moyenagepassion.com\/wp-content\/uploads\/2018\/09\/fetes_animations_medievales_saint-symphorien_sur_coise_2018.jpg\"><img decoding=\"async\" class=\"alignright wp-image-23263\" src=\"https:\/\/www.moyenagepassion.com\/wp-content\/uploads\/2018\/09\/fetes_animations_medievales_saint-symphorien_sur_coise_2018.jpg\" alt=\"fetes_animations_medievales_saint-symphorien_sur_coise_2018\" width=\"160\" height=\"240\" srcset=\"https:\/\/www.moyenagepassion.com\/wp-content\/uploads\/2018\/09\/fetes_animations_medievales_saint-symphorien_sur_coise_2018.jpg 400w, https:\/\/www.moyenagepassion.com\/wp-content\/uploads\/2018\/09\/fetes_animations_medievales_saint-symphorien_sur_coise_2018-200x300.jpg 200w\" sizes=\"(max-width: 160px) 100vw, 160px\" \/><\/a>Au programme :<\/strong>\u00a0 banquets, d\u00e9fil\u00e9s, grand campement, spectacles de cavaliers, march\u00e9 m\u00e9di\u00e9val, danse, acrobatie, po\u00e9sie, animations th\u00e9\u00e2trales, artisans d&rsquo;antan. En nocturne le samedi, banquet m\u00e9di\u00e9val anim\u00e9 dans le cour du ch\u00e2teau suivi d&rsquo;un spectacle son, lumi\u00e8res et pyrotechnique.<\/p>\n<p><strong>Compagnies\u00a0 m\u00e9di\u00e9vales<br \/>\n(hors artisans et march\u00e9)<\/strong><\/p>\n<p><span style=\"color: #008000;\"><em>Troupe Action Equestre &#8211; Phil\u00e9mon le troubadour &#8211; Troupe Franche du Forez &#8211; Cie des Ours Malandrins, Cie Armageddon &#8211; L&rsquo;Host du Castel &#8211; Cie le Dit du Roi de Coeur et Dagobert &#8211; Les Archers des Monts de Lyonnais &#8211; Coloribis<\/em><\/span><\/p>\n<p><a href=\"http:\/\/www.medievales.saint-symphorien-sur-coise.fr\/bienvenue\/\" target=\"_blank\" rel=\"noopener noreferrer\">Site officiel des M\u00e9di\u00e9vales de Saint-Symphorien<\/a><\/p>\n<hr \/>\n<h2>Les 13\u00e8me M\u00e9di\u00e9vales des Carmes<br \/>\n\u00e0 Avignon.<\/h2>\n<p><strong>Lieu<\/strong>\u00a0: Avignon, centre Historique, Vaucluse,<br \/>\nProvence-Alpes-C\u00f4te d&rsquo;Azur<br \/>\n<strong>Dates<\/strong>\u00a0: du\u00a07 au\u00a09 septembre 2018<\/p>\n<p style=\"text-align: justify;\"><strong><a href=\"https:\/\/www.moyenagepassion.com\/wp-content\/uploads\/2018\/09\/fetes_compagnies_medievales_avignon_carmes_provence-Alpes-cote-dAzur_animations_2018.jpg\"><img decoding=\"async\" class=\"alignleft wp-image-23265\" src=\"https:\/\/www.moyenagepassion.com\/wp-content\/uploads\/2018\/09\/fetes_compagnies_medievales_avignon_carmes_provence-Alpes-cote-dAzur_animations_2018.jpg\" alt=\"fetes_compagnies_medievales_avignon_carmes_provence-Alpes-cote-d'Azur_animations_2018\" width=\"159\" height=\"239\" srcset=\"https:\/\/www.moyenagepassion.com\/wp-content\/uploads\/2018\/09\/fetes_compagnies_medievales_avignon_carmes_provence-Alpes-cote-dAzur_animations_2018.jpg 400w, https:\/\/www.moyenagepassion.com\/wp-content\/uploads\/2018\/09\/fetes_compagnies_medievales_avignon_carmes_provence-Alpes-cote-dAzur_animations_2018-200x300.jpg 200w\" sizes=\"(max-width: 159px) 100vw, 159px\" \/><\/a>Au programme : <\/strong>les festivit\u00e9s d\u00e9buteront le vendredi, par des conf\u00e9rences et colloques vari\u00e9es tenues par des m\u00e9di\u00e9vistes et arch\u00e9ologues sp\u00e9cialistes des questions du Moyen-\u00e2ge et de l&rsquo;Histoire locale ( culture proven\u00e7ale, Provence chr\u00e9tienne, le Pape et les Avignonais, &#8230;).<\/p>\n<p style=\"text-align: justify;\">Le samedi\u00a0&amp; le dimanche, les r\u00e9jouissances se poursuivront par des divertissements d&rsquo;\u00e9poque\u00a0: chevaliers et campements m\u00e9di\u00e9vaux, ateliers et artisanat, troubadours, chants,\u00a0 jeux et danses. th\u00e9\u00e2tre, parades et\u00a0march\u00e9 m\u00e9di\u00e9val. Des spectacles sont aussi programm\u00e9s : <em>Le proc\u00e8s de Jeanne d&rsquo;Arc<\/em>\u00a0par <strong>La Tulipe Noire<\/strong>, <em>Les mensonges d&rsquo;une gourmande<\/em>\u00a0par <strong>Les Compagnons de la Tourrentelle, <\/strong>et encore de\u00a0d\u00e9monstrations de\u00a0<strong>Combats par<\/strong> <strong>Les compagnons d&rsquo;outre-terre.\u00a0<\/strong><\/p>\n<p style=\"text-align: justify;\">Le samedi, en nocturne, un grand banquet m\u00e9di\u00e9val avec spectacle est \u00e9galement pr\u00e9vu.<\/p>\n<p><a href=\"https:\/\/www.lesmedievalesdescarmes.fr\/\" target=\"_blank\" rel=\"noopener noreferrer\">Pour plus d&rsquo;information, voir le site des M\u00e9di\u00e9vales des Carmes ici<\/a><\/p>\n<hr \/>\n<h2>La M\u00e9di\u00e9vale d&rsquo;H\u00e9ricourt<\/h2>\n<p><strong>Lieu<\/strong>\u00a0:\u00a0Ch\u00e2teau de H\u00e9ricourt, Haute-Sa\u00f4ne,<br \/>\nBourgogne-Franche-Comt\u00e9<br \/>\n<strong>Dates<\/strong>\u00a0: les 8 et 9 septembre 2018<\/p>\n<p style=\"text-align: justify;\"><strong>Au programme<\/strong> : il s&rsquo;agit de la 11\u00e8me \u00e9dition de cette f\u00eate m\u00e9di\u00e9vale au ch\u00e2teau d&rsquo;H\u00e9ricourt et l&rsquo;Association\u00a0<strong>Histoire et Patrimoine <a href=\"https:\/\/www.moyenagepassion.com\/wp-content\/uploads\/2018\/09\/fetes_chateau_2018_hericourt_animations_medievales_Bourgogne-Franche-Comt\u00e9.jpg\"><img decoding=\"async\" class=\"alignright wp-image-23257\" src=\"https:\/\/www.moyenagepassion.com\/wp-content\/uploads\/2018\/09\/fetes_chateau_2018_hericourt_animations_medievales_Bourgogne-Franche-Comt\u00e9.jpg\" alt=\"fetes_chateau_2018_hericourt_animations_medievales_Bourgogne-Franche-Comt\u00e9\" width=\"160\" height=\"240\" srcset=\"https:\/\/www.moyenagepassion.com\/wp-content\/uploads\/2018\/09\/fetes_chateau_2018_hericourt_animations_medievales_Bourgogne-Franche-Comt\u00e9.jpg 400w, https:\/\/www.moyenagepassion.com\/wp-content\/uploads\/2018\/09\/fetes_chateau_2018_hericourt_animations_medievales_Bourgogne-Franche-Comt\u00e9-200x300.jpg 200w\" sizes=\"(max-width: 160px) 100vw, 160px\" \/><\/a>d&rsquo;H\u00e9ricourt<\/strong>, en charge de son organisation, s&rsquo;est dot\u00e9e de tous les atouts pour en assurer la r\u00e9ussite. Vous pourrez y croiser chevaliers, spectacles m\u00e9di\u00e9vaux, magie, jeux et contes, cracheurs de feux, musiques d&rsquo;\u00e9poque mais aussi expositions vari\u00e9es autour du moyen-\u00e2ge et banquet anim\u00e9 avec spectacle en soir\u00e9e, le samedi.<\/p>\n<p style=\"text-align: justify;\"><strong>Compagnies m\u00e9di\u00e9vales invit\u00e9es<\/strong> :<\/p>\n<p style=\"text-align: justify;\"><span style=\"color: #008000;\"><em>Compagnie Historica Tempus &#8211; Les Compagnons de la Vouivre &#8211; l&rsquo;\u00e9choppe du bourreau -L&rsquo;antre du sorcier &#8211; La cuisine de Dame Belette et la Chariotte de M\u00e9decine &#8211; Les Coupeurs de Bourses &#8211; Sirius l\u2019illusionniste. Historica Tempus<\/em><\/span><\/p>\n<p style=\"text-align: justify;\"><a href=\"http:\/\/www.hericourt.com\/rubrique.php?id=1184\" target=\"_blank\" rel=\"noopener noreferrer\">Site de la municipalit\u00e9<\/a> &#8211;\u00a0 <a href=\"http:\/\/www.hericourt.com\/telechargement\/Programme_FETE_DU_CHATEAU_2018.pdf\" target=\"_blank\" rel=\"noopener noreferrer\">Programm\u00e9 d\u00e9taill\u00e9 de la f\u00eate<\/a><\/p>\n<hr \/>\n<h2 style=\"text-align: justify;\">Les 18e M\u00e9di\u00e9vales d&rsquo;Estaing<\/h2>\n<p style=\"text-align: justify;\"><strong>Lieu<\/strong> : Estaing,\u00a0Aveyron, r\u00e9gion Occitanie<br \/>\n<strong>Dates<\/strong> :\u00a0les 8 et 9 septembre 2018<\/p>\n<p style=\"text-align: justify;\"><strong><a href=\"https:\/\/www.moyenagepassion.com\/wp-content\/uploads\/2018\/09\/agenda_fetes_compagnies_animations_medievales_2018_estaing_occitanie.jpg\"><img decoding=\"async\" class=\"alignleft wp-image-23262\" src=\"https:\/\/www.moyenagepassion.com\/wp-content\/uploads\/2018\/09\/agenda_fetes_compagnies_animations_medievales_2018_estaing_occitanie.jpg\" alt=\"agenda_fetes_compagnies_animations_medievales_2018_estaing_occitanie\" width=\"150\" height=\"225\" srcset=\"https:\/\/www.moyenagepassion.com\/wp-content\/uploads\/2018\/09\/agenda_fetes_compagnies_animations_medievales_2018_estaing_occitanie.jpg 400w, https:\/\/www.moyenagepassion.com\/wp-content\/uploads\/2018\/09\/agenda_fetes_compagnies_animations_medievales_2018_estaing_occitanie-200x300.jpg 200w\" sizes=\"(max-width: 150px) 100vw, 150px\" \/><\/a>Au programme<\/strong> :\u00a0organis\u00e9es par le <strong>Foyer rural d&rsquo;Estaing<\/strong>, ces m\u00e9di\u00e9vales proposent tout ce que l&rsquo;on peut attendre d&rsquo;une telle c\u00e9l\u00e9bration\u00a0: animations en continue avec troubadours et saltimbanques, march\u00e9 m\u00e9di\u00e9val, tournoi de chevalerie et le samedi soir, grand banquet pour faire ripailles suivi d&rsquo;un spectacle \u00e9questre et pyrotechnique.<\/p>\n<p style=\"text-align: justify;\"><strong>Compagnies m\u00e9di\u00e9vales\u00a0&amp; artistes attendus\u00a0<\/strong><\/p>\n<p style=\"text-align: justify;\"><span style=\"color: #008000;\"><em>Les voyages du grand Manidor et Folcapon &#8211; Aventouresco &#8211; Aouta &#8211; Sikinis &#8211; Compagnie Impulsion &#8211; Cotidianu et les tailleurs de pierre de Calmont &#8211; Les Seigneurs de Hautpoul\u00a0<\/em><\/span><\/p>\n<p style=\"text-align: justify;\">Sites de l&rsquo;\u00e9v\u00e9nement : deux pour le prix d&rsquo;un\u00a0 <a href=\"https:\/\/www.estaing12.fr\/les-medievales-estaing\/\" target=\"_blank\" rel=\"noopener noreferrer\">Site 1<\/a>\u00a0 &#8211;<a href=\"http:\/\/www.estaingdouze.fr\/medievales\/medievales.php\" target=\"_blank\" rel=\"noopener noreferrer\"> Site 2<\/a><\/p>\n<hr \/>\n<h2 style=\"text-align: justify;\">Les M\u00e9di\u00e9vales de Bouliac<\/h2>\n<p style=\"text-align: justify;\"><strong>Lieu<\/strong> : Bouliac,\u00a0Gironde, Nouvelle-Aquitaine<br \/>\n<strong>Dates<\/strong> :\u00a0du\u00a07\u00a0au 9 septembre 2018<\/p>\n<p style=\"text-align: justify;\"><strong><a href=\"https:\/\/www.moyenagepassion.com\/wp-content\/uploads\/2018\/09\/medievales_2018_boulias_animation_agende_moyen-age_festif_nouvelle_aquitaine.jpg\"><img decoding=\"async\" class=\"wp-image-23258 alignright\" src=\"https:\/\/www.moyenagepassion.com\/wp-content\/uploads\/2018\/09\/medievales_2018_boulias_animation_agende_moyen-age_festif_nouvelle_aquitaine.jpg\" alt=\"medievales_2018_boulias_animation_agende_moyen-age_festif_nouvelle_aquitaine\" width=\"159\" height=\"239\" srcset=\"https:\/\/www.moyenagepassion.com\/wp-content\/uploads\/2018\/09\/medievales_2018_boulias_animation_agende_moyen-age_festif_nouvelle_aquitaine.jpg 400w, https:\/\/www.moyenagepassion.com\/wp-content\/uploads\/2018\/09\/medievales_2018_boulias_animation_agende_moyen-age_festif_nouvelle_aquitaine-200x300.jpg 200w\" sizes=\"(max-width: 159px) 100vw, 159px\" \/><\/a>Au programme :<\/strong>\u00a0c\u00f4t\u00e9 divertissement, campements et man\u0153uvres,\u00a0 combats, musique, sc\u00e9nettes, spectacles \u00e9questres, fauconnerie et encore jeux d&rsquo;\u00e9poque. Il s&rsquo;agit de la 20\u00e8me \u00e9dition de ces m\u00e9di\u00e9vales et, ici aussi, la f\u00eate proposera, en plus de ses animations, un march\u00e9 m\u00e9di\u00e9val.<\/p>\n<p style=\"text-align: justify;\"><strong>Compagnies m\u00e9di\u00e9vales invit\u00e9es<\/strong><\/p>\n<p style=\"text-align: justify;\"><span style=\"color: #008000;\"><em>Cie Bric \u00e0 Brac &#8211; Guerri\u00e8res et chevaliers d\u2019Aquitania &#8211; Vol en sc\u00e8ne -Vrehnd &#8211; Cie Moriquendi &#8211; La compagnie du Sourd &#8211; Evelyne Moser &#8211; Ventouresco Musique &#8211; Meghan Musique<\/em><\/span><\/p>\n<p style=\"text-align: justify;\"><a href=\"http:\/\/www.medievalesdebouliac.fr\/\" target=\"_blank\" rel=\"noopener noreferrer\">Site officiel des M\u00e9di\u00e9vales de Bouliac<\/a><\/p>\n<hr \/>\n<h2 style=\"text-align: justify;\">La 9\u00e8me f\u00eate des Sorci\u00e8res du parc de Morbecque.<\/h2>\n<p style=\"text-align: justify;\"><strong>Lieu<\/strong>\u00a0: Morbecque, Nord, Hauts-de-France<br \/>\n<strong>Dates<\/strong>\u00a0:\u00a0du\u00a08 au 9 septembre 2018<\/p>\n<p style=\"text-align: justify;\"><strong><a href=\"https:\/\/www.moyenagepassion.com\/wp-content\/uploads\/2018\/09\/fetes_animations_medievales_sorcieres_marche_montbecque.jpg\"><img decoding=\"async\" class=\"alignleft wp-image-23260\" src=\"https:\/\/www.moyenagepassion.com\/wp-content\/uploads\/2018\/09\/fetes_animations_medievales_sorcieres_marche_montbecque.jpg\" alt=\"fetes_animations_medievales_sorcieres_marche_montbecque\" width=\"161\" height=\"242\" srcset=\"https:\/\/www.moyenagepassion.com\/wp-content\/uploads\/2018\/09\/fetes_animations_medievales_sorcieres_marche_montbecque.jpg 400w, https:\/\/www.moyenagepassion.com\/wp-content\/uploads\/2018\/09\/fetes_animations_medievales_sorcieres_marche_montbecque-200x300.jpg 200w\" sizes=\"(max-width: 161px) 100vw, 161px\" \/><\/a> Au programme<\/strong> : direction le Nord, avec un f\u00eate qui c\u00e9l\u00e9brera, pour la 9\u00e8me fois, le moyen-\u00e2ge fantastique et les sorci\u00e8res. Sur place, un march\u00e9 avec pr\u00e8s de 80 exposants vous attend\u00a0mais aussi des auteurs\u00a0et illustrateurs du genre fantasy et de la litt\u00e9rature fantastique.<\/p>\n<p style=\"text-align: justify;\">Des animations en continue et campements m\u00e9di\u00e9vaux sont aussi au programme et\u00a0le samedi soir,\u00a0un grand banquet viendra couronner le tout. (au passage, affiche super \u00ab\u00a0creepy\u00a0\u00bb, mais il fallait bien \u00e7a quand m\u00eame pour c\u00e9l\u00e9brer le th\u00e8me \ud83d\ude42<\/p>\n<p style=\"text-align: justify;\"><a href=\"https:\/\/www.facebook.com\/fetedessorcieres.morbecque\" target=\"_blank\" rel=\"noopener noreferrer\">Facebook de l&rsquo;\u00e9v\u00e9nement<\/a><\/p>\n<hr \/>\n<h2 style=\"text-align: justify;\">Autres festivit\u00e9s m\u00e9di\u00e9vales du week-end<\/h2>\n<table width=\"\u00bb475\u2033\" cellspacing=\"\u00bb0\u2033\" cellpadding=\"\u00bb0\u2033\">\n<tbody>\n<tr>\n<td><a href=\"https:\/\/www.moyenagepassion.com\/wp-content\/uploads\/2018\/09\/fetes_animations_medievales_rosheim_nord.jpg\"><img decoding=\"async\" class=\"alignnone wp-image-23261 size-full\" src=\"https:\/\/www.moyenagepassion.com\/wp-content\/uploads\/2018\/09\/fetes_animations_medievales_rosheim_nord.jpg\" alt=\"fetes_animations_medievales_rosheim_nord\" width=\"400\" height=\"600\" srcset=\"https:\/\/www.moyenagepassion.com\/wp-content\/uploads\/2018\/09\/fetes_animations_medievales_rosheim_nord.jpg 400w, https:\/\/www.moyenagepassion.com\/wp-content\/uploads\/2018\/09\/fetes_animations_medievales_rosheim_nord-200x300.jpg 200w\" sizes=\"(max-width: 400px) 100vw, 400px\" \/><\/a><\/p>\n<p><strong>Ballade au coeur du Moyen-\u00e2ge<\/strong><br \/>\n<strong>Lieu<\/strong> : Rosheim,\u00a0Bas-Rhin,<br \/>\nGrand Est<br \/>\nF\u00eate bisannuel, campements, march\u00e9 m\u00e9di\u00e9val, musique, d\u00e9fil\u00e9s<br \/>\n<a href=\"https:\/\/rosheim.com\/actualites-mairie\/F258002002_fete-medievale-rosheim\" target=\"_blank\" rel=\"noopener noreferrer\">Site de l&rsquo;\u00e9v\u00e9nement<\/a><\/td>\n<td><a href=\"https:\/\/www.moyenagepassion.com\/wp-content\/uploads\/2018\/09\/fetes_medievales_malestroit_morbihan_bretagne_2018.jpg\"><img decoding=\"async\" class=\"alignnone wp-image-23259 size-full\" src=\"https:\/\/www.moyenagepassion.com\/wp-content\/uploads\/2018\/09\/fetes_medievales_malestroit_morbihan_bretagne_2018.jpg\" alt=\"fetes_medievales_malestroit_morbihan_bretagne_2018\" width=\"400\" height=\"600\" srcset=\"https:\/\/www.moyenagepassion.com\/wp-content\/uploads\/2018\/09\/fetes_medievales_malestroit_morbihan_bretagne_2018.jpg 400w, https:\/\/www.moyenagepassion.com\/wp-content\/uploads\/2018\/09\/fetes_medievales_malestroit_morbihan_bretagne_2018-200x300.jpg 200w\" sizes=\"(max-width: 400px) 100vw, 400px\" \/><\/a><\/p>\n<p><strong>Village m\u00e9di\u00e9val en f\u00eate<\/strong><br \/>\n<strong>Lieu<\/strong> : Malestroit, Morbihan, Bretagne, Broceliande &amp; co.<br \/>\nCompagnies, musiques, march\u00e9 m\u00e9di\u00e9val,\u00a0 cavaliers, etc&#8230;<br \/>\n<a href=\"https:\/\/www.facebook.com\/BroceliandCo\/\" target=\"_blank\" rel=\"noopener noreferrer\">Facebook de l&rsquo;\u00e9v\u00e9nement<\/a><\/td>\n<\/tr>\n<tr>\n<td><a href=\"https:\/\/www.moyenagepassion.com\/wp-content\/uploads\/2018\/09\/fetes_animations_medievales_2018rions_gironde_nouvelle_aquitaine.jpg\"><img decoding=\"async\" class=\"alignnone wp-image-23264 size-full\" src=\"https:\/\/www.moyenagepassion.com\/wp-content\/uploads\/2018\/09\/fetes_animations_medievales_2018rions_gironde_nouvelle_aquitaine.jpg\" alt=\"fetes_animations_medievales_2018rions_gironde_nouvelle_aquitaine\" width=\"400\" height=\"600\" srcset=\"https:\/\/www.moyenagepassion.com\/wp-content\/uploads\/2018\/09\/fetes_animations_medievales_2018rions_gironde_nouvelle_aquitaine.jpg 400w, https:\/\/www.moyenagepassion.com\/wp-content\/uploads\/2018\/09\/fetes_animations_medievales_2018rions_gironde_nouvelle_aquitaine-200x300.jpg 200w\" sizes=\"(max-width: 400px) 100vw, 400px\" \/><\/a><\/p>\n<p><strong>Les M\u00e9di\u00e9vales de Rions<\/strong><br \/>\n<strong>Lieu<\/strong> : Rions, Sud-Ouest, Gironde, Nouvelle-Aquitaine<br \/>\nF\u00eates, animations &amp; march\u00e9 m\u00e9di\u00e9val.<br \/>\n<a href=\"http:\/\/rions.fr\/\" target=\"_blank\" rel=\"noopener noreferrer\">Site municipalit\u00e9<\/a> &#8211; <a href=\"https:\/\/www.facebook.com\/pages\/biz\/M%C3%A9di%C3%A9vales-Rions-1754704008140596\/\" target=\"_blank\" rel=\"noopener noreferrer\">Page FB\u00a0<\/a><\/td>\n<td><a href=\"https:\/\/www.moyenagepassion.com\/wp-content\/uploads\/2018\/09\/agenda_sortie_fetes_medievales_Donzy_bourgogne_franche-comte_2018t.jpg\"><img decoding=\"async\" class=\"alignnone wp-image-23256 size-full\" src=\"https:\/\/www.moyenagepassion.com\/wp-content\/uploads\/2018\/09\/agenda_sortie_fetes_medievales_Donzy_bourgogne_franche-comte_2018t.jpg\" alt=\"agenda_sortie_fetes_medievales_Donzy_bourgogne_franche-comte_2018t\" width=\"400\" height=\"600\" srcset=\"https:\/\/www.moyenagepassion.com\/wp-content\/uploads\/2018\/09\/agenda_sortie_fetes_medievales_Donzy_bourgogne_franche-comte_2018t.jpg 400w, https:\/\/www.moyenagepassion.com\/wp-content\/uploads\/2018\/09\/agenda_sortie_fetes_medievales_Donzy_bourgogne_franche-comte_2018t-200x300.jpg 200w\" sizes=\"(max-width: 400px) 100vw, 400px\" \/><\/a><\/p>\n<p><strong>La F\u00eate M\u00e9di\u00e9vale de Donzy<\/strong><br \/>\n<strong>Lieu<\/strong> : Donzy, Loire,<br \/>\nAuvergne-Rh\u00f4ne-Alpes<br \/>\nAnimations m\u00e9di\u00e9vales, ateliers d&rsquo;\u00e9poque, poliorc\u00e9tique.<br \/>\n<a href=\"http:\/\/saltendonzy-patrimoine.fr\/\" target=\"_blank\" rel=\"noopener noreferrer\">Site de l&rsquo;organisateur<\/a>\u00a0&#8211; <a href=\"https:\/\/www.facebook.com\/SitedeDonzy\/\" target=\"_blank\" rel=\"noopener noreferrer\">Page FB<\/a><\/td>\n<\/tr>\n<tr>\n<td><a href=\"https:\/\/www.moyenagepassion.com\/wp-content\/uploads\/2018\/09\/festivites_fetes_animations_medievales_tonnerre_Bourgogne-Franche-Comt\u00e9.jpg\"><img decoding=\"async\" class=\"alignnone wp-image-23286 size-full\" src=\"https:\/\/www.moyenagepassion.com\/wp-content\/uploads\/2018\/09\/festivites_fetes_animations_medievales_tonnerre_Bourgogne-Franche-Comt\u00e9.jpg\" alt=\"festivites_fetes_animations_medievales_tonnerre_Bourgogne-Franche-Comt\u00e9\" width=\"400\" height=\"600\" srcset=\"https:\/\/www.moyenagepassion.com\/wp-content\/uploads\/2018\/09\/festivites_fetes_animations_medievales_tonnerre_Bourgogne-Franche-Comt\u00e9.jpg 400w, https:\/\/www.moyenagepassion.com\/wp-content\/uploads\/2018\/09\/festivites_fetes_animations_medievales_tonnerre_Bourgogne-Franche-Comt\u00e9-200x300.jpg 200w\" sizes=\"(max-width: 400px) 100vw, 400px\" \/><\/a><\/p>\n<p><strong>Les M\u00e9di\u00e9vales de Tonnerre 2018<\/strong><br \/>\n<strong>Lieu<\/strong> : Tonnerre, Yonne,<br \/>\nBourgogne-Franche-Comt\u00e9.<br \/>\nAnimations, march\u00e9 m\u00e9di\u00e9val<br \/>\n<a href=\"https:\/\/www.facebook.com\/medievalesdetonnerre.89\/\" target=\"_blank\" rel=\"noopener noreferrer\">Facebook officiel de l&rsquo;\u00e9v\u00e9nement<\/a><\/td>\n<td><a href=\"https:\/\/www.moyenagepassion.com\/wp-content\/uploads\/2018\/09\/fetes_animations_marche_medievales_levie_corse.jpg\"><img decoding=\"async\" class=\"alignnone wp-image-23288 size-full\" src=\"https:\/\/www.moyenagepassion.com\/wp-content\/uploads\/2018\/09\/fetes_animations_marche_medievales_levie_corse.jpg\" alt=\"fetes_animations_marche_medievales_levie_corse\" width=\"400\" height=\"600\" srcset=\"https:\/\/www.moyenagepassion.com\/wp-content\/uploads\/2018\/09\/fetes_animations_marche_medievales_levie_corse.jpg 400w, https:\/\/www.moyenagepassion.com\/wp-content\/uploads\/2018\/09\/fetes_animations_marche_medievales_levie_corse-200x300.jpg 200w\" sizes=\"(max-width: 400px) 100vw, 400px\" \/><\/a><\/p>\n<p>Les M\u00e9di\u00e9vales de L\u00e9vie<br \/>\nLieu : Levie, Corse du Sud<br \/>\nLe moyen-\u00e2ge en grand, march\u00e9 m\u00e9di\u00e9val, animations, etc.<br \/>\n<a href=\"https:\/\/www.corsenetinfos.corsica\/Medievales-de-Levie-et-de-l-Alta-Rocca-Plus-de-10-000-visteurs-attendus-pour-la-8eme-edition_a34954.html\" target=\"_blank\" rel=\"noopener noreferrer\">Facebook de l&rsquo;\u00e9v\u00e9nement<\/a><\/td>\n<\/tr>\n<\/tbody>\n<\/table>\n<p>En vous souhaitant une tr\u00e8s belle journ\u00e9e.<\/p>\n<p>Fr\u00e9d\u00e9ric EFFE<br \/>\nPour moyenagepassion.com<br \/>\n<em><strong>A la d\u00e9couverte du monde m\u00e9di\u00e9val\u00a0sous toutes ses formes.<\/strong><\/em><\/p>\n","protected":false},"excerpt":{"rendered":"<p>Sujet\u00a0: agenda, f\u00eates m\u00e9di\u00e9vales,\u00a0 moyen-\u00e2ge festif, animations m\u00e9di\u00e9vales, march\u00e9 m\u00e9di\u00e9val, id\u00e9es week-end, histoire vivante. Lieu\u00a0: Bretagne,\u00a0 Occitanie, Hauts-de-France, Provence-Alpes-C\u00f4te-d\u2019Azur,\u00a0 Auvergne-Rh\u00f4ne-Alpes, Bourgogne-Franche-Comt\u00e9,\u00a0Nouvelle-Aquitaine Ev\u00e9nement:\u00a0M\u00e9di\u00e9vales d\u2019ici et d\u2019ailleurs, ch\u00e2teaux en f\u00eate. Dates:\u00a0Du\u00a07 au\u00a09 septembre\u00a02018 Bonjour \u00e0 tous, a rentr\u00e9e qui approche ne dissuade pas encore ceux qui ont \u00e0 coeur de c\u00e9l\u00e9brer le moyen-\u00e2ge de s&rsquo;arr\u00eater en si &hellip; <a href=\"https:\/\/www.moyenagepassion.com\/index.php\/2018\/09\/06\/agenda-moyen-age-en-fete-et-animations-medievales-du-week-end\/\" class=\"more-link\">Continuer la lecture de <span class=\"screen-reader-text\">Compl\u00e9ment d&rsquo;agenda : moyen-\u00e2ge en f\u00eate et animations m\u00e9di\u00e9vales du week-end<\/span>  <span class=\"meta-nav\">&rarr;<\/span><\/a><\/p>\n","protected":false},"author":2,"featured_media":0,"comment_status":"open","ping_status":"open","sticky":false,"template":"","format":"standard","meta":{"_monsterinsights_skip_tracking":false,"_monsterinsights_sitenote_active":false,"_monsterinsights_sitenote_note":"","_monsterinsights_sitenote_category":0,"footnotes":""},"categories":[11],"tags":[1391,1780,2529,3794,3177,4029,4030,3905,742,2840,212,4034,3074,1826,1340,4035,636,22,4033,182,3660,3063,3938,1369,4031,1379,4032],"class_list":["post-23255","post","type-post","status-publish","format-standard","hentry","category-fetes-medievales-evenement","tag-agenda","tag-animations","tag-animations-medievales","tag-auvergne-rhone-alpes","tag-avignon","tag-banquet","tag-bouliac","tag-bourgogne-franche-comte","tag-bretagne","tag-campements-medievaux","tag-compagnies-medievales","tag-donzy","tag-estaing","tag-histoire-vivante","tag-idees-week-end","tag-malestroit","tag-marche-medieval","tag-medievale","tag-medievales-des-carmes","tag-monde-medieval","tag-morbihan","tag-moyen-age-festif","tag-nouvelle-aquitaine","tag-occitanie","tag-rions","tag-ripailles","tag-saint-symphorien-sur-coise"],"aioseo_notices":[],"_links":{"self":[{"href":"https:\/\/www.moyenagepassion.com\/index.php\/wp-json\/wp\/v2\/posts\/23255"}],"collection":[{"href":"https:\/\/www.moyenagepassion.com\/index.php\/wp-json\/wp\/v2\/posts"}],"about":[{"href":"https:\/\/www.moyenagepassion.com\/index.php\/wp-json\/wp\/v2\/types\/post"}],"author":[{"embeddable":true,"href":"https:\/\/www.moyenagepassion.com\/index.php\/wp-json\/wp\/v2\/users\/2"}],"replies":[{"embeddable":true,"href":"https:\/\/www.moyenagepassion.com\/index.php\/wp-json\/wp\/v2\/comments?post=23255"}],"version-history":[{"count":1,"href":"https:\/\/www.moyenagepassion.com\/index.php\/wp-json\/wp\/v2\/posts\/23255\/revisions"}],"predecessor-version":[{"id":34278,"href":"https:\/\/www.moyenagepassion.com\/index.php\/wp-json\/wp\/v2\/posts\/23255\/revisions\/34278"}],"wp:attachment":[{"href":"https:\/\/www.moyenagepassion.com\/index.php\/wp-json\/wp\/v2\/media?parent=23255"}],"wp:term":[{"taxonomy":"category","embeddable":true,"href":"https:\/\/www.moyenagepassion.com\/index.php\/wp-json\/wp\/v2\/categories?post=23255"},{"taxonomy":"post_tag","embeddable":true,"href":"https:\/\/www.moyenagepassion.com\/index.php\/wp-json\/wp\/v2\/tags?post=23255"}],"curies":[{"name":"wp","href":"https:\/\/api.w.org\/{rel}","templated":true}]}}