{"id":23631,"date":"2018-09-19T17:33:13","date_gmt":"2018-09-19T16:33:13","guid":{"rendered":"http:\/\/www.moyenagepassion.com\/?p=23631"},"modified":"2020-10-04T23:54:14","modified_gmt":"2020-10-04T22:54:14","slug":"agenda-pour-sa-52eme-edition-la-foire-exposition-bretonne-de-vannes-invite-le-moyen-age","status":"publish","type":"post","link":"https:\/\/www.moyenagepassion.com\/index.php\/2018\/09\/19\/agenda-pour-sa-52eme-edition-la-foire-exposition-bretonne-de-vannes-invite-le-moyen-age\/","title":{"rendered":"Agenda : pour sa 52e \u00e9dition, la Foire-Exposition de Vannes invite le Moyen-\u00e2ge"},"content":{"rendered":"<div id=\"moyen-4103772644\" class=\"moyen-before-content moyen-entity-placement\"><script async src=\"\/\/pagead2.googlesyndication.com\/pagead\/js\/adsbygoogle.js?client=ca-pub-3035390706780632\" crossorigin=\"anonymous\"><\/script><ins class=\"adsbygoogle\" style=\"display:block;\" data-ad-client=\"ca-pub-3035390706780632\" \ndata-ad-slot=\"\" \ndata-ad-format=\"auto\"><\/ins>\n<script> \n(adsbygoogle = window.adsbygoogle || []).push({}); \n<\/script>\n<\/div><p><strong><img decoding=\"async\" class=\"alignleft wp-image-22638\" src=\"https:\/\/www.moyenagepassion.com\/wp-content\/uploads\/2018\/07\/agenda_fetes_festival_animations_medievales_moyen-age_festif.jpg\" alt=\"agenda_fetes_festival_animations_medievales_moyen-age_festif\" width=\"107\" height=\"181\" srcset=\"https:\/\/www.moyenagepassion.com\/wp-content\/uploads\/2018\/07\/agenda_fetes_festival_animations_medievales_moyen-age_festif.jpg 332w, https:\/\/www.moyenagepassion.com\/wp-content\/uploads\/2018\/07\/agenda_fetes_festival_animations_medievales_moyen-age_festif-178x300.jpg 178w\" sizes=\"(max-width: 107px) 100vw, 107px\" \/>Sujet<\/strong>\u00a0: agenda, f\u00eates m\u00e9di\u00e9vales, foire-exposition,\u00a0 artisans, animations m\u00e9di\u00e9vales, compagnies, mesnies, tournoi, chevalerie.<br \/>\n<strong>Lieu :<\/strong>\u00a0Expace Chorus, Vannes,\u00a0 Morbihan,\u00a0 Bretagne<br \/>\n<strong>Date :\u00a0<\/strong>du 27 septembre au 1er\u00a0octobre\u00a02018<br \/>\n<strong>Nom<\/strong>\u00a0: Foire-exposition de Vannes<br \/>\n<strong>Organisateur<\/strong>\u00a0:\u00a0<a href=\"http:\/\/www.broceliandco.fr\/\" target=\"_blank\" rel=\"noopener noreferrer\">Broceliandeandco<\/a><\/p>\n<p>Bonjour \u00e0 tous,<\/p>\n<p style=\"text-align: justify;\"><img decoding=\"async\" class=\"alignleft wp-image-23886 size-full\" src=\"https:\/\/www.moyenagepassion.com\/wp-content\/uploads\/2018\/10\/B_lettrine_moyen_age_passion.jpg\" alt=\"\" width=\"84\" height=\"103\" \/>ien que les f\u00eates et les agapes autour du monde m\u00e9di\u00e9val aient tout de m\u00eame un peu tendance \u00e0 se tasser avec l&rsquo;effervescence de la rentr\u00e9e, on notera tout de m\u00eame, sur l&rsquo;agenda de la semaine prochaine, la tenue de la <strong>Foire-Exposition de Vannes<\/strong>. Pour sa 52eme \u00e9dition et pour 5 jours complets, les organisateurs de l&rsquo;\u00e9v\u00e9nement ont en effet d\u00e9cid\u00e9, cette ann\u00e9e, de faire du Moyen-\u00c2ge leur th\u00e8me de pr\u00e9dilection.<\/p>\n<h2 style=\"text-align: justify;\">Au programme de la f\u00eate<\/h2>\n<p style=\"text-align: justify;\">Campement m\u00e9di\u00e9val, tournois de chevalerie, spectacles, mais encore chants, danses, musiques, fabliaux et farces en provenance directe du moyen-\u00e2ge, une foule de divertissements et d&rsquo;animations\u00a0continus est programm\u00e9e tout au long de cette foire, pour une immersion garantie. En plus de tout cela, de nombreux ateliers d&rsquo;initiation ou d&rsquo;artisanat sont aussi pr\u00e9vus sur les th\u00e8mes les plus vari\u00e9s : danse m\u00e9di\u00e9vale, gastronomie, hygi\u00e8ne, calligraphie, enluminures, archerie, corderie, r\u00e9fection et empennage de fl\u00e8ches, travail du cuir, r\u00e9alisation de cottes de mailles, forge et fonderie, pour ne citer que ceux,l\u00e0. Au vue des compagnies et mesnies invit\u00e9es, on pourra encore assur\u00e9ment compter sur quelques copieux \u00e9changes de fer crois\u00e9 et d\u00e9monstrations de combats \u00e0 l&rsquo;ancienne.<\/p>\n<figure id=\"attachment_23641\" aria-describedby=\"caption-attachment-23641\" style=\"width: 480px\" class=\"wp-caption aligncenter\"><a href=\"https:\/\/www.moyenagepassion.com\/wp-content\/uploads\/2018\/09\/agenda_foire_exposition_vannes_2018_animations_compagnies_medievales_bretagne.jpg\"><img decoding=\"async\" class=\"wp-image-23641 size-full\" src=\"https:\/\/www.moyenagepassion.com\/wp-content\/uploads\/2018\/09\/agenda_foire_exposition_vannes_2018_animations_compagnies_medievales_bretagne-e1538798629288.jpg\" alt=\"La 52eme \u00e9dition de la foire-exposition de Vannes sur le th\u00e8me du moyen-\u00e2ge\" width=\"480\" height=\"377\" \/><\/a><figcaption id=\"caption-attachment-23641\" class=\"wp-caption-text\">La 52eme \u00e9dition de la foire-exposition de Vannes sur le th\u00e8me du moyen-\u00e2ge<\/figcaption><\/figure>\n<p style=\"text-align: justify;\"><strong>Compagnies m\u00e9di\u00e9vales et artistes pr\u00e9sents (hors artisans)<\/strong><\/p>\n<p style=\"text-align: justify;\"><span style=\"color: #008000;\"><em>Compagnie M\u00e9di\u00e9vale de Pontcastel &#8211; Compagnie Kouviadenn &#8211;\u00a0<\/em><\/span><span style=\"color: #008000;\"><em>Les\u00a0 \u00a0Loups de Walpurgis\u00a0&#8211; Les Arpenteurs d&rsquo;Ymir &#8211; Pastourel &#8211; <a href=\"https:\/\/www.moyenagepassion.com\/index.php\/2018\/02\/07\/patrick-proust-artiste-et-musicien-multifacette-passionne-dhistoire-ancienne\/\" target=\"_blank\" rel=\"noopener noreferrer\">Patrick Proust<\/a> &#8211; L&rsquo;Hermine vagabonde &#8211; Daniel III de Pontcastel.<\/em><\/span><\/p>\n<p style=\"text-align: justify;\"><strong>Exposants d&rsquo;inspiration m\u00e9di\u00e9vale<\/strong><\/p>\n<p style=\"text-align: justify;\">Sur les\u00a0250 exposants que comptera cette grande foire et pour faire honneur au th\u00e8me choisi cette ann\u00e9e, un grand espace sera d\u00e9di\u00e9 aux artisans d&rsquo;inspiration m\u00e9di\u00e9vale; il devrait compter pr\u00e8s d&rsquo;une trentaine d&rsquo;entre eux.<\/p>\n<p style=\"text-align: justify;\"><a href=\"http:\/\/www.foire-exposition-vannes.com\/\" target=\"_blank\" rel=\"noopener noreferrer\">Site officiel de la Foire-Exposition de Vannes<\/a>\u00a0&#8211;\u00a0 <a href=\"https:\/\/www.facebook.com\/chorus.vannes\" target=\"_blank\" rel=\"noopener noreferrer\">FB de l&rsquo;\u00e9v\u00e9nement<\/a><\/p>\n<p style=\"text-align: justify;\">Pour le reste, l&rsquo;histoire ne dit pas si vous y croiserez le Karadoc de la s\u00e9rie\u00a0<a href=\"https:\/\/www.moyenagepassion.com\/?s=kaamelott\" target=\"_blank\" rel=\"noopener noreferrer\">Kaamelott <\/a>en train de ripailler<a href=\"https:\/\/www.moyenagepassion.com\/?s=kaamelott\" target=\"_blank\" rel=\"noopener noreferrer\">\u00a0<\/a>mais sait-on jamais ?<\/p>\n<p style=\"text-align: justify;\">En vous souhaitant une belle journ\u00e9e.<\/p>\n<p style=\"text-align: justify;\">Fred<br \/>\nPour moyenagepassion.com<br \/>\n<em><strong>A la d\u00e9couverte du Moyen-Age\u00a0sous toutes ses formes.<\/strong><\/em><\/p>\n","protected":false},"excerpt":{"rendered":"<p>Sujet\u00a0: agenda, f\u00eates m\u00e9di\u00e9vales, foire-exposition,\u00a0 artisans, animations m\u00e9di\u00e9vales, compagnies, mesnies, tournoi, chevalerie. Lieu :\u00a0Expace Chorus, Vannes,\u00a0 Morbihan,\u00a0 Bretagne Date :\u00a0du 27 septembre au 1er\u00a0octobre\u00a02018 Nom\u00a0: Foire-exposition de Vannes Organisateur\u00a0:\u00a0Broceliandeandco Bonjour \u00e0 tous, ien que les f\u00eates et les agapes autour du monde m\u00e9di\u00e9val aient tout de m\u00eame un peu tendance \u00e0 se tasser avec l&rsquo;effervescence &hellip; <a href=\"https:\/\/www.moyenagepassion.com\/index.php\/2018\/09\/19\/agenda-pour-sa-52eme-edition-la-foire-exposition-bretonne-de-vannes-invite-le-moyen-age\/\" class=\"more-link\">Continuer la lecture de <span class=\"screen-reader-text\">Agenda : pour sa 52e \u00e9dition, la Foire-Exposition de Vannes invite le Moyen-\u00e2ge<\/span>  <span class=\"meta-nav\">&rarr;<\/span><\/a><\/p>\n","protected":false},"author":2,"featured_media":0,"comment_status":"open","ping_status":"open","sticky":false,"template":"","format":"standard","meta":{"_monsterinsights_skip_tracking":false,"_monsterinsights_sitenote_active":false,"_monsterinsights_sitenote_note":"","_monsterinsights_sitenote_category":0,"footnotes":""},"categories":[11],"tags":[1391,2529,3540,742,3687,345,212,912,3658,1438,636,22,18,1209,3659],"class_list":["post-23631","post","type-post","status-publish","format-standard","hentry","category-fetes-medievales-evenement","tag-agenda","tag-animations-medievales","tag-artisans-medievistes","tag-bretagne","tag-campements","tag-chevalerie","tag-compagnies-medievales","tag-danses-medievales","tag-foire-exposition","tag-marche","tag-marche-medieval","tag-medievale","tag-moyen-age","tag-tournoi","tag-vannes"],"aioseo_notices":[],"_links":{"self":[{"href":"https:\/\/www.moyenagepassion.com\/index.php\/wp-json\/wp\/v2\/posts\/23631"}],"collection":[{"href":"https:\/\/www.moyenagepassion.com\/index.php\/wp-json\/wp\/v2\/posts"}],"about":[{"href":"https:\/\/www.moyenagepassion.com\/index.php\/wp-json\/wp\/v2\/types\/post"}],"author":[{"embeddable":true,"href":"https:\/\/www.moyenagepassion.com\/index.php\/wp-json\/wp\/v2\/users\/2"}],"replies":[{"embeddable":true,"href":"https:\/\/www.moyenagepassion.com\/index.php\/wp-json\/wp\/v2\/comments?post=23631"}],"version-history":[{"count":1,"href":"https:\/\/www.moyenagepassion.com\/index.php\/wp-json\/wp\/v2\/posts\/23631\/revisions"}],"predecessor-version":[{"id":34277,"href":"https:\/\/www.moyenagepassion.com\/index.php\/wp-json\/wp\/v2\/posts\/23631\/revisions\/34277"}],"wp:attachment":[{"href":"https:\/\/www.moyenagepassion.com\/index.php\/wp-json\/wp\/v2\/media?parent=23631"}],"wp:term":[{"taxonomy":"category","embeddable":true,"href":"https:\/\/www.moyenagepassion.com\/index.php\/wp-json\/wp\/v2\/categories?post=23631"},{"taxonomy":"post_tag","embeddable":true,"href":"https:\/\/www.moyenagepassion.com\/index.php\/wp-json\/wp\/v2\/tags?post=23631"}],"curies":[{"name":"wp","href":"https:\/\/api.w.org\/{rel}","templated":true}]}}