{"id":23749,"date":"2018-09-27T00:27:31","date_gmt":"2018-09-26T23:27:31","guid":{"rendered":"http:\/\/www.moyenagepassion.com\/?p=23749"},"modified":"2020-10-04T19:50:36","modified_gmt":"2020-10-04T18:50:36","slug":"ce-week-end-direction-grand-est-pour-les-medievales-de-pont-a-mousson-2018","status":"publish","type":"post","link":"https:\/\/www.moyenagepassion.com\/index.php\/2018\/09\/27\/ce-week-end-direction-grand-est-pour-les-medievales-de-pont-a-mousson-2018\/","title":{"rendered":"Ce week-end, direction la r\u00e9gion Grand Est, pour les M\u00e9di\u00e9vales de Pont-\u00e0-Mousson 2018"},"content":{"rendered":"<div id=\"moyen-626476795\" class=\"moyen-before-content moyen-entity-placement\"><script async src=\"\/\/pagead2.googlesyndication.com\/pagead\/js\/adsbygoogle.js?client=ca-pub-3035390706780632\" crossorigin=\"anonymous\"><\/script><ins class=\"adsbygoogle\" style=\"display:block;\" data-ad-client=\"ca-pub-3035390706780632\" \ndata-ad-slot=\"\" \ndata-ad-format=\"auto\"><\/ins>\n<script> \n(adsbygoogle = window.adsbygoogle || []).push({}); \n<\/script>\n<\/div><p><strong><a href=\"https:\/\/www.moyenagepassion.com\/wp-content\/uploads\/2018\/09\/pont_a_mousson_ecu_blason_armoirie.jpg\"><img decoding=\"async\" class=\"alignleft wp-image-23752 size-full\" src=\"https:\/\/www.moyenagepassion.com\/wp-content\/uploads\/2018\/09\/pont_a_mousson_ecu_blason_armoirie-e1538796776284.jpg\" alt=\"pont_a_mousson_ecu_blason_armoirie\" width=\"138\" height=\"147\" \/><\/a>Sujet<\/strong>\u00a0: agenda, f\u00eates m\u00e9di\u00e9vales, animations m\u00e9di\u00e9vales, compagnies, mesnies, spectacles d&rsquo;inspiration m\u00e9di\u00e9vale, campements<br \/>\n<strong>Lieu :<\/strong> Pont-\u00e0-Mousson, Meurthe-et-Moselle, Grand-Est<br \/>\n<strong>Date :\u00a0<\/strong>du 29\u00a0 au\u00a030 septembre 2018<br \/>\n<strong>Nom<\/strong>\u00a0: Les M\u00e9di\u00e9vales de PAM 2018<\/p>\n<p>Bonjour \u00e0 tous,<\/p>\n<p style=\"text-align: justify;\"><img decoding=\"async\" class=\"alignleft wp-image-23904 size-full\" src=\"https:\/\/www.moyenagepassion.com\/wp-content\/uploads\/2018\/10\/S_lettrine_moyen_age_passion.jpg\" alt=\"\" width=\"84\" height=\"103\" \/>i vous vous trouvez ce week-end du c\u00f4t\u00e9 du Grand Est, ne manquez pas les M\u00e9di\u00e9vales de \u00ab\u00a0PAM\u00a0\u00bb.\u00a0 Organis\u00e9e par la municipalit\u00e9 de Pont-\u00e0-Mousson, il s&rsquo;agira de la sixi\u00e8me \u00e9dition de l&rsquo;\u00e9v\u00e9nement et\u00a0il se tiendra, cette ann\u00e9e encore, au milieu de la belle verdure de l&rsquo;\u00eele de Esch.<\/p>\n<p style=\"text-align: justify;\">Pour donner quelques chiffres,\u00a0cette grande f\u00eate autour du moyen-\u00e2ge avait attir\u00e9, l&rsquo;ann\u00e9e pass\u00e9, pr\u00e8s de 18000 personnes et on peut gager qu&rsquo;elle r\u00e9p\u00e9tera son succ\u00e8s, \u00e0 l&rsquo;occasion de\u00a0 cette \u00e9dition 2018.<\/p>\n<h2>Au programme de la f\u00eate<\/h2>\n<p style=\"text-align: justify;\">Grand d\u00e9fil\u00e9, spectacles \u00e9questres, vols de rapaces et fauconnerie, musiques et danses m\u00e9di\u00e9vales,\u00a0sayn\u00e8tes, les animations ne manqueront pas au cours de ces deux journ\u00e9es.\u00a0 Il y aura aussi de grands campements\u00a0 avec force d\u00e9monstration d&rsquo;artisanat et de combats par les Mesnies invit\u00e9es pour l&rsquo;occasion. Enfin, \u00e0 toutes ses <a href=\"https:\/\/www.moyenagepassion.com\/wp-content\/uploads\/2018\/09\/fetes_evenement_medieval_2018_Pont-\u00e0-Mousson_Meurthe-et-Moselle_Grand-Est.jpg\"><img decoding=\"async\" class=\"alignright wp-image-23750 size-full\" src=\"https:\/\/www.moyenagepassion.com\/wp-content\/uploads\/2018\/09\/fetes_evenement_medieval_2018_Pont-\u00e0-Mousson_Meurthe-et-Moselle_Grand-Est-e1538796838220.jpg\" alt=\"fetes_evenement_medieval_2018_Pont-\u00e0-Mousson_Meurthe-et-Moselle_Grand-Est\" width=\"183\" height=\"359\" \/><\/a>r\u00e9jouissances viendront encore se joindre un march\u00e9 m\u00e9di\u00e9val, ainsi qu&rsquo;une nocturne, le samedi soir, cl\u00f4tur\u00e9 par un spectacle de feu.<\/p>\n<p style=\"text-align: justify;\"><strong>Compagnies m\u00e9di\u00e9vales et artistes<\/strong><\/p>\n<p style=\"text-align: justify;\"><span style=\"color: #008000;\"><em>Toroul Boroul &#8211; Cie Montilisio Salto &#8211; Cie Medio &#8211; Le Menil St Michel &#8211; Cie Chantelame &#8211;\u00a0Les Dauphins de Feu &#8211; Vol libre fauconnerie &#8211; Cie de la Branche Rouge &#8211; Cie Bellum Gallicum<\/em><\/span><\/p>\n<p><a href=\"http:\/\/www.ville-pont-a-mousson.fr\/fr\/information\/63646\/medievales\" target=\"_blank\" rel=\"noopener noreferrer\">Site de l&rsquo;organisateur<\/a>\u00a0 &#8211;\u00a0<a href=\"http:\/\/cdn1_2.reseaudesvilles.fr\/cities\/36\/documents\/2u7akse2sx55a2z.pdf\" target=\"_blank\" rel=\"noopener noreferrer\">T\u00e9l\u00e9charger le programme d\u00e9taill\u00e9 ici<\/a><\/p>\n<p>En vous souhaitant une excellente\u00a0 journ\u00e9e et de belles f\u00eates m\u00e9di\u00e9vales \u00e0 Pont-\u00e0-Mousson, si vous vous y rendez.<\/p>\n<p>Fr\u00e9d\u00e9ric EFFE<br \/>\nPour moyenagepassion.com<br \/>\n<em><strong>A la d\u00e9couverte du moyen-\u00e2ge sous toutes ses formes.<\/strong><\/em><\/p>\n","protected":false},"excerpt":{"rendered":"<p>Sujet\u00a0: agenda, f\u00eates m\u00e9di\u00e9vales, animations m\u00e9di\u00e9vales, compagnies, mesnies, spectacles d&rsquo;inspiration m\u00e9di\u00e9vale, campements Lieu : Pont-\u00e0-Mousson, Meurthe-et-Moselle, Grand-Est Date :\u00a0du 29\u00a0 au\u00a030 septembre 2018 Nom\u00a0: Les M\u00e9di\u00e9vales de PAM 2018 Bonjour \u00e0 tous, i vous vous trouvez ce week-end du c\u00f4t\u00e9 du Grand Est, ne manquez pas les M\u00e9di\u00e9vales de \u00ab\u00a0PAM\u00a0\u00bb.\u00a0 Organis\u00e9e par la municipalit\u00e9 de &hellip; <a href=\"https:\/\/www.moyenagepassion.com\/index.php\/2018\/09\/27\/ce-week-end-direction-grand-est-pour-les-medievales-de-pont-a-mousson-2018\/\" class=\"more-link\">Continuer la lecture de <span class=\"screen-reader-text\">Ce week-end, direction la r\u00e9gion Grand Est, pour les M\u00e9di\u00e9vales de Pont-\u00e0-Mousson 2018<\/span>  <span class=\"meta-nav\">&rarr;<\/span><\/a><\/p>\n","protected":false},"author":2,"featured_media":0,"comment_status":"open","ping_status":"open","sticky":false,"template":"","format":"standard","meta":{"_monsterinsights_skip_tracking":false,"_monsterinsights_sitenote_active":false,"_monsterinsights_sitenote_note":"","_monsterinsights_sitenote_category":0,"footnotes":""},"categories":[11],"tags":[1391,2529,3687,212,2743,3982,22,1227,4059,3073,18,4060],"class_list":["post-23749","post","type-post","status-publish","format-standard","hentry","category-fetes-medievales-evenement","tag-agenda","tag-animations-medievales","tag-campements","tag-compagnies-medievales","tag-fauconnerie","tag-grand-est","tag-medievale","tag-medievales","tag-medievales-de-pam","tag-mesnies","tag-moyen-age","tag-pont-a-mousson"],"aioseo_notices":[],"_links":{"self":[{"href":"https:\/\/www.moyenagepassion.com\/index.php\/wp-json\/wp\/v2\/posts\/23749"}],"collection":[{"href":"https:\/\/www.moyenagepassion.com\/index.php\/wp-json\/wp\/v2\/posts"}],"about":[{"href":"https:\/\/www.moyenagepassion.com\/index.php\/wp-json\/wp\/v2\/types\/post"}],"author":[{"embeddable":true,"href":"https:\/\/www.moyenagepassion.com\/index.php\/wp-json\/wp\/v2\/users\/2"}],"replies":[{"embeddable":true,"href":"https:\/\/www.moyenagepassion.com\/index.php\/wp-json\/wp\/v2\/comments?post=23749"}],"version-history":[{"count":1,"href":"https:\/\/www.moyenagepassion.com\/index.php\/wp-json\/wp\/v2\/posts\/23749\/revisions"}],"predecessor-version":[{"id":34215,"href":"https:\/\/www.moyenagepassion.com\/index.php\/wp-json\/wp\/v2\/posts\/23749\/revisions\/34215"}],"wp:attachment":[{"href":"https:\/\/www.moyenagepassion.com\/index.php\/wp-json\/wp\/v2\/media?parent=23749"}],"wp:term":[{"taxonomy":"category","embeddable":true,"href":"https:\/\/www.moyenagepassion.com\/index.php\/wp-json\/wp\/v2\/categories?post=23749"},{"taxonomy":"post_tag","embeddable":true,"href":"https:\/\/www.moyenagepassion.com\/index.php\/wp-json\/wp\/v2\/tags?post=23749"}],"curies":[{"name":"wp","href":"https:\/\/api.w.org\/{rel}","templated":true}]}}