{"id":23849,"date":"2018-10-04T06:23:35","date_gmt":"2018-10-04T05:23:35","guid":{"rendered":"http:\/\/www.moyenagepassion.com\/?p=23849"},"modified":"2018-10-06T04:09:52","modified_gmt":"2018-10-06T03:09:52","slug":"la-1ere-edition-du-festival-medieval-feerique-fantastique-de-villemoustaussou-lez-carcassonne","status":"publish","type":"post","link":"https:\/\/www.moyenagepassion.com\/index.php\/2018\/10\/04\/la-1ere-edition-du-festival-medieval-feerique-fantastique-de-villemoustaussou-lez-carcassonne\/","title":{"rendered":"La 1\u00e8re \u00e9dition du festival m\u00e9di\u00e9val f\u00e9erique, fantastique de Villemoustaussou \u00ab\u00a0lez\u00a0\u00bb Carcassonne"},"content":{"rendered":"<div id=\"moyen-1574171655\" class=\"moyen-before-content moyen-entity-placement\"><script async src=\"\/\/pagead2.googlesyndication.com\/pagead\/js\/adsbygoogle.js?client=ca-pub-3035390706780632\" crossorigin=\"anonymous\"><\/script><ins class=\"adsbygoogle\" style=\"display:block;\" data-ad-client=\"ca-pub-3035390706780632\" \ndata-ad-slot=\"\" \ndata-ad-format=\"auto\"><\/ins>\n<script> \n(adsbygoogle = window.adsbygoogle || []).push({}); \n<\/script>\n<\/div><p><a href=\"https:\/\/www.moyenagepassion.com\/wp-content\/uploads\/2018\/10\/festival_medieval_fantastique_Villemoustaussou_occitanie_blason_armoirie1.jpg\"><img decoding=\"async\" class=\"alignleft wp-image-23868 size-full\" src=\"https:\/\/www.moyenagepassion.com\/wp-content\/uploads\/2018\/10\/festival_medieval_fantastique_Villemoustaussou_occitanie_blason_armoirie1.jpg\" alt=\"\" width=\"198\" height=\"247\" \/><\/a><\/p>\n<p><strong>Sujet<\/strong>\u00a0: f\u00eates, festival, m\u00e9di\u00e9val fantastique, m\u00e9di\u00e9val fantaisie, fantasy, march\u00e9, animations m\u00e9di\u00e9vales,<br \/>\n<strong>Ev\u00e9nement<\/strong>\u00a0:\u00a0\u00a0<strong>Festival m\u00e9di\u00e9val, f\u00e9erique &amp; fantastique \u00a0\u00a0<\/strong><br \/>\n<strong>Lieu<\/strong>\u00a0: Villemoustaussou, Aude, Occitanie<br \/>\n<strong>Dates<\/strong>\u00a0: les 6 et 7 octobre 2018<\/p>\n<p>Bonjour \u00e0 tous,<\/p>\n<p style=\"text-align: justify;\"><img decoding=\"async\" class=\"alignleft wp-image-23888 size-full\" src=\"https:\/\/www.moyenagepassion.com\/wp-content\/uploads\/2018\/10\/D_lettrine_moyen_age_passion.jpg\" alt=\"\" width=\"84\" height=\"103\" \/>u c\u00f4t\u00e9 de l&rsquo;agenda de ce premier week-end d&rsquo;octobre toujours, nous vous pr\u00e9sentons encore un dernier \u00e9v\u00e9nement qui nous emm\u00e8ne, cette fois-ci sur les terres du Languedoc. A quelques kilom\u00e8tres au nord de Carcassonne, en la cit\u00e9\u00a0de\u00a0Villemoustaussou se tiendra en effet un festival qui m\u00ealera m\u00e9di\u00e9val et fantastique.<\/p>\n<p style=\"text-align: justify;\">Organis\u00e9 par <strong>les Echansons de Carcass\u00e8s, <\/strong>Association locale de passionn\u00e9s du Moyen-\u00e2ge et de Languedoc m\u00e9di\u00e9val, c&rsquo;est la premi\u00e8re \u00e9dition de cet \u00e9v\u00e9nement mais,\u00a0 \u00e0 voir\u00a0sa programmation, on sent bien que\u00a0 ses organisateurs\u00a0\u00a0y ont mis du coeur et du temps, en se donnant les moyens d&rsquo;en faire une vraie r\u00e9ussite.<\/p>\n<p><a href=\"https:\/\/www.moyenagepassion.com\/wp-content\/uploads\/2018\/10\/fetes_festival_medieval_feerique_fantastique_2018_Villemoustaussou_occitanie.jpg\"><img decoding=\"async\" class=\"aligncenter wp-image-23850 size-full\" src=\"https:\/\/www.moyenagepassion.com\/wp-content\/uploads\/2018\/10\/fetes_festival_medieval_feerique_fantastique_2018_Villemoustaussou_occitanie.jpg\" alt=\"fetes_festival_medieval_feerique_fantastique_2018_Villemoustaussou_occitanie\" width=\"450\" height=\"318\" srcset=\"https:\/\/www.moyenagepassion.com\/wp-content\/uploads\/2018\/10\/fetes_festival_medieval_feerique_fantastique_2018_Villemoustaussou_occitanie.jpg 450w, https:\/\/www.moyenagepassion.com\/wp-content\/uploads\/2018\/10\/fetes_festival_medieval_feerique_fantastique_2018_Villemoustaussou_occitanie-300x212.jpg 300w\" sizes=\"(max-width: 450px) 100vw, 450px\" \/><\/a><\/p>\n<h2>Le plein d&rsquo;animations m\u00e9di\u00e9vales<\/h2>\n<p style=\"text-align: justify;\">Entre b\u00e9n\u00e9voles locaux, membres de l&rsquo;Association et compagnies venues de l&rsquo;ext\u00e9rieur on devrait ainsi croiser ce week-end, dans les rues de Villemoustaussou, pr\u00e8s de 200 artistes, reconstituteurs, amuseurs, artistes ou encore artisans bien d\u00e9termin\u00e9s \u00e0 faire revivre le moyen-\u00e2ge.<\/p>\n<p style=\"text-align: justify;\">Au programme des animations, tournoi de chevalerie, circuit d&rsquo;adoubement, danses et musiques m\u00e9di\u00e9vales, spectacles de fauconnerie, arts et th\u00e9\u00e2tres de rue, campements d&rsquo;\u00e9poques et\u00a0 encore de nombreux ateliers artisanaux et th\u00e9matiques autour du moyen-\u00e2ge. A tout cela viendra encore s&rsquo;ajouter un\u00a0march\u00e9 m\u00e9di\u00e9val et artisanal, et du c\u00f4t\u00e9 des temps forts, une soir\u00e9e de Samedi qui promet d&rsquo;\u00eatre riche en \u00e9motions avec concerts, animations et spectacles qui se prolongeront jusqu&rsquo;\u00e0 tard dans la nuit.<\/p>\n<h2 style=\"text-align: justify;\">Compagnies m\u00e9di\u00e9vales<\/h2>\n<p style=\"text-align: justify;\">(liste non exhaustive &amp; hors exposants march\u00e9)<\/p>\n<p style=\"text-align: justify;\"><span style=\"color: #008000;\"><em>L&rsquo;\u00e9p\u00e9e de Gaston &#8211; La Loubati\u00e8re d&rsquo;Occitanie &#8211; Les Chevaliers &amp; Gentes Dames d&rsquo;Occitanie &#8211; Belli Mercator &#8211; Les Affust\u00e9s &#8211; Les Tanneurs de Drac &#8211; Les Art\u00e9muses &#8211; Les Compagnons de l&rsquo;Aurore &#8211; Les Aboyeurs &#8211; La Cie Goupil &#8211; Douda\u00ef, Cie Fa\u00ef &#8211; Patathor et l&rsquo;Echanson&rsquo;s Acad\u00e9mie -L&rsquo;Auberge des L\u00e9gendes &#8211; Association des Contes de la Bleuette &#8211; La Montagne des Aigles &#8211; Sacha &#8211; Echansons de Carcass\u00e8s &#8211; Le Royaume oubli\u00e9 &#8211; Le Renard Vert &#8211; La Trace du Geste &#8211; &#8230;<\/em><\/span><\/p>\n<p style=\"text-align: justify;\">Pour clore ce bref aper\u00e7u que vous pourrez creuser en vous reportant au programme d\u00e9taill\u00e9 (lien ci-dessous, il y aura encore sur place un espace d\u00e9di\u00e9 <strong>Salon du livre<\/strong> \u00e0 la rencontre d&rsquo;auteurs et d&rsquo;\u00e9diteurs des domaines historiques et du m\u00e9di\u00e9val-fantaisie. Enfin, au fil du week-end, des conf\u00e9rences sont aussi programm\u00e9es sur des th\u00e8mes aussi vari\u00e9s que le Catharisme, l&rsquo;Alchimie m\u00e9di\u00e9vale et les ch\u00e2teaux d&rsquo;Aude.\u00a0 Bref, voil\u00e0 autant de bonnes raisons de vous rendre \u00e0\u00a0la premi\u00e8re de ce Festival m\u00e9di\u00e9val, fantastique et f\u00e9erique de Villemoustaussou si vous vous trouvez, ce week end du c\u00f4t\u00e9 de Carcassonne ou de l&rsquo;Aude.<\/p>\n<p><a href=\"http:\/\/www.echansons-carcasses.fr\/wp-content\/uploads\/2018\/09\/Programmme-Festival-M%C3%A9di%C3%A9val.pdf\" target=\"_blank\">Voir le programme complet et d\u00e9taill\u00e9 ici<\/a>\u00a0 &#8211; <a href=\"http:\/\/www.echansons-carcasses.fr\/fete-medievale-a-villemoustaussou-6-7-oct-2018\/\" target=\"_blank\">Site de l&rsquo;organisateur<\/a><\/p>\n<p>En vous souhaitant une tr\u00e8s belle journ\u00e9e.<\/p>\n<p>Fr\u00e9d\u00e9ric EFFE<br \/>\nPour moyenagepassion.com<br \/>\n<em><strong>A la d\u00e9couverte du moyen-\u00e2ge sous toutes ses formes.<\/strong><\/em><\/p>\n","protected":false},"excerpt":{"rendered":"<p>Sujet\u00a0: f\u00eates, festival, m\u00e9di\u00e9val fantastique, m\u00e9di\u00e9val fantaisie, fantasy, march\u00e9, animations m\u00e9di\u00e9vales, Ev\u00e9nement\u00a0:\u00a0\u00a0Festival m\u00e9di\u00e9val, f\u00e9erique &amp; fantastique \u00a0\u00a0 Lieu\u00a0: Villemoustaussou, Aude, Occitanie Dates\u00a0: les 6 et 7 octobre 2018 Bonjour \u00e0 tous, u c\u00f4t\u00e9 de l&rsquo;agenda de ce premier week-end d&rsquo;octobre toujours, nous vous pr\u00e9sentons encore un dernier \u00e9v\u00e9nement qui nous emm\u00e8ne, cette fois-ci sur les &hellip; <a href=\"https:\/\/www.moyenagepassion.com\/index.php\/2018\/10\/04\/la-1ere-edition-du-festival-medieval-feerique-fantastique-de-villemoustaussou-lez-carcassonne\/\" class=\"more-link\">Continuer la lecture de <span class=\"screen-reader-text\">La 1\u00e8re \u00e9dition du festival m\u00e9di\u00e9val f\u00e9erique, fantastique de Villemoustaussou \u00ab\u00a0lez\u00a0\u00bb Carcassonne<\/span>  <span class=\"meta-nav\">&rarr;<\/span><\/a><\/p>\n","protected":false},"author":2,"featured_media":0,"comment_status":"open","ping_status":"open","sticky":false,"template":"","format":"standard","meta":{"_monsterinsights_skip_tracking":false,"_monsterinsights_sitenote_active":false,"_monsterinsights_sitenote_note":"","_monsterinsights_sitenote_category":0,"footnotes":""},"categories":[11],"tags":[2529,2581,212,2405,4081,632,3827,636,207,262,18,1369,3689,4082],"class_list":["post-23849","post","type-post","status-publish","format-standard","hentry","category-fetes-medievales-evenement","tag-animations-medievales","tag-carcassonne","tag-compagnies-medievales","tag-fantaisie","tag-festival-fantastique","tag-festival-medieval","tag-marche-artisanal","tag-marche-medieval","tag-medieval-fantaisie","tag-medieval-fantastique","tag-moyen-age","tag-occitanie","tag-salon-du-livre","tag-villemoustaussou"],"aioseo_notices":[],"_links":{"self":[{"href":"https:\/\/www.moyenagepassion.com\/index.php\/wp-json\/wp\/v2\/posts\/23849"}],"collection":[{"href":"https:\/\/www.moyenagepassion.com\/index.php\/wp-json\/wp\/v2\/posts"}],"about":[{"href":"https:\/\/www.moyenagepassion.com\/index.php\/wp-json\/wp\/v2\/types\/post"}],"author":[{"embeddable":true,"href":"https:\/\/www.moyenagepassion.com\/index.php\/wp-json\/wp\/v2\/users\/2"}],"replies":[{"embeddable":true,"href":"https:\/\/www.moyenagepassion.com\/index.php\/wp-json\/wp\/v2\/comments?post=23849"}],"version-history":[{"count":0,"href":"https:\/\/www.moyenagepassion.com\/index.php\/wp-json\/wp\/v2\/posts\/23849\/revisions"}],"wp:attachment":[{"href":"https:\/\/www.moyenagepassion.com\/index.php\/wp-json\/wp\/v2\/media?parent=23849"}],"wp:term":[{"taxonomy":"category","embeddable":true,"href":"https:\/\/www.moyenagepassion.com\/index.php\/wp-json\/wp\/v2\/categories?post=23849"},{"taxonomy":"post_tag","embeddable":true,"href":"https:\/\/www.moyenagepassion.com\/index.php\/wp-json\/wp\/v2\/tags?post=23849"}],"curies":[{"name":"wp","href":"https:\/\/api.w.org\/{rel}","templated":true}]}}