{"id":24454,"date":"2018-11-17T22:52:43","date_gmt":"2018-11-17T21:52:43","guid":{"rendered":"http:\/\/www.moyenagepassion.com\/?p=24454"},"modified":"2020-09-24T05:57:14","modified_gmt":"2020-09-24T04:57:14","slug":"exposition-legendes-arthuriennes_bnf_chateau-de-pierrefonds","status":"publish","type":"post","link":"https:\/\/www.moyenagepassion.com\/index.php\/2018\/11\/17\/exposition-legendes-arthuriennes_bnf_chateau-de-pierrefonds\/","title":{"rendered":"Une exposition sur les l\u00e9gendes arthuriennes au Ch\u00e2teau de Pierrefonds avec la BnF"},"content":{"rendered":"<div id=\"moyen-2858087105\" class=\"moyen-before-content moyen-entity-placement\"><script async src=\"\/\/pagead2.googlesyndication.com\/pagead\/js\/adsbygoogle.js?client=ca-pub-3035390706780632\" crossorigin=\"anonymous\"><\/script><ins class=\"adsbygoogle\" style=\"display:block;\" data-ad-client=\"ca-pub-3035390706780632\" \ndata-ad-slot=\"\" \ndata-ad-format=\"auto\"><\/ins>\n<script> \n(adsbygoogle = window.adsbygoogle || []).push({}); \n<\/script>\n<\/div><p><strong><a href=\"https:\/\/www.moyenagepassion.com\/wp-content\/uploads\/2018\/11\/expo_arthur_bnf_pierrefonds_chateau_moyen-age_legendes_arthuriennes.jpg\"><img decoding=\"async\" class=\"alignleft wp-image-24476\" src=\"https:\/\/www.moyenagepassion.com\/wp-content\/uploads\/2018\/11\/expo_arthur_bnf_pierrefonds_chateau_moyen-age_legendes_arthuriennes.jpg\" alt=\"expo_arthur_bnf_pierrefonds_chateau_moyen-age_legendes_arthuriennes\" width=\"125\" height=\"236\" srcset=\"https:\/\/www.moyenagepassion.com\/wp-content\/uploads\/2018\/11\/expo_arthur_bnf_pierrefonds_chateau_moyen-age_legendes_arthuriennes.jpg 200w, https:\/\/www.moyenagepassion.com\/wp-content\/uploads\/2018\/11\/expo_arthur_bnf_pierrefonds_chateau_moyen-age_legendes_arthuriennes-159x300.jpg 159w\" sizes=\"(max-width: 125px) 100vw, 125px\" \/><\/a>Sujet<\/strong>&nbsp;: Roi Arthur,&nbsp;l\u00e9gendes arthuriennes, roman arthurien, sources historiques, exposition,litt\u00e9rature, cin\u00e9ma, t\u00e9l\u00e9vision, Eug\u00e8ne Viollet le Duc<br \/>\n<strong>P\u00e9riode<\/strong>&nbsp;: du moyen-\u00e2ge central \u00e0 nos jours<br \/>\n<strong>Exposition&nbsp;<\/strong>: le Roi Arthur, une l\u00e9gende en Images.<br \/>\n<strong>Lieu<\/strong>&nbsp;:&nbsp;Ch\u00e2teau de Pierrefonds,<em><br \/>\n<\/em>Pierrefonds, Oise, Hauts-de-France.<br \/>\n<strong>Dates<\/strong> : Du 20 octobre 2018 au 22 avril 2019<\/p>\n<p>Bonjour \u00e0 tous,<\/p>\n<p style=\"text-align: justify;\"><img decoding=\"async\" class=\"alignleft size-full wp-image-24221\" src=\"https:\/\/www.moyenagepassion.com\/wp-content\/uploads\/2015\/12\/A_lettrine_moyen_age_passion1.jpg\" alt=\"A_lettrine_moyen_age_passion\" width=\"84\" height=\"103\">u titre des \u00e9v\u00e9nements autour du monde m\u00e9di\u00e9val \u00e0 relever sur vos agendas, nous avons le plaisir de relayer ici l&rsquo;annonce d&rsquo;une grande exposition sur les <a href=\"https:\/\/www.moyenagepassion.com\/index.php\/tag\/legendes-arthuriennes\/\">l\u00e9gendes arthuriennes<\/a>. Elle se tient, depuis pr\u00e8s d&rsquo;un mois dans le cadre prestigieux du ch\u00e2teau de Pierrefonds et elle y restera jusqu&rsquo;au 22 avril prochain.<\/p>\n<h2 style=\"text-align: justify;\">En partenariat avec la BNF<\/h2>\n<p style=\"text-align: justify;\"><a href=\"https:\/\/www.moyenagepassion.com\/wp-content\/uploads\/2018\/11\/legendes-arthuriennes_roi-Arthur_exposition_evenement_monde_medieval_medievalisme_bnf_chateau_pierrefonds_hauts-de-France.jpg\"><img decoding=\"async\" class=\"alignright wp-image-24463\" src=\"https:\/\/www.moyenagepassion.com\/wp-content\/uploads\/2018\/11\/legendes-arthuriennes_roi-Arthur_exposition_evenement_monde_medieval_medievalisme_bnf_chateau_pierrefonds_hauts-de-France.jpg\" alt=\"legendes-arthuriennes_roi-Arthur_exposition_evenement_monde_medieval_medievalisme_bnf_chateau_pierrefonds_hauts-de-France\" width=\"194\" height=\"260\" srcset=\"https:\/\/www.moyenagepassion.com\/wp-content\/uploads\/2018\/11\/legendes-arthuriennes_roi-Arthur_exposition_evenement_monde_medieval_medievalisme_bnf_chateau_pierrefonds_hauts-de-France.jpg 346w, https:\/\/www.moyenagepassion.com\/wp-content\/uploads\/2018\/11\/legendes-arthuriennes_roi-Arthur_exposition_evenement_monde_medieval_medievalisme_bnf_chateau_pierrefonds_hauts-de-France-224x300.jpg 224w\" sizes=\"(max-width: 194px) 100vw, 194px\" \/><\/a>Ouverte depuis le 20 octobre, cette invitation \u00e0 la d\u00e9couverte du&nbsp; monde&nbsp; arthurien est organis\u00e9e par le beau monument historique en partenariat avec la BnF. Nous sommes donc ici face \u00e0 un double gage de s\u00e9rieux et de qualit\u00e9. Souvenons-nous que notre prestigieuse biblioth\u00e8que nationale s&rsquo;enorgueillit d&rsquo;un fond d&rsquo;exception sur le sujet ; elle est en effet d\u00e9tentrice de la plus grande collection mondiale de sources, documents historiques et codex sur le roman arthurien et elle conserve \u00e9galement, en son sein, le fleuron des manuscrits m\u00e9di\u00e9vaux enlumin\u00e9s traitant des&nbsp;hauts faits&nbsp;du noble roi breton et de ses chevaliers.<\/p>\n<h2 style=\"text-align: justify;\">Du moyen-\u00e2ge \u00e0 nos jours,<br \/>\nla l\u00e9gende en images<\/h2>\n<p style=\"text-align: justify;\">Des \u0153uvres&nbsp; de <strong><a href=\"https:\/\/www.moyenagepassion.com\/index.php\/moyen-age\/musique-medieval-historique-fantaisie-celtique\/chretien-de-troyes\/\" target=\"_blank\" rel=\"noopener noreferrer\">Chr\u00e9tien de Troyes<\/a><\/strong> aux plus r\u00e9centes productions sur la l\u00e9gende du Graal, cette belle exposition se propose de vous entra\u00eener, \u00e0 travers des projections d&rsquo;images et d&rsquo;enluminures, dans un voyage qui s&rsquo;\u00e9tale sur une dur\u00e9e de huit si\u00e8cles. On verra ainsi d\u00e9filer les plus c\u00e9l\u00e8bres h\u00e9ros de la qu\u00eate du Graal, en suivant la piste de cette l\u00e9gende ind\u00e9modable qui continue de fasciner et qui ne cesse de se r\u00e9\u00e9crire, encore de nos jours, sous la plume de nos auteurs, sc\u00e9naristes, illustrateurs&nbsp;ou artistes&nbsp;contemporains.<\/p>\n<h3>L&rsquo;ombre de Viollet le Duc<\/h3>\n<p style=\"text-align: justify;\">Au c\u0153ur du patrimoine de Pierrefonds, cette belle exposition fournit encore l&rsquo;occasion de suivre, dans les vastes couloirs du ch\u00e2teau, l&rsquo;ombre d&rsquo;<a href=\"https:\/\/www.moyenagepassion.com\/index.php\/tag\/eugene-viollet-le-duc\/\" target=\"_blank\" rel=\"noopener noreferrer\"><strong>Eug\u00e8ne Viollet le Duc<\/strong><\/a>, qui nous a servi de guide \u00e0 plus d&rsquo;un tour, ici, sur le sujet de l&rsquo;architecture m\u00e9di\u00e9vale.<\/p>\n<p style=\"text-align: justify;\"><a href=\"https:\/\/www.moyenagepassion.com\/wp-content\/uploads\/2018\/11\/legendes_arthuriennes_chevaliers-table-ronde_pierrefonds_chateau_fresque_viollet_le_duc_exposition_bnf_moyen-age.jpg\"><img decoding=\"async\" class=\"alignleft wp-image-24467\" src=\"https:\/\/www.moyenagepassion.com\/wp-content\/uploads\/2018\/11\/legendes_arthuriennes_chevaliers-table-ronde_pierrefonds_chateau_fresque_viollet_le_duc_exposition_bnf_moyen-age.jpg\" alt=\"\" width=\"131\" height=\"284\" srcset=\"https:\/\/www.moyenagepassion.com\/wp-content\/uploads\/2018\/11\/legendes_arthuriennes_chevaliers-table-ronde_pierrefonds_chateau_fresque_viollet_le_duc_exposition_bnf_moyen-age.jpg 161w, https:\/\/www.moyenagepassion.com\/wp-content\/uploads\/2018\/11\/legendes_arthuriennes_chevaliers-table-ronde_pierrefonds_chateau_fresque_viollet_le_duc_exposition_bnf_moyen-age-138x300.jpg 138w\" sizes=\"(max-width: 131px) 100vw, 131px\" \/><\/a>On se souvient que dans la deuxi\u00e8me moiti\u00e9 du XIXe si\u00e8cle et sous <strong>Napol\u00e9on III<\/strong>, le grand ma\u00eetre architecte avait particip\u00e9 activement \u00e0 la r\u00e9novation (on pourrait m\u00eame dire au sauvetage) du prestigieux palais. Anim\u00e9 par la passion qu&rsquo;on lui connaissait pour les \u00e9difices de l&rsquo;\u00e9poque m\u00e9di\u00e9vale, il prit m\u00eame ce vaste projet \u00e0-bras-le-corps, entendant bien montrer, \u00e0 travers cette r\u00e9alisation et pour longtemps, la qualit\u00e9 et les hauteurs des savoir-faire fran\u00e7ais des&nbsp;XIVe et XVe si\u00e8cles en mati\u00e8re civile, militaire et architecturale. Des l\u00e9gendes arthuriennes qui l&rsquo;ont partiellement accompagn\u00e9 et m\u00eame inspir\u00e9 lors de ses grands travaux, il a laiss\u00e9, entre autre t\u00e9moignage, d&rsquo;impressionnantes fresques que le public pourra d\u00e9couvrir&nbsp; dans le cadre de cette exposition <span style=\"color: #808080;\">(<em>voir<\/em>&nbsp;<em>photo ci-dessus chambre de l&rsquo;Imp\u00e9ratrice, ch\u00e2teau de Pierrefonds<\/em>)<\/span>.<\/p>\n<h3 style=\"text-align: justify;\">Du Septi\u00e8me art \u00e0&nbsp;la T\u00e9l\u00e9vision :<br \/>\nl\u00e9gendes, aventures et Camelot \u00e0 Pierrefonds<\/h3>\n<p style=\"text-align: justify;\">Ajoutons que depuis le milieu du XXe si\u00e8cle, ce beau monument historique class\u00e9, aujourd&rsquo;hui propri\u00e9t\u00e9 du <strong>Centre des monuments nationaux<\/strong>&nbsp;a \u00e9t\u00e9, \u00e0 de nombreuses reprises, le th\u00e9\u00e2tre de tournages cin\u00e9matographiques. On n&rsquo;en citera ici que quelques exemples :&nbsp;<em>le Bossu de 59 <\/em>avec Bourvil et Jean Marais, le P<em>eau d&rsquo;\u00e2ne <\/em>de Jacques Demy en 70, avec la belle Catherine Deneuve, dans les ann\u00e9es 80, le c\u00e9l\u00e8bre <em>Papy fait de la R\u00e9sistance<\/em> de Jean-Marie Poir\u00e9, entour\u00e9 de la troupe du Splendid, \u00e0 la fin des ann\u00e9es 90, le <em>Jeanne d&rsquo;Arc<\/em> de Luc Besson et encore, l&rsquo;excellente s\u00e9rie des<em> Rois maudits,<\/em>&nbsp;r\u00e9alis\u00e9e par Jos\u00e9e Dayan, dans les ann\u00e9es 2000.<\/p>\n<p style=\"text-align: justify;\">Plus pr\u00e8s de nous, l&rsquo;\u00e9difice a encore servi de d\u00e9cor \u00e0&nbsp;la s\u00e9rie t\u00e9l\u00e9vis\u00e9e britannique <em>Merlin<\/em>, mais \u00e9galement&nbsp;\u00e0 certaines sc\u00e8nes de la s\u00e9rie&nbsp;<a href=\"https:\/\/www.moyenagepassion.com\/index.php\/tag\/kaamelott\/\" target=\"_blank\" rel=\"noopener noreferrer\">Kaamelott.<\/a>&nbsp;Cette exposition autour du Roi Arthur, devrait donc fournir l&rsquo;occasion aux visiteurs d&rsquo;approcher des aspects plus modernes de la l\u00e9gende, tout en red\u00e9couvrant le patrimoine exceptionnel du&nbsp;&nbsp;ch\u00e2teau de Pierrefonds sous un nouvel angle.<\/p>\n<p><a href=\"http:\/\/www.chateau-pierrefonds.fr\/Actualites\/Le-Roi-Arthur.-Une-legende-en-images\" target=\"_blank\" rel=\"noopener noreferrer\">Plus de d\u00e9tails sur l&rsquo;exposition arthurienne \u00e0 Pierrefonds ici<\/a><\/p>\n<p>Une belle journ\u00e9e \u00e0 tous.<\/p>\n<p>Fred<br \/>\nPour moyenagepassion.com<br \/>\n<em><strong>A la d\u00e9couverte du moyen-\u00e2ge sous toutes ses formes.<\/strong><\/em><\/p>\n","protected":false},"excerpt":{"rendered":"<p>Sujet&nbsp;: Roi Arthur,&nbsp;l\u00e9gendes arthuriennes, roman arthurien, sources historiques, exposition,litt\u00e9rature, cin\u00e9ma, t\u00e9l\u00e9vision, Eug\u00e8ne Viollet le Duc P\u00e9riode&nbsp;: du moyen-\u00e2ge central \u00e0 nos jours Exposition&nbsp;: le Roi Arthur, une l\u00e9gende en Images. Lieu&nbsp;:&nbsp;Ch\u00e2teau de Pierrefonds, Pierrefonds, Oise, Hauts-de-France. Dates : Du 20 octobre 2018 au 22 avril 2019 Bonjour \u00e0 tous, u titre des \u00e9v\u00e9nements autour du &hellip; <a href=\"https:\/\/www.moyenagepassion.com\/index.php\/2018\/11\/17\/exposition-legendes-arthuriennes_bnf_chateau-de-pierrefonds\/\" class=\"more-link\">Continuer la lecture de <span class=\"screen-reader-text\">Une exposition sur les l\u00e9gendes arthuriennes au Ch\u00e2teau de Pierrefonds avec la BnF<\/span>  <span class=\"meta-nav\">&rarr;<\/span><\/a><\/p>\n","protected":false},"author":2,"featured_media":0,"comment_status":"open","ping_status":"open","sticky":false,"template":"","format":"standard","meta":{"_monsterinsights_skip_tracking":false,"_monsterinsights_sitenote_active":false,"_monsterinsights_sitenote_note":"","_monsterinsights_sitenote_category":0,"footnotes":""},"categories":[11,13],"tags":[1775,1852,4172,748,2417,346,182,231,230,18,1536,349,2590],"class_list":["post-24454","post","type-post","status-publish","format-standard","hentry","category-fetes-medievales-evenement","category-lieux-moyen-age-medievaux","tag-bibliotheque-nationale-de-france","tag-bnf","tag-chateau-de-pierrefonds","tag-eugene-viollet-le-duc","tag-exposition","tag-legendes-arthuriennes","tag-monde-medieval","tag-monument-classe","tag-monument-historique","tag-moyen-age","tag-patrimoine","tag-roi-arthur","tag-roman-arthurien"],"aioseo_notices":[],"_links":{"self":[{"href":"https:\/\/www.moyenagepassion.com\/index.php\/wp-json\/wp\/v2\/posts\/24454"}],"collection":[{"href":"https:\/\/www.moyenagepassion.com\/index.php\/wp-json\/wp\/v2\/posts"}],"about":[{"href":"https:\/\/www.moyenagepassion.com\/index.php\/wp-json\/wp\/v2\/types\/post"}],"author":[{"embeddable":true,"href":"https:\/\/www.moyenagepassion.com\/index.php\/wp-json\/wp\/v2\/users\/2"}],"replies":[{"embeddable":true,"href":"https:\/\/www.moyenagepassion.com\/index.php\/wp-json\/wp\/v2\/comments?post=24454"}],"version-history":[{"count":0,"href":"https:\/\/www.moyenagepassion.com\/index.php\/wp-json\/wp\/v2\/posts\/24454\/revisions"}],"wp:attachment":[{"href":"https:\/\/www.moyenagepassion.com\/index.php\/wp-json\/wp\/v2\/media?parent=24454"}],"wp:term":[{"taxonomy":"category","embeddable":true,"href":"https:\/\/www.moyenagepassion.com\/index.php\/wp-json\/wp\/v2\/categories?post=24454"},{"taxonomy":"post_tag","embeddable":true,"href":"https:\/\/www.moyenagepassion.com\/index.php\/wp-json\/wp\/v2\/tags?post=24454"}],"curies":[{"name":"wp","href":"https:\/\/api.w.org\/{rel}","templated":true}]}}