{"id":24671,"date":"2018-12-05T16:50:15","date_gmt":"2018-12-05T15:50:15","guid":{"rendered":"https:\/\/www.moyenagepassion.com\/?p=24671"},"modified":"2018-12-05T16:50:15","modified_gmt":"2018-12-05T15:50:15","slug":"la-fete-medievale-des-bateliers-et-de-saint-nicolas-a-chateauneuf-du-rhone","status":"publish","type":"post","link":"https:\/\/www.moyenagepassion.com\/index.php\/2018\/12\/05\/la-fete-medievale-des-bateliers-et-de-saint-nicolas-a-chateauneuf-du-rhone\/","title":{"rendered":"La f\u00eate m\u00e9di\u00e9vale des bateliers et de Saint-Nicolas, \u00e0 Ch\u00e2teauneuf-du-Rh\u00f4ne"},"content":{"rendered":"<div id=\"moyen-2471914889\" class=\"moyen-before-content moyen-entity-placement\"><script async src=\"\/\/pagead2.googlesyndication.com\/pagead\/js\/adsbygoogle.js?client=ca-pub-3035390706780632\" crossorigin=\"anonymous\"><\/script><ins class=\"adsbygoogle\" style=\"display:block;\" data-ad-client=\"ca-pub-3035390706780632\" \ndata-ad-slot=\"\" \ndata-ad-format=\"auto\"><\/ins>\n<script> \n(adsbygoogle = window.adsbygoogle || []).push({}); \n<\/script>\n<\/div><p><strong><a href=\"https:\/\/www.moyenagepassion.com\/wp-content\/uploads\/2018\/12\/blason_armoirie_medievale_chateauneuf-du-rhone_fetes_medievales.jpg\"><img decoding=\"async\" class=\"alignleft wp-image-24673\" src=\"https:\/\/www.moyenagepassion.com\/wp-content\/uploads\/2018\/12\/blason_armoirie_medievale_chateauneuf-du-rhone_fetes_medievales.jpg\" alt=\"blason_armoirie_medievale_chateauneuf-du-rhone_fetes_medievales\" width=\"148\" height=\"158\" \/><\/a>Sujet<\/strong>\u00a0: f\u00eates m\u00e9di\u00e9vales, march\u00e9 m\u00e9di\u00e9val, animations m\u00e9di\u00e9vales, compagnies m\u00e9di\u00e9vales,\u00a0artisans, \u00e9vocation moyen-\u00e2ge.<br \/>\n<strong>Ev\u00e9nement<\/strong>\u00a0: F\u00eate m\u00e9di\u00e9vale des bateliers et de Saint-Nicolas<br \/>\n<strong>Lieu<\/strong>\u00a0: Ch\u00e2teauneuf-du-Rh\u00f4ne, Dr\u00f4me, Auvergne-Rh\u00f4ne-Alpes<br \/>\n<strong>Date<\/strong>\u00a0: les 8 &amp;\u00a09 d\u00e9cembre 2018<\/p>\n<p>Bonjour \u00e0 tous,<\/p>\n<p style=\"text-align: justify;\"><img decoding=\"async\" class=\"alignleft size-full wp-image-23887\" src=\"https:\/\/www.moyenagepassion.com\/wp-content\/uploads\/2018\/10\/C_lettrine_moyen_age_passion.jpg\" alt=\"C_lettrine_moyen_age_passion\" width=\"84\" height=\"103\" \/>r\u00e9\u00e9e en 2003, \u00e0 quelques exception pr\u00e8s, cette f\u00eate m\u00e9di\u00e9vale s&rsquo;est, jusque ici, c\u00e9l\u00e9br\u00e9e tous les deux ans et il s&rsquo;agira l\u00e0 de sa 8e \u00e9dition. Comme \u00e0 l&rsquo;occasion de ses pr\u00e9c\u00e9dentes programmations, pr\u00e8s de 20 000 visiteurs y sont attendus.<\/p>\n<h2 style=\"text-align: justify;\">Concert, march\u00e9 et animations m\u00e9di\u00e9vales<\/h2>\n<p style=\"text-align: justify;\">Sous l&rsquo;\u00e9gide de Saint Nicolas, saint patron de la cit\u00e9, mais aussi des nombreux bateliers qui sillonnaient, par le pass\u00e9, les berges du Rh\u00f4ne, ces r\u00e9jouissances, \u00e9vocatrices du Moyen-\u00e2ge, proposent diverses animations et parades sc\u00e9naris\u00e9es (ronde des flambeaux, bestiaire, jacquerie, attaque du village, &#8230;). Le th\u00e8me choisi, cette ann\u00e9e, gravitera autour du Bestiaire m\u00e9di\u00e9val.\u00a0En plus des diverses saynettes, d\u00e9monstrations de combats, danses et musiques qui investiront les rues<a href=\"https:\/\/www.moyenagepassion.com\/wp-content\/uploads\/2018\/12\/fete_moyen-age_animations_compagnies_medievales_chateauneuf-de-rhone_Auvergne-Rhone-Alpes.jpg\"><img decoding=\"async\" class=\"alignright wp-image-24674\" src=\"https:\/\/www.moyenagepassion.com\/wp-content\/uploads\/2018\/12\/fete_moyen-age_animations_compagnies_medievales_chateauneuf-de-rhone_Auvergne-Rhone-Alpes.jpg\" alt=\"fete_moyen-age_animations_compagnies_medievales_chateauneuf-de-rhone_Auvergne-Rhone-Alpes\" width=\"211\" height=\"309\" srcset=\"https:\/\/www.moyenagepassion.com\/wp-content\/uploads\/2018\/12\/fete_moyen-age_animations_compagnies_medievales_chateauneuf-de-rhone_Auvergne-Rhone-Alpes.jpg 240w, https:\/\/www.moyenagepassion.com\/wp-content\/uploads\/2018\/12\/fete_moyen-age_animations_compagnies_medievales_chateauneuf-de-rhone_Auvergne-Rhone-Alpes-205x300.jpg 205w\" sizes=\"(max-width: 211px) 100vw, 211px\" \/><\/a>, on trouvera \u00e9galement sur place un march\u00e9 artisanal d&rsquo;inspiration m\u00e9di\u00e9val riche de plus de 60 exposants, ainsi qu&rsquo;un espace d\u00e9di\u00e9 salon du livre, inaugur\u00e9, pour la premi\u00e8re fois, cette ann\u00e9e.<\/p>\n<p style=\"text-align: justify;\">Le samedi en fin d&rsquo;apr\u00e8s-midi et juste avant le grand banquet m\u00e9di\u00e9val, un spectacle son et lumi\u00e8re sera donn\u00e9, suivi d&rsquo;un concert des <a href=\"https:\/\/www.moyenagepassion.com\/index.php\/2015\/12\/15\/musique-folk-medievale-avec-les-compagnons-du-gras-jambon\/\" target=\"_blank\">Compagnons du Gras-Jambon<\/a>. Les agapes et ripailles se prolongeront en nocturne\u00a0 jusqu&rsquo;\u00e0 22 heures.<\/p>\n<h3 style=\"text-align: justify;\">Compagnies m\u00e9di\u00e9vales<\/h3>\n<p style=\"text-align: justify;\">Du point de vue des compagnies\u00a0invit\u00e9es\u00a0pour l&rsquo;occasion, on notera la pr\u00e9sence sur place de la <a href=\"https:\/\/www.facebook.com\/pagemercenairesdutemps\/\" target=\"_blank\"><em>Compagnie des Mercenaires du Temps<\/em><\/a> venue renforcer les d\u00e9fenses de la ville et l&rsquo;ambiance avec la pr\u00e9sence de plus de 60 combattants et personnages, en provenance du moyen-\u00e2ge et particuli\u00e8rement des XIIIe et XIVe si\u00e8cles. Elle sera accompagn\u00e9e par la <span style=\"color: #008000;\"><em>C<a href=\"https:\/\/www.facebook.com\/vaguabondes\/\" target=\"_blank\">ompagnie les Vaguabondes<\/a><\/em><\/span> qui aura, de son c\u00f4t\u00e9, en charge la partie plus orient\u00e9e \u00ab\u00a0Bestiaire\u00a0\u00bb de la programmation.<\/p>\n<p style=\"text-align: justify;\"><strong>Liste non exhaustive des troupes pr\u00e9sentes sur place.<\/strong><\/p>\n<p style=\"text-align: justify;\"><span style=\"color: #008000;\"><em>Compagnie des Mercenaires du Temps &#8211; Les Compagnons du gras jambon Compagnie les vaguabondes &#8211;<\/em><\/span><\/p>\n<p style=\"text-align: justify;\"><a href=\"https:\/\/www.moyenagepassion.com\/wp-content\/uploads\/2018\/12\/animations_compagnies_medievales_reconstitution_historique_mercenaires-du-temps.jpg\"><img decoding=\"async\" class=\"alignnone size-full wp-image-24675\" src=\"https:\/\/www.moyenagepassion.com\/wp-content\/uploads\/2018\/12\/animations_compagnies_medievales_reconstitution_historique_mercenaires-du-temps.jpg\" alt=\"animations_compagnies_medievales_reconstitution_historique_mercenaires-du-temps\" width=\"480\" height=\"284\" srcset=\"https:\/\/www.moyenagepassion.com\/wp-content\/uploads\/2018\/12\/animations_compagnies_medievales_reconstitution_historique_mercenaires-du-temps.jpg 480w, https:\/\/www.moyenagepassion.com\/wp-content\/uploads\/2018\/12\/animations_compagnies_medievales_reconstitution_historique_mercenaires-du-temps-300x178.jpg 300w\" sizes=\"(max-width: 480px) 100vw, 480px\" \/><\/a><\/p>\n<p style=\"text-align: justify;\"><a href=\"https:\/\/www.facebook.com\/events\/f%C3%AAte-m%C3%A9di%C3%A9vale-des-bateliers-et-de-saint-nicolas-2018\/437426463362488\/\" target=\"_blank\">Voir page Facebook de l&rsquo;\u00e9v\u00e9nement<\/a>\u00a0&#8211; <a href=\"https:\/\/www.moyenagepassion.com\/wp-content\/uploads\/2018\/12\/programme_fete_medievale_chateauneuf-du-rhone_drome_evocation_Moyen-age.pdf\" target=\"_blank\">Voir programme d\u00e9taill\u00e9 (pdf)<\/a><\/p>\n<p style=\"text-align: justify;\">En vous souhaitant une belle journ\u00e9e.<\/p>\n<p>Fred<br \/>\nPour moyenagepassion.com<br \/>\n<em><strong>A la d\u00e9couverte du monde m\u00e9di\u00e9val sous toutes ses formes.<\/strong><\/em><\/p>\n","protected":false},"excerpt":{"rendered":"<p>Sujet\u00a0: f\u00eates m\u00e9di\u00e9vales, march\u00e9 m\u00e9di\u00e9val, animations m\u00e9di\u00e9vales, compagnies m\u00e9di\u00e9vales,\u00a0artisans, \u00e9vocation moyen-\u00e2ge. Ev\u00e9nement\u00a0: F\u00eate m\u00e9di\u00e9vale des bateliers et de Saint-Nicolas Lieu\u00a0: Ch\u00e2teauneuf-du-Rh\u00f4ne, Dr\u00f4me, Auvergne-Rh\u00f4ne-Alpes Date\u00a0: les 8 &amp;\u00a09 d\u00e9cembre 2018 Bonjour \u00e0 tous, r\u00e9\u00e9e en 2003, \u00e0 quelques exception pr\u00e8s, cette f\u00eate m\u00e9di\u00e9vale s&rsquo;est, jusque ici, c\u00e9l\u00e9br\u00e9e tous les deux ans et il s&rsquo;agira l\u00e0 de &hellip; <a href=\"https:\/\/www.moyenagepassion.com\/index.php\/2018\/12\/05\/la-fete-medievale-des-bateliers-et-de-saint-nicolas-a-chateauneuf-du-rhone\/\" class=\"more-link\">Continuer la lecture de <span class=\"screen-reader-text\">La f\u00eate m\u00e9di\u00e9vale des bateliers et de Saint-Nicolas, \u00e0 Ch\u00e2teauneuf-du-Rh\u00f4ne<\/span>  <span class=\"meta-nav\">&rarr;<\/span><\/a><\/p>\n","protected":false},"author":2,"featured_media":0,"comment_status":"open","ping_status":"open","sticky":false,"template":"","format":"standard","meta":{"_monsterinsights_skip_tracking":false,"_monsterinsights_sitenote_active":false,"_monsterinsights_sitenote_note":"","_monsterinsights_sitenote_category":0,"footnotes":""},"categories":[11],"tags":[2529,2521,3794,4203,212,114,4185,636,22],"class_list":["post-24671","post","type-post","status-publish","format-standard","hentry","category-fetes-medievales-evenement","tag-animations-medievales","tag-artisans","tag-auvergne-rhone-alpes","tag-chateauneuf-du-rhone","tag-compagnies-medievales","tag-drome","tag-evocation-moyen-age","tag-marche-medieval","tag-medievale"],"aioseo_notices":[],"_links":{"self":[{"href":"https:\/\/www.moyenagepassion.com\/index.php\/wp-json\/wp\/v2\/posts\/24671"}],"collection":[{"href":"https:\/\/www.moyenagepassion.com\/index.php\/wp-json\/wp\/v2\/posts"}],"about":[{"href":"https:\/\/www.moyenagepassion.com\/index.php\/wp-json\/wp\/v2\/types\/post"}],"author":[{"embeddable":true,"href":"https:\/\/www.moyenagepassion.com\/index.php\/wp-json\/wp\/v2\/users\/2"}],"replies":[{"embeddable":true,"href":"https:\/\/www.moyenagepassion.com\/index.php\/wp-json\/wp\/v2\/comments?post=24671"}],"version-history":[{"count":0,"href":"https:\/\/www.moyenagepassion.com\/index.php\/wp-json\/wp\/v2\/posts\/24671\/revisions"}],"wp:attachment":[{"href":"https:\/\/www.moyenagepassion.com\/index.php\/wp-json\/wp\/v2\/media?parent=24671"}],"wp:term":[{"taxonomy":"category","embeddable":true,"href":"https:\/\/www.moyenagepassion.com\/index.php\/wp-json\/wp\/v2\/categories?post=24671"},{"taxonomy":"post_tag","embeddable":true,"href":"https:\/\/www.moyenagepassion.com\/index.php\/wp-json\/wp\/v2\/tags?post=24671"}],"curies":[{"name":"wp","href":"https:\/\/api.w.org\/{rel}","templated":true}]}}