{"id":24679,"date":"2018-12-07T17:38:03","date_gmt":"2018-12-07T16:38:03","guid":{"rendered":"https:\/\/www.moyenagepassion.com\/?p=24679"},"modified":"2020-10-04T23:22:45","modified_gmt":"2020-10-04T22:22:45","slug":"peire-vidal-itineraire-dun-troubadour-voyageur-du-moyen-age-central","status":"publish","type":"post","link":"https:\/\/www.moyenagepassion.com\/index.php\/2018\/12\/07\/peire-vidal-itineraire-dun-troubadour-voyageur-du-moyen-age-central\/","title":{"rendered":"Peire Vidal : itin\u00e9raire d&rsquo;un troubadour voyageur du moyen-\u00e2ge central"},"content":{"rendered":"<div id=\"moyen-2295194903\" class=\"moyen-before-content moyen-entity-placement\"><script async src=\"\/\/pagead2.googlesyndication.com\/pagead\/js\/adsbygoogle.js?client=ca-pub-3035390706780632\" crossorigin=\"anonymous\"><\/script><ins class=\"adsbygoogle\" style=\"display:block;\" data-ad-client=\"ca-pub-3035390706780632\" \ndata-ad-slot=\"\" \ndata-ad-format=\"auto\"><\/ins>\n<script> \n(adsbygoogle = window.adsbygoogle || []).push({}); \n<\/script>\n<\/div><p><strong><a href=\"https:\/\/www.moyenagepassion.com\/wp-content\/uploads\/2018\/12\/peire_vidal_troubadour_moyen-age_occitan_poesie_chanson_musique_medievale.jpg\"><img decoding=\"async\" class=\"alignleft wp-image-24685\" src=\"https:\/\/www.moyenagepassion.com\/wp-content\/uploads\/2018\/12\/peire_vidal_troubadour_moyen-age_occitan_poesie_chanson_musique_medievale.jpg\" alt=\"peire_vidal_troubadour_moyen-age_occitan_poesie_chanson_musique_medievale\" width=\"104\" height=\"147\"><\/a>Sujet<\/strong>&nbsp;: musique, po\u00e9sie, chanson m\u00e9di\u00e9vale, troubadours, occitan, langue occitane, amour courtois, fine amor, langue d\u2019oc, po\u00e9sie satirique,&nbsp; biographie, oeuvres. manuscrits anciens, servantois, sirvant\u00e8s.<br \/>\n<strong>P\u00e9riode<\/strong>&nbsp;: moyen-\u00e2ge central, XIIe, XIIIe si\u00e8cle<br \/>\n<strong>Auteur<\/strong>&nbsp;: Peire Vidal (? 1150- ?1210)<br \/>\nBonjour \u00e0 tous,<\/p>\n<p style=\"text-align: justify;\"><img decoding=\"async\" class=\"alignleft size-full wp-image-23898\" src=\"https:\/\/www.moyenagepassion.com\/wp-content\/uploads\/2018\/10\/N_lettrine_moyen_age_passion.jpg\" alt=\"N_lettrine_moyen_age_passion\" width=\"84\" height=\"103\">ous continuons aujourd&rsquo;hui d&rsquo;explorer le moyen-\u00e2ge des troubadours avec l&rsquo;un d&rsquo;entre eux qui fut particuli\u00e8rement remuant et voyage beaucoup : <strong>Peire Vidal&nbsp;<\/strong>(ou Pierre).&nbsp; Outre ses aventures dans les cours des puissants, ce po\u00e8te et chanteur m\u00e9di\u00e9val, grandiloquent et plein de fantaisie est \u00e9galement rest\u00e9 c\u00e9l\u00e8bre pour avoir laiss\u00e9 une oeuvre particuli\u00e8rement abondante. Son activit\u00e9 artistique commence autour de 1180. Nous sommes entre la fin du XIIe si\u00e8cle et le d\u00e9but du XIIIe, et il s&rsquo;inscrit donc dans la deuxi\u00e8me, voir la troisi\u00e8me g\u00e9n\u00e9ration de troubadours, h\u00e9riti\u00e8re de la po\u00e9sie d&rsquo;Oc et de ses codes.<\/p>\n<h2 style=\"text-align: justify;\">El\u00e9ments de Biographie<\/h2>\n<p style=\"text-align: justify;\"><a href=\"https:\/\/www.moyenagepassion.com\/wp-content\/uploads\/2018\/12\/peire_vidal_troubadours_manuscrit_ancien_enluminure_vidas_chanson_poesie_medievale_ms-fr-854_moyen-age.jpg\" target=\"_blank\" rel=\"noopener noreferrer\"><img decoding=\"async\" class=\"alignright wp-image-24695\" src=\"https:\/\/www.moyenagepassion.com\/wp-content\/uploads\/2018\/12\/peire_vidal_troubadours_manuscrit_ancien_enluminure_vidas_chanson_poesie_medievale_ms-fr-854_moyen-age_s.jpg\" alt=\"peire_vidal_troubadours_manuscrit_ancien_enluminure_vidas_chanson_poesie_medievale_ms-fr-854_moyen-age_s\" width=\"216\" height=\"341\" srcset=\"https:\/\/www.moyenagepassion.com\/wp-content\/uploads\/2018\/12\/peire_vidal_troubadours_manuscrit_ancien_enluminure_vidas_chanson_poesie_medievale_ms-fr-854_moyen-age_s.jpg 260w, https:\/\/www.moyenagepassion.com\/wp-content\/uploads\/2018\/12\/peire_vidal_troubadours_manuscrit_ancien_enluminure_vidas_chanson_poesie_medievale_ms-fr-854_moyen-age_s-190x300.jpg 190w\" sizes=\"(max-width: 216px) 100vw, 216px\" \/><\/a>M\u00eame si l&rsquo;on retrouve un certain nombre de documents rattach\u00e9s au comt\u00e9 de Toulouse qui mentionne un certain Petrus Vitalis (voir&nbsp;<a href=\"https:\/\/www.persee.fr\/doc\/roma_0035-8029_1923_num_49_193_4526\" target=\"_blank\" rel=\"noopener noreferrer\"><em>A propos de Peire Vidal<\/em>, Joseph&nbsp; Anglade, Romania 193 , 1923<\/a>)&nbsp;&nbsp;et qui pourrait se r\u00e9f\u00e9rer, sans qu&rsquo;on en soit certain, \u00e0 notre troubadour du jour, comme de nombreux autres po\u00e8tes et compositeurs occitans de cette p\u00e9riode, les informations que nous poss\u00e9dons sur lui proviennent des vidas ou encore de ce que l&rsquo;on peut d\u00e9duire entre les lignes de ses po\u00e9sies.<\/p>\n<p style=\"text-align: justify;\">Concernant les Vidas des troubadours, rappelons, une fois de plus, que ces r\u00e9cits \u00ab\u00a0biographiques\u00a0\u00bb sont largement post\u00e9rieurs \u00e0 la vie des int\u00e9ress\u00e9s. Si on les a quelquefois pris un peu trop au pied de la lettre, du point de vue des romanistes et m\u00e9di\u00e9vistes contemporains, on s&rsquo;entend g\u00e9n\u00e9ralement bien sur le fait qu&rsquo;ils sont plus \u00e0 mettre au compte d&rsquo;une litt\u00e9rature proven\u00e7ale romanc\u00e9e, qu&rsquo;\u00e0 prendre comme des chroniques pr\u00e9cises et factuelles. De fait, ces vidas sont elles-m\u00eames largement bas\u00e9es sur l&rsquo;extrapolation des faits, \u00e0 partir des vers des po\u00e8tes dont elles traitent.&nbsp;Avec toutes les r\u00e9serves que tout cela impose et consid\u00e9rant tout de m\u00eame qu&rsquo;on peut pr\u00eater un peu de foi aux dires de <strong>Peire Vidal<\/strong>, voici donc quelques \u00e9l\u00e9ments de biographie le concernant, entre faits (\u00e0 ce jour, inv\u00e9rifiables) et possibles inexactitudes.<\/p>\n<hr>\n<p style=\"text-align: center;\"><span style=\"color: #008000;\"><strong><em>\u00ab\u00a0Drogoman senher, s&rsquo;agues bon destrier,<\/em><\/strong><\/span><br \/>\n<span style=\"color: #008000;\"><strong><em>En fol plag foran intrat mei guerrier :<\/em><\/strong><\/span><br \/>\n<span style=\"color: #008000;\"><strong><em>C&rsquo;aqui mezeis cant hom lor me mentau<\/em><\/strong><\/span><br \/>\n<span style=\"color: #008000;\"><strong><em>Mi temon plus que caillas esparvier,<\/em><\/strong><\/span><br \/>\n<span style=\"color: #008000;\"><strong><em>E non preson lor vida un denier,<\/em><\/strong><\/span><br \/>\n<span style=\"color: #008000;\"><strong><em>Tan mi sabon fer e salvatg&rsquo;ebrau.\u00a0\u00bb<\/em><\/strong><\/span><\/p>\n<p style=\"text-align: center;\"><span style=\"color: #808080;\"><em>Seigneur Drogoman, si j&rsquo;avais un bon destrier, <\/em><\/span><br \/>\n<span style=\"color: #808080;\"> <em>Mes ennemis se trouveraient en mauvaise passe ; <\/em><\/span><br \/>\n<span style=\"color: #808080;\"> <em>Car \u00e0 peine ont-ils&nbsp;entendu mon nom, <\/em><\/span><br \/>\n<span style=\"color: #808080;\"> <em>Qu&rsquo;ils me craignent plus que les cailles l&rsquo;\u00e9pervier,<\/em><\/span><br \/>\n<span style=\"color: #808080;\"> <em>Et ils n&rsquo;estiment pas leur vie un denier, <\/em><\/span><br \/>\n<span style=\"color: #808080;\"> <em>Tant ils me savent fier, sauvage et f\u00e9roce !<\/em><\/span><\/p>\n<p style=\"text-align: center;\"><em>Les Po\u00e9sies Peire Vidal&nbsp;<\/em>&nbsp;<strong>Joseph Anglade<\/strong>&nbsp;(1913).<\/p>\n<hr>\n<h3>Entre les lignes de Peire Vidal et des vidas<\/h3>\n<p style=\"text-align: justify;\"><a href=\"https:\/\/www.moyenagepassion.com\/wp-content\/uploads\/2018\/12\/peire_vidal_troubadour_poesie-medievale_manuscrit_francais_ms-854_chansons_moyen-age.jpg\" target=\"_blank\" rel=\"noopener noreferrer\"><img decoding=\"async\" class=\"alignleft wp-image-24697 \" src=\"https:\/\/www.moyenagepassion.com\/wp-content\/uploads\/2018\/12\/peire_vidal_troubadour_poesie-medievale_manuscrit_francais_ms-854_chansons_moyen-age_s.jpg\" alt=\"peire_vidal_troubadour_poesie-medievale_manuscrit_francais_ms-854_chansons_moyen-age_s\" width=\"155\" height=\"304\" srcset=\"https:\/\/www.moyenagepassion.com\/wp-content\/uploads\/2018\/12\/peire_vidal_troubadour_poesie-medievale_manuscrit_francais_ms-854_chansons_moyen-age_s.jpg 200w, https:\/\/www.moyenagepassion.com\/wp-content\/uploads\/2018\/12\/peire_vidal_troubadour_poesie-medievale_manuscrit_francais_ms-854_chansons_moyen-age_s-153x300.jpg 153w\" sizes=\"(max-width: 155px) 100vw, 155px\" \/><\/a>Originaire de Toulouse, <strong>Peire Vidal&nbsp; <\/strong>\u00e9tait fils d&rsquo;un marchand de fourrure <span style=\"color: #008000;\"><em>\u00ab\u00a0fils fo d&rsquo;un pelissier.\u00a0\u00bb<\/em><\/span>. Sous la protection de <strong>Raymond V<\/strong>&nbsp;et \u0153uvrant \u00e0 la cour de ce dernier, on le retrouve ensuite \u00e0 Marseille, aupr\u00e8s du vicomte <strong>Barral de Baux<\/strong>, suite \u00e0 quoi il voyage vers l&rsquo;Espagne pour rejoindre la cour de <strong>Alphonse II d&rsquo;Aragon. <\/strong>Apr\u00e8s un nouveau passage par la France proven\u00e7ale, il sera en partance pour l&rsquo;Italie et l&rsquo;Orient. Du c\u00f4t\u00e9 de Chypre, il aurait pris en \u00e9pousailles une Grecque pour revenir ensuite \u00e0 la cour de Marseille.<\/p>\n<p style=\"text-align: justify;\">Son itin\u00e9raire voyageur et sa fr\u00e9quentation des cours d&rsquo;Europe ne s&rsquo;arr\u00eatent pas l\u00e0 puisqu&rsquo;on le retrouve encore dans le Pi\u00e9mont, \u00e0 la cour de <strong>Boniface de Montferrat<\/strong>, puis \u00e0 celle d&rsquo;<strong>Aimeric de Hongrie<\/strong>, en Espagne, aupr\u00e8s d&rsquo;<strong>Alphonse&nbsp;<\/strong><strong>VIII de Castille<\/strong>, et m\u00eame \u00e0 Malte. Entre ses nombreux protecteurs (successifs ou occasionnels), on dit qu&rsquo;il a aussi compt\u00e9 le <strong>roi Richard Coeur de Lion,<\/strong> dont il prit m\u00eame la d\u00e9fense contre <strong>Philippe-Auguste<\/strong>.&nbsp;Pour finir, il est possible que dans toutes ses p\u00e9r\u00e9grinations \u00e0 donner le vertige \u00e0 plus d&rsquo;un troubadour de son temps, il ait particip\u00e9 \u00e0 la quatri\u00e8me Croisade, mais rien ne permet de l&rsquo;attester.<\/p>\n<p style=\"text-align: justify;\">Pour n&rsquo;\u00eatre pas lui-m\u00eame issu de la grande noblesse, la qualit\u00e9 de son art lui a, en tout cas, ind\u00e9niablement ouvert les portes de la cour d&rsquo;un certain nombre de Grands de l&rsquo;Europe m\u00e9di\u00e9vale et il semble m\u00eame qu&rsquo;il fit office de conseiller (occasionnel l\u00e0 encore et avec r\u00e9serve), aupr\u00e8s de certains d&rsquo;entre eux.<\/p>\n<h3 style=\"text-align: justify;\">D\u00e9m\u00eal\u00e9s politiques, exc\u00e8s de \u00ab\u00a0courtoisie\u00a0\u00bb<br \/>\nou \u00e2me vagabonde&nbsp;?<\/h3>\n<p style=\"text-align: justify;\">Inconstance, go\u00fbt insatiable pour les voyages, courtoisie un peu trop enflamm\u00e9e et douloureuse d\u00e9ception amoureuse, est-il pouss\u00e9 au dehors des cours ou en part-il de lui-m\u00eame? Peut-\u00eatre, y a-t-il un peu de tout cela. M\u00eame s&rsquo;il reste ind\u00e9niablement attach\u00e9 par le coeur \u00e0 sa Provence natale, il confesse lui-m\u00eame que s\u00e9journer longtemps en un m\u00eame lieu ne lui sied pas.<\/p>\n<p style=\"text-align: center;\"><strong><span style=\"color: #008000;\"><em>\u00ab\u00a0So es En Peire Vidais,&nbsp;<\/em><\/span><\/strong><br \/>\n<strong><span style=\"color: #008000;\"><em>Cel qui mante domnei e drudaria<\/em><\/span><\/strong><br \/>\n<strong><span style=\"color: #008000;\"><em>E fa que pros per amor de s&rsquo;amia,<\/em><\/span><\/strong><br \/>\n<strong><span style=\"color: #008000;\"><em>Et ama mais batalhas e torneis<\/em><\/span><\/strong><br \/>\n<strong><span style=\"color: #008000;\"><em>Que monges patz, e sembla &#8211; I malaveis&nbsp;, <\/em><\/span><\/strong><br \/>\n<strong><span style=\"color: #008000;\"><em>Trop sojornar et estar en un loc.&nbsp;\u00ab\u00a0<\/em><\/span><\/strong><\/p>\n<p style=\"text-align: center;\"><em><span style=\"color: #808080;\">\u00a0\u00bb&nbsp;Voil\u00e0 Messire Peire&nbsp;Vidal, <\/span><\/em><br \/>\n<em><span style=\"color: #808080;\">Celui qui maintient courtoisie et galanterie, <\/span><\/em><br \/>\n<em><span style=\"color: #808080;\">Qui agit en vaillant&nbsp;homme pour l&rsquo;amour de sa mie, <\/span><\/em><br \/>\n<em><span style=\"color: #808080;\">Qui aime mieux batailles et tournois<\/span><\/em><br \/>\n<em><span style=\"color: #808080;\">Qu&rsquo;un moine n&rsquo;aime la paix et pour qui c&rsquo;est une maladie<\/span><\/em><br \/>\n<em><span style=\"color: #808080;\">de s\u00e9journer et de rester dans le m\u00eame lieu.\u00a0\u00bb<\/span><\/em><\/p>\n<p style=\"text-align: center;\">Les Po\u00e9sies Peire Vidal&nbsp; <strong>Joseph Anglade<\/strong> (1913).<\/p>\n<p style=\"text-align: justify;\">Quand on fr\u00e9quente les cours m\u00e9di\u00e9vales sauf \u00e0 \u00eatre totalement ing\u00e9nu, se m\u00ealer de trop pr\u00e8s de politique impose forc\u00e9ment que l&rsquo;on soit pr\u00eat&nbsp;\u00e0 subir les revirements des puissants. Peut-\u00eatre cette dimension est-elle aussi pr\u00e9sente puisque&nbsp;<strong>Peire <span style=\"color: #000000;\">Vidal<\/span><\/strong><span style=\"color: #ff0000;\"><span style=\"color: #000000;\"> ne s&rsquo;est pas toujours content\u00e9 de critiquer uniquement les ennemis de ses protecteurs et de brosser ses derniers dans le sens du poil. Quoiqu&rsquo;il en soit, il semble bien qu&rsquo;il se soit fait&nbsp;<\/span><a style=\"color: #ff0000;\" href=\"https:\/\/www.moyenagepassion.com\/wp-content\/uploads\/2018\/12\/peire_vidal_pierre_vidal_troubadour_manuscrits_biographie_ms_12473.jpg\" target=\"_blank\" rel=\"noopener noreferrer\"><img decoding=\"async\" class=\"alignright wp-image-24683\" src=\"https:\/\/www.moyenagepassion.com\/wp-content\/uploads\/2018\/12\/peire_vidal_pierre_vidal_troubadour_manuscrits_biographie_ms_12473_small.jpg\" alt=\"peire_vidal_pierre_vidal_troubadour_manuscrits_biographie_ms_12473_small\" width=\"182\" height=\"321\" srcset=\"https:\/\/www.moyenagepassion.com\/wp-content\/uploads\/2018\/12\/peire_vidal_pierre_vidal_troubadour_manuscrits_biographie_ms_12473_small.jpg 200w, https:\/\/www.moyenagepassion.com\/wp-content\/uploads\/2018\/12\/peire_vidal_pierre_vidal_troubadour_manuscrits_biographie_ms_12473_small-170x300.jpg 170w\" sizes=\"(max-width: 182px) 100vw, 182px\" \/><\/a><\/span>bannir et chasser de certaines cours (<em>Le troubadour Peire Vidal : sa vie et son oeuvre<\/em> &#8211;<strong> Ernest Hoepffner<\/strong>, 1961).<\/p>\n<p style=\"text-align: justify;\">Dans le courant du XXe si\u00e8cle, sa fantaisie, son ironie et son style critique conduiront le romaniste et philologue <strong>Alfred Jeanroy<\/strong> \u00e0&nbsp; comparer notre po\u00e8te m\u00e9di\u00e9val \u00e0 un <a href=\"https:\/\/www.moyenagepassion.com\/index.php\/moyen-age\/musique-medieval-historique-fantaisie-celtique\/clement-marot\/\" target=\"_blank\" rel=\"noopener noreferrer\">Cl\u00e9ment Marot<\/a> avant la lettre (<em>La Po\u00e9sie lyrique des troubadours<\/em>, T2, 1934).&nbsp;Au del\u00e0 du style, et en se gardant bien de c\u00e9der aux rapprochements faciles, il&nbsp;reste amusant de noter qu&rsquo;\u00e0 plus de trois si\u00e8cles de distance, les deux po\u00e8tes ont voyag\u00e9 de cour en cour,&nbsp;peut-\u00eatre, sous l&rsquo;impulsion&nbsp;de n\u00e9cessit\u00e9s semblables et, \u00e0 tout le moins, pour avoir perdu le soutien de leur protecteur. L&rsquo;un comme l&rsquo;autre ne seront pas, du reste, les seuls po\u00e8tes du moyen-\u00e2ge pouss\u00e9s au dehors des cours, du fait de leur propre \u00ab\u00a0impertinence\u00a0\u00bb&nbsp;ou de leur go\u00fbt de la prise de risque&nbsp;mais&nbsp;comme <strong>Peire Vidal<\/strong> semble tout de m\u00eame avoir eu l&rsquo;\u00e2me plus aventuri\u00e8re et voyageuse que Marot, la comparaison s&rsquo;arr\u00eate l\u00e0. Cet article ne nous fournit, de toute fa\u00e7on, pas les moyens d&rsquo;une \u00e9tude comparative (d\u00e9licate et peut-\u00eatre m\u00eame hasardeuse) sur une possible parent\u00e9 de fond qui toucherait certaines formes communes \u00e0 une \u00ab\u00a0po\u00e9sie de l&rsquo;exil\u00a0\u00bb chez nos deux po\u00e8tes.<\/p>\n<p style=\"text-align: justify;\">Ajoutons que si l&rsquo;on per\u00e7oit chez le troubadour de Toulouse une forme d&rsquo;arrachement (il s&rsquo;est sacrifi\u00e9 pour une dame qui ne l&rsquo;a pas r\u00e9compens\u00e9 de son amour, il lui fallait partir, etc&#8230;) il ne boude pas non plus son plaisir de voyager et de se trouver en terres lointaines et loue volontiers les seigneurs qui l&rsquo;accueillent.<\/p>\n<p style=\"text-align: center;\"><span style=\"color: #008000;\"><strong><em>\u00ab\u00a0Mout es bona terr&rsquo; Espanha,<\/em><\/strong><\/span><br \/>\n<span style=\"color: #008000;\"><strong><em>E&rsquo;1 rei qui senhor en so&rsquo;<\/em><\/strong><\/span><br \/>\n<span style=\"color: #008000;\"><strong><em>Dous e car e franc e bo<\/em><\/strong><\/span><br \/>\n<span style=\"color: #008000;\"><strong><em>E de corteza companha ;<\/em><\/strong><\/span><br \/>\n<span style=\"color: #008000;\"><strong><em>E s&rsquo;i a d&rsquo;autres baros,<\/em><\/strong><\/span><br \/>\n<span style=\"color: #008000;\"><strong><em>Mout avinens e mout pros,<\/em><\/strong><\/span><br \/>\n<span style=\"color: #008000;\"><strong><em>De sen e de conoissensa<\/em><\/strong><\/span><br \/>\n<span style=\"color: #008000;\"><strong><em>E de faitz e de parvensa.\u00a0\u00bb<\/em><\/strong><\/span><\/p>\n<p style=\"text-align: center;\"><span style=\"color: #808080;\"><em>L&rsquo;Espagne est une bonne terre<\/em><\/span><br \/>\n<span style=\"color: #808080;\"><em>Et les rois qui y r\u00e8gnent en sont<\/em><\/span><br \/>\n<span style=\"color: #808080;\"><em>Polis et aimables, sinc\u00e8res et bons <\/em><\/span><br \/>\n<span style=\"color: #808080;\"><em>Et de courtoise compagnie; <\/em><\/span><br \/>\n<span style=\"color: #808080;\"><em>Et on y trouve d&rsquo;autres barons, <\/em><\/span><br \/>\n<span style=\"color: #808080;\"><em>Tr\u00e8s accueillants et tr\u00e8s preux,<\/em><\/span><br \/>\n<span style=\"color: #808080;\"><em>Hommes de sens et de savoir, <\/em><\/span><br \/>\n<em><span style=\"color: #808080;\">En apparence et en faits.<\/span><br \/>\n<\/em><\/p>\n<p style=\"text-align: center;\"><em>Les Po\u00e9sies Peire Vidal<\/em>&nbsp;&nbsp;<strong>Joseph Anglade<\/strong>&nbsp;(1913).<\/p>\n<h2>Oeuvre, legs et manuscrits<\/h2>\n<p style=\"text-align: justify;\">Entre po\u00e9sie courtoise et satirique, l&rsquo;oeuvre de <strong>Peire Vidal<\/strong> s&rsquo;inscrit dans la double tradition lyrique et satyrique de ses contemporains. Quand il se lance dans son art, les codes de la courtoisie et de la fine amor sont d\u00e9j\u00e0 bien \u00e9tablis pour ne pas dire d\u00e9j\u00e0 un peu cristallis\u00e9s voire \u00ab\u00a0repass\u00e9s\u00a0\u00bb,&nbsp;mais on lui pr\u00eate d&rsquo;avoir su leur insuffler un esprit qu&rsquo;on pourrait qualifier de rafra\u00eechissant. Outre ses qualit\u00e9s de style, son originalit\u00e9 r\u00e9side dans un sens de la caricature et une forme d&rsquo;ironie et d&rsquo;auto-d\u00e9rision qui le d\u00e9marquent de ses homologues troubadours. Il se pr\u00eate \u00e9galement (et on l&rsquo;en cr\u00e9dite volontiers), un grain de folie qui s&rsquo;\u00e9panche dans la grandiloquence et&nbsp;dans l&rsquo;exag\u00e9ration et&nbsp;participe de cet humour, m\u00eame si avec le recul du temps les nuances peuvent s&rsquo;av\u00e9rer quelquefois difficiles \u00e0 percevoir.<\/p>\n<h3 style=\"text-align: justify;\">Sources historiques<\/h3>\n<p style=\"text-align: justify;\"><a href=\"https:\/\/www.moyenagepassion.com\/wp-content\/uploads\/2018\/12\/peire_vidal_troubadours_manuscrit_ancien_enluminure_vidas_chanson_poesie_medievale_ms-fr-854_moyen-age.jpg\" target=\"_blank\" rel=\"noopener noreferrer\"><img decoding=\"async\" class=\"alignleft wp-image-24684\" title=\"https:\/\/www.moyenagepassion.com\/wp-content\/uploads\/2018\/12\/Peire_vidal_troubadour_poesie_chanson_medievale_manuscrit-ancien_MS-12473_moyen-age_central.jpg\" src=\"https:\/\/www.moyenagepassion.com\/wp-content\/uploads\/2018\/12\/Peire_vidal_troubadour_poesie_chanson_medievale_manuscrit-ancien_MS-12473_moyen-age_central_s.jpg\" alt=\"Peire_vidal_troubadour_poesie_chanson_medievale_manuscrit-ancien_MS-12473_moyen-age_central_s\" width=\"238\" height=\"375\" srcset=\"https:\/\/www.moyenagepassion.com\/wp-content\/uploads\/2018\/12\/Peire_vidal_troubadour_poesie_chanson_medievale_manuscrit-ancien_MS-12473_moyen-age_central_s.jpg 260w, https:\/\/www.moyenagepassion.com\/wp-content\/uploads\/2018\/12\/Peire_vidal_troubadour_poesie_chanson_medievale_manuscrit-ancien_MS-12473_moyen-age_central_s-190x300.jpg 190w\" sizes=\"(max-width: 238px) 100vw, 238px\" \/><\/a>Sur la foi des manuscrits, plus de&nbsp;soixante&nbsp;pi\u00e8ces lui ont \u00e9t\u00e9 d&rsquo;abord attribu\u00e9es mais, comme souvent, ce nombre a \u00e9t\u00e9 revu, pour se trouver r\u00e9duit par les \u00e9rudits qui s&rsquo;y sont pench\u00e9s. Apr\u00e8s diverses \u00e9tudes,&nbsp;son legs po\u00e9tique a ainsi \u00e9t\u00e9 ramen\u00e9 \u00e0 un peu moins d&rsquo;une cinquantaine de pi\u00e8ces, ce qui en fait, quoiqu&rsquo;il en soit, une oeuvre&nbsp; prolifique, au vue de l&rsquo;\u00e9poque et des donn\u00e9es comparatives en pr\u00e9sence.<\/p>\n<p style=\"text-align: justify;\">Du point de vue des sources, on peut retrouver ses compositions, chansons&nbsp;ou po\u00e9sies dispers\u00e9es dans de nombreux manuscrits. On citera ici ceux qui ont servi de base aux illustrations de cet article.&nbsp; Il s&rsquo;agit du <a href=\"https:\/\/www.moyenagepassion.com\/index.php\/tag\/ms-12473\/\" target=\"_blank\" rel=\"noopener noreferrer\">ms 12473 (Fran\u00e7ais 12473), dit chansonnier proven\u00e7al ou chansonnier K<\/a>&nbsp;et du <strong>ms 854<\/strong> (Fran\u00e7ais 854) tous deux copi\u00e9s en Italie et dat\u00e9s du XIIIe si\u00e8cle. Ils contiennent, chacun, un nombre important de pi\u00e8ces du troubadour m\u00e9di\u00e9val. Vous pouvez&nbsp; consulter ces deux manuscrits anciens sur le site Gallica de la BnF aux liens suivants<a href=\"https:\/\/gallica.bnf.fr\/ark:\/12148\/btv1b60007960\/f2.item.zoom\" target=\"_blank\" rel=\"noopener noreferrer\">.<\/a>&nbsp;<a href=\"https:\/\/gallica.bnf.fr\/ark:\/12148\/btv1b60007960\/f2.item.zoom\" target=\"_blank\" rel=\"noopener noreferrer\">ms 12473<\/a> &#8211; <a href=\"https:\/\/gallica.bnf.fr\/ark:\/12148\/btv1b8419245d\/f2.image\" target=\"_blank\" rel=\"noopener noreferrer\">ms 854<\/a>.<\/p>\n<p style=\"text-align: justify;\">En vous souhaitant une excellente journ\u00e9e.<br \/>\nFred<br \/>\npour moyenagepassion.com<br \/>\n<em><strong>A la d\u00e9couverte du Moyen-\u00e2ge sous toutes ses formes<\/strong><\/em><\/p>\n","protected":false},"excerpt":{"rendered":"<p>Sujet&nbsp;: musique, po\u00e9sie, chanson m\u00e9di\u00e9vale, troubadours, occitan, langue occitane, amour courtois, fine amor, langue d\u2019oc, po\u00e9sie satirique,&nbsp; biographie, oeuvres. manuscrits anciens, servantois, sirvant\u00e8s. P\u00e9riode&nbsp;: moyen-\u00e2ge central, XIIe, XIIIe si\u00e8cle Auteur&nbsp;: Peire Vidal (? 1150- ?1210) Bonjour \u00e0 tous, ous continuons aujourd&rsquo;hui d&rsquo;explorer le moyen-\u00e2ge des troubadours avec l&rsquo;un d&rsquo;entre eux qui fut particuli\u00e8rement remuant et &hellip; <a href=\"https:\/\/www.moyenagepassion.com\/index.php\/2018\/12\/07\/peire-vidal-itineraire-dun-troubadour-voyageur-du-moyen-age-central\/\" class=\"more-link\">Continuer la lecture de <span class=\"screen-reader-text\">Peire Vidal : itin\u00e9raire d&rsquo;un troubadour voyageur du moyen-\u00e2ge central<\/span>  <span class=\"meta-nav\">&rarr;<\/span><\/a><\/p>\n","protected":false},"author":2,"featured_media":0,"comment_status":"open","ping_status":"open","sticky":false,"template":"","format":"standard","meta":{"_monsterinsights_skip_tracking":false,"_monsterinsights_sitenote_active":false,"_monsterinsights_sitenote_note":"","_monsterinsights_sitenote_category":0,"footnotes":""},"categories":[9,4205],"tags":[298,1710,654,4204,2831,4213,3230,4209,4212,1010,18,4211,1076,4207,4208,4206,80,615,688,294,4210,3952,1193,138,2829,2064,595],"class_list":["post-24679","post","type-post","status-publish","format-standard","hentry","category-musique-medieval-historique-fantaisie-celtique","category-peire-vidal","tag-amour-courtois","tag-biographie","tag-chanson-medievale","tag-chansonnier-k","tag-chansonnier-provencal","tag-extraits","tag-fine-amor","tag-francais-12473","tag-francais-854","tag-manuscrit-ancien","tag-moyen-age","tag-ms-854","tag-occitan","tag-peire-vidal","tag-petrus-vitalis","tag-pierre-vidal","tag-poesie","tag-poesie-medievale","tag-poesie-satirique","tag-poete","tag-provence-medievale","tag-servantois","tag-sirventes","tag-troubadour","tag-vidas","tag-xiie-siecle","tag-xiiie-siecle"],"aioseo_notices":[],"_links":{"self":[{"href":"https:\/\/www.moyenagepassion.com\/index.php\/wp-json\/wp\/v2\/posts\/24679"}],"collection":[{"href":"https:\/\/www.moyenagepassion.com\/index.php\/wp-json\/wp\/v2\/posts"}],"about":[{"href":"https:\/\/www.moyenagepassion.com\/index.php\/wp-json\/wp\/v2\/types\/post"}],"author":[{"embeddable":true,"href":"https:\/\/www.moyenagepassion.com\/index.php\/wp-json\/wp\/v2\/users\/2"}],"replies":[{"embeddable":true,"href":"https:\/\/www.moyenagepassion.com\/index.php\/wp-json\/wp\/v2\/comments?post=24679"}],"version-history":[{"count":1,"href":"https:\/\/www.moyenagepassion.com\/index.php\/wp-json\/wp\/v2\/posts\/24679\/revisions"}],"predecessor-version":[{"id":34012,"href":"https:\/\/www.moyenagepassion.com\/index.php\/wp-json\/wp\/v2\/posts\/24679\/revisions\/34012"}],"wp:attachment":[{"href":"https:\/\/www.moyenagepassion.com\/index.php\/wp-json\/wp\/v2\/media?parent=24679"}],"wp:term":[{"taxonomy":"category","embeddable":true,"href":"https:\/\/www.moyenagepassion.com\/index.php\/wp-json\/wp\/v2\/categories?post=24679"},{"taxonomy":"post_tag","embeddable":true,"href":"https:\/\/www.moyenagepassion.com\/index.php\/wp-json\/wp\/v2\/tags?post=24679"}],"curies":[{"name":"wp","href":"https:\/\/api.w.org\/{rel}","templated":true}]}}