{"id":24977,"date":"2019-01-08T19:25:10","date_gmt":"2019-01-08T18:25:10","guid":{"rendered":"https:\/\/www.moyenagepassion.com\/?p=24977"},"modified":"2024-02-25T19:19:32","modified_gmt":"2024-02-25T18:19:32","slug":"une-armee-pour-le-monarque-juste-sagesse-persane-et-morale-politique-chez-saadi","status":"publish","type":"post","link":"https:\/\/www.moyenagepassion.com\/index.php\/2019\/01\/08\/une-armee-pour-le-monarque-juste-sagesse-persane-et-morale-politique-chez-saadi\/","title":{"rendered":"Une arm\u00e9e de sujets pour le monarque juste : sagesse persane et morale politique chez Saadi"},"content":{"rendered":"<div id=\"moyen-1668689869\" class=\"moyen-before-content moyen-entity-placement\"><script async src=\"\/\/pagead2.googlesyndication.com\/pagead\/js\/adsbygoogle.js?client=ca-pub-3035390706780632\" crossorigin=\"anonymous\"><\/script><ins class=\"adsbygoogle\" style=\"display:block;\" data-ad-client=\"ca-pub-3035390706780632\" \ndata-ad-slot=\"\" \ndata-ad-format=\"auto\"><\/ins>\n<script> \n(adsbygoogle = window.adsbygoogle || []).push({}); \n<\/script>\n<\/div><p><strong><img decoding=\"async\" class=\"alignleft wp-image-23774 size-full\" src=\"https:\/\/www.moyenagepassion.com\/wp-content\/uploads\/2018\/09\/saadi_mocharrafoddin_sagesse_persane_moyen-age_XIIIe_siecle-e1538796466586.jpg\" alt=\"saadi_mocharrafoddin_sagesse_persane_moyen-age_XIIIe_siecle\" width=\"50\" height=\"131\" \/>Sujet <\/strong>\u00a0: citations m\u00e9di\u00e9vales, sagesse persane, po\u00e9sie morale, conte moral,\u00a0mis\u00e9ricorde, justice, devoir politique<br \/>\n<strong>P\u00e9riode <\/strong>\u00a0: moyen-\u00e2ge central, XIIIe si\u00e8cle<br \/>\n<strong>Auteur<\/strong> :\u00a0 \u00a0<strong>Mocharrafoddin Saadi<\/strong>\u00a0(1210-1291)<br \/>\n<strong>Ouvrage <\/strong>\u00a0:\u00a0<em>Gulistan, le jardin des roses,\u00a0\u00a0<\/em>traduit par Charles Defr\u00e9mery (1838)<\/p>\n<p>Bonjour \u00e0 tous,<\/p>\n<p style=\"text-align: justify;\"><img decoding=\"async\" class=\"alignleft size-full wp-image-24221\" src=\"https:\/\/www.moyenagepassion.com\/wp-content\/uploads\/2015\/12\/A_lettrine_moyen_age_passion1.jpg\" alt=\"A_lettrine_moyen_age_passion\" width=\"84\" height=\"103\" \/>ujourd&rsquo;hui, nous vous proposons une nouvelle incursion dans la Perse du XIIIe si\u00e8cle avec une le\u00e7on de morale politique du po\u00e8te\u00a0<strong>Saadi<\/strong>. Une fois encore, il y est question de tenue dans l&rsquo;exercice du pouvoir. Comme dans un nombre important de ses contes, l&rsquo;auteur m\u00e9di\u00e9val insiste encore ici sur le fait que la sagesse et le discernement doivent primer chez l&rsquo;homme d&rsquo;Etat sur tout autre diktat, un peu comme si la loi religieuse demeurait sans fond si elle ne reposait d&rsquo;abord sur des qualit\u00e9s humaines et de bon sens \u00ab\u00a0intrins\u00e8ques\u00a0\u00bb, En d&rsquo;autres termes, pour faire un bon roi, il faut d&rsquo;abord un homme bon, juste et cens\u00e9. Il faut aussi qu&rsquo;il soit entour\u00e9 de\u00a0 conseill\u00e9s\u00a0courageux et droits, pr\u00eats au besoin \u00e0 essuyer les foudres du souverain pour s&rsquo;acquitter du\u00a0prix de la v\u00e9rit\u00e9.<\/p>\n<p style=\"text-align: justify;\">Si la philosophie qui sous-tend les petits contes du voyageur, homme politique, diplomate et conteur du moyen-\u00e2ge\u00a0n&rsquo;est pas la m\u00eame que la morale chr\u00e9tienne qui est alors \u00e0 l&rsquo;oeuvre dans l&rsquo;Occident m\u00e9di\u00e9val, son <strong><em>Jardin des Roses<\/em><\/strong> ne cesse\u00a0pourtant d&rsquo;\u00e9voquer, par\u00a0certains aspects, ces <strong><a href=\"https:\/\/www.moyenagepassion.com\/?s=miroirs+des+princes\" target=\"_blank\" rel=\"noopener noreferrer\">Miroirs des princes<\/a><\/strong> que l&rsquo;on retrouvait \u00e0 la m\u00eame \u00e9poque en Europe. Ici comme ailleurs et par del\u00e0 le temps, dans l&rsquo;ombre du pouvoir, l&rsquo;abus n&rsquo;est jamais loin et il s&rsquo;en faut toujours de peu que le d\u00e9tenteur du destin des hommes ne soit tent\u00e9 de se changer en le pire des pr\u00e9dateurs. Qui pense-t-il servir vraiment ? La question de fond finit toujours par \u00eatre pos\u00e9e en ces termes et sur ce point, de l&rsquo;Iran m\u00e9di\u00e9val aux terres occidentales, nombre d&rsquo;auteurs s&rsquo;accorde pour le lui rappeler : aucun souverain ne peut gouverner ind\u00e9finiment et impun\u00e9ment sans son peuple et encore moins contre.<\/p>\n<h2>Mis\u00e9ricorde dans l&rsquo;exercice du pouvoir<\/h2>\n<p style=\"text-align: justify;\"><span style=\"color: #008000;\"><strong><em>Le roi demanda: \u00ab\u00a0Quel est le moyen de rassembler l\u2019arm\u00e9e et les sujets?\u00a0\u00bb\u00a0 Le vizir r\u00e9pondit : \u00ab\u00a0il faut au roi de la justice afin qu\u2019on se rallie autour de lui, et de la mis\u00e9ricorde afin qu\u2019on s\u2019assoie tranquille \u00e0 l\u2019ombre de sa puissance. Or, tu\u00a0<\/em><\/strong><\/span><span style=\"color: #008000;\"><strong><em>n\u2019as ni l\u2019une ni l\u2019autre de ces deux qualit\u00e9s.\u00a0\u00bb<\/em><\/strong><\/span><\/p>\n<p style=\"text-align: justify;\"><a href=\"https:\/\/www.moyenagepassion.com\/wp-content\/uploads\/2019\/01\/saadi_citation_auteur_poete_medievale_sagesse_persane_moyen-age_XIIIe-siecle.jpg\"><img decoding=\"async\" class=\"size-full wp-image-24981 alignnone\" src=\"https:\/\/www.moyenagepassion.com\/wp-content\/uploads\/2019\/01\/saadi_citation_auteur_poete_medievale_sagesse_persane_moyen-age_XIIIe-siecle.jpg\" alt=\"saadi_citation_auteur_poete_medievale_sagesse_persane_moyen-age_XIIIe-siecle\" width=\"700\" height=\"273\" srcset=\"https:\/\/www.moyenagepassion.com\/wp-content\/uploads\/2019\/01\/saadi_citation_auteur_poete_medievale_sagesse_persane_moyen-age_XIIIe-siecle.jpg 700w, https:\/\/www.moyenagepassion.com\/wp-content\/uploads\/2019\/01\/saadi_citation_auteur_poete_medievale_sagesse_persane_moyen-age_XIIIe-siecle-300x117.jpg 300w\" sizes=\"(max-width: 700px) 100vw, 700px\" \/><\/a><\/p>\n<p style=\"text-align: justify;\"><span style=\"color: #008000;\"><strong><em>Distique :\u00a0 Celui qui a pour habitude la violence n\u2019exerce pas la souverainet\u00e9; car les fonctions de berger ne seront pas remplies par le loup. Un souverain qui jette les fondements de l\u2019oppression, arrache la base du mur de sa puissance.\u00a0<\/em><\/strong><\/span><\/p>\n<p style=\"text-align: justify;\"><span style=\"color: #008000;\"><strong><em>Le conseil de ce vizir sage et d\u00e9vou\u00e9 ne se trouva pas conforme au caract\u00e8re du roi. il le fit charger de liens et l\u2019envoya en prison. Il ne s\u2019\u00e9tait pas \u00e9coul\u00e9 beaucoup de temps, lorsque les cousins germains du sultan se lev\u00e8rent contre lui, \u00e9quip\u00e8rent\u00a0une arm\u00e9e pour le combattre et r\u00e9clam\u00e8rent le royaume de leur p\u00e8re. Les gens qui avaient \u00e9t\u00e9 r\u00e9duits aux derni\u00e8res extr\u00e9mit\u00e9s par la main de son oppression et s\u2019\u00e9taient dispers\u00e9s, se ralli\u00e8rent aupr\u00e8s d\u2019eux, et les fortifi\u00e8rent, si bien que\u00a0le royaume sortit de sa puissance, et fut affermi dans la leur.<\/em><\/strong><\/span><\/p>\n<p style=\"text-align: justify;\"><a href=\"https:\/\/www.moyenagepassion.com\/wp-content\/uploads\/2019\/01\/saadi_citation_auteur_poete_medievale_morale_politique_sagesse_persane_moyen-age_XIIIe-siecle.jpg\"><img decoding=\"async\" class=\"alignnone wp-image-24980 size-full\" src=\"https:\/\/www.moyenagepassion.com\/wp-content\/uploads\/2019\/01\/saadi_citation_auteur_poete_medievale_morale_politique_sagesse_persane_moyen-age_XIIIe-siecle.jpg\" alt=\"saadi_citation_auteur_poete_medievale_morale_politique_sagesse_persane_moyen-age_XIIIe-siecle\" width=\"700\" height=\"273\" srcset=\"https:\/\/www.moyenagepassion.com\/wp-content\/uploads\/2019\/01\/saadi_citation_auteur_poete_medievale_morale_politique_sagesse_persane_moyen-age_XIIIe-siecle.jpg 700w, https:\/\/www.moyenagepassion.com\/wp-content\/uploads\/2019\/01\/saadi_citation_auteur_poete_medievale_morale_politique_sagesse_persane_moyen-age_XIIIe-siecle-300x117.jpg 300w\" sizes=\"(max-width: 700px) 100vw, 700px\" \/><\/a><\/p>\n<p style=\"text-align: justify;\"><span style=\"color: #008000;\"><strong><em>Distique\u00a0 ; Un roi se permet-il l\u2019injustice envers ses sujets, son ami m\u00eame, au jour de la d\u00e9tresse, devient un ennemi pressant. Fais la paix avec tes sujets et\u00a0\u00a0demeure sans aucune inqui\u00e9tude d\u2019avoir la guerre avec un ennemi; car les sujets sont une arm\u00e9e pour le monarque juste.<\/em><\/strong><\/span><\/p>\n<p>Une belle journ\u00e9e \u00e0 tous.<\/p>\n<p>Fred<br \/>\nPour moyenagepassion.com<br \/>\n<em><strong>A la d\u00e9couverte du monde m\u00e9di\u00e9val sous toutes ses formes.<\/strong><\/em><\/p>\n","protected":false},"excerpt":{"rendered":"<p>Sujet \u00a0: citations m\u00e9di\u00e9vales, sagesse persane, po\u00e9sie morale, conte moral,\u00a0mis\u00e9ricorde, justice, devoir politique P\u00e9riode \u00a0: moyen-\u00e2ge central, XIIIe si\u00e8cle Auteur :\u00a0 \u00a0Mocharrafoddin Saadi\u00a0(1210-1291) Ouvrage \u00a0:\u00a0Gulistan, le jardin des roses,\u00a0\u00a0traduit par Charles Defr\u00e9mery (1838) Bonjour \u00e0 tous, ujourd&rsquo;hui, nous vous proposons une nouvelle incursion dans la Perse du XIIIe si\u00e8cle avec une le\u00e7on de morale politique &hellip; <a href=\"https:\/\/www.moyenagepassion.com\/index.php\/2019\/01\/08\/une-armee-pour-le-monarque-juste-sagesse-persane-et-morale-politique-chez-saadi\/\" class=\"more-link\">Continuer la lecture de <span class=\"screen-reader-text\">Une arm\u00e9e de sujets pour le monarque juste : sagesse persane et morale politique chez Saadi<\/span>  <span class=\"meta-nav\">&rarr;<\/span><\/a><\/p>\n","protected":false},"author":2,"featured_media":0,"comment_status":"open","ping_status":"open","sticky":false,"template":"","format":"standard","meta":{"_monsterinsights_skip_tracking":false,"_monsterinsights_sitenote_active":false,"_monsterinsights_sitenote_note":"","_monsterinsights_sitenote_category":0,"footnotes":""},"categories":[154,2040],"tags":[728,155,3546,2609,1597,3164,4195,1594,3123,18,2610,622,1592,1923,595],"class_list":["post-24977","post","type-post","status-publish","format-standard","hentry","category-citations-moyen-age-medievales","category-mocharrafoddin-saadi","tag-auteur-medieval","tag-citation","tag-contes-medievaux","tag-contes-moraux","tag-gulistan","tag-le-jardin-des-roses","tag-miroirs-des-princes","tag-mocharrafoddin-saadi","tag-morale-politique","tag-moyen-age","tag-perse","tag-poete-medieval","tag-saadi","tag-sagesse-persane","tag-xiiie-siecle"],"aioseo_notices":[],"_links":{"self":[{"href":"https:\/\/www.moyenagepassion.com\/index.php\/wp-json\/wp\/v2\/posts\/24977"}],"collection":[{"href":"https:\/\/www.moyenagepassion.com\/index.php\/wp-json\/wp\/v2\/posts"}],"about":[{"href":"https:\/\/www.moyenagepassion.com\/index.php\/wp-json\/wp\/v2\/types\/post"}],"author":[{"embeddable":true,"href":"https:\/\/www.moyenagepassion.com\/index.php\/wp-json\/wp\/v2\/users\/2"}],"replies":[{"embeddable":true,"href":"https:\/\/www.moyenagepassion.com\/index.php\/wp-json\/wp\/v2\/comments?post=24977"}],"version-history":[{"count":1,"href":"https:\/\/www.moyenagepassion.com\/index.php\/wp-json\/wp\/v2\/posts\/24977\/revisions"}],"predecessor-version":[{"id":34747,"href":"https:\/\/www.moyenagepassion.com\/index.php\/wp-json\/wp\/v2\/posts\/24977\/revisions\/34747"}],"wp:attachment":[{"href":"https:\/\/www.moyenagepassion.com\/index.php\/wp-json\/wp\/v2\/media?parent=24977"}],"wp:term":[{"taxonomy":"category","embeddable":true,"href":"https:\/\/www.moyenagepassion.com\/index.php\/wp-json\/wp\/v2\/categories?post=24977"},{"taxonomy":"post_tag","embeddable":true,"href":"https:\/\/www.moyenagepassion.com\/index.php\/wp-json\/wp\/v2\/tags?post=24977"}],"curies":[{"name":"wp","href":"https:\/\/api.w.org\/{rel}","templated":true}]}}