{"id":25117,"date":"2019-01-20T20:53:43","date_gmt":"2019-01-20T19:53:43","guid":{"rendered":"https:\/\/www.moyenagepassion.com\/?p=25117"},"modified":"2020-10-05T01:21:00","modified_gmt":"2020-10-05T00:21:00","slug":"edito-rentree-2019-une-aventure-medievale-pour-un-moyen-age-en-question","status":"publish","type":"post","link":"https:\/\/www.moyenagepassion.com\/index.php\/2019\/01\/20\/edito-rentree-2019-une-aventure-medievale-pour-un-moyen-age-en-question\/","title":{"rendered":"Edito 2019, une belle aventure m\u00e9di\u00e9vale"},"content":{"rendered":"<div id=\"moyen-635498315\" class=\"moyen-before-content moyen-entity-placement\"><script async src=\"\/\/pagead2.googlesyndication.com\/pagead\/js\/adsbygoogle.js?client=ca-pub-3035390706780632\" crossorigin=\"anonymous\"><\/script><ins class=\"adsbygoogle\" style=\"display:block;\" data-ad-client=\"ca-pub-3035390706780632\" \ndata-ad-slot=\"\" \ndata-ad-format=\"auto\"><\/ins>\n<script> \n(adsbygoogle = window.adsbygoogle || []).push({}); \n<\/script>\n<\/div><p>Bonjour \u00e0 tous,<\/p>\n<p style=\"text-align: justify;\"><img decoding=\"async\" class=\"alignleft size-full wp-image-24221\" src=\"https:\/\/www.moyenagepassion.com\/wp-content\/uploads\/2015\/12\/A_lettrine_moyen_age_passion1.jpg\" alt=\"A_lettrine_moyen_age_passion\" width=\"84\" height=\"103\" \/>vec la nouvelle ann\u00e9e, vient le temps des r\u00e9solutions et c&rsquo;est aussi le bon moment de faire un \u00e9dito de rentr\u00e9e pour pr\u00e9senter un peu mieux ce qui se cache derri\u00e8re <strong>Moyenagepassion<\/strong>.<\/p>\n<p style=\"text-align: justify;\">Avant toute chose, une petit bilan : apr\u00e8s plus de 3\u00a0 ans de posts r\u00e9guliers, sous-tendus par des milliers d&rsquo;heures de recherche, nous aurons bient\u00f4t publi\u00e9 1000 articles exclusifs sur le moyen-\u00e2ge, incluant des centaines de traductions originales de textes m\u00e9di\u00e9vaux, chansons, po\u00e9sies, citations, en langues modernes (italien, espagnol, catalan, anglais) mais aussi et surtout en langues anciennes (vieux-fran\u00e7ais d&rsquo;o\u00efl, moyen-fran\u00e7ais, langue d&rsquo;oc, gala\u00efco-portugais).<\/p>\n<p style=\"text-align: justify;\">Avec une audience qui s&rsquo;est constitu\u00e9e progressivement <span style=\"color: #808080;\"><em>(voir courbe\u00a0 graphique dans l&rsquo;illustration ci dessous)<\/em><\/span>, <strong>Moyenagepassion<\/strong> a vu passer, depuis\u00a0 sa cr\u00e9ation, plus de 380 000 utilisateurs, pour pr\u00e8s de 800 000 pages vues. Plus de la moiti\u00e9 de ces chiffres est repr\u00e9sent\u00e9e par l&rsquo;ann\u00e9e 2018, \u00e0 quoi il faut ajouter de nombreux partages sur nos r\u00e9seaux sociaux (lanc\u00e9s plus tardivement). De son c\u00f4t\u00e9, notre cha\u00eene Youtube est un peu demeur\u00e9e en retrait, faute de temps, mais totalise tout de m\u00eame pr\u00e8s de 250 000 vues.<\/p>\n<p style=\"text-align: justify;\">Tous ces chiffres ne font qu&rsquo;augmenter, aussi, pour introduire cet \u00e9dito 2019, permettez-nous, une fois encore, de vous remercier chaleureusement de votre pr\u00e9sence, de votre suivi et de vos partages.<\/p>\n<p><a href=\"https:\/\/www.moyenagepassion.com\/wp-content\/uploads\/2019\/01\/moyen-age_monde_medieval_articles_exclusifs_litterature_texte_actualite.jpg\"><img decoding=\"async\" class=\"alignnone wp-image-25124 size-full\" src=\"https:\/\/www.moyenagepassion.com\/wp-content\/uploads\/2019\/01\/moyen-age_monde_medieval_articles_exclusifs_litterature_texte_actualite.jpg\" alt=\"\" width=\"922\" height=\"732\" srcset=\"https:\/\/www.moyenagepassion.com\/wp-content\/uploads\/2019\/01\/moyen-age_monde_medieval_articles_exclusifs_litterature_texte_actualite.jpg 922w, https:\/\/www.moyenagepassion.com\/wp-content\/uploads\/2019\/01\/moyen-age_monde_medieval_articles_exclusifs_litterature_texte_actualite-300x238.jpg 300w\" sizes=\"(max-width: 922px) 100vw, 922px\" \/><\/a><\/p>\n<h3>Qu&rsquo;est-ce que le Moyen-\u00e2ge ?<\/h3>\n<p style=\"text-align: justify;\"><em><strong>\u00ab\u00a0Le Moyen-\u00e2ge est \u00e0 la mode et je m&rsquo;en f\u00e9licite\u00a0\u00bb<\/strong><\/em> disait <strong><a href=\"https:\/\/www.moyenagepassion.com\/?s=Jacques+le+Goff\" target=\"_blank\" rel=\"noopener noreferrer\">Jacques le Goff<\/a><\/strong>. Depuis que le c\u00e9l\u00e8bre historien m\u00e9di\u00e9viste a prononc\u00e9 ces mots, il y a plus de quarante ans, cette tendance n&rsquo;a fait que se confirmer : litt\u00e9rature, romans, films, s\u00e9ries t\u00e9l\u00e9vis\u00e9es ou\u00a0jeux vid\u00e9os, (souvent plus inspir\u00e9s de l&rsquo;Heroic fantasy que de l&rsquo;Histoire r\u00e9aliste), auxquels il faut encore ajouter les centaines de municipalit\u00e9s, ch\u00e2teaux et autres monuments de notre patrimoine class\u00e9 qui, chaque ann\u00e9e, donnent des f\u00eates et proposent des animations toujours plus nombreuses, en l&rsquo;honneur des temps m\u00e9di\u00e9vaux.<\/p>\n<p style=\"text-align: justify;\">C&rsquo;est un fait, la soif et l&rsquo;int\u00e9r\u00eat de notre monde moderne pour cette longue p\u00e9riode ne s&rsquo;est toujours pas tarie. Sans comparer sa dur\u00e9e\u00a0\u00e0 celles de certaines p\u00e9riodes pr\u00e9sentes dans la pr\u00e9histoire ou de la protohistoire, il faut dire que le Moyen-\u00e2ge \u00ab\u00a0triche\u00a0\u00bb un peu avec ces 1000 ans g\u00e9n\u00e9reux (quelquefois plus), dont les historiens lui ont fait cadeau \u00e0 la suite des lettr\u00e9s renaissants, 1000 ans qui couvrent, dans les faits, des r\u00e9alit\u00e9s multiples propices \u00e0 bien des s\u00e9ductions. Entre le haut Moyen-\u00e2ge de <strong>Charles le Chauve<\/strong> et celui qui s&rsquo;\u00e9teint d\u00e9j\u00e0 sous le r\u00e8gne d&rsquo;un <strong>Fran\u00e7ois 1er<\/strong>, que de chemin parcouru, en effet, que d&rsquo;\u00e9volutions, de r\u00e9volutions, presque ; dans les techniques de production et de construction, dans les mouvements architecturaux, dans les ph\u00e9nom\u00e8nes d&rsquo;urbanisation, dans la naissance, la vie et la lente agonie de la f\u00e9odalit\u00e9, dans l&rsquo;\u00e9mergence <img decoding=\"async\" class=\"size-full wp-image-25118 alignright\" src=\"https:\/\/www.moyenagepassion.com\/wp-content\/uploads\/2019\/01\/edito_2019-_moyen-age_monde_medieval_definitions_symboles.jpg\" alt=\"edito_2019-_moyen-age_monde_medieval_definitions_symboles\" width=\"140\" height=\"340\" srcset=\"https:\/\/www.moyenagepassion.com\/wp-content\/uploads\/2019\/01\/edito_2019-_moyen-age_monde_medieval_definitions_symboles.jpg 140w, https:\/\/www.moyenagepassion.com\/wp-content\/uploads\/2019\/01\/edito_2019-_moyen-age_monde_medieval_definitions_symboles-124x300.jpg 124w\" sizes=\"(max-width: 140px) 100vw, 140px\" \/>et la propagation des grandes universit\u00e9s, dans l&rsquo;\u00e9volution de la musique et de ses codes, dans la transformation des langues de l&rsquo;Europe occidentale, dans les changements radicaux de l&rsquo;art de la guerre, dans le red\u00e9coupage des territoires et la fixation progressive des fronti\u00e8res de nos nations actuelles, dans les changements de m\u0153urs aussi.<\/p>\n<p style=\"text-align: justify;\">Bien qu&rsquo;on l&rsquo;ait \u00e9norm\u00e9ment \u00e9tudi\u00e9 depuis le XIXe si\u00e8cle et m\u00eame s&rsquo;il continue de l&rsquo;\u00eatre assid\u00fbment par nombre d&rsquo;universitaires tomb\u00e9 eux-m\u00eame, sans s&rsquo;en voiler, dans sa fascination, les pointill\u00e9s et les zones d&rsquo;ombre entre les certitudes, mais plus encore, sans doute, quelques vis\u00e9es id\u00e9ologiques pass\u00e9es ou actuelles, ont laiss\u00e9 s&rsquo;installer, voire s&rsquo;enraciner, nombre d&rsquo;id\u00e9es toutes faites sur le monde m\u00e9di\u00e9val, au point qu&rsquo;il semble parfois qu&rsquo;il s&rsquo;en niche une sous chaque pierre. Par dessus ce Moyen-\u00e2ge occidental dont les grands m\u00e9di\u00e9vistes nous expliquent que tout y \u00e9tait symbole, nous avons ainsi souvent empil\u00e9 nos propres projections et, finalement aussi, notre propre univers de r\u00e9f\u00e9rence et nos propres \u00ab\u00a0symboles\u00a0\u00bb.<\/p>\n<h3 style=\"text-align: justify;\">Projections, repr\u00e9sentations &amp; symboles<br \/>\nMoyen-\u00e2ge des l\u00e9gendes, moyen-\u00e2ge des peurs<\/h3>\n<p style=\"text-align: justify;\">Du c\u00f4t\u00e9 d&rsquo;un certain \u00ab\u00a0Moyen-\u00e2ge des l\u00e9gendes\u00a0\u00bb, litt\u00e9rature et faits se m\u00ealent souvent joyeusement dans nos repr\u00e9sentations : lyrique courtoise et f\u00e9odalit\u00e9, chevaliers, valeurs chevaleresques et princesses captives, ch\u00e2teaux merveilleux et batailles \u00e9piques et tant de choses encore. Cette p\u00e9riode que nous sentons si proche, alors que nous l&rsquo;\u00e9tudions finalement si peu dans nos cycles scolaires, peut encore \u00e9voquer une \u00e9poque r\u00eav\u00e9e qui nous renvoie la tenue de grandes f\u00eates champ\u00eatres, sorties tout droit d&rsquo;un tableau de Bruegel : du rires, des joies et des ripailles, un certain sens de la distance et de la d\u00e9rision et peut-\u00eatre encore l&rsquo;image de myriades de petites communaut\u00e9s \u00e0 \u00e9chelle humaine soud\u00e9es autour des veill\u00e9es, tandis que les brigands et les loups rodent au dehors.\u00a0C&rsquo;est un fait pourtant, bien que sans commune mesure avec les exodes rurales de l&rsquo;apr\u00e8s r\u00e9volution industrielle, le moyen-\u00e2ge central et tardif voit aussi un nombre d&rsquo;hommes croissant, s&rsquo;\u00e9manciper de la nature, pour venir grossir les nouveaux eldorado(s) urbains et leurs promesses.<\/p>\n<p style=\"text-align: justify;\">Dans cette p\u00e9riode de notre histoire qui nous appara\u00eet comme tr\u00e8s \u00ab\u00a0horizontale\u00a0\u00bb, socialement, avec de fortes lignes de d\u00e9marcation entre son petit peuple et ses \u00e9lites seigneuriales, princi\u00e8res ou \u00e9piscopales se dessine aussi une \u00e9trange solidarit\u00e9 et interd\u00e9pendance qui perdure, nonobstant quelques coups de canifs donn\u00e9s au contrat, sous l&rsquo;\u00e9gide du sch\u00e9ma triangulaire des trois ordres : <strong>Laboratores<\/strong> \u00ab\u00a0je te nourris, je confectionne tes armes et tes v\u00eatements, je b\u00e2tis tes ch\u00e2teaux\u00a0\u00bb, <strong>Bellatores<\/strong> \u00ab\u00a0je te prot\u00e8ge\u00a0\u00bb, <strong>Oratores<\/strong> \u00ab\u00a0je prie pour sauver ton \u00e2me\u00a0\u00bb. Bien s\u00fbr, au sein de ces 1000 ans multiformes, le paysage social \u00e9voluera aussi consid\u00e9rablement et des classes interm\u00e9diaires nouvelles tireront leur \u00e9pingle du jeu : certains artisans, mais surtout les marchands, et avec eux, les pr\u00eateurs, les lombards,\u00a0dans un Moyen-\u00e2ge central qui peut nous appara\u00eetre\u00a0encore comme celui de l&rsquo;opulence, des richesses et du commerce, celui des nombreuses foires et de l&rsquo;ouverture de nouvelles routes vers l&rsquo;ailleurs.<\/p>\n<p style=\"text-align: justify;\"><img decoding=\"async\" class=\"alignleft size-full wp-image-25127\" src=\"https:\/\/www.moyenagepassion.com\/wp-content\/uploads\/2019\/01\/monde_medieval_ecologie_nature_enluminure.jpg\" alt=\"monde_medieval_ecologie_nature_enluminure\" width=\"140\" height=\"340\" srcset=\"https:\/\/www.moyenagepassion.com\/wp-content\/uploads\/2019\/01\/monde_medieval_ecologie_nature_enluminure.jpg 140w, https:\/\/www.moyenagepassion.com\/wp-content\/uploads\/2019\/01\/monde_medieval_ecologie_nature_enluminure-124x300.jpg 124w\" sizes=\"(max-width: 140px) 100vw, 140px\" \/>Dans ce monde, sans vapeur, machine ou pesticide, on pourra encore quelquefois voir projet\u00e9e la vision r\u00e9trospective d&rsquo;une forme de simplicit\u00e9 retrouv\u00e9e et m\u00eame, plus loin, celle d&rsquo;une \u00e9cologie r\u00e9concili\u00e9e qu&rsquo;un cher professeur d&rsquo;Oxford, cach\u00e9 derri\u00e8re sa pipe et sa plume, \u00e9tait venu renforcer, dans le courant du XXe. Et pris dans les filets de ce Moyen-\u00e2ge de v\u00e9lin, empreint d&rsquo;\u00e9cologie et de magie, qui succ\u00e9dait peut-\u00eatre avec <a href=\"https:\/\/www.moyenagepassion.com\/index.php\/2017\/12\/20\/joyeux-noel-monsieur-tolkien\/\">JRR Tolkien<\/a> au <a href=\"https:\/\/www.moyenagepassion.com\/index.php\/2018\/01\/25\/ballade-medievale-le-moyen-age-de-victor-hugo-marie-au-folk-de-malicorne\/\" target=\"_blank\" rel=\"noopener noreferrer\">moyen-\u00e2ge romantique et gothique<\/a> revisit\u00e9 \u00e0 la fa\u00e7on du XIXe, on pourra \u00eatre tent\u00e9 d&rsquo;y laisser\u00a0cro\u00eetre quelques racines celtes ou quelques vieilles l\u00e9gendes nordiques d&rsquo;avant la christianisation, en oubliant un peu que cette derni\u00e8re avait couru depuis d\u00e9j\u00e0 bien longtemps chez les peuples d&rsquo;Europe.<\/p>\n<p style=\"text-align: justify;\">Dans sa\u00a0vaste majorit\u00e9, l&rsquo;homme m\u00e9di\u00e9val occidental, celui que l&rsquo;on connait, qui nous est parvenu, \u00e0 travers les textes, ne semble, en effet, d\u00e9j\u00e0 plus tellement enclin \u00e0 quelques nostalgies pa\u00efennes. Si son univers est demeur\u00e9 holistique et n&rsquo;est pas encore mat\u00e9rialiste, m\u00e9canique et tout \u00e0 fait froid, la \u00ab\u00a0magie\u00a0\u00bb naturaliste a recul\u00e9, au fil de ses si\u00e8cles, pour se couler dans le moule chr\u00e9tien et monoth\u00e9iste. Certes, quelques f\u00e9es demeurent ci ou l\u00e0 et, jusque dans le courant du XIVe, l&rsquo;ombre de <a href=\"https:\/\/www.moyenagepassion.com\/index.php\/2018\/03\/11\/maquette-medievale-odes-a-melusine-une-nouvelle-oeuvre-de-pascale-laine-et-toute-lhistoire-de-la-fee-batisseuse\/\" target=\"_blank\" rel=\"noopener noreferrer\">M\u00e9lusine<\/a> vient planer sous les frondaisons de <a href=\"https:\/\/www.moyenagepassion.com\/index.php\/2017\/11\/28\/beau-livre-et-legendes-arthuriennes-la-magie-de-broceliande-sous-loeil-de-philippe-manguin\/\" target=\"_blank\" rel=\"noopener noreferrer\">Broc\u00e9liande<\/a>, mais les premi\u00e8res traces factuelles et documentaires qui subsistent, jusqu&rsquo;aux <a href=\"https:\/\/www.moyenagepassion.com\/index.php\/2018\/08\/24\/arthur-les-premieres-sources-historiques-un-article-traduit-de-brittania-com\/\" target=\"_blank\" rel=\"noopener noreferrer\">premiers \u00e9crits arthuriens<\/a> nous montrent d\u00e9j\u00e0 le roi des Bretons portant la croix pendant les batailles. Les miracles du moyen-\u00e2ge sont aux Saints, \u00e0 la Vierge, au Christ ou \u00e0 Dieu et jusqu&rsquo;au bout de ses espoirs et de ses plus grandes peurs, l&rsquo;homme de l&rsquo;Europe m\u00e9di\u00e9vale demeure un chr\u00e9tien, occup\u00e9 de salut. Sur les traces de l&rsquo;Empire romain finissant, jamais avant cela, le christianisme et son universalisme n&rsquo;avaient connu si vaste laboratoire et si longue exp\u00e9rience.<\/p>\n<p style=\"text-align: justify;\">Bien s\u00fbr, on ne se d\u00e9fait pas non plus des repr\u00e9sentations les plus sombres \u00e0 l&rsquo;\u00e9gard des temps m\u00e9di\u00e9vaux. Elles font encore les choux gras de bien des plaisanteries, quand m\u00e9di\u00e9val et moyen\u00e2geux viennent se confondre jusque dans nos coquilles de vocabulaire. <span style=\"color: #ff0000;\"><span style=\"color: #333333;\">Sous le trait d&rsquo;une barbarie d\u00e9finitivement rel\u00e9gu\u00e9e aux oubliettes par notre modernit\u00e9, si douce et de si bon ton qu&rsquo;elle n&rsquo;en finit plus de se mentir sur ses propres exactions, ces projections prennent alors souvent les traits, de la caricature<\/span>.<\/span> Dans leur grand faim d&rsquo;\u00e9motions et d&rsquo;images fortes, leurs app\u00e9tits vont au manich\u00e9isme, et elles n&rsquo;ont souvent, elles aussi, de v\u00e9rit\u00e9s que celles des cavernes platoniciennes : obscurantisme, peste, salet\u00e9, injustice, arbitraire du pouvoir, tortures, clerg\u00e9 gros, gras et cruel, elles recr\u00e9ent alors devant nous le visage d&rsquo;un monde m\u00e9di\u00e9val fait de cris, de peurs, de violence, de mort et d&rsquo;ignorance crasse. C&rsquo;est dans ce m\u00eame monde\u00a0que, par exemple, l&rsquo;inquisition espagnole de la fin du XVe ou m\u00eame encore les chasses aux sorci\u00e8res du XVIIe n&rsquo;en finiront pas de se r\u00e9inviter, avec quelques si\u00e8cles d&rsquo;avance, sur toutes les terres d&rsquo;Europe quand ce n&rsquo;est pas, dans les esprits, sur toute la dur\u00e9e du moyen-\u00e2ge. Et sous la pression de vieux pr\u00e9jug\u00e9s, regonfl\u00e9s de nouvelles id\u00e9ologies, on continuera d&rsquo;instrumentaliser alors, sans le savoir,\u00a0un moyen-\u00e2ge\u00a0devenu repoussoir \u00e0 la fa\u00e7on dont la renaissance et plus tard les lumi\u00e8res l&rsquo;avaient instrumentalis\u00e9. Faut-il que\u00a0notre pass\u00e9 soit drap\u00e9 \u00e0 ce point de couleurs sombres, pour que notre pr\u00e9sent en sorte plus lumineux ?<\/p>\n<h3 style=\"text-align: justify;\">Et Moyenagepassion dans tout \u00e7a ?<\/h3>\n<p style=\"text-align: justify;\"><img decoding=\"async\" class=\"alignleft size-full wp-image-24221\" src=\"https:\/\/www.moyenagepassion.com\/wp-content\/uploads\/2015\/12\/A_lettrine_moyen_age_passion1.jpg\" alt=\"A_lettrine_moyen_age_passion\" width=\"84\" height=\"103\" \/>lors, au milieu de tout cet enchev\u00eatrement d&rsquo;arch\u00e9types, de projections,\u00a0de guerres d&rsquo;id\u00e9es et de symboles, entre r\u00e9alit\u00e9s et faits, r\u00eaves et fantasmagories,\u00a0notre\u00a0projet \u00e9ditorial, celui de <strong>Moyenagepassion<\/strong> est certes un peu fou. En mani\u00e8re de clin d\u2019\u0153il, il pourrait sembler inspir\u00e9 des vis\u00e9es encyclop\u00e9diques que portaient quelquefois sur leurs fr\u00eales \u00e9paules, d&rsquo;ambitieux chroniqueurs m\u00e9di\u00e9vaux, mais il n&rsquo;en a pourtant pas la nature syst\u00e9matique. A petit pas, jour apr\u00e8s jour, notre projet d&rsquo;archives se signe sous les dehors de l&rsquo;aventure et de la musardise m\u00eame si, dans cette entreprise forc\u00e9ment d\u00e9mesur\u00e9e, nous ne voulons rien n\u00e9gliger de toutes les facettes du moyen-\u00e2ge : de sa part certaine, historique et factuelle, de sa merveilleuse litt\u00e9rature qui nous demeure encore, par endroits, si obscure, de ses peurs, de ses joies, de ses forces, de ses croyances profondes, de ses guerres, de ses mis\u00e8res, jusqu&rsquo;\u00e0 sa part r\u00e9invent\u00e9e : ces temps m\u00e9di\u00e9vaux devenus ceux du m\u00e9di\u00e9valisme \u00e0 l&rsquo;aulne de nos a priori, comme ceux revisit\u00e9s \u00e0 la lumi\u00e8re de l&rsquo;imagination ou des passions fertiles de nos contemporains entre reconstruction onirique assum\u00e9e ou volont\u00e9 plus rigoureuse de les faire rena\u00eetre au plus pr\u00e8s, dans de vibrantes reconstitutions historiques.<\/p>\n<p style=\"text-align: justify;\"><img decoding=\"async\" class=\"alignright wp-image-25128 size-full\" src=\"https:\/\/www.moyenagepassion.com\/wp-content\/uploads\/2019\/01\/monde-medieval_moyen-age_enluminures_chevalier.jpg\" alt=\"monde-medieval_moyen-age_enluminures_chevalier\" width=\"140\" height=\"340\" srcset=\"https:\/\/www.moyenagepassion.com\/wp-content\/uploads\/2019\/01\/monde-medieval_moyen-age_enluminures_chevalier.jpg 140w, https:\/\/www.moyenagepassion.com\/wp-content\/uploads\/2019\/01\/monde-medieval_moyen-age_enluminures_chevalier-124x300.jpg 124w\" sizes=\"(max-width: 140px) 100vw, 140px\" \/>Dans cette approche, nous n&rsquo;en sommes pourtant pas aux conclusions et\u00a0nous voulons toujours garder un peu de cette fra\u00eecheur et de cet \u00e9tonnement face \u00e0 toutes ces \u00ab\u00a0r\u00e9alit\u00e9s\u00a0\u00bb.\u00a0Au bout du compte, il appartiendra \u00e0 chacun de faire le tri. A force de moudre et \u00e0 force de sens critique, nous fondons toutefois l&rsquo;espoir de\u00a0lever quelques coins de voile et de favoriser l&rsquo;\u00e9mergence de quelques vues plus nuanc\u00e9es.<\/p>\n<p style=\"text-align: justify;\">Sous l&rsquo;archive, bien s\u00fbr, une autre question de fond demeure. Sous le charme piquant et savoureux de l&rsquo;\u00e9vocation ou de l&rsquo;invocation, quelles qu&rsquo;en soient les formes, cet \u00e9trange \u00ab\u00a0objet m\u00e9di\u00e9val\u00a0\u00bb, support et r\u00e9ceptacle de tant de projections, serait-il devenu une forme d&rsquo;\u00e9chappatoire salutaire contre la grisaille de notre oppressante modernit\u00e9 ? Cette derni\u00e8re a-t-elle encore des visions, des ambitions ou des valeurs \u00e0 nous offrir en \u00e9change, pour faire le contrepoids ? Au del\u00e0 de la l\u00e9g\u00e8ret\u00e9 et du peu de substance du concept de \u00ab\u00a0Mode\u00a0\u00bb, c&rsquo;est bien de nous, de nos aspirations et de nos r\u00eaves dont la fascination pour le moyen-\u00e2ge nous parle, de nos v\u00e9ritables racines aussi, de celles qui ont fa\u00e7onn\u00e9 notre monde et qui lui ont donn\u00e9 du sens et peut-\u00eatre encore de cette volont\u00e9 que nous avons de nous inscrire dans une histoire qui fait sens.<\/p>\n<p style=\"text-align: justify;\">Alors, approchez, approchez bonne gens ! Entrez avec nous dans ce Moyen-\u00e2ge de tous les visages. Chacun pourra reconna\u00eetre le sien, celui qui se niche au plus profond de nous comme une r\u00e9miniscence, quelque chose que l&rsquo;on savait \u00eatre mais que l&rsquo;on avait oubli\u00e9, celui qui court entre les lignes de nos plus beaux auteurs m\u00e9di\u00e9vaux et de leurs legs, celui qu&rsquo;on trouvera au d\u00e9tour d&rsquo;une rue anim\u00e9e, color\u00e9e et criarde, le temps d&rsquo;une f\u00eate ou celui, encore, que les Historiens nous montrent du doigt.<\/p>\n<p style=\"text-align: justify;\">Approchez, approchez\u00a0! Choisissez votre personnage pour le temps du voyage : serez-vous ce moine rieur \u00e0 la franche descente et au joyeux coup de fourchette ou ce fr\u00e8re mis\u00e9reux qui a tourn\u00e9 le dos au monde des illusions\u00a0pour s&rsquo;en aller prier pour un monde meilleur et le salut des \u00e2mes ? Serez-vous prince, seigneur, chevalier ou princesse ? Ce paysan goguenard qui moque le clerc venu qu\u00e9mander \u00e0 sa porte ? Cette reine strat\u00e8ge qui impose\u00a0\u00e0 tous ses d\u00e9cisions et sa puissance ? Cette berg\u00e8re qui se refuse au chevalier et \u00e0 ses promesses de richesse, par amour pour son promis ? Soyez tout ce qu&rsquo;il vous plaira et qui puisse vous rendre heureux le temps d&rsquo;une incursion \u00e0 nos c\u00f4t\u00e9s, au c\u0153ur du moyen-\u00e2ge.<\/p>\n<p style=\"text-align: justify;\">Une belle ann\u00e9e 2019 \u00e0 tous sur Moyenagepassion.com et encore merci de votre pr\u00e9sence.<\/p>\n<p>Fr\u00e9d\u00e9ric F<\/p>\n","protected":false},"excerpt":{"rendered":"<p>Bonjour \u00e0 tous, vec la nouvelle ann\u00e9e, vient le temps des r\u00e9solutions et c&rsquo;est aussi le bon moment de faire un \u00e9dito de rentr\u00e9e pour pr\u00e9senter un peu mieux ce qui se cache derri\u00e8re Moyenagepassion. Avant toute chose, une petit bilan : apr\u00e8s plus de 3\u00a0 ans de posts r\u00e9guliers, sous-tendus par des milliers d&rsquo;heures &hellip; <a href=\"https:\/\/www.moyenagepassion.com\/index.php\/2019\/01\/20\/edito-rentree-2019-une-aventure-medievale-pour-un-moyen-age-en-question\/\" class=\"more-link\">Continuer la lecture de <span class=\"screen-reader-text\">Edito 2019, une belle aventure m\u00e9di\u00e9vale<\/span>  <span class=\"meta-nav\">&rarr;<\/span><\/a><\/p>\n","protected":false},"author":2,"featured_media":0,"comment_status":"open","ping_status":"open","sticky":false,"template":"","format":"standard","meta":{"_monsterinsights_skip_tracking":false,"_monsterinsights_sitenote_active":false,"_monsterinsights_sitenote_note":"","_monsterinsights_sitenote_category":0,"footnotes":""},"categories":[1],"tags":[2403,155,3235,1645,520,2895,182,18,1950,2487],"class_list":["post-25117","post","type-post","status-publish","format-standard","hentry","category-moyen-age-passion","tag-articles","tag-citation","tag-definition","tag-edito","tag-histoire-medievale","tag-medievalisme","tag-monde-medieval","tag-moyen-age","tag-representations","tag-symboles"],"aioseo_notices":[],"_links":{"self":[{"href":"https:\/\/www.moyenagepassion.com\/index.php\/wp-json\/wp\/v2\/posts\/25117"}],"collection":[{"href":"https:\/\/www.moyenagepassion.com\/index.php\/wp-json\/wp\/v2\/posts"}],"about":[{"href":"https:\/\/www.moyenagepassion.com\/index.php\/wp-json\/wp\/v2\/types\/post"}],"author":[{"embeddable":true,"href":"https:\/\/www.moyenagepassion.com\/index.php\/wp-json\/wp\/v2\/users\/2"}],"replies":[{"embeddable":true,"href":"https:\/\/www.moyenagepassion.com\/index.php\/wp-json\/wp\/v2\/comments?post=25117"}],"version-history":[{"count":1,"href":"https:\/\/www.moyenagepassion.com\/index.php\/wp-json\/wp\/v2\/posts\/25117\/revisions"}],"predecessor-version":[{"id":34665,"href":"https:\/\/www.moyenagepassion.com\/index.php\/wp-json\/wp\/v2\/posts\/25117\/revisions\/34665"}],"wp:attachment":[{"href":"https:\/\/www.moyenagepassion.com\/index.php\/wp-json\/wp\/v2\/media?parent=25117"}],"wp:term":[{"taxonomy":"category","embeddable":true,"href":"https:\/\/www.moyenagepassion.com\/index.php\/wp-json\/wp\/v2\/categories?post=25117"},{"taxonomy":"post_tag","embeddable":true,"href":"https:\/\/www.moyenagepassion.com\/index.php\/wp-json\/wp\/v2\/tags?post=25117"}],"curies":[{"name":"wp","href":"https:\/\/api.w.org\/{rel}","templated":true}]}}