{"id":25167,"date":"2019-01-23T08:16:24","date_gmt":"2019-01-23T07:16:24","guid":{"rendered":"https:\/\/www.moyenagepassion.com\/?p=25167"},"modified":"2020-10-04T18:12:15","modified_gmt":"2020-10-04T17:12:15","slug":"kaamelott-au-cinema-debut-de-tournage-imminent-pour-le-premier-film-de-la-trilogie","status":"publish","type":"post","link":"https:\/\/www.moyenagepassion.com\/index.php\/2019\/01\/23\/kaamelott-au-cinema-debut-de-tournage-imminent-pour-le-premier-film-de-la-trilogie\/","title":{"rendered":"Kaamelott au cin\u00e9ma : d\u00e9but de tournage imminent pour le premier volet de la trilogie"},"content":{"rendered":"<div id=\"moyen-774649707\" class=\"moyen-before-content moyen-entity-placement\"><script async src=\"\/\/pagead2.googlesyndication.com\/pagead\/js\/adsbygoogle.js?client=ca-pub-3035390706780632\" crossorigin=\"anonymous\"><\/script><ins class=\"adsbygoogle\" style=\"display:block;\" data-ad-client=\"ca-pub-3035390706780632\" \ndata-ad-slot=\"\" \ndata-ad-format=\"auto\"><\/ins>\n<script> \n(adsbygoogle = window.adsbygoogle || []).push({}); \n<\/script>\n<\/div><p><strong><a href=\"https:\/\/www.moyenagepassion.com\/wp-content\/uploads\/2018\/07\/kaamelott_integrale_dvd_serie_televisee_coffret_humour_legendes_arthuriennes_Graal.jpg\"><img decoding=\"async\" class=\"alignleft wp-image-22310\" src=\"https:\/\/www.moyenagepassion.com\/wp-content\/uploads\/2018\/07\/kaamelott_integrale_dvd_serie_televisee_coffret_humour_legendes_arthuriennes_Graal.jpg\" alt=\"kaamelott_integrale_dvd_serie_televisee_coffret_humour_legendes_arthuriennes_Graal\" width=\"55\" height=\"112\" srcset=\"https:\/\/www.moyenagepassion.com\/wp-content\/uploads\/2018\/07\/kaamelott_integrale_dvd_serie_televisee_coffret_humour_legendes_arthuriennes_Graal.jpg 254w, https:\/\/www.moyenagepassion.com\/wp-content\/uploads\/2018\/07\/kaamelott_integrale_dvd_serie_televisee_coffret_humour_legendes_arthuriennes_Graal-147x300.jpg 147w\" sizes=\"(max-width: 55px) 100vw, 55px\" \/><\/a>Sujet<\/strong>&nbsp;:&nbsp;Kaamelott, humour, s\u00e9rie t\u00e9l\u00e9vis\u00e9e,&nbsp; trilogie, cin\u00e9ma, tournage,&nbsp;<a href=\"https:\/\/www.moyenagepassion.com\/?s=l%C3%A9gendes+arthuriennes\" target=\"_blank\" rel=\"noopener noreferrer\">l\u00e9gendes arthuriennes<\/a>,&nbsp; qu\u00eate du Graal, Heroic Fantasy, m\u00e9di\u00e9val-fantastique, com\u00e9die.<br \/>\n<strong>P\u00e9riode<\/strong>&nbsp;: haut moyen-\u00e2ge \u00e0&nbsp; moyen-\u00e2ge central,<br \/>\n<strong>Auteur<\/strong>&nbsp;:&nbsp;<strong>Alexandre Astier<br \/>\n<\/strong><\/p>\n<p>Bonjour \u00e0 tous,<\/p>\n<p style=\"text-align: justify;\"><img decoding=\"async\" class=\"alignleft size-full wp-image-23900\" src=\"https:\/\/www.moyenagepassion.com\/wp-content\/uploads\/2018\/10\/O_lettrine_moyen_age_passion.jpg\" alt=\"O_lettrine_moyen_age_passion\" width=\"96\" height=\"103\">n sentait bien, depuis quelque temps, que le tournage du premier opus tr\u00e8s attendu de <strong>Kaamelott<\/strong> au cin\u00e9ma se pr\u00e9cisait.&nbsp; A l&rsquo;occasion de divers programmes et d&rsquo;interviews r\u00e9cents,&nbsp; <strong>Alexandre Astier<\/strong> l&rsquo;auteur de la c\u00e9l\u00e8bre s\u00e9rie t\u00e9l\u00e9vis\u00e9e avait, en effet, laiss\u00e9 \u00e9chapper quelques allusions confirmant que le projet&nbsp; allait s&rsquo;engager bient\u00f4t.<\/p>\n<h3 style=\"text-align: justify;\">\u00ab\u00a0D\u00e9but de tournage dans quelques jours\u00a0\u00bb<\/h3>\n<p style=\"text-align: justify;\">Comme il aime souvent \u00e0 le faire, c&rsquo;est par l&rsquo;interm\u00e9diaire des r\u00e9seaux sociaux qu&rsquo;il vient donc d&rsquo;annoncer, hier, la bonne nouvelle aux fans des L\u00e9gendes Arthuriennes \u00e0 la fran\u00e7aise. A en juger par&nbsp;les nombreux&nbsp;commentaires, retweets et partages qui ont suivi, sur Facebook et Twitter, tous s&rsquo;en montrent d\u00e9j\u00e0 ravis.<\/p>\n<p style=\"text-align: justify;\"><img decoding=\"async\" class=\"wp-image-4580 alignright\" src=\"https:\/\/www.moyenagepassion.com\/wp-content\/uploads\/2016\/06\/alexandre_astier_des_nouvelles_de_kaamelott_le_film_et_kaamelott_resistance.jpg\" alt=\"\" width=\"132\" height=\"147\">Avec pr\u00e8s de 10 ans d&rsquo;attente, les difficult\u00e9s juridiques des origines, suivies par quelques faux d\u00e9parts de communication, finissaient par donner, un&nbsp; peu, au projet des allures de l\u00e9gende. Force est de constater pourtant que&nbsp;si quelques \u00ab\u00a0m\u00e9cr\u00e9ants\u00a0\u00bb finissaient par se d\u00e9courager, la fan base, dans son ensemble,&nbsp; continuait de tenir bon, en r\u00e9pondant pr\u00e9sente \u00e0 chaque&nbsp;appel de l&rsquo;auteur. On se souvient notamment des longues files d&rsquo;attente devant la Fnac de Lyon, \u00e0 l&rsquo;occasion d&rsquo;une s\u00e9ance de d\u00e9dicace qu&rsquo;<strong>Alexandre Astier<\/strong> avait donn\u00e9 en d\u00e9cembre dernier, pour la sortie du coffret de <a href=\"https:\/\/www.moyenagepassion.com\/index.php\/2018\/07\/07\/legendes-arthuriennes-a-la-francaise-kaamelott-lintegrale-dvd-blu-ray-deja-disponible\/\" target=\"_blank\" rel=\"noopener noreferrer\">l&rsquo;Int\u00e9grale de la s\u00e9rie<\/a> ou m\u00eame encore de son passage tr\u00e8s remarqu\u00e9 au <strong>Festival d&rsquo;Angoul\u00eame<\/strong>, d\u00e9but 2018, pour le lancement du Tome 8 de la <strong>BD Kaamelott<\/strong> : <strong><em>\u00ab\u00a0<a href=\"https:\/\/www.moyenagepassion.com\/index.php\/2018\/01\/03\/kaamelott-trilogie-news-du-film-news-du-front-le-roi-a-parle\/\" target=\"_blank\" rel=\"noopener noreferrer\">L&rsquo;Antre du Basilic<\/a>\u00ab\u00a0. <\/em><\/strong>La presse avait m\u00eame parl\u00e9, \u00e0 cette occasion, de \u00ab\u00a0Mar\u00e9e humaine\u00a0\u00bb !<\/p>\n<p style=\"text-align: justify;\">Bref,&nbsp;pour y revenir, la nouvelle de ce d\u00e9part de tournage est de taille&nbsp;et risque de valoir \u00e0 l&rsquo;auteur de <strong>Kaamelott<\/strong> une nouvelle avalanche de questions de la part de toute la presse. Y r\u00e9pondra-t-il ?&nbsp; Rien n&rsquo;est moins s\u00fbr.&nbsp;Connaissant son go\u00fbt de&nbsp;la surprise et cette salutaire tendance qu&rsquo;il cultive \u00e0 n&rsquo;\u00eatre jamais l\u00e0 o\u00f9 on l&rsquo;attend, il pourrait bien \u00eatre enclin \u00e0 n&rsquo;en dire gu\u00e8re plus jusqu&rsquo;\u00e0 nouvel ordre, et choisir de se r\u00e9fugier, \u00e0&nbsp;nouveau, dans le silence.<\/p>\n<p style=\"text-align: justify;\"><a href=\"https:\/\/www.moyenagepassion.com\/wp-content\/uploads\/2019\/01\/kaamelott_trilogie_cinema_annonce_officielle_tournage_legendes-arthuriennes.jpg\" target=\"_blank\" rel=\"noopener noreferrer\"><img decoding=\"async\" class=\"alignnone wp-image-25169 size-full\" src=\"https:\/\/www.moyenagepassion.com\/wp-content\/uploads\/2019\/01\/kaamelott_trilogie_cinema_annonce_officielle_tournage_legendes-arthuriennes.jpg\" alt=\"kaamelott_trilogie_cinema_annonce_officielle_tournage_legendes-arthuriennes\" width=\"486\" height=\"549\" srcset=\"https:\/\/www.moyenagepassion.com\/wp-content\/uploads\/2019\/01\/kaamelott_trilogie_cinema_annonce_officielle_tournage_legendes-arthuriennes.jpg 486w, https:\/\/www.moyenagepassion.com\/wp-content\/uploads\/2019\/01\/kaamelott_trilogie_cinema_annonce_officielle_tournage_legendes-arthuriennes-266x300.jpg 266w\" sizes=\"(max-width: 486px) 100vw, 486px\" \/><\/a><\/p>\n<p style=\"text-align: justify;\">Si le d\u00e9marrage du tournage est donc bien confirm\u00e9 pour ce d\u00e9but 2019, \u00e0&nbsp;en juger par les \u00ab\u00a0Htags\u00a0\u00bb utilis\u00e9s, la sortie du film semble, pour l&rsquo;instant, pr\u00e9vue pour 2020. Au vue de la mer de dunes post\u00e9e par l&rsquo;auteur avec l&rsquo;annonce, les grands espaces seront au rendez-vous. Va-t-il tirer quelques passages de cette nouvelle aventure Kaamelottesque du c\u00f4t\u00e9 des r\u00e9f\u00e9rences moyen-orientales ? Myst\u00e8re. On ne sait pas non plus s&rsquo;il a retouch\u00e9 les scenarii qu&rsquo;il a d\u00e9clar\u00e9 avoir \u00e9crits depuis quelques ann\u00e9es d\u00e9j\u00e0,&nbsp;ni si le ton qu&rsquo;il adoptera sera plus proche des premiers opus non-sensiques de la s\u00e9rie, ou plut\u00f4t voisin des derniers livrets qui n&rsquo;\u00e9taient pas exempts d&rsquo;une certaine gravit\u00e9. Quoiqu&rsquo;il en soit, sachons nous contenter de cette heureuse nouvelle et souhaitons-lui bonne chance pour ce nouveau d\u00e9fi de r\u00e9alisation !<\/p>\n<h3 style=\"text-align: justify;\">Asterix au box office<\/h3>\n<p style=\"text-align: justify;\">Rappelons \u00e9galement qu&rsquo;en 2018, <strong>Alexandre Astier<\/strong>&nbsp;s&rsquo;est vu confier la r\u00e9alisation d&rsquo;un nouvel&nbsp;<strong>Asterix<\/strong>, au sc\u00e9nario cette-fois totalement original et \u00e9crit de sa plume :&nbsp;<strong>&nbsp;\u00ab\u00a0Le Secret de la potion Magique\u00a0\u00bb<\/strong>. Le film d&rsquo;animation faisait suite \u00e0 \u00ab\u00a0<strong><a href=\"https:\/\/www.moyenagepassion.com\/index.php\/2017\/06\/24\/guillaume-briat-de-kaamelott-et-la-burgondie-a-obelix-et-la-gaule-bretonne\/\" target=\"_blank\" rel=\"noopener noreferrer\">Asterix et le domaine des Dieux<\/a><\/strong>\u00a0\u00bb sorti en 2014 et qui avait connu un franc succ\u00e8s. Tr\u00e8s&nbsp;bien accueilli par le public, ce deuxi\u00e8me film, r\u00e9alis\u00e9 une nouvelle fois, avec la complicit\u00e9 de <strong>Louis Clichy<\/strong>&nbsp;a d\u00e9j\u00e0 d\u00e9pass\u00e9 depuis sa sortie, d\u00e9but d\u00e9cembre,&nbsp; les 13 millions d&rsquo;entr\u00e9es au box office et il est toujours \u00e0 l&rsquo;affiche.<\/p>\n<p style=\"text-align: justify;\"><a href=\"https:\/\/www.moyenagepassion.com\/?s=Kaamelott\" target=\"_blank\" rel=\"noopener noreferrer\">Retrouvez tous nos articles sur la s\u00e9rie Kaamelott au lien suivant.<\/a><\/p>\n<p>En vous souhaitant une belle journ\u00e9e.<\/p>\n<p>Fred<br \/>\nPour moyenagepassion.com<br \/>\n<em><strong>A la d\u00e9couverte du monde m\u00e9di\u00e9val sous toutes ses formes<\/strong><\/em><\/p>\n","protected":false},"excerpt":{"rendered":"<p>Sujet&nbsp;:&nbsp;Kaamelott, humour, s\u00e9rie t\u00e9l\u00e9vis\u00e9e,&nbsp; trilogie, cin\u00e9ma, tournage,&nbsp;l\u00e9gendes arthuriennes,&nbsp; qu\u00eate du Graal, Heroic Fantasy, m\u00e9di\u00e9val-fantastique, com\u00e9die. P\u00e9riode&nbsp;: haut moyen-\u00e2ge \u00e0&nbsp; moyen-\u00e2ge central, Auteur&nbsp;:&nbsp;Alexandre Astier Bonjour \u00e0 tous, n sentait bien, depuis quelque temps, que le tournage du premier opus tr\u00e8s attendu de Kaamelott au cin\u00e9ma se pr\u00e9cisait.&nbsp; A l&rsquo;occasion de divers programmes et d&rsquo;interviews r\u00e9cents,&nbsp; Alexandre &hellip; <a href=\"https:\/\/www.moyenagepassion.com\/index.php\/2019\/01\/23\/kaamelott-au-cinema-debut-de-tournage-imminent-pour-le-premier-film-de-la-trilogie\/\" class=\"more-link\">Continuer la lecture de <span class=\"screen-reader-text\">Kaamelott au cin\u00e9ma : d\u00e9but de tournage imminent pour le premier volet de la trilogie<\/span>  <span class=\"meta-nav\">&rarr;<\/span><\/a><\/p>\n","protected":false},"author":2,"featured_media":0,"comment_status":"open","ping_status":"open","sticky":false,"template":"","format":"standard","meta":{"_monsterinsights_skip_tracking":false,"_monsterinsights_sitenote_active":false,"_monsterinsights_sitenote_note":"","_monsterinsights_sitenote_category":0,"footnotes":""},"categories":[6,10],"tags":[197,72,2401,69,1587,556,262,85,4294,858,4490,4293,1149],"class_list":["post-25167","post","type-post","status-publish","format-standard","hentry","category-films-moyen-age","category-series-televisees-moyen-age","tag-alexandre-astier","tag-cinema","tag-comedie","tag-haut-moyen-age","tag-heroic-fantasy","tag-kaamelott","tag-medieval-fantastique","tag-moyen-age-central","tag-news","tag-quete-du-graal","tag-serie-tv","tag-tournage","tag-trilogie"],"aioseo_notices":[],"_links":{"self":[{"href":"https:\/\/www.moyenagepassion.com\/index.php\/wp-json\/wp\/v2\/posts\/25167"}],"collection":[{"href":"https:\/\/www.moyenagepassion.com\/index.php\/wp-json\/wp\/v2\/posts"}],"about":[{"href":"https:\/\/www.moyenagepassion.com\/index.php\/wp-json\/wp\/v2\/types\/post"}],"author":[{"embeddable":true,"href":"https:\/\/www.moyenagepassion.com\/index.php\/wp-json\/wp\/v2\/users\/2"}],"replies":[{"embeddable":true,"href":"https:\/\/www.moyenagepassion.com\/index.php\/wp-json\/wp\/v2\/comments?post=25167"}],"version-history":[{"count":1,"href":"https:\/\/www.moyenagepassion.com\/index.php\/wp-json\/wp\/v2\/posts\/25167\/revisions"}],"predecessor-version":[{"id":34029,"href":"https:\/\/www.moyenagepassion.com\/index.php\/wp-json\/wp\/v2\/posts\/25167\/revisions\/34029"}],"wp:attachment":[{"href":"https:\/\/www.moyenagepassion.com\/index.php\/wp-json\/wp\/v2\/media?parent=25167"}],"wp:term":[{"taxonomy":"category","embeddable":true,"href":"https:\/\/www.moyenagepassion.com\/index.php\/wp-json\/wp\/v2\/categories?post=25167"},{"taxonomy":"post_tag","embeddable":true,"href":"https:\/\/www.moyenagepassion.com\/index.php\/wp-json\/wp\/v2\/tags?post=25167"}],"curies":[{"name":"wp","href":"https:\/\/api.w.org\/{rel}","templated":true}]}}