{"id":25294,"date":"2019-02-05T19:09:57","date_gmt":"2019-02-05T18:09:57","guid":{"rendered":"https:\/\/www.moyenagepassion.com\/?p=25294"},"modified":"2020-09-23T02:12:20","modified_gmt":"2020-09-23T01:12:20","slug":"le-dizain-dun-amant-tourmente-par-mellin-de-saint-gelais","status":"publish","type":"post","link":"https:\/\/www.moyenagepassion.com\/index.php\/2019\/02\/05\/le-dizain-dun-amant-tourmente-par-mellin-de-saint-gelais\/","title":{"rendered":"Le Dizain d&rsquo;un amant tourment\u00e9 par Melin de Saint-Gelais"},"content":{"rendered":"<div id=\"moyen-2290684087\" class=\"moyen-before-content moyen-entity-placement\"><script async src=\"\/\/pagead2.googlesyndication.com\/pagead\/js\/adsbygoogle.js?client=ca-pub-3035390706780632\" crossorigin=\"anonymous\"><\/script><ins class=\"adsbygoogle\" style=\"display:block;\" data-ad-client=\"ca-pub-3035390706780632\" \ndata-ad-slot=\"\" \ndata-ad-format=\"auto\"><\/ins>\n<script> \n(adsbygoogle = window.adsbygoogle || []).push({}); \n<\/script>\n<\/div><p><strong><img decoding=\"async\" class=\"alignleft wp-image-24862 size-full\" src=\"https:\/\/www.moyenagepassion.com\/wp-content\/uploads\/2018\/12\/epigramme_poesie_ancienne_Melin-de-Saint-Gelais.jpg\" alt=\"\" width=\"84\" height=\"167\" \/>Sujet :<\/strong>\u00a0 po\u00e9sies courtes,\u00a0 dizain, po\u00e9sie de cour, renaissance. amour courtois,<br \/>\n<strong>P\u00e9riode :<\/strong>\u00a0 XVIe, renaissance, fin du moyen-\u00e2ge<br \/>\n<strong>Auteur<\/strong>\u00a0 : Mellin Sainct-Gelays, Mellin de Saint-Gelais<br \/>\nou Melin (de) Saint- Gelais (1491-1558)<br \/>\n<strong>Ouvrage<\/strong>\u00a0 : <span style=\"font-family: Arial, sans-serif;\"><span style=\"font-size: medium;\"><em>Les po\u00e8tes fran\u00e7ois depuis le XIIe\u00a0si\u00e8cle jusqu&rsquo;\u00e0 Malherbe<\/em>\u00a0Tome II Pierre Ren\u00e9 Auguis<span style=\"font-size: small;\">\u00a0(1824)<\/span><\/span><\/span><\/p>\n<p>Bonjour \u00e0 tous,<\/p>\n<p style=\"text-align: justify;\"><img decoding=\"async\" class=\"alignleft size-full wp-image-24221\" src=\"https:\/\/www.moyenagepassion.com\/wp-content\/uploads\/2015\/12\/A_lettrine_moyen_age_passion1.jpg\" alt=\"A_lettrine_moyen_age_passion\" width=\"84\" height=\"103\" \/>ujourd&rsquo;hui, nous vous proposons une nouvelle po\u00e9sie courte dat\u00e9e de la toute fin du moyen-\u00e2ge et m\u00eame de la renaissance.<\/p>\n<p style=\"text-align: justify;\">Si l&rsquo;on voulait prendre un raccourci commode, bien que certainement un peu abrupt, c&rsquo;est une p\u00e9riode qui va voir coexister et m\u00eame, parfois, s&rsquo;opposer une po\u00e9sie de cour l\u00e9g\u00e8re, voir primesauti\u00e8re qui se signe par une recherche du bon mot, de la bonne chute (<a href=\"https:\/\/www.moyenagepassion.com\/index.php\/2017\/07\/09\/fleur-de-poesie-un-quatrain-de-la-fin-du-moyen-age-et-des-debuts-de-la-renaissance\/\" target=\"_blank\" rel=\"noopener noreferrer\">voir La fleur de po\u00e9sie fran\u00e7oyse<\/a>) \u00e0 une autre po\u00e9sie aux ambitions plus \u00e9lev\u00e9es, qui entend bien faire le deuil du moyen-\u00e2ge et qui prend, il faut bien le dire, son r\u00f4le tr\u00e8s au s\u00e9rieux. Cette derni\u00e8re sera repr\u00e9sent\u00e9e par les auteurs de la Pl\u00e9iade.\u00a0Inspir\u00e9s par les sonnets et le legs de <a href=\"https:\/\/www.moyenagepassion.com\/index.php\/2016\/07\/11\/le-chemin-de-la-vie-par-francois-petrarque\/\" target=\"_blank\" rel=\"noopener noreferrer\">P\u00e9trarque<\/a>, ils se r\u00e9clameront r\u00e9solument des auteurs antiques. De l&rsquo;autre c\u00f4t\u00e9, celle qui ne rougit pas de se faire, par endroits, plus divertissante et qui renie, sans doute moins aussi, certaines de ses racines m\u00e9di\u00e9vales, on trouvera comme chefs de file\u00a0\u00a0<strong><a href=\"https:\/\/www.moyenagepassion.com\/index.php\/moyen-age\/musique-medieval-historique-fantaisie-celtique\/clement-marot\/\" target=\"_blank\" rel=\"noopener noreferrer\"> Cl\u00e9ment Marot<\/a><\/strong> et<strong> Mellin<\/strong>\u00a0 de <strong>Saint-Gelais<\/strong>.<\/p>\n<p style=\"text-align: justify;\">C&rsquo;est \u00e0 ce dernier que l&rsquo;on doit le dizain du jour. Nous l&rsquo;avons tir\u00e9 d&rsquo;une excellente anthologie de la po\u00e9sie fran\u00e7aise des d\u00e9buts du XIXe, sign\u00e9e de la main de\u00a0 <strong>Pierre-Ren\u00e9 Auguis<\/strong>. <strong>Saint-Gelais<\/strong> y chante avec \u00e9l\u00e9gance les d\u00e9boires d&rsquo;un amant tourment\u00e9 qui ne sont pas sans \u00e9voquer sur le fond les affres sentimentaux auxquels l&rsquo;amour courtois des si\u00e8cles pr\u00e9c\u00e9dents nous a largement accoutum\u00e9.<\/p>\n<p><a href=\"https:\/\/www.moyenagepassion.com\/wp-content\/uploads\/2019\/02\/melin_saint_gelais_dixain_XVIe.jpg\"><img decoding=\"async\" class=\"alignnone size-full wp-image-25295\" src=\"https:\/\/www.moyenagepassion.com\/wp-content\/uploads\/2019\/02\/melin_saint_gelais_dixain_XVIe.jpg\" alt=\"melin_saint_gelais_dixain_XVIe\" width=\"480\" height=\"323\" srcset=\"https:\/\/www.moyenagepassion.com\/wp-content\/uploads\/2019\/02\/melin_saint_gelais_dixain_XVIe.jpg 480w, https:\/\/www.moyenagepassion.com\/wp-content\/uploads\/2019\/02\/melin_saint_gelais_dixain_XVIe-300x202.jpg 300w\" sizes=\"(max-width: 480px) 100vw, 480px\" \/><\/a><\/p>\n<h2 style=\"text-align: center;\">Dixain<\/h2>\n<p style=\"text-align: center;\"><span style=\"color: #008000;\"><strong><em>SI j&rsquo;ai du bien, h\u00e9las ! c&rsquo;est par mensonge,<\/em><\/strong><\/span><br \/>\n<span style=\"color: #008000;\"><strong><em>Et mon tourment est pure v\u00e9rit\u00e9 :<\/em><\/strong><\/span><br \/>\n<span style=\"color: #008000;\"><strong><em>Je n&rsquo;ai douceur qu&rsquo;en dormant et en songe,<\/em><\/strong><\/span><br \/>\n<span style=\"color: #008000;\"><strong><em>Et en veillant, je n&rsquo;ai qu&rsquo;aust\u00e9rit\u00e9 :<\/em><\/strong><\/span><br \/>\n<span style=\"color: #008000;\"><strong><em>Le jour m&rsquo;est mal, et bien, l&rsquo;obscurit\u00e9 :<\/em><\/strong><\/span><br \/>\n<span style=\"color: #008000;\"><strong><em>Le court sommeil ma dame me pr\u00e9sente,<\/em><\/strong><\/span><br \/>\n<span style=\"color: #008000;\"><strong><em>Et le r\u00e9veil la fait trouver absente. &#8211;<\/em><\/strong><\/span><br \/>\n<span style=\"color: #008000;\"><strong><em>Ah ! pauvres yeux, o\u00f9 estes-vous r\u00e9duits ?<\/em><\/strong><\/span><br \/>\n<span style=\"color: #008000;\"><strong><em>Clos, vous voyez tout ce qui vous contente,<\/em><\/strong><\/span><br \/>\n<span style=\"color: #008000;\"><strong><em>\u00a0\u00bb Tandis qu&rsquo;ouverts, ne voyez rien qu&rsquo;ennuis.<\/em><\/strong><\/span><\/p>\n<p>En vous souhaitant une belle journ\u00e9e.<\/p>\n<p>Fred<br \/>\nPour moyenagepassion.com<br \/>\n<em><strong>A la d\u00e9couverte du Moyen-\u00e2ge\u00a0sous toutes ses formes.<\/strong><\/em><\/p>\n","protected":false},"excerpt":{"rendered":"<p>Sujet :\u00a0 po\u00e9sies courtes,\u00a0 dizain, po\u00e9sie de cour, renaissance. amour courtois, P\u00e9riode :\u00a0 XVIe, renaissance, fin du moyen-\u00e2ge Auteur\u00a0 : Mellin Sainct-Gelays, Mellin de Saint-Gelais ou Melin (de) Saint- Gelais (1491-1558) Ouvrage\u00a0 : Les po\u00e8tes fran\u00e7ois depuis le XIIe\u00a0si\u00e8cle jusqu&rsquo;\u00e0 Malherbe\u00a0Tome II Pierre Ren\u00e9 Auguis\u00a0(1824) Bonjour \u00e0 tous, ujourd&rsquo;hui, nous vous proposons une nouvelle po\u00e9sie &hellip; <a href=\"https:\/\/www.moyenagepassion.com\/index.php\/2019\/02\/05\/le-dizain-dun-amant-tourmente-par-mellin-de-saint-gelais\/\" class=\"more-link\">Continuer la lecture de <span class=\"screen-reader-text\">Le Dizain d&rsquo;un amant tourment\u00e9 par Melin de Saint-Gelais<\/span>  <span class=\"meta-nav\">&rarr;<\/span><\/a><\/p>\n","protected":false},"author":2,"featured_media":0,"comment_status":"open","ping_status":"open","sticky":false,"template":"","format":"standard","meta":{"_monsterinsights_skip_tracking":false,"_monsterinsights_sitenote_active":false,"_monsterinsights_sitenote_note":"","_monsterinsights_sitenote_category":0,"footnotes":""},"categories":[3034,9],"tags":[1556,3036,4309,3035,2382,294,1013,3217],"class_list":["post-25294","post","type-post","status-publish","format-standard","hentry","category-melin-saint-gelais","category-musique-medieval-historique-fantaisie-celtique","tag-dizain","tag-melin-saint-gelais","tag-mellin-de-saint-gelais","tag-poesie-de-cour","tag-poesies-courtes","tag-poete","tag-renaissance","tag-xvie-siecle"],"aioseo_notices":[],"_links":{"self":[{"href":"https:\/\/www.moyenagepassion.com\/index.php\/wp-json\/wp\/v2\/posts\/25294"}],"collection":[{"href":"https:\/\/www.moyenagepassion.com\/index.php\/wp-json\/wp\/v2\/posts"}],"about":[{"href":"https:\/\/www.moyenagepassion.com\/index.php\/wp-json\/wp\/v2\/types\/post"}],"author":[{"embeddable":true,"href":"https:\/\/www.moyenagepassion.com\/index.php\/wp-json\/wp\/v2\/users\/2"}],"replies":[{"embeddable":true,"href":"https:\/\/www.moyenagepassion.com\/index.php\/wp-json\/wp\/v2\/comments?post=25294"}],"version-history":[{"count":0,"href":"https:\/\/www.moyenagepassion.com\/index.php\/wp-json\/wp\/v2\/posts\/25294\/revisions"}],"wp:attachment":[{"href":"https:\/\/www.moyenagepassion.com\/index.php\/wp-json\/wp\/v2\/media?parent=25294"}],"wp:term":[{"taxonomy":"category","embeddable":true,"href":"https:\/\/www.moyenagepassion.com\/index.php\/wp-json\/wp\/v2\/categories?post=25294"},{"taxonomy":"post_tag","embeddable":true,"href":"https:\/\/www.moyenagepassion.com\/index.php\/wp-json\/wp\/v2\/tags?post=25294"}],"curies":[{"name":"wp","href":"https:\/\/api.w.org\/{rel}","templated":true}]}}