{"id":25319,"date":"2019-02-08T19:05:06","date_gmt":"2019-02-08T18:05:06","guid":{"rendered":"https:\/\/www.moyenagepassion.com\/?p=25319"},"modified":"2019-02-19T21:15:09","modified_gmt":"2019-02-19T20:15:09","slug":"celebration-historique-le-3-mars-jeanne-darc-de-retour-a-chinon","status":"publish","type":"post","link":"https:\/\/www.moyenagepassion.com\/index.php\/2019\/02\/08\/celebration-historique-le-3-mars-jeanne-darc-de-retour-a-chinon\/","title":{"rendered":"C\u00e9l\u00e9bration historique: le 3 mars, Jeanne d&rsquo;Arc de retour \u00e0 Chinon"},"content":{"rendered":"<div id=\"moyen-3569706235\" class=\"moyen-before-content moyen-entity-placement\"><script async src=\"\/\/pagead2.googlesyndication.com\/pagead\/js\/adsbygoogle.js?client=ca-pub-3035390706780632\" crossorigin=\"anonymous\"><\/script><ins class=\"adsbygoogle\" style=\"display:block;\" data-ad-client=\"ca-pub-3035390706780632\" \ndata-ad-slot=\"\" \ndata-ad-format=\"auto\"><\/ins>\n<script> \n(adsbygoogle = window.adsbygoogle || []).push({}); \n<\/script>\n<\/div><p><strong><a href=\"https:\/\/www.moyenagepassion.com\/wp-content\/uploads\/2019\/02\/blason_armoiries_medievale_chinon_jeanne-d-arc.jpg\"><img decoding=\"async\" class=\"alignleft wp-image-25324\" src=\"https:\/\/www.moyenagepassion.com\/wp-content\/uploads\/2019\/02\/blason_armoiries_medievale_chinon_jeanne-d-arc.jpg\" alt=\"blason_armoiries_medievale_chinon_jeanne-d-arc\" width=\"157\" height=\"168\" \/><\/a>Sujet<\/strong> : f\u00eates historiques, c\u00e9l\u00e9bration, Jeanne d&rsquo;Arc, Guerre de cent ans, animations m\u00e9di\u00e9vales, Charles VII,<br \/>\n<strong>P\u00e9riode<\/strong> : XVe, moyen-\u00e2ge tardif<br \/>\n<strong>Ev\u00e9nement<\/strong> :\u00a0La chevauch\u00e9e de Jeanne<br \/>\n<strong>Dates<\/strong> : le Dimanche 3 mars 2019<br \/>\n<strong>Lieu<\/strong> : Chinon,\u00a0Indre-et-Loire, Centre-Val de Loire<\/p>\n<p>Bonjour \u00e0 tous,<\/p>\n<p style=\"text-align: justify;\"><img decoding=\"async\" class=\"alignleft size-full wp-image-23896\" src=\"https:\/\/www.moyenagepassion.com\/wp-content\/uploads\/2018\/10\/L_lettrine_moyen_age_passion.jpg\" alt=\"L_lettrine_moyen_age_passion\" width=\"84\" height=\"103\" \/>e 3 mars prochain, l&rsquo;<strong>Association Jeanne en Lumi\u00e8re\u00a0\u00a0<\/strong>de Chinon proposera sa 4e \u00e9dition de\u00a0\u00a0<em><strong>La Chevauch\u00e9e de Jeanne<\/strong><\/em>. Depuis 4 ans, l&rsquo;\u00e9v\u00e9nement c\u00e9l\u00e8bre l&rsquo;entrevue historique\u00a0entre\u00a0<strong>Jeanne d&rsquo;Arc\u00a0 <\/strong>et\u00a0<strong>Charles VII<\/strong>\u00a0\u00e0 Chinon et la pucelle d&rsquo;Orl\u00e9ans y est invit\u00e9e\u00a0\u00e0 arpenter, de nouveau, les rues de la Cit\u00e9, \u00e0 la rencontre de sa grande destin\u00e9e.<\/p>\n<p style=\"text-align: justify;\"><strong><em><span style=\"color: #008000;\">\u00ab\u00a0Gentil Dauphin, j&rsquo;ai nom Jeanne la Pucelle et vous mande le Roi des cieux, par moi, que vous serez sacr\u00e9 et couronn\u00e9 dans la ville de Reims\u00a0\u00bb<\/span><br \/>\n<\/em><\/strong><em>Jeanne d&rsquo;Arc \u00e0 Charles VII<\/em><\/p>\n<p style=\"text-align: justify;\">C&rsquo;\u00e9tait il y a tout juste 590 ans, en f\u00e9vrier 1429, et l&rsquo;\u00e9tonnant \u00e9change entre\u00a0la jeune fille encore adolescente et le dauphin allait changer le cours de l&rsquo;Histoire. Les anglais allaient \u00eatre bout\u00e9s hors de France et la pucelle aiderait par ses exploits \u00e0 faire consacrer le <a href=\"https:\/\/www.moyenagepassion.com\/wp-content\/uploads\/2019\/02\/fetes-historiques_animations-medievales_chevauchee_jeanne-d-arc_charles-VII_chinon.jpg\"><img decoding=\"async\" class=\"alignright wp-image-25321\" src=\"https:\/\/www.moyenagepassion.com\/wp-content\/uploads\/2019\/02\/fetes-historiques_animations-medievales_chevauchee_jeanne-d-arc_charles-VII_chinon.jpg\" alt=\"fetes-historiques_animations-medievales_chevauchee_jeanne-d-arc_charles-VII_chinon\" width=\"196\" height=\"277\" srcset=\"https:\/\/www.moyenagepassion.com\/wp-content\/uploads\/2019\/02\/fetes-historiques_animations-medievales_chevauchee_jeanne-d-arc_charles-VII_chinon.jpg 450w, https:\/\/www.moyenagepassion.com\/wp-content\/uploads\/2019\/02\/fetes-historiques_animations-medievales_chevauchee_jeanne-d-arc_charles-VII_chinon-212x300.jpg 212w\" sizes=\"(max-width: 196px) 100vw, 196px\" \/><\/a>roi. Quelquefois, au milieu du chaos, un \u00eatre improbable, anim\u00e9 de sa seule foi\u00a0et que nul n&rsquo;attend plus, se dresse contre ce que l&rsquo;on pensait \u00eatre une fatalit\u00e9. Cette page de l&rsquo;Histoire fran\u00e7aise qui d\u00e9bute et se poursuit comme un mythe pour s&rsquo;achever tristement dans l&rsquo;injustice et les flammes, continue de figurer comme une de plus surprenantes de notre r\u00e9cit national et pour nombre d&rsquo;esprits, si les miracles existent, celui-ci en fut un.<\/p>\n<h2 style=\"text-align: justify;\">Au programme de la chevauch\u00e9e de Jeanne<\/h2>\n<p style=\"text-align: justify;\">Pour f\u00eater dignement l&rsquo;\u00e9v\u00e9nement, les organisateurs de cette chevauch\u00e9e en hommage \u00e0 l&rsquo;h\u00e9ro\u00efne m\u00e9di\u00e9vale proposent\u00a0une marche qui partira des dehors de Chinon pour accompagner Jeanne d&rsquo;Arc et ses chevaliers jusque dans les murs de la cit\u00e9. Une fois sur place et apr\u00e8s la remise de l&rsquo;\u00e9tendard, suivront un d\u00e9fil\u00e9 en costumes d&rsquo;\u00e9poque, ainsi que des animations m\u00e9di\u00e9vales\u00a0sous la houlette du\u00a0tr\u00e9pident et tr\u00e8s actif <a href=\"https:\/\/www.moyenagepassion.com\/index.php\/2018\/02\/07\/patrick-proust-artiste-et-musicien-multifacette-passionne-dhistoire-ancienne\/\" target=\"_blank\">Patrick Proust<\/a>. Avant de clore cette journ\u00e9e par quelques agapes autour d&rsquo;un verre de l&rsquo;amiti\u00e9, toute cette joyeuse troupe devrait accompagner Jeanne en cort\u00e8ge jusqu&rsquo;\u00e0 la forteresse.<\/p>\n<p><a href=\"https:\/\/www.facebook.com\/Jeanne-En-Lumi%C3%A8re-1721562208075619\/\" target=\"_blank\">Pour plus d&rsquo;informations, voir le Facebook de l&rsquo;\u00e9v\u00e9nement<\/a><\/p>\n<p>En vous souhaitant une belle journ\u00e9e.<\/p>\n<p>Fred<br \/>\nPour moyenagepassion.com<br \/>\n<em><strong>A la d\u00e9couverte du Moyen-\u00e2ge sous toutes ses formes.<\/strong><\/em><\/p>\n","protected":false},"excerpt":{"rendered":"<p>Sujet : f\u00eates historiques, c\u00e9l\u00e9bration, Jeanne d&rsquo;Arc, Guerre de cent ans, animations m\u00e9di\u00e9vales, Charles VII, P\u00e9riode : XVe, moyen-\u00e2ge tardif Ev\u00e9nement :\u00a0La chevauch\u00e9e de Jeanne Dates : le Dimanche 3 mars 2019 Lieu : Chinon,\u00a0Indre-et-Loire, Centre-Val de Loire Bonjour \u00e0 tous, e 3 mars prochain, l&rsquo;Association Jeanne en Lumi\u00e8re\u00a0\u00a0de Chinon proposera sa 4e \u00e9dition de\u00a0\u00a0La &hellip; <a href=\"https:\/\/www.moyenagepassion.com\/index.php\/2019\/02\/08\/celebration-historique-le-3-mars-jeanne-darc-de-retour-a-chinon\/\" class=\"more-link\">Continuer la lecture de <span class=\"screen-reader-text\">C\u00e9l\u00e9bration historique: le 3 mars, Jeanne d&rsquo;Arc de retour \u00e0 Chinon<\/span>  <span class=\"meta-nav\">&rarr;<\/span><\/a><\/p>\n","protected":false},"author":2,"featured_media":0,"comment_status":"open","ping_status":"open","sticky":false,"template":"","format":"standard","meta":{"_monsterinsights_skip_tracking":false,"_monsterinsights_sitenote_active":false,"_monsterinsights_sitenote_note":"","_monsterinsights_sitenote_category":0,"footnotes":""},"categories":[11],"tags":[2529,2771,4023,226,4314,1339,2641,430,1819,4315],"class_list":["post-25319","post","type-post","status-publish","format-standard","hentry","category-fetes-medievales-evenement","tag-animations-medievales","tag-celebration","tag-centre-val-de-loire","tag-charles-vii","tag-chinon","tag-fetes-historiques","tag-fetes-johanniques","tag-guerre-de-cent-ans","tag-jeanne-darc","tag-la-chevauchee-de-jeanne"],"aioseo_notices":[],"_links":{"self":[{"href":"https:\/\/www.moyenagepassion.com\/index.php\/wp-json\/wp\/v2\/posts\/25319"}],"collection":[{"href":"https:\/\/www.moyenagepassion.com\/index.php\/wp-json\/wp\/v2\/posts"}],"about":[{"href":"https:\/\/www.moyenagepassion.com\/index.php\/wp-json\/wp\/v2\/types\/post"}],"author":[{"embeddable":true,"href":"https:\/\/www.moyenagepassion.com\/index.php\/wp-json\/wp\/v2\/users\/2"}],"replies":[{"embeddable":true,"href":"https:\/\/www.moyenagepassion.com\/index.php\/wp-json\/wp\/v2\/comments?post=25319"}],"version-history":[{"count":0,"href":"https:\/\/www.moyenagepassion.com\/index.php\/wp-json\/wp\/v2\/posts\/25319\/revisions"}],"wp:attachment":[{"href":"https:\/\/www.moyenagepassion.com\/index.php\/wp-json\/wp\/v2\/media?parent=25319"}],"wp:term":[{"taxonomy":"category","embeddable":true,"href":"https:\/\/www.moyenagepassion.com\/index.php\/wp-json\/wp\/v2\/categories?post=25319"},{"taxonomy":"post_tag","embeddable":true,"href":"https:\/\/www.moyenagepassion.com\/index.php\/wp-json\/wp\/v2\/tags?post=25319"}],"curies":[{"name":"wp","href":"https:\/\/api.w.org\/{rel}","templated":true}]}}