{"id":25357,"date":"2019-02-12T22:59:42","date_gmt":"2019-02-12T21:59:42","guid":{"rendered":"https:\/\/www.moyenagepassion.com\/?p=25357"},"modified":"2019-02-12T23:01:46","modified_gmt":"2019-02-12T22:01:46","slug":"medfrost-marche-animations-medievales-morbecque","status":"publish","type":"post","link":"https:\/\/www.moyenagepassion.com\/index.php\/2019\/02\/12\/medfrost-marche-animations-medievales-morbecque\/","title":{"rendered":"La Med&rsquo;Frost : march\u00e9 et animations m\u00e9di\u00e9vales \u00e0 Morbecque"},"content":{"rendered":"<div id=\"moyen-4112495602\" class=\"moyen-before-content moyen-entity-placement\"><script async src=\"\/\/pagead2.googlesyndication.com\/pagead\/js\/adsbygoogle.js?client=ca-pub-3035390706780632\" crossorigin=\"anonymous\"><\/script><ins class=\"adsbygoogle\" style=\"display:block;\" data-ad-client=\"ca-pub-3035390706780632\" \ndata-ad-slot=\"\" \ndata-ad-format=\"auto\"><\/ins>\n<script> \n(adsbygoogle = window.adsbygoogle || []).push({}); \n<\/script>\n<\/div><p><strong><img decoding=\"async\" class=\"alignleft wp-image-25358\" src=\"https:\/\/www.moyenagepassion.com\/wp-content\/uploads\/2019\/02\/morbecque_marche-medieval_animations_armoirie_ecu_blason.jpg\" alt=\"morbecque_marche-medieval_animations_armoirie_ecu_blason\" width=\"102\" height=\"152\" srcset=\"https:\/\/www.moyenagepassion.com\/wp-content\/uploads\/2019\/02\/morbecque_marche-medieval_animations_armoirie_ecu_blason.jpg 226w, https:\/\/www.moyenagepassion.com\/wp-content\/uploads\/2019\/02\/morbecque_marche-medieval_animations_armoirie_ecu_blason-201x300.jpg 201w\" sizes=\"(max-width: 102px) 100vw, 102px\" \/>Sujet<\/strong>\u00a0;\u00a0 animations, compagnies m\u00e9di\u00e9vales, f\u00eate m\u00e9di\u00e9vale, campement, Moyen-\u00e2ge festif, march\u00e9 artisanal, march\u00e9 m\u00e9di\u00e9val, M\u00e9di\u00e9vale d&rsquo;Hiver.<br \/>\n<strong>Ev\u00e9nement\u00a0<\/strong>: <strong>La Med&rsquo;Frost<\/strong><br \/>\n<strong>Lieu<\/strong>\u00a0: Morbecque,\u00a0Nord, Hauts-de-France<br \/>\n<strong>Organisateur<\/strong> : les Sorci\u00e8res du Parc<br \/>\n<strong>Dates<\/strong>\u00a0: samedi\u00a016 &amp;\u00a0dimanche 17 f\u00e9vrier 2019<\/p>\n<p>Bonjour \u00e0 tous,<\/p>\n<p style=\"text-align: justify;\"><img decoding=\"async\" class=\"alignleft size-full wp-image-23890\" src=\"https:\/\/www.moyenagepassion.com\/wp-content\/uploads\/2018\/10\/F_lettrine_moyen_age_passion-copia.jpg\" alt=\"F_lettrine_moyen_age_passion-copia\" width=\"108\" height=\"103\" \/>ort du succ\u00e8s de son \u00e9v\u00e9nement <a href=\"https:\/\/www.moyenagepassion.com\/index.php\/2018\/09\/06\/agenda-moyen-age-en-fete-et-animations-medievales-du-week-end\/\" target=\"_blank\">La F\u00eate des Sorci\u00e8res de Morbecque<\/a>, qui c\u00e9l\u00e9brera, en septembre prochain, sa 10e \u00e9dition, la m\u00eame association a d\u00e9cid\u00e9 d&rsquo;ouvrir une session hivernale, dans le m\u00eame esprit.<\/p>\n<p style=\"text-align: justify;\"><a href=\"https:\/\/www.moyenagepassion.com\/wp-content\/uploads\/2019\/02\/marche_artisanal_medieval_Morbecque_animations_campements_moyen-age-festif.jpg\"><img decoding=\"async\" class=\"alignright wp-image-25360\" src=\"https:\/\/www.moyenagepassion.com\/wp-content\/uploads\/2019\/02\/marche_artisanal_medieval_Morbecque_animations_campements_moyen-age-festif.jpg\" alt=\"marche_artisanal_medieval_Morbecque_animations_campements_moyen-age-festif\" width=\"219\" height=\"307\" srcset=\"https:\/\/www.moyenagepassion.com\/wp-content\/uploads\/2019\/02\/marche_artisanal_medieval_Morbecque_animations_campements_moyen-age-festif.jpg 450w, https:\/\/www.moyenagepassion.com\/wp-content\/uploads\/2019\/02\/marche_artisanal_medieval_Morbecque_animations_campements_moyen-age-festif-214x300.jpg 214w\" sizes=\"(max-width: 219px) 100vw, 219px\" \/><\/a>Organis\u00e9e autour d&rsquo;un march\u00e9 artisanal d&rsquo;une quarantaine d&rsquo;exposants, dont une grande partie d&rsquo;inspiration m\u00e9di\u00e9vale, cette nouvelle r\u00e9jouissance baptis\u00e9e\u00a0<strong>Med&rsquo;Frost<\/strong> proposera encore des animations vari\u00e9es aux couleurs du moyen-\u00e2ge : campements, combats, archerie, musique, contes, jeux et spectacles de feu.<\/p>\n<p style=\"text-align: justify;\">Il aura pour cadre une d\u00e9pendance couverte du\u00a0 <strong>Ch\u00e2teau de la Motte-aux-Bois<\/strong>, \u00e9difice de la cit\u00e9 dont la premi\u00e8re pierre fut pos\u00e9e par\u00a0\u00a0le\u00a0comte de Flandre <strong>Robert le Frison<\/strong> dans le courant du XIIe si\u00e8cle.<\/p>\n<h2>Compagnies m\u00e9di\u00e9vales pr\u00e9sentes<\/h2>\n<p style=\"text-align: justify;\"><span style=\"color: #008000;\"><em>Compagnie Thorolfyr &#8211; Compagnie La Meute Cornue &#8211; Les templiers Oratores &amp; Bellatores &#8211; Les Archers de la Coline Verte &#8211; Compagnie de UR &amp; les Fr\u00e8res d&rsquo;Armes &#8211; L&rsquo;\u00e9quipage du Capitaine Ron &#8211; Cedrik Mercier<\/em><\/span><\/p>\n<p><a href=\"https:\/\/www.facebook.com\/events\/333325534037749\/\" target=\"_blank\">Facebook de l&rsquo;\u00e9v\u00e9nement<\/a><\/p>\n<p>A l&rsquo;image des reconstituteurs et compagnies qui viendront \u00e9gayer cette M\u00e9di\u00e9vale d&rsquo;Hiver, les visiteurs sont invit\u00e9s\u00a0\u00e0 s&rsquo;y rendre eux aussi costum\u00e9s, s&rsquo;ils le souhaitent.<\/p>\n<p>En vous souhaitant une belle journ\u00e9e.<\/p>\n<p>Fr\u00e9d\u00e9ric EFFE<br \/>\nPour moyenagepassion.com<br \/>\n<em><strong>A la d\u00e9couverte du monde m\u00e9di\u00e9val\u00a0sous toutes ses formes.<\/strong><\/em><\/p>\n","protected":false},"excerpt":{"rendered":"<p>Sujet\u00a0;\u00a0 animations, compagnies m\u00e9di\u00e9vales, f\u00eate m\u00e9di\u00e9vale, campement, Moyen-\u00e2ge festif, march\u00e9 artisanal, march\u00e9 m\u00e9di\u00e9val, M\u00e9di\u00e9vale d&rsquo;Hiver. Ev\u00e9nement\u00a0: La Med&rsquo;Frost Lieu\u00a0: Morbecque,\u00a0Nord, Hauts-de-France Organisateur : les Sorci\u00e8res du Parc Dates\u00a0: samedi\u00a016 &amp;\u00a0dimanche 17 f\u00e9vrier 2019 Bonjour \u00e0 tous, ort du succ\u00e8s de son \u00e9v\u00e9nement La F\u00eate des Sorci\u00e8res de Morbecque, qui c\u00e9l\u00e9brera, en septembre prochain, sa 10e &hellip; <a href=\"https:\/\/www.moyenagepassion.com\/index.php\/2019\/02\/12\/medfrost-marche-animations-medievales-morbecque\/\" class=\"more-link\">Continuer la lecture de <span class=\"screen-reader-text\">La Med&rsquo;Frost : march\u00e9 et animations m\u00e9di\u00e9vales \u00e0 Morbecque<\/span>  <span class=\"meta-nav\">&rarr;<\/span><\/a><\/p>\n","protected":false},"author":2,"featured_media":0,"comment_status":"open","ping_status":"open","sticky":false,"template":"","format":"standard","meta":{"_monsterinsights_skip_tracking":false,"_monsterinsights_sitenote_active":false,"_monsterinsights_sitenote_note":"","_monsterinsights_sitenote_category":0,"footnotes":""},"categories":[11],"tags":[1780,3687,212,3885,3827,636,4326,22,4325,3063,2757],"class_list":["post-25357","post","type-post","status-publish","format-standard","hentry","category-fetes-medievales-evenement","tag-animations","tag-campements","tag-compagnies-medievales","tag-hauts-de-france","tag-marche-artisanal","tag-marche-medieval","tag-medfrost","tag-medievale","tag-morbecque","tag-moyen-age-festif","tag-reconstituteurs"],"aioseo_notices":[],"_links":{"self":[{"href":"https:\/\/www.moyenagepassion.com\/index.php\/wp-json\/wp\/v2\/posts\/25357"}],"collection":[{"href":"https:\/\/www.moyenagepassion.com\/index.php\/wp-json\/wp\/v2\/posts"}],"about":[{"href":"https:\/\/www.moyenagepassion.com\/index.php\/wp-json\/wp\/v2\/types\/post"}],"author":[{"embeddable":true,"href":"https:\/\/www.moyenagepassion.com\/index.php\/wp-json\/wp\/v2\/users\/2"}],"replies":[{"embeddable":true,"href":"https:\/\/www.moyenagepassion.com\/index.php\/wp-json\/wp\/v2\/comments?post=25357"}],"version-history":[{"count":0,"href":"https:\/\/www.moyenagepassion.com\/index.php\/wp-json\/wp\/v2\/posts\/25357\/revisions"}],"wp:attachment":[{"href":"https:\/\/www.moyenagepassion.com\/index.php\/wp-json\/wp\/v2\/media?parent=25357"}],"wp:term":[{"taxonomy":"category","embeddable":true,"href":"https:\/\/www.moyenagepassion.com\/index.php\/wp-json\/wp\/v2\/categories?post=25357"},{"taxonomy":"post_tag","embeddable":true,"href":"https:\/\/www.moyenagepassion.com\/index.php\/wp-json\/wp\/v2\/tags?post=25357"}],"curies":[{"name":"wp","href":"https:\/\/api.w.org\/{rel}","templated":true}]}}