{"id":25578,"date":"2019-03-05T18:16:31","date_gmt":"2019-03-05T17:16:31","guid":{"rendered":"https:\/\/www.moyenagepassion.com\/?p=25578"},"modified":"2020-10-05T01:50:45","modified_gmt":"2020-10-05T00:50:45","slug":"printemps-de-poetes-2019-brecheliant-lecture-spectacle-autour-des-legendes-bretonnes-et-de-la-lyrique-courtoise","status":"publish","type":"post","link":"https:\/\/www.moyenagepassion.com\/index.php\/2019\/03\/05\/printemps-de-poetes-2019-brecheliant-lecture-spectacle-autour-des-legendes-bretonnes-et-de-la-lyrique-courtoise\/","title":{"rendered":"Printemps des po\u00e8tes : \u00ab\u00a0Br\u00e9ch\u00e9liant\u00a0\u00bb, l\u00e9gendes bretonnes et lyrique courtoise, une lecture-spectacle"},"content":{"rendered":"<div id=\"moyen-1200486064\" class=\"moyen-before-content moyen-entity-placement\"><script async src=\"\/\/pagead2.googlesyndication.com\/pagead\/js\/adsbygoogle.js?client=ca-pub-3035390706780632\" crossorigin=\"anonymous\"><\/script><ins class=\"adsbygoogle\" style=\"display:block;\" data-ad-client=\"ca-pub-3035390706780632\" \ndata-ad-slot=\"\" \ndata-ad-format=\"auto\"><\/ins>\n<script> \n(adsbygoogle = window.adsbygoogle || []).push({}); \n<\/script>\n<\/div><p><strong><img decoding=\"async\" class=\"alignleft wp-image-25584\" src=\"https:\/\/www.moyenagepassion.com\/wp-content\/uploads\/2019\/03\/printemps-des-poetes-2019_monde-medieval_lectures-po\u00e9tiques.jpg\" alt=\"printemps-des-poetes-2019_monde-medieval_lectures-po\u00e9tiques\" width=\"128\" height=\"186\" \/>Sujet<\/strong> : Broc\u00e9liande, l\u00e9gendes bretonnes,\u00a0 lyrique courtoise, lecture po\u00e9tique, spectacle.<br \/>\n<strong>P\u00e9riode<\/strong> : Moyen-\u00e2ge central (XIIe, XIIIe si\u00e8cle)<br \/>\n<strong>Ev\u00e9nement<\/strong> :\u00a0 Printemps des po\u00e8tes 2019 :\u00a0 \u00ab\u00a0<em>Br\u00e9ch\u00e9liant, lecture-spectacle\u00a0\u00bb<\/em><br \/>\n<strong>Auteur<\/strong> :\u00a0Annick Le Sco\u00ebzec Masson<br \/>\n<strong>Date<\/strong> : le dimanche 24 mars 2019, \u00e0 14h30<br \/>\n<strong>Lieu<\/strong> ;\u00a0Th\u00e9\u00e2tre du Nord-Ouest 13 Rue du Faubourg Montmartre, Paris 9e<\/p>\n<p>Bonjour \u00e0 tous,<\/p>\n<p style=\"text-align: justify;\"><img decoding=\"async\" class=\"alignleft size-full wp-image-23905\" src=\"https:\/\/www.moyenagepassion.com\/wp-content\/uploads\/2018\/10\/T_lettrine_moyen_age_passion.jpg\" alt=\"T_lettrine_moyen_age_passion\" width=\"96\" height=\"103\" \/>out au long de ce mois de Mars, le\u00a0<strong>Printemps des Po\u00e8tes<\/strong>\u00a0est de retour \u00e0 Paris. Il f\u00eatera, cette ann\u00e9e, ses 20 ans et c&rsquo;est le th\u00e8me de la beaut\u00e9 qui a \u00e9t\u00e9 choisi pour c\u00e9l\u00e9brer cet anniversaire.\u00a0 En renouant, avec les lectures et la po\u00e9sie vivante, l&rsquo;\u00e9v\u00e9nement devrait, \u00e0 nouveau, permettre au public de d\u00e9couvrir de nombreux textes et auteurs.<\/p>\n<p style=\"text-align: justify;\">S&rsquo;il fait une large place \u00e0 la po\u00e9sie contemporaine, on notera cette ann\u00e9e, la pr\u00e9sence d&rsquo;un spectacle original, en r\u00e9f\u00e9rence au monde m\u00e9di\u00e9val, et particuli\u00e8rement \u00e0 la <a href=\"https:\/\/www.moyenagepassion.com\/?s=mati%C3%A8re+de+bretagne\" target=\"_blank\" rel=\"noopener noreferrer\">\u00ab\u00a0mati\u00e8re de Bretagne\u00a0\u00bb<\/a> et \u00e0 la po\u00e9sie des troubadours. Cette lecture \u00e0 plusieurs voix, avec chants et musique, est bas\u00e9e sur le roman <em><strong>Br\u00e9ch\u00e9liant<\/strong><\/em> de l&rsquo;hispaniste et \u00e9crivain <strong>Annick Le Sco\u00ebzec Masson <\/strong>et<strong>\u00a0<\/strong>elle\u00a0sera donn\u00e9e le dimanche 24 mars \u00e0 14h30, au Th\u00e9\u00e2tre du Nord-Ouest.<\/p>\n<p style=\"text-align: justify;\">Paru en 2017, aux <strong>\u00e9ditions Garamond<\/strong>, l&rsquo;ouvrage <em><strong>Br\u00e9ch\u00e9liant<\/strong><\/em> se pr\u00e9sente comme un r\u00e9cit po\u00e9tique sur le th\u00e8me de l&rsquo;attente et de la <a href=\"https:\/\/www.moyenagepassion.com\/wp-content\/uploads\/2019\/03\/lecture-spectacle_printemps-des-poetes_troubadours_legendes-bretonnes_foret_broc\u00e9liande.jpg\" target=\"_blank\" rel=\"noopener noreferrer\"><img decoding=\"async\" class=\"alignright wp-image-25580\" src=\"https:\/\/www.moyenagepassion.com\/wp-content\/uploads\/2019\/03\/lecture-spectacle_printemps-des-poetes_troubadours_legendes-bretonnes_foret_broc\u00e9liande_s.jpg\" alt=\"lecture-spectacle_printemps-des-poetes_troubadours_legendes-bretonnes_foret_broc\u00e9liande_s\" width=\"176\" height=\"248\" srcset=\"https:\/\/www.moyenagepassion.com\/wp-content\/uploads\/2019\/03\/lecture-spectacle_printemps-des-poetes_troubadours_legendes-bretonnes_foret_broc\u00e9liande_s.jpg 250w, https:\/\/www.moyenagepassion.com\/wp-content\/uploads\/2019\/03\/lecture-spectacle_printemps-des-poetes_troubadours_legendes-bretonnes_foret_broc\u00e9liande_s-212x300.jpg 212w\" sizes=\"(max-width: 176px) 100vw, 176px\" \/><\/a>perception du temps, au prisme d&rsquo;un certain univers f\u00e9minin seigneurial m\u00e9di\u00e9val. Son intrigue se situe dans un moyen-\u00e2ge central litt\u00e9raire et \u00ab\u00a0arch\u00e9typal\u00a0\u00bb et on en retrouve tous les ingr\u00e9dients\u00a0: un ch\u00e2teau au seuil d&rsquo;une for\u00eat peupl\u00e9e de myst\u00e8res, une dame en sa haute tour, son chevalier parti aux croisades et qui n&rsquo;a pour compagnie que deux autres femmes, l&rsquo;arriv\u00e9e d&rsquo;un inconnu venu chambouler ce monde fait d&rsquo;\u00e9motions contenues, de non-dits et de pri\u00e8res.<\/p>\n<p style=\"text-align: justify;\">Sur fond de l\u00e9gendes bretonnes et de lyrique courtoise, l&rsquo;auteur(e), agr\u00e9g\u00e9e d\u2019Espagnol et docteur \u00e8s lettres, a renou\u00e9, ici, avec l&rsquo;esprit des Lais de <a href=\"https:\/\/www.moyenagepassion.com\/index.php\/moyen-age\/musique-medieval-historique-fantaisie-celtique\/marie-de-france\/\" target=\"_blank\" rel=\"noopener noreferrer\">Marie de France<\/a> et\u00a0cette lecture-spectacle devrait permettre d&rsquo;en retrouver l&rsquo;inspiration.<\/p>\n<p style=\"text-align: justify;\">Avec\u00a0: <strong>Yannick Barne<\/strong>, <strong>Anne Langlois<\/strong>, <strong>Caroline Duchenne<\/strong> (chant), <strong>Annick Le Sco\u00ebzec<\/strong>, <strong>Fr\u00e9d\u00e9ric Ligier<\/strong> (arrangements musicaux) et <strong>Antoine Desmard<\/strong> (violoncelle)<\/p>\n<p style=\"text-align: justify;\"><a href=\"https:\/\/www.facebook.com\/pages\/Th%C3%A9%C3%A2tre-du-Nord-Ouest\/227293977449636?__tn__=%2CdkC-R-R&amp;eid=ARA6wUdP23s5er0g1bMY_Yl-7DR3uCK0OUxoREJR59wKlzUJNczVlHmF6uHFpMJsKS2IwAC6wtJtY0dD&amp;hc_ref=ARR6kO-4HbZ-RC86OMBlwkq8Vp-A9rbJ1Q4aof6gR4CZ_yin-zkUatxsc8FAvE-sr6Y&amp;fref=tag\" target=\"_blank\" rel=\"noopener noreferrer\">FB du Th\u00e9\u00e2tre du Nord Ouest<\/a>\u00a0&#8211; <a href=\"https:\/\/www.printempsdespoetes.com\/Edition-2019\" target=\"_blank\" rel=\"noopener noreferrer\">Printemps des po\u00e8tes 2019 officiel<\/a><\/p>\n<p style=\"text-align: justify;\">En vous souhaitant une belle journ\u00e9e.<\/p>\n<p>Fred<br \/>\nPour moyenagepassion.com<br \/>\n<em><strong>A la d\u00e9couverte du monde m\u00e9di\u00e9val sous toutes ses formes<\/strong><\/em><\/p>\n<p><a href=\"https:\/\/www.moyenagepassion.com\/index.php\/2017\/11\/28\/beau-livre-et-legendes-arthuriennes-la-magie-de-broceliande-sous-loeil-de-philippe-manguin\/\" target=\"_blank\" rel=\"noopener noreferrer\">Au sujet de la for\u00eat de Broc\u00e9liande, voir \u00e9galement l&rsquo;article suivant<\/a>.<\/p>\n","protected":false},"excerpt":{"rendered":"<p>Sujet : Broc\u00e9liande, l\u00e9gendes bretonnes,\u00a0 lyrique courtoise, lecture po\u00e9tique, spectacle. P\u00e9riode : Moyen-\u00e2ge central (XIIe, XIIIe si\u00e8cle) Ev\u00e9nement :\u00a0 Printemps des po\u00e8tes 2019 :\u00a0 \u00ab\u00a0Br\u00e9ch\u00e9liant, lecture-spectacle\u00a0\u00bb Auteur :\u00a0Annick Le Sco\u00ebzec Masson Date : le dimanche 24 mars 2019, \u00e0 14h30 Lieu ;\u00a0Th\u00e9\u00e2tre du Nord-Ouest 13 Rue du Faubourg Montmartre, Paris 9e Bonjour \u00e0 tous, out &hellip; <a href=\"https:\/\/www.moyenagepassion.com\/index.php\/2019\/03\/05\/printemps-de-poetes-2019-brecheliant-lecture-spectacle-autour-des-legendes-bretonnes-et-de-la-lyrique-courtoise\/\" class=\"more-link\">Continuer la lecture de <span class=\"screen-reader-text\">Printemps des po\u00e8tes : \u00ab\u00a0Br\u00e9ch\u00e9liant\u00a0\u00bb, l\u00e9gendes bretonnes et lyrique courtoise, une lecture-spectacle<\/span>  <span class=\"meta-nav\">&rarr;<\/span><\/a><\/p>\n","protected":false},"author":2,"featured_media":0,"comment_status":"open","ping_status":"open","sticky":false,"template":"","format":"standard","meta":{"_monsterinsights_skip_tracking":false,"_monsterinsights_sitenote_active":false,"_monsterinsights_sitenote_note":"","_monsterinsights_sitenote_category":0,"footnotes":""},"categories":[11],"tags":[3779,67,1053,4356,4357,182,18,80,4359,1831],"class_list":["post-25578","post","type-post","status-publish","format-standard","hentry","category-fetes-medievales-evenement","tag-brecheliant","tag-broceliande","tag-lecture-poetique","tag-legendes-bretonnes","tag-matiere-de-bretagne","tag-monde-medieval","tag-moyen-age","tag-poesie","tag-printemps-des-poetes","tag-spectacles"],"aioseo_notices":[],"_links":{"self":[{"href":"https:\/\/www.moyenagepassion.com\/index.php\/wp-json\/wp\/v2\/posts\/25578"}],"collection":[{"href":"https:\/\/www.moyenagepassion.com\/index.php\/wp-json\/wp\/v2\/posts"}],"about":[{"href":"https:\/\/www.moyenagepassion.com\/index.php\/wp-json\/wp\/v2\/types\/post"}],"author":[{"embeddable":true,"href":"https:\/\/www.moyenagepassion.com\/index.php\/wp-json\/wp\/v2\/users\/2"}],"replies":[{"embeddable":true,"href":"https:\/\/www.moyenagepassion.com\/index.php\/wp-json\/wp\/v2\/comments?post=25578"}],"version-history":[{"count":1,"href":"https:\/\/www.moyenagepassion.com\/index.php\/wp-json\/wp\/v2\/posts\/25578\/revisions"}],"predecessor-version":[{"id":34813,"href":"https:\/\/www.moyenagepassion.com\/index.php\/wp-json\/wp\/v2\/posts\/25578\/revisions\/34813"}],"wp:attachment":[{"href":"https:\/\/www.moyenagepassion.com\/index.php\/wp-json\/wp\/v2\/media?parent=25578"}],"wp:term":[{"taxonomy":"category","embeddable":true,"href":"https:\/\/www.moyenagepassion.com\/index.php\/wp-json\/wp\/v2\/categories?post=25578"},{"taxonomy":"post_tag","embeddable":true,"href":"https:\/\/www.moyenagepassion.com\/index.php\/wp-json\/wp\/v2\/tags?post=25578"}],"curies":[{"name":"wp","href":"https:\/\/api.w.org\/{rel}","templated":true}]}}