{"id":25808,"date":"2019-03-13T22:44:07","date_gmt":"2019-03-13T21:44:07","guid":{"rendered":"https:\/\/www.moyenagepassion.com\/?p=25808"},"modified":"2020-10-05T01:21:00","modified_gmt":"2020-10-05T00:21:00","slug":"kaamelott-produits-derives-provencal-le-gaulois-nendoroid-et-geralt-de-riv","status":"publish","type":"post","link":"https:\/\/www.moyenagepassion.com\/index.php\/2019\/03\/13\/kaamelott-produits-derives-provencal-le-gaulois-nendoroid-et-geralt-de-riv\/","title":{"rendered":"Kaamelott, produits d\u00e9riv\u00e9s : Proven\u00e7al le Gaulois, Nendoroid et Geralt de Riv"},"content":{"rendered":"<div id=\"moyen-3260367810\" class=\"moyen-before-content moyen-entity-placement\"><script async src=\"\/\/pagead2.googlesyndication.com\/pagead\/js\/adsbygoogle.js?client=ca-pub-3035390706780632\" crossorigin=\"anonymous\"><\/script><ins class=\"adsbygoogle\" style=\"display:block;\" data-ad-client=\"ca-pub-3035390706780632\" \ndata-ad-slot=\"\" \ndata-ad-format=\"auto\"><\/ins>\n<script> \n(adsbygoogle = window.adsbygoogle || []).push({}); \n<\/script>\n<\/div><p><strong><a href=\"https:\/\/www.moyenagepassion.com\/wp-content\/uploads\/2018\/07\/kaamelott_integrale_dvd_serie_televisee_coffret_humour_legendes_arthuriennes_Graal.jpg\"><img decoding=\"async\" class=\"alignleft wp-image-22310\" src=\"https:\/\/www.moyenagepassion.com\/wp-content\/uploads\/2018\/07\/kaamelott_integrale_dvd_serie_televisee_coffret_humour_legendes_arthuriennes_Graal.jpg\" alt=\"kaamelott_integrale_dvd_serie_televisee_coffret_humour_legendes_arthuriennes_Graal\" width=\"55\" height=\"112\" srcset=\"https:\/\/www.moyenagepassion.com\/wp-content\/uploads\/2018\/07\/kaamelott_integrale_dvd_serie_televisee_coffret_humour_legendes_arthuriennes_Graal.jpg 254w, https:\/\/www.moyenagepassion.com\/wp-content\/uploads\/2018\/07\/kaamelott_integrale_dvd_serie_televisee_coffret_humour_legendes_arthuriennes_Graal-147x300.jpg 147w\" sizes=\"(max-width: 55px) 100vw, 55px\" \/><\/a>Sujet<\/strong>&nbsp;:&nbsp;Kaamelott, humour, s\u00e9rie t\u00e9l\u00e9vis\u00e9e,&nbsp; trilogie, cin\u00e9ma, tournage,&nbsp;<a href=\"https:\/\/www.moyenagepassion.com\/?s=l%C3%A9gendes+arthuriennes\" target=\"_blank\" rel=\"noopener noreferrer\">l\u00e9gendes arthuriennes<\/a>,&nbsp; Heroic Fantasy, m\u00e9di\u00e9val-fantastique, com\u00e9die.<br \/>\n<strong>P\u00e9riode<\/strong>&nbsp;: haut moyen-\u00e2ge \u00e0&nbsp; moyen-\u00e2ge central,<br \/>\n<strong>M\u00e9dia<\/strong> : d\u00e9tournement Perceval<br \/>\n<strong>Auteur<\/strong>&nbsp;:&nbsp;<strong>Alexandre Astier<\/strong><\/p>\n<p>Bonjour \u00e0 tous,<\/p>\n<p style=\"text-align: justify;\"><img decoding=\"async\" class=\"alignleft size-full wp-image-23905\" src=\"https:\/\/www.moyenagepassion.com\/wp-content\/uploads\/2018\/10\/T_lettrine_moyen_age_passion.jpg\" alt=\"T_lettrine_moyen_age_passion\" width=\"96\" height=\"103\">andis que le tournage de <strong>Kaamelott trilogie<\/strong>&nbsp; semble bien engag\u00e9 et se poursuit en Auvergne (<a href=\"https:\/\/www.moyenagepassion.com\/index.php\/2019\/03\/03\/tournage-kaamelott-trilogie-tout-se-passe-dans-la-tranquillite\/\" target=\"_blank\" rel=\"noopener noreferrer\">voir article&nbsp;\u00e0 ce sujet<\/a>), voici un&nbsp;petit&nbsp;clin d\u2019\u0153il \u00e0 la c\u00e9l\u00e8bre s\u00e9rie TV, avec un nouveau d\u00e9tournement autour d&rsquo;un possible&nbsp; produit d\u00e9riv\u00e9.<\/p>\n<p style=\"text-align: justify;\"><a href=\"https:\/\/www.moyenagepassion.com\/wp-content\/uploads\/2016\/02\/leodagan_kaamelott_legende_medievale_roi_arthur_moyen-age_passion.jpg\"><img decoding=\"async\" class=\"wp-image-1717 alignright\" src=\"https:\/\/www.moyenagepassion.com\/wp-content\/uploads\/2016\/02\/leodagan_kaamelott_legende_medievale_roi_arthur_moyen-age_passion.jpg\" alt=\"leodagan_kaamelott_legende_medievale_roi_arthur_moyen-age_passion\" width=\"90\" height=\"90\"><\/a><span style=\"color: #008000;\"><em><strong>\u00ab\u00a0C&rsquo;est quand m\u00eame pas de bol, les rares fois o\u00f9 il arrive \u00e0 faire quelque chose de ses dix doigts, il se goure quand on lui demande son nom&nbsp;!\u00a0\u00bb<\/strong><\/em><\/span><br \/>\n<strong>L\u00e9odagan (Lionnel Astier), Kaamelott, A. Astier<\/strong><\/p>\n<p style=\"text-align: justify;\">Jusque l\u00e0 et \u00e0 quelques tr\u00e8s rares exceptions, dont un jeu de plateau,&nbsp;&nbsp;<strong>Alexandre Astier<\/strong> a refus\u00e9 toute concession de la&nbsp;marque Kaamelott et son exploitation. Ce n&rsquo;est d&rsquo;ailleurs pas tant pour le principe que pour son habituel souci d&rsquo;\u00eatre \u00e9troitement associ\u00e9 \u00e0 toute extension ou d\u00e9clinaison de son oeuvre. Dans un interview datant de quelques ann\u00e9es d\u00e9j\u00e0, il avait, en effet, d\u00e9clar\u00e9 que s&rsquo;il aurait pu \u00eatre tr\u00e8s lucratif de conc\u00e9der l&rsquo;exploitation d&rsquo;une licence Kaamelott \u00e0 des prestataires externes, il n&rsquo;avait pas souhait\u00e9 c\u00e9der \u00e0 cette facilit\u00e9 afin de ne pas perdre le contr\u00f4le des r\u00e9alisations, en laissant faire tout et n&rsquo;importe quoi, \u00e0 des seules fins financi\u00e8res.<\/p>\n<p style=\"text-align: justify;\">Souci de conduite diligente de son l&rsquo;oeuvre, d&rsquo;un c\u00f4t\u00e9, contre profit juteux et \u00e0 tout crin de l&rsquo;autre, la fronti\u00e8re a toujours \u00e9t\u00e9 claire dans son esprit. Connaissant son caract\u00e8re bien tremp\u00e9, il ne fait gu\u00e8re de doute que son point de vue&nbsp;demeure inchang\u00e9 sur la question et si merchandising il y a, autour&nbsp;de&nbsp;la sortie du Film en 2020, sous r\u00e9serve qu&rsquo;il en trouve lui-m\u00eame le temps, il restera certainement tr\u00e8s choisi et au compte-goutte.<\/p>\n<p><a href=\"https:\/\/www.moyenagepassion.com\/wp-content\/uploads\/2019\/03\/perceval_franck-pitiot_Kaamelott_Alexandre-astier_serie-televisee_moyen-age_legendes_02.jpg\"><img decoding=\"async\" class=\"alignright wp-image-25834 size-full\" src=\"https:\/\/www.moyenagepassion.com\/wp-content\/uploads\/2019\/03\/perceval_franck-pitiot_Kaamelott_Alexandre-astier_serie-televisee_moyen-age_legendes_02.jpg\" alt=\"\" width=\"1848\" height=\"1600\" srcset=\"https:\/\/www.moyenagepassion.com\/wp-content\/uploads\/2019\/03\/perceval_franck-pitiot_Kaamelott_Alexandre-astier_serie-televisee_moyen-age_legendes_02.jpg 1848w, https:\/\/www.moyenagepassion.com\/wp-content\/uploads\/2019\/03\/perceval_franck-pitiot_Kaamelott_Alexandre-astier_serie-televisee_moyen-age_legendes_02-300x260.jpg 300w, https:\/\/www.moyenagepassion.com\/wp-content\/uploads\/2019\/03\/perceval_franck-pitiot_Kaamelott_Alexandre-astier_serie-televisee_moyen-age_legendes_02-1024x887.jpg 1024w\" sizes=\"(max-width: 1848px) 100vw, 1848px\" \/><\/a><\/p>\n<p style=\"text-align: justify;\">Il n&rsquo;aura pas \u00e9chapper aux plus <em>Gamers<\/em> d&rsquo;entre vous que ce d\u00e9tournement graphique est le r\u00e9sultat d&rsquo;un nouveau croisement entre le l\u00e9gendaire <strong>Perceval&nbsp; de Kaamelott<\/strong> (<strong>Franck Pitiot<\/strong>) et le non moins c\u00e9l\u00e8bre <strong>Geralt de Riv<\/strong> du jeu vid\u00e9o <strong>The Witcher. <\/strong>Depuis l&rsquo;ann\u00e9e derni\u00e8re, ce dernier&nbsp;a en effet<strong>,&nbsp;<\/strong>sa figurine <strong>Nendoroid<\/strong>&nbsp;chez le&nbsp; fabriquant japonais <em>Good Smile Company<\/em> (<a href=\"https:\/\/www.amazon.fr\/gp\/product\/B07C2YJR9S\/ref=as_li_tl?ie=UTF8&amp;camp=1642&amp;creative=6746&amp;creativeASIN=B07C2YJR9S&amp;linkCode=as2&amp;tag=f1266-21&amp;linkId=5c62b243d5950951db1a993a135cba83\" target=\"_blank\" rel=\"noopener noreferrer\">voir lien<\/a>).<\/p>\n<p style=\"text-align: justify;\">De leur c\u00f4t\u00e9, le roi Arthur de Kaamelott&nbsp; et son fid\u00e8le Perceval ont eux aussi des&nbsp;figurines \u00e0 leur effigie chez <strong>POP Uraeus<\/strong>. Sauf erreur, il semble d&rsquo;ailleurs qu&rsquo;il s&rsquo;agisse l\u00e0, de deux autres exceptions au principe de non concession de la licence ayant pr\u00e9sid\u00e9 jusque l\u00e0.<\/p>\n<table width=\"\u00bb475\u2033\" cellspacing=\"\u00bb0\u2033\" cellpadding=\"\u00bb0\u2033\">\n<tbody>\n<tr>\n<td>\n<p style=\"text-align: center;\"><strong>Funko Pop Arthur<\/strong><img decoding=\"async\" class=\"size-full wp-image-25816 aligncenter\" src=\"https:\/\/www.moyenagepassion.com\/wp-content\/uploads\/2019\/03\/roi-arthur_kaamelott_figurine_Alexandre-Astier.jpg\" alt=\"roi-arthur_kaamelott_figurine_Alexandre-Astier\" width=\"200\" height=\"162\"><\/p>\n<\/td>\n<td style=\"text-align: center;\"><strong>Funko Pop Perceval&nbsp;<\/strong><a href=\"https:\/\/www.amazon.fr\/gp\/product\/B07MVLLK8J\/ref=as_li_tl?ie=UTF8&amp;camp=1642&amp;creative=6746&amp;creativeASIN=B07MVLLK8J&amp;linkCode=as2&amp;tag=f1266-21&amp;linkId=0f9d402113307afb41aa6c24db617105\" target=\"_blank\" rel=\"noopener noreferrer\"><img decoding=\"async\" class=\"aligncenter wp-image-25815 size-full\" src=\"https:\/\/www.moyenagepassion.com\/wp-content\/uploads\/2019\/03\/perceval_kaamelott_figurine_Alexandre-Astier.jpg\" alt=\"perceval_kaamelott_figurine_Alexandre-Astier\" width=\"200\" height=\"162\"><\/a><\/td>\n<\/tr>\n<tr>\n<td style=\"text-align: center;\">&nbsp;<a href=\"https:\/\/www.amazon.fr\/gp\/product\/B07NZ1TWZG\/ref=as_li_tl?ie=UTF8&amp;camp=1642&amp;creative=6746&amp;creativeASIN=B07NZ1TWZG&amp;linkCode=as2&amp;tag=f1266-21&amp;linkId=3c43d92e0f83b4457533561f77998de1\" target=\"_blank\" rel=\"noopener noreferrer\">Funko Pop Arthur chez Amazon&nbsp;<\/a><\/td>\n<td><a href=\"https:\/\/www.amazon.fr\/gp\/product\/B07MVLLK8J\/ref=as_li_tl?ie=UTF8&amp;camp=1642&amp;creative=6746&amp;creativeASIN=B07MVLLK8J&amp;linkCode=as2&amp;tag=f1266-21&amp;linkId=0f9d402113307afb41aa6c24db617105\" target=\"_blank\" rel=\"noopener noreferrer\">&nbsp;&nbsp;Funko Pop&nbsp;Perceval chez Amazon<\/a><\/td>\n<\/tr>\n<\/tbody>\n<\/table>\n<p style=\"text-align: justify;\">Retrouvez nos articles d\u00e9tournement,&nbsp; humours et produits d\u00e9riv\u00e9s imaginaires autour de Kaamelott ici<\/p>\n<p>&#8211;&nbsp;<a href=\"https:\/\/www.moyenagepassion.com\/index.php\/2018\/03\/05\/kaamelott-meets-the-witcher-perceval-karadoc-et-le-clan-autonome-des-semi-croustillants\/\" target=\"_blank\" rel=\"noopener noreferrer\">Les Semi-croustillants \u00ab\u00a0meet\u00a0\u00bb the Witcher<\/a><br \/>\n&#8211;&nbsp; <a href=\"https:\/\/www.moyenagepassion.com\/index.php\/2018\/05\/26\/kaamelott-humour-detournement-jeu-video-provencal-le-gaulois-meets-geralt-de-riv\/\" target=\"_blank\" rel=\"noopener noreferrer\">Kaamelott&nbsp;&amp; &nbsp;jeux vid\u00e9o : Proven\u00e7al le gaulois&nbsp;&amp; Geralt de Riv<\/a><br \/>\n&#8211;&nbsp;&nbsp;<a href=\"https:\/\/www.moyenagepassion.com\/index.php\/2017\/07\/06\/legendes-arthuriennes-kaamelott-les-armoiries-des-preux-chevaliers-de-la-table-ronde-dalexandre-astier\/\" target=\"_blank\" rel=\"noopener noreferrer\">Les armoiries des chevaliers du Kaamelott<\/a><br \/>\n&#8211;&nbsp;<a href=\"https:\/\/www.moyenagepassion.com\/index.php\/2017\/05\/26\/une-parenthese-dhumour-autour-de-kaamelott-et-un-article-autour-du-merchandising\/\" target=\"_blank\" rel=\"noopener noreferrer\">&nbsp;Kaamelott et ses produits d\u00e9riv\u00e9s<\/a><br \/>\n&#8211;&nbsp;&nbsp;<a href=\"https:\/\/www.moyenagepassion.com\/index.php\/2018\/03\/24\/parenthese-detente-la-bibliotheque-imaginaire-de-kaamelott-et-un-recapitulatif-des-ouvrages-disponibles-sur-la-serie\/\" target=\"_blank\" rel=\"noopener noreferrer\">Ma&nbsp;biblioth\u00e8que imaginaire&nbsp; Kaamelott <\/a><\/p>\n<p>En vous souhaitant une belle journ\u00e9e.<\/p>\n<p>Fred<br \/>\nPour Moyenagepassion.com<br \/>\n<em><strong>A la d\u00e9couverte du Monde m\u00e9di\u00e9val sous toutes ses formes.<\/strong><\/em><\/p>\n","protected":false},"excerpt":{"rendered":"<p>Sujet&nbsp;:&nbsp;Kaamelott, humour, s\u00e9rie t\u00e9l\u00e9vis\u00e9e,&nbsp; trilogie, cin\u00e9ma, tournage,&nbsp;l\u00e9gendes arthuriennes,&nbsp; Heroic Fantasy, m\u00e9di\u00e9val-fantastique, com\u00e9die. P\u00e9riode&nbsp;: haut moyen-\u00e2ge \u00e0&nbsp; moyen-\u00e2ge central, M\u00e9dia : d\u00e9tournement Perceval Auteur&nbsp;:&nbsp;Alexandre Astier Bonjour \u00e0 tous, andis que le tournage de Kaamelott trilogie&nbsp; semble bien engag\u00e9 et se poursuit en Auvergne (voir article&nbsp;\u00e0 ce sujet), voici un&nbsp;petit&nbsp;clin d\u2019\u0153il \u00e0 la c\u00e9l\u00e8bre s\u00e9rie TV, avec &hellip; <a href=\"https:\/\/www.moyenagepassion.com\/index.php\/2019\/03\/13\/kaamelott-produits-derives-provencal-le-gaulois-nendoroid-et-geralt-de-riv\/\" class=\"more-link\">Continuer la lecture de <span class=\"screen-reader-text\">Kaamelott, produits d\u00e9riv\u00e9s : Proven\u00e7al le Gaulois, Nendoroid et Geralt de Riv<\/span>  <span class=\"meta-nav\">&rarr;<\/span><\/a><\/p>\n","protected":false},"author":2,"featured_media":0,"comment_status":"open","ping_status":"open","sticky":false,"template":"","format":"standard","meta":{"_monsterinsights_skip_tracking":false,"_monsterinsights_sitenote_active":false,"_monsterinsights_sitenote_note":"","_monsterinsights_sitenote_category":0,"footnotes":""},"categories":[10],"tags":[197,155,2401,1360,569,1587,779,556,559,262,2895,182,4380,558,2240,4490,4293,1149],"class_list":["post-25808","post","type-post","status-publish","format-standard","hentry","category-series-televisees-moyen-age","tag-alexandre-astier","tag-citation","tag-comedie","tag-detournement","tag-franck-pitiot","tag-heroic-fantasy","tag-humour","tag-kaamelott","tag-leodagan","tag-medieval-fantastique","tag-medievalisme","tag-monde-medieval","tag-nendoroid","tag-perceval","tag-provencal-le-gaulois","tag-serie-tv","tag-tournage","tag-trilogie"],"aioseo_notices":[],"_links":{"self":[{"href":"https:\/\/www.moyenagepassion.com\/index.php\/wp-json\/wp\/v2\/posts\/25808"}],"collection":[{"href":"https:\/\/www.moyenagepassion.com\/index.php\/wp-json\/wp\/v2\/posts"}],"about":[{"href":"https:\/\/www.moyenagepassion.com\/index.php\/wp-json\/wp\/v2\/types\/post"}],"author":[{"embeddable":true,"href":"https:\/\/www.moyenagepassion.com\/index.php\/wp-json\/wp\/v2\/users\/2"}],"replies":[{"embeddable":true,"href":"https:\/\/www.moyenagepassion.com\/index.php\/wp-json\/wp\/v2\/comments?post=25808"}],"version-history":[{"count":1,"href":"https:\/\/www.moyenagepassion.com\/index.php\/wp-json\/wp\/v2\/posts\/25808\/revisions"}],"predecessor-version":[{"id":34027,"href":"https:\/\/www.moyenagepassion.com\/index.php\/wp-json\/wp\/v2\/posts\/25808\/revisions\/34027"}],"wp:attachment":[{"href":"https:\/\/www.moyenagepassion.com\/index.php\/wp-json\/wp\/v2\/media?parent=25808"}],"wp:term":[{"taxonomy":"category","embeddable":true,"href":"https:\/\/www.moyenagepassion.com\/index.php\/wp-json\/wp\/v2\/categories?post=25808"},{"taxonomy":"post_tag","embeddable":true,"href":"https:\/\/www.moyenagepassion.com\/index.php\/wp-json\/wp\/v2\/tags?post=25808"}],"curies":[{"name":"wp","href":"https:\/\/api.w.org\/{rel}","templated":true}]}}