{"id":25966,"date":"2019-03-27T23:00:45","date_gmt":"2019-03-27T22:00:45","guid":{"rendered":"https:\/\/www.moyenagepassion.com\/?p=25966"},"modified":"2020-10-05T01:21:00","modified_gmt":"2020-10-05T00:21:00","slug":"lhomme-et-la-nature-dans-la-poesie-lyrique-medievale-quelques-reflexions-avec-michel-zink","status":"publish","type":"post","link":"https:\/\/www.moyenagepassion.com\/index.php\/2019\/03\/27\/lhomme-et-la-nature-dans-la-poesie-lyrique-medievale-quelques-reflexions-avec-michel-zink\/","title":{"rendered":"L&rsquo;homme et la nature dans la po\u00e9sie lyrique m\u00e9di\u00e9vale, avec Michel Zink"},"content":{"rendered":"<div id=\"moyen-3563598477\" class=\"moyen-before-content moyen-entity-placement\"><script async src=\"\/\/pagead2.googlesyndication.com\/pagead\/js\/adsbygoogle.js?client=ca-pub-3035390706780632\" crossorigin=\"anonymous\"><\/script><ins class=\"adsbygoogle\" style=\"display:block;\" data-ad-client=\"ca-pub-3035390706780632\" \ndata-ad-slot=\"\" \ndata-ad-format=\"auto\"><\/ins>\n<script> \n(adsbygoogle = window.adsbygoogle || []).push({}); \n<\/script>\n<\/div><p><strong><img decoding=\"async\" class=\"alignleft size-full wp-image-26000\" src=\"https:\/\/www.moyenagepassion.com\/wp-content\/uploads\/2019\/03\/nature_moyen-age_citation_monde-medieval.jpg\" alt=\"nature_moyen-age_citation_monde-medieval\" width=\"125\" height=\"125\" \/>Sujet<\/strong> : citations, homme m\u00e9di\u00e9val, nature, moyen-\u00e2ge, po\u00e9sie m\u00e9di\u00e9vale, repr\u00e9sentations<br \/>\n<strong>P\u00e9riode<\/strong> : moyen-\u00e2ge central<br \/>\n<strong>Auteur<\/strong> : Michel Zink,<br \/>\n<strong>Sources<\/strong> :\u00a0<span style=\"color: #333333;\"><em>Nature et sentiment<\/em>.\u00a0Litt\u00e9rature n\u00b0130, 2003<\/span><\/p>\n<p>Bonjour \u00e0 tous,<\/p>\n<p style=\"text-align: justify;\"><img decoding=\"async\" class=\"alignleft size-full wp-image-23889\" src=\"https:\/\/www.moyenagepassion.com\/wp-content\/uploads\/2018\/10\/E_lettrine_moyen_age_passion.jpg\" alt=\"E_lettrine_moyen_age_passion\" width=\"84\" height=\"103\" \/>n 2003, dans un article de la revue <strong>Litt\u00e9rature<\/strong>, l&rsquo;acad\u00e9micien et sp\u00e9cialiste de litt\u00e9rature m\u00e9di\u00e9vale\u00a0 <strong>Michel Zink<\/strong> s&rsquo;interrogeait sur\u00a0le \u00ab\u00a0<em>sentiment de la nature<\/em>\u00a0\u00bb au moyen-\u00e2ge et, dans cette continuit\u00e9, sur les interrelations entre homme m\u00e9di\u00e9val et nature. Aujourd&rsquo;hui, nous partons, \u00e0 la rencontre d&rsquo;une partie de ses r\u00e9flexions sur le sujet, touchant notamment \u00e0 la nature dans la po\u00e9sie lyrique m\u00e9di\u00e9vale. Au passage, nous le suivrons sur la d\u00e9construction qu&rsquo;il op\u00e8re sur quelques possibles id\u00e9es re\u00e7ues sur la question. Au programme donc et partant d&rsquo;une citation extraite de cette article\u00a0:\u00a0d\u00e9finitions et sens nich\u00e9s sous le terme de nature dans la po\u00e9sie du moyen-\u00e2ge, ou encore alt\u00e9rit\u00e9 m\u00e9di\u00e9vale contre repr\u00e9sentations modernes.<\/p>\n<p><a href=\"https:\/\/www.moyenagepassion.com\/wp-content\/uploads\/2019\/03\/citation_michel_zink_homme_medieval_moyen-age.jpg\"><img decoding=\"async\" class=\"alignnone size-full wp-image-25967\" src=\"https:\/\/www.moyenagepassion.com\/wp-content\/uploads\/2019\/03\/citation_michel_zink_homme_medieval_moyen-age.jpg\" alt=\"citation_michel_zink_homme_medieval_moyen-age\" width=\"900\" height=\"362\" srcset=\"https:\/\/www.moyenagepassion.com\/wp-content\/uploads\/2019\/03\/citation_michel_zink_homme_medieval_moyen-age.jpg 900w, https:\/\/www.moyenagepassion.com\/wp-content\/uploads\/2019\/03\/citation_michel_zink_homme_medieval_moyen-age-300x121.jpg 300w\" sizes=\"(max-width: 900px) 100vw, 900px\" \/><\/a><\/p>\n<h2>La Nature m\u00e9di\u00e9vale<br \/>\nau service de la lyrique courtoise<\/h2>\n<p style=\"text-align: justify;\">La nature ne fournit pas au po\u00e8te courtois du moyen-\u00e2ge central,\u00a0un simple d\u00e9corum \u00e0 ses envol\u00e9es po\u00e9tiques, elle est son inspiration, sa respiration. Le fine amant courtois y mire son \u00e2me et ses propres sentiments comme dans un miroir et, dans ce dialogue, il est d&rsquo;abord question d&rsquo;un contact \u00e9motionnel intime ; son c\u0153ur bat au rythme des <img decoding=\"async\" class=\"alignright wp-image-19310\" src=\"https:\/\/www.moyenagepassion.com\/wp-content\/uploads\/2018\/02\/deco_enluminures_rossignol_poesie_medievale.jpg\" alt=\"deco_enluminures_rossignol_poesie_medievale\" width=\"74\" height=\"319\" \/>saisons, entre le sommeil triste, froid, et quelquefois mortel de l&rsquo;hiver et les chaleurs printani\u00e8res porteuses de promesses de nouveaux \u00e9veils amoureux, avec leurs bois qui reverdissent et\u00a0leurs chants d&rsquo;oiseaux complices.<\/p>\n<p style=\"text-align: justify;\">Si nos esprits modernes pourraient \u00eatre tent\u00e9s d&rsquo;interpr\u00e9ter comme une forme \u00ab\u00a0d&rsquo;\u00e9cologie\u00a0\u00bb avant la lettre, ce \u00ab\u00a0bon temps\u00a0\u00bb o\u00f9 le c\u0153ur de l&rsquo;homme battait \u00e0 l&rsquo;unisson de m\u00e8re nature, il faut pourtant se garder de s&rsquo;y pr\u00e9cipiter. Une des particularit\u00e9s premi\u00e8res de la perception-repr\u00e9sentation de l&rsquo;id\u00e9e de nature au moyen-\u00e2ge, est, en effet, d&rsquo;\u00eatre d&rsquo;abord appr\u00e9hend\u00e9e comme reflet de la cr\u00e9ation divine. Comme\u00a0<strong>Michel Zink<\/strong> nous le rappelle\u00a0ici : <span style=\"color: #008000;\"><em><strong>\u00ab\u00a0La notion de nature au Moyen \u00c2ge renvoie fondamentalement \u00e0 l&rsquo;action cr\u00e9atrice de Dieu\u00a0\u00bb<span style=\"color: #000000;\">.<\/span><\/strong><\/em><\/span>\u00a0Elle est sa main, et m\u00eame plus loin, \u00ab\u00a0elle est Dieu\u00a0\u00bb. Entre le cr\u00e9ateur, sa cr\u00e9ation et ses cr\u00e9atures, la\u00a0relation est symbiotique, presque charnelle.<\/p>\n<p style=\"text-align: justify;\"><strong><em><span style=\"color: #008000;\">\u201c(&#8230;) l&rsquo;homme m\u00e9di\u00e9val se con\u00e7oit si enti\u00e8rement comme une cr\u00e9ature, comme un produit de la nature, qu&rsquo;il n&rsquo;envisage pas de porter sur le monde dans lequel il est immerg\u00e9 un regard ext\u00e9rieur et distanci\u00e9.\u201d<\/span><br \/>\n<\/em><\/strong><span style=\"color: #808080;\"><strong>Michel ZINK<\/strong>\u00a0 \u00a0<em>Nature et sentiment<\/em>.\u00a0 <\/span><span style=\"color: #808080;\">Litt\u00e9rature n\u00b0130, 2003<\/span><\/p>\n<p style=\"text-align: justify;\">Si la po\u00e9sie courtoise m\u00e9di\u00e9vale a fait de la nature\u00a0cet interlocuteur qui accorde\u00a0le po\u00e8te et ses sentiments amoureux, au point de l&rsquo;y avoir r\u00e9duite, par endroits, il ne s&rsquo;agit\u00a0donc pas l\u00e0 d&rsquo;une nature \u00ab\u00a0objectiv\u00e9e\u00a0\u00bb. Autrement dit, pas question ici\u00a0de \u00ab\u00a0paysages\u00a0\u00bb ou de contemplation de son vivant spectacle, qui susciteraient une \u00e9motion \u00e0 part enti\u00e8re et sa large palette de nuances. Si la nature inspire, refl\u00e8te, influe sur les dispositions\u00a0amoureuses du po\u00e8te, susurre \u00e0 son oreille, c&rsquo;est toujours pour mieux lui renvoyer l&rsquo;image <img decoding=\"async\" class=\"wp-image-19310 alignleft\" src=\"https:\/\/www.moyenagepassion.com\/wp-content\/uploads\/2018\/02\/deco_enluminures_rossignol_poesie_medievale.jpg\" alt=\"deco_enluminures_rossignol_poesie_medievale\" width=\"74\" height=\"319\" \/>de son d\u00e9sir ou de sa dame, comme autant de \u00ab\u00a0projections\u00a0\u00bb mises au service des nouvelles formes d&rsquo;expressions sentimentales que le Moyen-\u00e2ge concocte \u00e0 travers la lyrique courtoise. Instrumentalis\u00e9e par le fine amant, cette nature m\u00e9di\u00e9vale s&rsquo;\u00e9puise souvent tout enti\u00e8re dans \u00ab\u00a0l&rsquo;obsession\u00a0\u00bb\u00a0 amoureuse de ce dernier. Si elle vibre \u00e0 l&rsquo;unisson d&rsquo;une cr\u00e9ature, le po\u00e8te, qui lui est inextricablement spirituellement li\u00e9 et qui ne peut totalement s&rsquo;en abstraire pour la distancier, il est question de r\u00e9sonance et pas d&rsquo;objet de contemplation dot\u00e9 de ses \u00ab\u00a0propres\u00a0\u00bb propri\u00e9t\u00e9s intrins\u00e8ques. L\u00e0 encore, citons <strong>Michel Zink<\/strong> ;<\/p>\n<p style=\"text-align: justify;\"><span style=\"color: #008000;\"><strong><em>\u00a0\u00bb (&#8230;) le sens v\u00e9ritable de la nature se trouve dans la participation \u00e0 la nature, et non dans le regard port\u00e9 sur elle, regard distanci\u00e9 qui ne la voit pas elle-m\u00eame ni pour elle-m\u00eame, mais qui voit en elle l&rsquo;objet qui occupe l&rsquo;esprit et qui la mod\u00e8le en fonction de lui.\u00a0\u00bb<br \/>\n<strong style=\"color: #808080;\">Michel ZINK (opus cit\u00e9)<\/strong><br \/>\n<\/em><\/strong><\/span><\/p>\n<p style=\"text-align: justify;\">Pour que la nature devienne un sujet de contemplation, une source \u00e0 part enti\u00e8re d&rsquo;inspiration, suscitant son lot de nouvelles \u00e9motions, il faudra attendre les si\u00e8cles suivants. Dans le m\u00eame esprit bien s\u00fbr, cette notion de nature m\u00e9di\u00e9vale ne recouvrera pas non plus le sens\u00a0 qu&rsquo;on lui donne parfois, de nos jours, de territoire vierge, non encore domestiqu\u00e9 ou conquis, par l&rsquo;homme (il n&rsquo;en reste d&rsquo;ailleurs plus gu\u00e8re).\u00a0 Pour \u00e9largir ces r\u00e9flexions, nous vous conseillons la lecture de l&rsquo;article de <strong>Michel Zink\u00a0<\/strong> dans son entier sur Pers\u00e9e <strong>(1)<\/strong>.<\/p>\n<hr \/>\n<p style=\"text-align: justify;\"><a href=\"https:\/\/www.moyenagepassion.com\/?s=Amour+courtois\" target=\"_blank\" rel=\"noopener noreferrer\">Au\u00a0sujet du fine amant et de l&rsquo;amour courtois, nous vous renvoyons \u00e0 nos nombreux articles sur la question.<\/a><\/p>\n<p><a href=\"https:\/\/www.moyenagepassion.com\/index.php\/2018\/02\/09\/le-vilain-des-fabliaux-et-le-fabliau-medieval-des-chevaliers-des-clercs-et-des-vilains\/\" target=\"_blank\" rel=\"noopener noreferrer\">Sur\u00a0 la notion de nature comme d\u00e9corum et son instrumentalisation sociale, voir aussi le fabliau des chevaliers, des clercs et des vilains<\/a><\/p>\n<p><a href=\"https:\/\/www.moyenagepassion.com\/index.php\/2018\/02\/16\/representation-du-divin-naissance-du-beau-une-archeologie-de-limage-au-moyen-age-avec-le-philosophe-olivier-boulnois\/\" target=\"_blank\" rel=\"noopener noreferrer\">Sur les aspects de repr\u00e9sentation et d&rsquo;esth\u00e9tique au Moyen-\u00e2ge,\u00a0voir \u00e9galement article au sujet des travaux d&rsquo;<strong>Olivier Boulnois<\/strong><\/a>.<\/p>\n<hr \/>\n<p>En vous souhaitant une belle journ\u00e9e.<\/p>\n<p>Fr\u00e9d\u00e9ric EFFE<br \/>\n<em><strong>A la d\u00e9couverte du monde m\u00e9di\u00e9val sous toutes ses formes.<\/strong><\/em><\/p>\n<p><b>(1)\u00a0\u00a0<\/b><span style=\"color: #808080;\"><a href=\"https:\/\/www.persee.fr\/doc\/litt_0047-4800_2003_num_130_2_1797\" target=\"_blank\" rel=\"noopener noreferrer\">Michel<strong> ZINK<\/strong>\u00a0<em>Nature et sentiment<\/em>.<\/a>\u00a0<\/span><a href=\"https:\/\/www.persee.fr\/doc\/litt_0047-4800_2003_num_130_2_1797\" target=\"_blank\" rel=\"noopener noreferrer\"><span style=\"color: #808080;\">Litt\u00e9rature n\u00b0130, 2003.\u00a0<em>Alt\u00e9rit\u00e9s du Moyen \u00c2ge<\/em>\u00a0(Pers\u00e9e)<\/span><\/a><\/p>\n","protected":false},"excerpt":{"rendered":"<p>Sujet : citations, homme m\u00e9di\u00e9val, nature, moyen-\u00e2ge, po\u00e9sie m\u00e9di\u00e9vale, repr\u00e9sentations P\u00e9riode : moyen-\u00e2ge central Auteur : Michel Zink, Sources :\u00a0Nature et sentiment.\u00a0Litt\u00e9rature n\u00b0130, 2003 Bonjour \u00e0 tous, n 2003, dans un article de la revue Litt\u00e9rature, l&rsquo;acad\u00e9micien et sp\u00e9cialiste de litt\u00e9rature m\u00e9di\u00e9vale\u00a0 Michel Zink s&rsquo;interrogeait sur\u00a0le \u00ab\u00a0sentiment de la nature\u00a0\u00bb au moyen-\u00e2ge et, dans cette &hellip; <a href=\"https:\/\/www.moyenagepassion.com\/index.php\/2019\/03\/27\/lhomme-et-la-nature-dans-la-poesie-lyrique-medievale-quelques-reflexions-avec-michel-zink\/\" class=\"more-link\">Continuer la lecture de <span class=\"screen-reader-text\">L&rsquo;homme et la nature dans la po\u00e9sie lyrique m\u00e9di\u00e9vale, avec Michel Zink<\/span>  <span class=\"meta-nav\">&rarr;<\/span><\/a><\/p>\n","protected":false},"author":2,"featured_media":0,"comment_status":"open","ping_status":"open","sticky":false,"template":"","format":"standard","meta":{"_monsterinsights_skip_tracking":false,"_monsterinsights_sitenote_active":false,"_monsterinsights_sitenote_note":"","_monsterinsights_sitenote_category":0,"footnotes":""},"categories":[154,9],"tags":[4390,298,155,3793,4389,1915,2489,663,182,18,2614,615],"class_list":["post-25966","post","type-post","status-publish","format-standard","hentry","category-citations-moyen-age-medievales","category-musique-medieval-historique-fantaisie-celtique","tag-alterite-medievale","tag-amour-courtois","tag-citation","tag-fine-amant","tag-homme-medieval","tag-litterature-medievale","tag-medieviste","tag-michel-zink","tag-monde-medieval","tag-moyen-age","tag-nature","tag-poesie-medievale"],"aioseo_notices":[],"_links":{"self":[{"href":"https:\/\/www.moyenagepassion.com\/index.php\/wp-json\/wp\/v2\/posts\/25966"}],"collection":[{"href":"https:\/\/www.moyenagepassion.com\/index.php\/wp-json\/wp\/v2\/posts"}],"about":[{"href":"https:\/\/www.moyenagepassion.com\/index.php\/wp-json\/wp\/v2\/types\/post"}],"author":[{"embeddable":true,"href":"https:\/\/www.moyenagepassion.com\/index.php\/wp-json\/wp\/v2\/users\/2"}],"replies":[{"embeddable":true,"href":"https:\/\/www.moyenagepassion.com\/index.php\/wp-json\/wp\/v2\/comments?post=25966"}],"version-history":[{"count":1,"href":"https:\/\/www.moyenagepassion.com\/index.php\/wp-json\/wp\/v2\/posts\/25966\/revisions"}],"predecessor-version":[{"id":34266,"href":"https:\/\/www.moyenagepassion.com\/index.php\/wp-json\/wp\/v2\/posts\/25966\/revisions\/34266"}],"wp:attachment":[{"href":"https:\/\/www.moyenagepassion.com\/index.php\/wp-json\/wp\/v2\/media?parent=25966"}],"wp:term":[{"taxonomy":"category","embeddable":true,"href":"https:\/\/www.moyenagepassion.com\/index.php\/wp-json\/wp\/v2\/categories?post=25966"},{"taxonomy":"post_tag","embeddable":true,"href":"https:\/\/www.moyenagepassion.com\/index.php\/wp-json\/wp\/v2\/tags?post=25966"}],"curies":[{"name":"wp","href":"https:\/\/api.w.org\/{rel}","templated":true}]}}