{"id":26044,"date":"2019-04-03T20:15:45","date_gmt":"2019-04-03T19:15:45","guid":{"rendered":"https:\/\/www.moyenagepassion.com\/?p=26044"},"modified":"2020-10-04T19:17:21","modified_gmt":"2020-10-04T18:17:21","slug":"ce-week-end-retour-en-force-des-medievistes-a-crisolles-pour-ledition-2019-de-celle-ci-dura-cent-ans","status":"publish","type":"post","link":"https:\/\/www.moyenagepassion.com\/index.php\/2019\/04\/03\/ce-week-end-retour-en-force-des-medievistes-a-crisolles-pour-ledition-2019-de-celle-ci-dura-cent-ans\/","title":{"rendered":"Retour en force des m\u00e9di\u00e9vistes \u00e0 Crisolles, pour l&rsquo;\u00e9dition 2019 de \u00ab\u00a0Celle-ci dura cent ans\u00a0\u00bb"},"content":{"rendered":"<div id=\"moyen-2303884738\" class=\"moyen-before-content moyen-entity-placement\"><script async src=\"\/\/pagead2.googlesyndication.com\/pagead\/js\/adsbygoogle.js?client=ca-pub-3035390706780632\" crossorigin=\"anonymous\"><\/script><ins class=\"adsbygoogle\" style=\"display:block;\" data-ad-client=\"ca-pub-3035390706780632\" \ndata-ad-slot=\"\" \ndata-ad-format=\"auto\"><\/ins>\n<script> \n(adsbygoogle = window.adsbygoogle || []).push({}); \n<\/script>\n<\/div><p><strong><a href=\"https:\/\/www.moyenagepassion.com\/wp-content\/uploads\/2019\/04\/evenement-medieval_rassemblement-medievistes_picardie_2019.jpg\"><img decoding=\"async\" class=\"alignleft wp-image-26053\" src=\"https:\/\/www.moyenagepassion.com\/wp-content\/uploads\/2019\/04\/evenement-medieval_rassemblement-medievistes_picardie_2019.jpg\" alt=\"evenement-medieval_rassemblement-medievistes_picardie_2019\" width=\"105\" height=\"208\" \/><\/a>Sujet<\/strong>\u00a0: agenda, rassemblement m\u00e9di\u00e9vistes, animations, compagnies m\u00e9di\u00e9vales. escrime ancienne, histoire vivante, campements m\u00e9di\u00e9vaux, reconstituteurs, mesnies,<br \/>\n<strong>P\u00e9riode cibl\u00e9e<\/strong>\u00a0: XIVe, XVe, moyen-\u00e2ge tardif<br \/>\n<strong>Ev\u00e9nement<\/strong>\u00a0: <strong><em>Celle-ci dura\u00a0cent ans 2019<\/em><\/strong><br \/>\n<strong>Lieu :<\/strong>\u00a0\u00a0<strong>Parc\u00a0Carisiolas<\/strong>, Crisolles, Oise<br \/>\nHauts-de-France (Picardie)<br \/>\n<strong>Date : <\/strong>les samedi\u00a06 et dimanche\u00a07 avril 2019<\/p>\n<p>Bonjour \u00e0 tous,<\/p>\n<p style=\"text-align: justify;\"><img decoding=\"async\" class=\"alignleft size-full wp-image-23904\" src=\"https:\/\/www.moyenagepassion.com\/wp-content\/uploads\/2018\/10\/S_lettrine_moyen_age_passion.jpg\" alt=\"S_lettrine_moyen_age_passion\" width=\"84\" height=\"103\" \/>ur l&rsquo;agenda m\u00e9di\u00e9val de ce week-end, on pourra compter sur le retour du grand rassemblement de m\u00e9di\u00e9vistes ayant pour nom\u00a0<em><strong>Celle-ci dura cent ans<\/strong><\/em>, \u00e0 Crisolles. Comme \u00e0 son habitude, l&rsquo;\u00e9v\u00e9nement aura\u00a0pour cadre le <strong>Parc Carisiolas<\/strong> qui en est l&rsquo;organisateur.\u00a0La manifestation promet, \u00e0 nouveau, du grand <a href=\"https:\/\/www.moyenagepassion.com\/wp-content\/uploads\/2019\/04\/rassemblement_fetes_medievales_reconstituteurs_compagnies-medievales_celleciduracentans_2019.jpg\"><img decoding=\"async\" class=\"alignright wp-image-26049\" src=\"https:\/\/www.moyenagepassion.com\/wp-content\/uploads\/2019\/04\/rassemblement_fetes_medievales_reconstituteurs_compagnies-medievales_celleciduracentans_2019.jpg\" alt=\"rassemblement_fetes_medievales_reconstituteurs_compagnies-medievales_celleciduracentans_2019\" width=\"219\" height=\"376\" srcset=\"https:\/\/www.moyenagepassion.com\/wp-content\/uploads\/2019\/04\/rassemblement_fetes_medievales_reconstituteurs_compagnies-medievales_celleciduracentans_2019.jpg 400w, https:\/\/www.moyenagepassion.com\/wp-content\/uploads\/2019\/04\/rassemblement_fetes_medievales_reconstituteurs_compagnies-medievales_celleciduracentans_2019-175x300.jpg 175w\" sizes=\"(max-width: 219px) 100vw, 219px\" \/><\/a>spectacle avec des troupes et Mesnies venues\u00a0des quatre coins de France et m\u00eame d&rsquo;Europe.<\/p>\n<p style=\"text-align: justify;\">Au programme, histoire vivante et vibrantes reconstitutions avec des batailles et m\u00eal\u00e9es impressionnantes. On pourra y ajouter la d\u00e9couverte de la vie de camp et de l&rsquo;artisanat dans les campements install\u00e9s pour l&rsquo;occasion, ainsi que\u00a0de\u00a0franches ripailles, mais encore des d\u00e9monstrations continues de forge m\u00e9di\u00e9vale ainsi qu&rsquo;une d\u00e9monstration de jeu de Soule.<\/p>\n<h2>Compagnies\u00a0m\u00e9di\u00e9vales et\u00a0Mesnies<br \/>\n(liste non d\u00e9finitive)<\/h2>\n<p style=\"text-align: justify;\"><span style=\"color: #008000;\"><em>Maisnie de Montinius &#8211; La Guerre des couronnes &#8211; La Mesnie Enguerran &#8211; Francs compaigns Braban\u00e7ons &#8211; The Plantagenet society &#8211; Fabuleux Compaigns de Lastours &#8211; De fil en \u00e9p\u00e9e &#8211; Persona non grata &#8211; Via Historiae &#8211; Mesnie des Leus du Val de Loyre &#8211; Alliance des lions d&rsquo;Anjou &#8211;\u00a0 Obliti Milites &#8211; Un orf\u00e8vre \u00e0 la forge &#8211; La Maisnie d&rsquo;Adrialle &#8211; La Compagnie d&rsquo;armes de <\/em><\/span><span style=\"color: #008000;\"><em>la Tour d&rsquo;Auvergne &#8211; La compagnie des Armoises &#8211; E mptivus miles<\/em><\/span><\/p>\n<p style=\"text-align: justify;\"><a href=\"https:\/\/www.moyenagepassion.com\/wp-content\/uploads\/2019\/04\/rassemblement_reconstituteurs_compagnies-medievales_celleciduracentans_2019_hauts-de-France.jpg\"><img decoding=\"async\" class=\"alignnone wp-image-26048 size-full\" src=\"https:\/\/www.moyenagepassion.com\/wp-content\/uploads\/2019\/04\/rassemblement_reconstituteurs_compagnies-medievales_celleciduracentans_2019_hauts-de-France.jpg\" alt=\"rassemblement_reconstituteurs_compagnies-medievales_celleciduracentans_2019_hauts-de-France\" width=\"500\" height=\"336\" srcset=\"https:\/\/www.moyenagepassion.com\/wp-content\/uploads\/2019\/04\/rassemblement_reconstituteurs_compagnies-medievales_celleciduracentans_2019_hauts-de-France.jpg 500w, https:\/\/www.moyenagepassion.com\/wp-content\/uploads\/2019\/04\/rassemblement_reconstituteurs_compagnies-medievales_celleciduracentans_2019_hauts-de-France-300x202.jpg 300w\" sizes=\"(max-width: 500px) 100vw, 500px\" \/><\/a><\/p>\n<p style=\"text-align: justify;\">L&rsquo;\u00e9v\u00e9nement s&rsquo;inscrit dans la foul\u00e9e de la r\u00e9ouverture saisonni\u00e8re du Parc qui a lieu, ce jour m\u00eame, Mercredi 3 avril 2019.<\/p>\n<p style=\"text-align: center;\"><a href=\"https:\/\/www.facebook.com\/CelleCiDura100Ans\/\">Page FB de l&rsquo;\u00e9v\u00e9nement<\/a> &#8211; <a href=\"https:\/\/www.carisiolas.com\/\" target=\"_blank\" rel=\"noopener noreferrer\">Site officiel de l&rsquo;organisateur<\/a><\/p>\n<p style=\"text-align: justify;\"><a href=\"https:\/\/www.moyenagepassion.com\/index.php\/2018\/03\/22\/celle-ci-dura-100-ans-grand-rassemblement-medieviste-batailles-comme-au-moyen-age-en-picardie\/\">Pour plus de d\u00e9tails sur le Parc Carisiolas, ses projets et son village m\u00e9di\u00e9val, voir notre article sur l&rsquo;\u00e9dition pr\u00e9c\u00e9dente de l&rsquo;\u00e9v\u00e9nement.<\/a><\/p>\n<p>En vous souhaitant une tr\u00e8s belle journ\u00e9e.<\/p>\n<p>Fr\u00e9d\u00e9ric EFFE.<br \/>\nPour moyenagepassion.com<br \/>\n<em><strong>A la d\u00e9couverte du Moyen-Age sous toutes ses formes.<\/strong><\/em><\/p>\n","protected":false},"excerpt":{"rendered":"<p>Sujet\u00a0: agenda, rassemblement m\u00e9di\u00e9vistes, animations, compagnies m\u00e9di\u00e9vales. escrime ancienne, histoire vivante, campements m\u00e9di\u00e9vaux, reconstituteurs, mesnies, P\u00e9riode cibl\u00e9e\u00a0: XIVe, XVe, moyen-\u00e2ge tardif Ev\u00e9nement\u00a0: Celle-ci dura\u00a0cent ans 2019 Lieu :\u00a0\u00a0Parc\u00a0Carisiolas, Crisolles, Oise Hauts-de-France (Picardie) Date : les samedi\u00a06 et dimanche\u00a07 avril 2019 Bonjour \u00e0 tous, ur l&rsquo;agenda m\u00e9di\u00e9val de ce week-end, on pourra compter sur le retour &hellip; <a href=\"https:\/\/www.moyenagepassion.com\/index.php\/2019\/04\/03\/ce-week-end-retour-en-force-des-medievistes-a-crisolles-pour-ledition-2019-de-celle-ci-dura-cent-ans\/\" class=\"more-link\">Continuer la lecture de <span class=\"screen-reader-text\">Retour en force des m\u00e9di\u00e9vistes \u00e0 Crisolles, pour l&rsquo;\u00e9dition 2019 de \u00ab\u00a0Celle-ci dura cent ans\u00a0\u00bb<\/span>  <span class=\"meta-nav\">&rarr;<\/span><\/a><\/p>\n","protected":false},"author":2,"featured_media":0,"comment_status":"open","ping_status":"open","sticky":false,"template":"","format":"standard","meta":{"_monsterinsights_skip_tracking":false,"_monsterinsights_sitenote_active":false,"_monsterinsights_sitenote_note":"","_monsterinsights_sitenote_category":0,"footnotes":""},"categories":[11],"tags":[1539,1780,2840,212,2507,3885,1826,2489,3073,18,3052,2458,2757],"class_list":["post-26044","post","type-post","status-publish","format-standard","hentry","category-fetes-medievales-evenement","tag-agenda-medieval","tag-animations","tag-campements-medievaux","tag-compagnies-medievales","tag-escrime-ancienne","tag-hauts-de-france","tag-histoire-vivante","tag-medieviste","tag-mesnies","tag-moyen-age","tag-picardie","tag-rassemblement-medieval","tag-reconstituteurs"],"aioseo_notices":[],"_links":{"self":[{"href":"https:\/\/www.moyenagepassion.com\/index.php\/wp-json\/wp\/v2\/posts\/26044"}],"collection":[{"href":"https:\/\/www.moyenagepassion.com\/index.php\/wp-json\/wp\/v2\/posts"}],"about":[{"href":"https:\/\/www.moyenagepassion.com\/index.php\/wp-json\/wp\/v2\/types\/post"}],"author":[{"embeddable":true,"href":"https:\/\/www.moyenagepassion.com\/index.php\/wp-json\/wp\/v2\/users\/2"}],"replies":[{"embeddable":true,"href":"https:\/\/www.moyenagepassion.com\/index.php\/wp-json\/wp\/v2\/comments?post=26044"}],"version-history":[{"count":1,"href":"https:\/\/www.moyenagepassion.com\/index.php\/wp-json\/wp\/v2\/posts\/26044\/revisions"}],"predecessor-version":[{"id":34197,"href":"https:\/\/www.moyenagepassion.com\/index.php\/wp-json\/wp\/v2\/posts\/26044\/revisions\/34197"}],"wp:attachment":[{"href":"https:\/\/www.moyenagepassion.com\/index.php\/wp-json\/wp\/v2\/media?parent=26044"}],"wp:term":[{"taxonomy":"category","embeddable":true,"href":"https:\/\/www.moyenagepassion.com\/index.php\/wp-json\/wp\/v2\/categories?post=26044"},{"taxonomy":"post_tag","embeddable":true,"href":"https:\/\/www.moyenagepassion.com\/index.php\/wp-json\/wp\/v2\/tags?post=26044"}],"curies":[{"name":"wp","href":"https:\/\/api.w.org\/{rel}","templated":true}]}}