{"id":26229,"date":"2019-04-16T19:53:17","date_gmt":"2019-04-16T18:53:17","guid":{"rendered":"https:\/\/www.moyenagepassion.com\/?p=26229"},"modified":"2019-04-16T20:10:22","modified_gmt":"2019-04-16T19:10:22","slug":"agenda-medieval-la-15e-foire-du-roy-rene-a-peyrolles-en-provence","status":"publish","type":"post","link":"https:\/\/www.moyenagepassion.com\/index.php\/2019\/04\/16\/agenda-medieval-la-15e-foire-du-roy-rene-a-peyrolles-en-provence\/","title":{"rendered":"Agenda  : la 15e foire m\u00e9di\u00e9vale du Roy Ren\u00e9 \u00e0\u00a0Peyrolles-en-Provence"},"content":{"rendered":"<div id=\"moyen-2144139619\" class=\"moyen-before-content moyen-entity-placement\"><script async src=\"\/\/pagead2.googlesyndication.com\/pagead\/js\/adsbygoogle.js?client=ca-pub-3035390706780632\" crossorigin=\"anonymous\"><\/script><ins class=\"adsbygoogle\" style=\"display:block;\" data-ad-client=\"ca-pub-3035390706780632\" \ndata-ad-slot=\"\" \ndata-ad-format=\"auto\"><\/ins>\n<script> \n(adsbygoogle = window.adsbygoogle || []).push({}); \n<\/script>\n<\/div><p><strong><img decoding=\"async\" class=\"alignleft wp-image-26237\" src=\"https:\/\/www.moyenagepassion.com\/wp-content\/uploads\/2019\/04\/blason_armoirie_peyrolles-en-provence-PACA_fetes-medievales_Roy-ren\u00e9.jpg\" alt=\"blason_armoirie_peyrolles-en-provence-PACA_fetes-medievales_Roy-ren\u00e9\" width=\"120\" height=\"179\" srcset=\"https:\/\/www.moyenagepassion.com\/wp-content\/uploads\/2019\/04\/blason_armoirie_peyrolles-en-provence-PACA_fetes-medievales_Roy-ren\u00e9.jpg 226w, https:\/\/www.moyenagepassion.com\/wp-content\/uploads\/2019\/04\/blason_armoirie_peyrolles-en-provence-PACA_fetes-medievales_Roy-ren\u00e9-201x300.jpg 201w\" sizes=\"(max-width: 120px) 100vw, 120px\" \/>Sujet<\/strong>\u00a0: agenda, f\u00eates m\u00e9di\u00e9vales,\u00a0 moyen-\u00e2ge festif, animations m\u00e9di\u00e9vales, foire, march\u00e9 m\u00e9di\u00e9val, tournoi, spectacle m\u00e9di\u00e9val, week-end, campements<br \/>\n<strong>Lieu<\/strong>\u00a0: Peyrolles en Provence,\u00a0Bouches-du-Rh\u00f4ne, Provence-Alpes-C\u00f4te-d\u2019Azur\u00a0 \u00a0<strong>Ev\u00e9nement\u00a0<\/strong><strong>: la 15e foire du Roy Ren\u00e9<\/strong><br \/>\n<strong>Dates<\/strong>:\u00a0les 20 et 21 avril\u00a02019<\/p>\n<p>Bonjour \u00e0 tous,<\/p>\n<p style=\"text-align: justify;\"><img decoding=\"async\" class=\"alignleft size-full wp-image-24221\" src=\"https:\/\/www.moyenagepassion.com\/wp-content\/uploads\/2015\/12\/A_lettrine_moyen_age_passion1.jpg\" alt=\"A_lettrine_moyen_age_passion\" width=\"84\" height=\"103\" \/>lors que la saison des festivit\u00e9s m\u00e9di\u00e9vales d\u00e9bute tranquillement avec l&rsquo;approche du printemps, on notera sur l&rsquo;agenda de cette fin de semaine et du c\u00f4t\u00e9 de la Provence, le retour de la <strong>Foire du Roy Ren\u00e9<\/strong>. A chaque nouvelle \u00e9dition, cette grande c\u00e9l\u00e9bration draine un public croissant, avec une fr\u00e9quentation \u00e9valu\u00e9e \u00e0 plus de 30000 visiteurs l&rsquo;ann\u00e9e derni\u00e8re.<\/p>\n<p style=\"text-align: justify;\"><a href=\"https:\/\/www.moyenagepassion.com\/wp-content\/uploads\/2019\/04\/fete_foire-medievale_animations-moyen-age_roy-rene_Peyrolles-en-Provence_PACA.jpg\"><img decoding=\"async\" class=\"alignright wp-image-26233\" src=\"https:\/\/www.moyenagepassion.com\/wp-content\/uploads\/2019\/04\/fete_foire-medievale_animations-moyen-age_roy-rene_Peyrolles-en-Provence_PACA.jpg\" alt=\"fete_foire-medievale_animations-moyen-age_roy-rene_Peyrolles-en-Provence_PACA\" width=\"205\" height=\"290\" srcset=\"https:\/\/www.moyenagepassion.com\/wp-content\/uploads\/2019\/04\/fete_foire-medievale_animations-moyen-age_roy-rene_Peyrolles-en-Provence_PACA.jpg 300w, https:\/\/www.moyenagepassion.com\/wp-content\/uploads\/2019\/04\/fete_foire-medievale_animations-moyen-age_roy-rene_Peyrolles-en-Provence_PACA-212x300.jpg 212w\" sizes=\"(max-width: 205px) 100vw, 205px\" \/><\/a>Pour son 15e anniversaire, ce sympathique \u00e9v\u00e9nement semble d&rsquo;ailleurs bien d\u00e9cid\u00e9 \u00e0 passer un cap puisque le Comit\u00e9 des F\u00eates de la cit\u00e9 de Peyrolles qui l&rsquo;organise en a renforc\u00e9 la programmation.\u00a0A en juger par l&rsquo;impressionnante liste de troupes et compagnies m\u00e9di\u00e9vales invit\u00e9es, la promesse d&rsquo;un\u00a0grand\u00a0 divertissement aux couleurs du moyen-\u00e2ge devrait donc \u00eatre largement tenue.<\/p>\n<h2 style=\"text-align: justify;\">Animations m\u00e9di\u00e9vales, tournois,<br \/>\nspectacles vari\u00e9s et campements<\/h2>\n<p style=\"text-align: justify;\">Au programme, on retrouvera les habituels temps forts de cette f\u00eate,\u00a0 avec la pr\u00e9sence sur place, d&rsquo;un roi Ren\u00e9 incarn\u00e9 et r\u00e9invit\u00e9 pour l&rsquo;occasion\u00a0 (arriv\u00e9e du roi, d\u00e9fil\u00e9, grand tournoi, etc &#8230;).\u00a0Du c\u00f4t\u00e9 des animations continues,\u00a0 musiques, contes, th\u00e9\u00e2tre de rue, mais encore spectacles (feu, voltige \u00e9questre, combats et m\u00eal\u00e9es)\u00a0 seront au rendez-vous. Il y aura encore de nombreux campements install\u00e9s par les diff\u00e9rentes compagnies et mesnies, ainsi que des ateliers et artisans faisant la d\u00e9monstration de savoir-faire et de m\u00e9tiers d&rsquo;\u00e9poque. Le samedi soir, un spectacle pyrotechnique est \u00e9galement pr\u00e9vu au dessus du ch\u00e2teau.<\/p>\n<p style=\"text-align: justify;\"><a href=\"https:\/\/www.moyenagepassion.com\/wp-content\/uploads\/2019\/04\/foire-medievale_roi-rene-2019_Peyrolles-en-provence_fetes_animations_Moyen-age.jpg\"><img decoding=\"async\" class=\"alignnone wp-image-26242 size-full\" src=\"https:\/\/www.moyenagepassion.com\/wp-content\/uploads\/2019\/04\/foire-medievale_roi-rene-2019_Peyrolles-en-provence_fetes_animations_Moyen-age.jpg\" alt=\"foire-medievale_roi-rene-2019_Peyrolles-en-provence_fetes_animations_Moyen-age\" width=\"650\" height=\"411\" srcset=\"https:\/\/www.moyenagepassion.com\/wp-content\/uploads\/2019\/04\/foire-medievale_roi-rene-2019_Peyrolles-en-provence_fetes_animations_Moyen-age.jpg 650w, https:\/\/www.moyenagepassion.com\/wp-content\/uploads\/2019\/04\/foire-medievale_roi-rene-2019_Peyrolles-en-provence_fetes_animations_Moyen-age-300x190.jpg 300w\" sizes=\"(max-width: 650px) 100vw, 650px\" \/><\/a><\/p>\n<p style=\"text-align: justify;\">Du point de vue restauration, plusieurs tavernes vous attendront sur place et il faut encore ajouter que les organisateurs ont d\u00e9ploy\u00e9 des efforts particuliers pour que la 15e \u00e9dition de cette grande f\u00eate m\u00e9di\u00e9vale soit aussi une r\u00e9ussite pour les enfants\u00a0; de nombreuses activit\u00e9s et animations leur seront, en effet, propos\u00e9es.<\/p>\n<p style=\"text-align: justify;\">Sur les aspects foire et march\u00e9 de cet \u00e9v\u00e9nement, plus de 120 exposants devraient \u00eatre, \u00e0 nouveau, pr\u00e9sents cette ann\u00e9e.<\/p>\n<p><strong>Compagnies pr\u00e9sentes (liste non exhaustive)<\/strong><\/p>\n<p style=\"text-align: justify;\"><span style=\"color: #008000;\"><em>Charlie Andrieux et Les Cavaliers Voltigeurs de France &#8211; Lous Cans de Tchancayres &#8211; Cie les Fr\u00e8res Lumi\u00e8res &#8211; Jacouille &#8211; Les Vilaines &#8211; La Gargouille &#8211; Les Philistins &#8211;\u00a0Le Prince des Dombes &#8211;\u00a0 Les\u00a0Chevaliers de Crussol &#8211; Les\u00a0Chevaliers des Terres d\u2019Occitanie &#8211;\u00a0L\u2019Obro Faiseurs de Couleurs &#8211;\u00a0La Ferme du Soleil &#8211;\u00a0\u00a0Les Guerriers du Lendemain &#8211;\u00a0Les Archers de Beaumont &#8211;\u00a0Les Chevaliers de Saint-Jean &#8211;\u00a0\u00a0L\u2019Ost de Roy &#8211;\u00a0La Guilde de la Grenouille &#8211;\u00a0La Gamela Nostra &#8211; Cie\u00a0A la Hache &#8211;\u00a0\u00a0Les Cabris D\u2019Argens &#8211; La\u00a0Compagnie du\u00a0Chevalier d\u2019Algues\u00a0 &#8211;\u00a0Clan d\u2019Helvie &#8211;\u00a0Sonagli di Tagatam &#8211;\u00a0Marymorgan Witch &#8211;\u00a0Lei Boulegan &#8211;\u00a0\u00a0Sikinis &#8211;\u00a0La compagnie des\u00a0M\u00e2ches Laitue &#8211;\u00a0Compagnie\u00a0Gaspard et les siens<\/em><\/span><\/p>\n<p><a href=\"https:\/\/www.facebook.com\/events\/287948018420572\/\" target=\"_blank\">Facebook de l&rsquo;\u00e9v\u00e9nement<\/a>\u00a0&#8211; <a href=\"https:\/\/cdfpp5.wixsite.com\/foireduroyrene\/programme\" target=\"_blank\">Programme d\u00e9taill\u00e9 de l&rsquo;\u00e9v\u00e9nement<\/a><\/p>\n<p><a href=\"https:\/\/www.moyenagepassion.com\/index.php\/2018\/04\/11\/agenda-peyrolles-en-provence-celebre-le-roi-rene\/\" target=\"_blank\">Voir article sur l&rsquo;\u00e9dition de la foire du Roi Ren\u00e9 2018<\/a>\u00a0 &#8211; <a href=\"https:\/\/www.moyenagepassion.com\/index.php\/2017\/04\/13\/agenda-festivals-historiques-et-rejouissances-medievales\/\" target=\"_blank\">Edition 2017<\/a><\/p>\n<p>En vous souhaitant une excellente journ\u00e9e.<\/p>\n<p>Fred<br \/>\nPour moyenagepassion.com<br \/>\n<em><strong>A la d\u00e9couverte du moyen-\u00e2ge sous toutes ses formes.<\/strong><\/em><\/p>\n","protected":false},"excerpt":{"rendered":"<p>Sujet\u00a0: agenda, f\u00eates m\u00e9di\u00e9vales,\u00a0 moyen-\u00e2ge festif, animations m\u00e9di\u00e9vales, foire, march\u00e9 m\u00e9di\u00e9val, tournoi, spectacle m\u00e9di\u00e9val, week-end, campements Lieu\u00a0: Peyrolles en Provence,\u00a0Bouches-du-Rh\u00f4ne, Provence-Alpes-C\u00f4te-d\u2019Azur\u00a0 \u00a0Ev\u00e9nement\u00a0: la 15e foire du Roy Ren\u00e9 Dates:\u00a0les 20 et 21 avril\u00a02019 Bonjour \u00e0 tous, lors que la saison des festivit\u00e9s m\u00e9di\u00e9vales d\u00e9bute tranquillement avec l&rsquo;approche du printemps, on notera sur l&rsquo;agenda de cette &hellip; <a href=\"https:\/\/www.moyenagepassion.com\/index.php\/2019\/04\/16\/agenda-medieval-la-15e-foire-du-roy-rene-a-peyrolles-en-provence\/\" class=\"more-link\">Continuer la lecture de <span class=\"screen-reader-text\">Agenda  : la 15e foire m\u00e9di\u00e9vale du Roy Ren\u00e9 \u00e0\u00a0Peyrolles-en-Provence<\/span>  <span class=\"meta-nav\">&rarr;<\/span><\/a><\/p>\n","protected":false},"author":2,"featured_media":0,"comment_status":"open","ping_status":"open","sticky":false,"template":"","format":"standard","meta":{"_monsterinsights_skip_tracking":false,"_monsterinsights_sitenote_active":false,"_monsterinsights_sitenote_note":"","_monsterinsights_sitenote_category":0,"footnotes":""},"categories":[11],"tags":[1391,2529,4415,3687,2840,212,4416,643,636,3063,3710,3962,3597,4417,3162,1209,1585],"class_list":["post-26229","post","type-post","status-publish","format-standard","hentry","category-fetes-medievales-evenement","tag-agenda","tag-animations-medievales","tag-bouches-du-rhone","tag-campements","tag-campements-medievaux","tag-compagnies-medievales","tag-foire-du-roy-rene","tag-foire-medievale","tag-marche-medieval","tag-moyen-age-festif","tag-peyrolles-en-provence","tag-provence-alpes-cote-dazur","tag-roi-rene","tag-roy-rene","tag-spectacle-medieval","tag-tournoi","tag-week-end"],"aioseo_notices":[],"_links":{"self":[{"href":"https:\/\/www.moyenagepassion.com\/index.php\/wp-json\/wp\/v2\/posts\/26229"}],"collection":[{"href":"https:\/\/www.moyenagepassion.com\/index.php\/wp-json\/wp\/v2\/posts"}],"about":[{"href":"https:\/\/www.moyenagepassion.com\/index.php\/wp-json\/wp\/v2\/types\/post"}],"author":[{"embeddable":true,"href":"https:\/\/www.moyenagepassion.com\/index.php\/wp-json\/wp\/v2\/users\/2"}],"replies":[{"embeddable":true,"href":"https:\/\/www.moyenagepassion.com\/index.php\/wp-json\/wp\/v2\/comments?post=26229"}],"version-history":[{"count":0,"href":"https:\/\/www.moyenagepassion.com\/index.php\/wp-json\/wp\/v2\/posts\/26229\/revisions"}],"wp:attachment":[{"href":"https:\/\/www.moyenagepassion.com\/index.php\/wp-json\/wp\/v2\/media?parent=26229"}],"wp:term":[{"taxonomy":"category","embeddable":true,"href":"https:\/\/www.moyenagepassion.com\/index.php\/wp-json\/wp\/v2\/categories?post=26229"},{"taxonomy":"post_tag","embeddable":true,"href":"https:\/\/www.moyenagepassion.com\/index.php\/wp-json\/wp\/v2\/tags?post=26229"}],"curies":[{"name":"wp","href":"https:\/\/api.w.org\/{rel}","templated":true}]}}