{"id":26248,"date":"2019-04-17T17:53:52","date_gmt":"2019-04-17T16:53:52","guid":{"rendered":"https:\/\/www.moyenagepassion.com\/?p=26248"},"modified":"2025-04-12T22:28:47","modified_gmt":"2025-04-12T21:28:47","slug":"des-trolls-et-des-legendes-pour-un-festival-en-grand-a-mons-en-belgique","status":"publish","type":"post","link":"https:\/\/www.moyenagepassion.com\/index.php\/2019\/04\/17\/des-trolls-et-des-legendes-pour-un-festival-en-grand-a-mons-en-belgique\/","title":{"rendered":"Des Trolls &amp; des l\u00e9gendes pour un festival en grand, \u00e0 Mons, en Belgique"},"content":{"rendered":"<div id=\"moyen-1727948463\" class=\"moyen-before-content moyen-entity-placement\"><script async src=\"\/\/pagead2.googlesyndication.com\/pagead\/js\/adsbygoogle.js?client=ca-pub-3035390706780632\" crossorigin=\"anonymous\"><\/script><ins class=\"adsbygoogle\" style=\"display:block;\" data-ad-client=\"ca-pub-3035390706780632\" \ndata-ad-slot=\"\" \ndata-ad-format=\"auto\"><\/ins>\n<script> \n(adsbygoogle = window.adsbygoogle || []).push({}); \n<\/script>\n<\/div><p><strong><img decoding=\"async\" class=\"alignleft wp-image-26253\" src=\"https:\/\/www.moyenagepassion.com\/wp-content\/uploads\/2019\/04\/ecu_armoiries_blason_Mons_Wallonie_Belgique_festival_medieval-fantatique.jpg\" alt=\"ecu_armoiries_blason_Mons_Wallonie_Belgique_festival_medieval-fantatique\" width=\"135\" height=\"201\" srcset=\"https:\/\/www.moyenagepassion.com\/wp-content\/uploads\/2019\/04\/ecu_armoiries_blason_Mons_Wallonie_Belgique_festival_medieval-fantatique.jpg 226w, https:\/\/www.moyenagepassion.com\/wp-content\/uploads\/2019\/04\/ecu_armoiries_blason_Mons_Wallonie_Belgique_festival_medieval-fantatique-201x300.jpg 201w\" sizes=\"(max-width: 135px) 100vw, 135px\" \/>Sujet<\/strong> : festival, m\u00e9di\u00e9val-fantastique, heroic fantasy, mondes imaginaires, salon du livre, concerts folk, pagan folk, animations m\u00e9di\u00e9vales<br \/>\n<strong>P\u00e9riode<\/strong> : moyen-\u00e2ge fantastique, l\u00e9gendes<br \/>\n<strong>Evenement<\/strong> : Festival Trolls &amp; legendes<br \/>\n<strong>Dates<\/strong> : vendredi 19, samedi 20 et dimanche\u00a0 21 avril 2019<br \/>\n<strong>Lieu<\/strong>\u00a0: Parc \u00a0Lotto Mons Expo, Mons, Belgique.<\/p>\n<p>Bonjour \u00e0 tous,<\/p>\n<p style=\"text-align: justify;\"><img decoding=\"async\" class=\"alignleft size-full wp-image-23888\" src=\"https:\/\/www.moyenagepassion.com\/wp-content\/uploads\/2018\/10\/D_lettrine_moyen_age_passion.jpg\" alt=\"D_lettrine_moyen_age_passion\" width=\"84\" height=\"103\" \/>e temps \u00e0 autre,\u00a0 nous nous laissons entra\u00eener hors des terres de France pour vous pr\u00e9senter quelques \u00e9v\u00e9nements autour du monde m\u00e9di\u00e9val. C&rsquo;est le cas cette fin de semaine et si vous \u00eates amateurs d&rsquo;univers de l\u00e9gendes, d&rsquo;Heroic fantasy, de cr\u00e9atures mythologiques, mais encore de folk d\u00e9brid\u00e9\u00a0et de musiques celtiques, un divertissement de taille vous attend \u00e0 Mons, en Belgique. J&rsquo;ai nomm\u00e9 le <strong>Festival Trolls &amp; L\u00e9gendes 2019<\/strong>.<\/p>\n<h3 style=\"text-align: justify;\">Salon du livre,\u00a0 litt\u00e9rature BD, Cin\u00e9ma<br \/>\nautour des univers imaginaires et fantasy<\/h3>\n<p style=\"text-align: justify;\">Organis\u00e9 par\u00a0<strong>Albin Michel Imaginaire<\/strong>\u00a0et l&rsquo;<strong>Association\u00a0Trolls &amp; L\u00e9gendes<\/strong>, l&rsquo;\u00e9v\u00e9nement pr\u00e9sente un espace Salon du livre qui fait une large place aux maisons d&rsquo;\u00e9dition, aux auteurs de litt\u00e9rature, mais\u00a0aussi aux illustrateurs, cr\u00e9ateurs de jeux, ou m\u00eame acteurs de cin\u00e9ma autour de l&rsquo;univers des l\u00e9gendes, des mondes imaginaires et du m\u00e9di\u00e9val fantastique.<\/p>\n<p style=\"text-align: justify;\"><a href=\"https:\/\/www.moyenagepassion.com\/wp-content\/uploads\/2019\/04\/festival-heroic-fantasy_salon-livre-medieval-fantastique_trolls-et-legendes-2019_Mons_belgique.jpg\"><img decoding=\"async\" class=\"alignright wp-image-26254\" src=\"https:\/\/www.moyenagepassion.com\/wp-content\/uploads\/2019\/04\/festival-heroic-fantasy_salon-livre-medieval-fantastique_trolls-et-legendes-2019_Mons_belgique.jpg\" alt=\"festival-heroic-fantasy_salon-livre-medieval-fantastique_trolls-et-legendes-2019_Mons_belgique\" width=\"256\" height=\"320\" srcset=\"https:\/\/www.moyenagepassion.com\/wp-content\/uploads\/2019\/04\/festival-heroic-fantasy_salon-livre-medieval-fantastique_trolls-et-legendes-2019_Mons_belgique.jpg 350w, https:\/\/www.moyenagepassion.com\/wp-content\/uploads\/2019\/04\/festival-heroic-fantasy_salon-livre-medieval-fantastique_trolls-et-legendes-2019_Mons_belgique-240x300.jpg 240w\" sizes=\"(max-width: 256px) 100vw, 256px\" \/><\/a>Entre autres intervenants de prestige, on notera, cette ann\u00e9e la pr\u00e9sence comme invit\u00e9 d&rsquo;Honneur de<strong> Graham Masterton<\/strong>.\u00a0 Pour ceux qui ne le connaissent pas encore, ce grand auteur de fantastique et horreur d&rsquo;origine \u00e9cossaise, a,\u00a0 \u00e0 son actif, pr\u00e8s de soixante-dix\u00a0 romans tous plus savoureux les uns que les autres. Les magies d&rsquo;origines diverses\u00a0 restent un de ses th\u00e8mes de pr\u00e9dilection et il y a d\u00e9di\u00e9 de nombreux ouvrages (vaudou, magie am\u00e9rindienne, magie asiatique, etc&#8230;). Pour le reste, sans pour autant la r\u00e9sumer, sa signature reste une horreur tr\u00e8s explicite dans certaines sc\u00e8nes \u00e0 travers laquelle finit par percer, quand on s&rsquo;y familiarise, une forme de jubilation de l&rsquo;auteur, qui n&rsquo;est pas d\u00e9nu\u00e9e d&rsquo;humour. De mon c\u00f4t\u00e9, j&rsquo;avoue compter ce ma\u00eetre de l&rsquo;horreur et du fantastique comme un de mes auteurs pr\u00e9f\u00e9r\u00e9s du genre, au point de le placer m\u00eame au niveau de Stephen King, sinon devant, sur certains aspects.<\/p>\n<h3 style=\"text-align: justify;\">Grands Concerts :\u00a0\u00a0le folk dans tous ses \u00e9tats<\/h3>\n<p style=\"text-align: justify;\">Avec\u00a0une bonne douzaine de groupes musicaux venus pour l&rsquo;occasion, les soir\u00e9es promettent d&rsquo;\u00eatre endiabl\u00e9es, \u00e0 partir de la fin d&rsquo;apr\u00e8s-midi. Autour du folk celtique et festif, tous les genres seront au rendez-vous : Folk Medieval, Folk Metal, Rock parodique, Pagan rock, Dark Folk, Gothique folk. On notera m\u00eame la pr\u00e9sence sur place du <a href=\"https:\/\/www.moyenagepassion.com\/index.php\/2016\/08\/02\/medieval-fantastique-en-musique-une-gigue-traditionnelle-irlandaise-revisitee-par-les-joyeux-drilles-de-naheulband\/\" target=\"_blank\" rel=\"noopener noreferrer\">l\u00e9gendaire Naheulband<\/a> !<\/p>\n<p style=\"text-align: justify;\"><span style=\"color: #008000;\"><em>La Maisnie Hellequin &#8211; Ball Noir &#8211; Magoyond &#8211; Naheulband &#8211; John L &#8211; Moran Magal &#8211; Shakra &#8211; Finntroll &#8211; Bugul Noz &#8211; Boisson Divine &#8211; Celkilt &#8211; Salvatio Mortis &#8211;<\/em><\/span><\/p>\n<h3 style=\"text-align: justify;\">March\u00e9 artisanal et animations permanentes<\/h3>\n<p style=\"text-align: justify;\">En plus des grands concerts en soir\u00e9e, le festival Trolls &amp; L\u00e9gendes propose, en journ\u00e9e, un nombre vertigineux d&rsquo;animations avec une bonne vingtaine de troupes venues pour l&rsquo;occasion, mais aussi des concours de Costplay sur des th\u00e8mes vari\u00e9s (m\u00e9tamorphose, mythologie ou <a href=\"https:\/\/www.moyenagepassion.com\/wp-content\/uploads\/2019\/04\/Agenda-medieval_trolls-et-legendes-festival-fantastique_salon-livre_animations-Heroic-fantasy_mons_Belgique.jpg\"><img decoding=\"async\" class=\"alignleft wp-image-26258\" src=\"https:\/\/www.moyenagepassion.com\/wp-content\/uploads\/2019\/04\/Agenda-medieval_trolls-et-legendes-festival-fantastique_salon-livre_animations-Heroic-fantasy_mons_Belgique.jpg\" alt=\"Agenda-medieval_trolls-et-legendes-festival-fantastique_salon-livre_animations-Heroic-fantasy_mons_Belgique\" width=\"199\" height=\"403\" srcset=\"https:\/\/www.moyenagepassion.com\/wp-content\/uploads\/2019\/04\/Agenda-medieval_trolls-et-legendes-festival-fantastique_salon-livre_animations-Heroic-fantasy_mons_Belgique.jpg 350w, https:\/\/www.moyenagepassion.com\/wp-content\/uploads\/2019\/04\/Agenda-medieval_trolls-et-legendes-festival-fantastique_salon-livre_animations-Heroic-fantasy_mons_Belgique-148x300.jpg 148w\" sizes=\"(max-width: 199px) 100vw, 199px\" \/><\/a>encore th\u00e8me libre). Une \u00ab\u00a0celtic lounge\u00a0\u00bb fournira m\u00eame l&rsquo;occasion\u00a0 de se \u00ab\u00a0tremper\u00a0\u00bb dans des bains musicaux riches et vari\u00e9s, en attendant les concerts du soir.\u00a0 Bien s\u00fbr, on pourra aussi compter sur place, avec l&rsquo;habituelle pr\u00e9sence d&rsquo;un vaste march\u00e9 artisanal, fort de pr\u00e8s de 100 exposants.<\/p>\n<p style=\"text-align: left;\"><strong>Compagnies pr\u00e9sentes :\u00a0 contes, campements, spectacles, concerts (hors exposants march\u00e9 )<\/strong><\/p>\n<p style=\"text-align: justify;\"><span style=\"color: #008000;\"><em>L&rsquo;Herboriste ambulant &#8211; Kaernunos &#8211; VIIe Cohorte Pr\u00e9torienne de la Louve &#8211; La Compagnie du Dragon de Fer &#8211; Laurence Art Campement hindou &#8211; Perceval le Magicien &#8211; Campement am\u00e9rindien &#8211; la Harpe magique de Freyja &#8211; Handpan &#8211; Pagan Noz &#8211; Sursum Corda &#8211; Belyscendre &#8211; C&rsquo;H.A.G &#8211; Nevermind Nessie &#8211; Les Grandes Moustaches &#8211; Cromlec&rsquo;h &#8211; Harapan &#8211; Guillaume de Berthelot &#8211; Cie Takapa &#8211; Ver&rsquo;Nack &#8211; Le Chaudron de Kerridwen &#8211; Awen<\/em><\/span><\/p>\n<p style=\"text-align: justify;\"><a href=\"https:\/\/trollsetlegendes.com\/\" target=\"_blank\" rel=\"noopener noreferrer\">Site officiel du festival Trolls &amp; l\u00e9gendes<\/a><\/p>\n<p style=\"text-align: justify;\"><a href=\"https:\/\/www.moyenagepassion.com\/index.php\/2017\/04\/13\/agenda-festivals-historiques-et-rejouissances-medievales\/\" target=\"_blank\" rel=\"noopener noreferrer\">Voir mention du festival et de son \u00e9dition 2017<\/a><\/p>\n<p style=\"text-align: justify;\">Une tr\u00e8s belle journ\u00e9e \u00e0 vous et surtout un excellent week end pascal.<\/p>\n<p style=\"text-align: justify;\">Fred<br \/>\nPour moyenagepassion.com<br \/>\n<em><strong>A la d\u00e9couverte du monde m\u00e9di\u00e9val sous toutes ses formes.<\/strong><\/em><\/p>\n","protected":false},"excerpt":{"rendered":"<p>Sujet : festival, m\u00e9di\u00e9val-fantastique, heroic fantasy, mondes imaginaires, salon du livre, concerts folk, pagan folk, animations m\u00e9di\u00e9vales P\u00e9riode : moyen-\u00e2ge fantastique, l\u00e9gendes Evenement : Festival Trolls &amp; legendes Dates : vendredi 19, samedi 20 et dimanche\u00a0 21 avril 2019 Lieu\u00a0: Parc \u00a0Lotto Mons Expo, Mons, Belgique. Bonjour \u00e0 tous, e temps \u00e0 autre,\u00a0 nous nous &hellip; <a href=\"https:\/\/www.moyenagepassion.com\/index.php\/2019\/04\/17\/des-trolls-et-des-legendes-pour-un-festival-en-grand-a-mons-en-belgique\/\" class=\"more-link\">Continuer la lecture de <span class=\"screen-reader-text\">Des Trolls &amp; des l\u00e9gendes pour un festival en grand, \u00e0 Mons, en Belgique<\/span>  <span class=\"meta-nav\">&rarr;<\/span><\/a><\/p>\n","protected":false},"author":2,"featured_media":0,"comment_status":"open","ping_status":"open","sticky":false,"template":"","format":"standard","meta":{"_monsterinsights_skip_tracking":false,"_monsterinsights_sitenote_active":false,"_monsterinsights_sitenote_note":"","_monsterinsights_sitenote_category":0,"footnotes":""},"categories":[11],"tags":[2529,4423,4420,136,4081,4418,489,1587,4424,3827,262,4419,4422,1299,2299,3689,6364,4421],"class_list":["post-26248","post","type-post","status-publish","format-standard","hentry","category-fetes-medievales-evenement","tag-animations-medievales","tag-belgique","tag-concerts-folk","tag-festival","tag-festival-fantastique","tag-festival-fantasy","tag-folk-medieval","tag-heroic-fantasy","tag-litterature-fantastique","tag-marche-artisanal","tag-medieval-fantastique","tag-mondes-imaginaires","tag-mons","tag-naheulband","tag-pagan-folk","tag-salon-du-livre","tag-trolls-legendes","tag-trolls-et-legendes"],"aioseo_notices":[],"_links":{"self":[{"href":"https:\/\/www.moyenagepassion.com\/index.php\/wp-json\/wp\/v2\/posts\/26248"}],"collection":[{"href":"https:\/\/www.moyenagepassion.com\/index.php\/wp-json\/wp\/v2\/posts"}],"about":[{"href":"https:\/\/www.moyenagepassion.com\/index.php\/wp-json\/wp\/v2\/types\/post"}],"author":[{"embeddable":true,"href":"https:\/\/www.moyenagepassion.com\/index.php\/wp-json\/wp\/v2\/users\/2"}],"replies":[{"embeddable":true,"href":"https:\/\/www.moyenagepassion.com\/index.php\/wp-json\/wp\/v2\/comments?post=26248"}],"version-history":[{"count":2,"href":"https:\/\/www.moyenagepassion.com\/index.php\/wp-json\/wp\/v2\/posts\/26248\/revisions"}],"predecessor-version":[{"id":51437,"href":"https:\/\/www.moyenagepassion.com\/index.php\/wp-json\/wp\/v2\/posts\/26248\/revisions\/51437"}],"wp:attachment":[{"href":"https:\/\/www.moyenagepassion.com\/index.php\/wp-json\/wp\/v2\/media?parent=26248"}],"wp:term":[{"taxonomy":"category","embeddable":true,"href":"https:\/\/www.moyenagepassion.com\/index.php\/wp-json\/wp\/v2\/categories?post=26248"},{"taxonomy":"post_tag","embeddable":true,"href":"https:\/\/www.moyenagepassion.com\/index.php\/wp-json\/wp\/v2\/tags?post=26248"}],"curies":[{"name":"wp","href":"https:\/\/api.w.org\/{rel}","templated":true}]}}