{"id":26274,"date":"2019-04-18T22:47:57","date_gmt":"2019-04-18T21:47:57","guid":{"rendered":"https:\/\/www.moyenagepassion.com\/?p=26274"},"modified":"2020-10-04T19:50:03","modified_gmt":"2020-10-04T18:50:03","slug":"week-end-pascal-complement-agenda-medieval","status":"publish","type":"post","link":"https:\/\/www.moyenagepassion.com\/index.php\/2019\/04\/18\/week-end-pascal-complement-agenda-medieval\/","title":{"rendered":"Week end pascal : compl\u00e9ment agenda m\u00e9di\u00e9val"},"content":{"rendered":"<div id=\"moyen-1360415636\" class=\"moyen-before-content moyen-entity-placement\"><script async src=\"\/\/pagead2.googlesyndication.com\/pagead\/js\/adsbygoogle.js?client=ca-pub-3035390706780632\" crossorigin=\"anonymous\"><\/script><ins class=\"adsbygoogle\" style=\"display:block;\" data-ad-client=\"ca-pub-3035390706780632\" \ndata-ad-slot=\"\" \ndata-ad-format=\"auto\"><\/ins>\n<script> \n(adsbygoogle = window.adsbygoogle || []).push({}); \n<\/script>\n<\/div><p><strong><a href=\"https:\/\/www.moyenagepassion.com\/wp-content\/uploads\/2018\/07\/agenda_fetes_festival_animations_medievales_moyen-age_festif.jpg\"><img decoding=\"async\" class=\"alignleft wp-image-22638\" src=\"https:\/\/www.moyenagepassion.com\/wp-content\/uploads\/2018\/07\/agenda_fetes_festival_animations_medievales_moyen-age_festif.jpg\" alt=\"agenda_fetes_festival_animations_medievales_moyen-age_festif\" width=\"124\" height=\"210\" srcset=\"https:\/\/www.moyenagepassion.com\/wp-content\/uploads\/2018\/07\/agenda_fetes_festival_animations_medievales_moyen-age_festif.jpg 332w, https:\/\/www.moyenagepassion.com\/wp-content\/uploads\/2018\/07\/agenda_fetes_festival_animations_medievales_moyen-age_festif-178x300.jpg 178w\" sizes=\"(max-width: 124px) 100vw, 124px\" \/><\/a>Sujet<\/strong>\u00a0: agenda, f\u00eates m\u00e9di\u00e9vales,\u00a0 moyen-\u00e2ge festif, animations m\u00e9di\u00e9vales, march\u00e9 m\u00e9di\u00e9val,\u00a0compagnies m\u00e9di\u00e9vales, reconstitutions historiques<br \/>\n<strong>Lieu<\/strong>\u00a0: Hauts-de-France,\u00a0 Auvergne-Rh\u00f4ne-Alpes,\u00a0\u00a0Normandie.<br \/>\n<strong>Ev\u00e9nement<\/strong><strong>:\u00a0<em>M\u00e9di\u00e9vales d\u2019ici et d\u2019ailleurs, ch\u00e2teaux en f\u00eate.<\/em><\/strong><br \/>\n<strong>Dates<\/strong>: 20, 21 et 22 avril\u00a0 2019<\/p>\n<p>Bonjour \u00e0 tous,<\/p>\n<p style=\"text-align: justify;\"><img decoding=\"async\" class=\"alignleft size-full wp-image-23901\" src=\"https:\/\/www.moyenagepassion.com\/wp-content\/uploads\/2018\/10\/P_lettrine_moyen_age_passion-copia.jpg\" alt=\"P_lettrine_moyen_age_passion-copia\" width=\"96\" height=\"103\" \/>our achever de boucler votre agenda m\u00e9di\u00e9val de fin de semaine, voici quelques f\u00eates et animations m\u00e9di\u00e9vales\u00a0en plus. Elles nous entra\u00eenent du c\u00f4t\u00e9 de la Loire, de la Haute Savoie, mais encore du d\u00e9partement du Nord et de la Normandie.<\/p>\n<hr \/>\n<h2>Les animations m\u00e9di\u00e9vales de l&rsquo;Ost du Ph\u00e9nix au ch\u00e2teau de Montrond-les-Bains<\/h2>\n<p style=\"text-align: justify;\"><strong>Lieu<\/strong>\u00a0;\u00a0\u00a0Montrond-les-Bains, Loire, Auvergne-Rh\u00f4ne-Alpes<br \/>\n<strong>Dates<\/strong>\u00a0: dimanches 21 avril, 5 et 19 mai, 2 et 16 juin, 7 et 21 juillet, 1 et 15 septembre\u00a0 2019<\/p>\n<p style=\"text-align: justify;\"><a href=\"https:\/\/www.moyenagepassion.com\/wp-content\/uploads\/2019\/04\/fetes-medievales_animations-histoire-vivante_reconstitutions-moyen-age_montrond-les-bains.jpg\"><img decoding=\"async\" class=\"alignnone size-full wp-image-26278\" src=\"https:\/\/www.moyenagepassion.com\/wp-content\/uploads\/2019\/04\/fetes-medievales_animations-histoire-vivante_reconstitutions-moyen-age_montrond-les-bains.jpg\" alt=\"fetes-medievales_animations--histoire-vivante_reconstitutions-moyen-age_montrond-les-bains\" width=\"500\" height=\"333\" srcset=\"https:\/\/www.moyenagepassion.com\/wp-content\/uploads\/2019\/04\/fetes-medievales_animations-histoire-vivante_reconstitutions-moyen-age_montrond-les-bains.jpg 500w, https:\/\/www.moyenagepassion.com\/wp-content\/uploads\/2019\/04\/fetes-medievales_animations-histoire-vivante_reconstitutions-moyen-age_montrond-les-bains-300x200.jpg 300w\" sizes=\"(max-width: 500px) 100vw, 500px\" \/><\/a><\/p>\n<p style=\"text-align: justify;\">La saison m\u00e9di\u00e9vale a d\u00e9but\u00e9 depuis d\u00e9j\u00e0 d\u00e9but avril \u00e0 la forteresse m\u00e9di\u00e9vale de Montrond-les-Bains. Comme chaque ann\u00e9e, c&rsquo;est l&rsquo;<strong>Ost du Ph\u00e9nix<\/strong>\u00a0qui a en charge les animations.\u00a0Cette belle troupe a pour p\u00e9riode de pr\u00e9dilection la fin du XIVe si\u00e8cle et le XVe si\u00e8cle et, en attendant les grandes m\u00e9di\u00e9vales qu&rsquo;elle donnera sur place au d\u00e9but\u00a0 du mois d&rsquo;ao\u00fbt, elle sera pr\u00e9sente deux dimanches par mois entre les murs du ch\u00e2teau-fort pour y proposer de riches reconstitutions th\u00e9matiques, entre jeux, ateliers, d\u00e9monstrations d&rsquo;artisanat, mais aussi combats et d\u00e9couverte de la vie de camp au moyen-\u00e2ge tardif.<\/p>\n<p style=\"text-align: center;\"><a href=\"https:\/\/www.facebook.com\/LOstDuPhenix\/\" target=\"_blank\" rel=\"noopener noreferrer\">Facebook de l&rsquo;Ost du Ph\u00e9nix<\/a>\u00a0&#8211;\u00a0<a href=\"https:\/\/ostduphenix.jimdofree.com\/?fbclid=IwAR1eaygp2Gieww3Ml9QJ7FHQWpbn-MRKpz3l7iCjAp7dCgEAknS49toG_NM\" target=\"_blank\" rel=\"noopener noreferrer\">Site web officiel<\/a><\/p>\n<hr \/>\n<h2>Les l\u00e9gendes de Menthon<br \/>\nf\u00eate et march\u00e9 m\u00e9di\u00e9val fantastique<\/h2>\n<p><strong>Lieu<\/strong> : Menthon-Saint-Bernard,\u00a0Haute-Savoie,<br \/>\nAuvergne-Rh\u00f4ne-Alpes<br \/>\n<strong>Dates<\/strong> : les 20, 21, 21, 28 et 29 avril 2019<\/p>\n<p><a href=\"https:\/\/www.moyenagepassion.com\/wp-content\/uploads\/2019\/04\/fetes-medievales_animations_menthon-saint-bernard_Auvergne-Rh\u00f4ne-Alpes_2019.jpg\"><img decoding=\"async\" class=\"alignnone wp-image-26275 size-full\" src=\"https:\/\/www.moyenagepassion.com\/wp-content\/uploads\/2019\/04\/fetes-medievales_animations_menthon-saint-bernard_Auvergne-Rh\u00f4ne-Alpes_2019.jpg\" alt=\"fetes-medievales_animations_menthon-saint-bernard_Auvergne-Rh\u00f4ne-Alpes_2019\" width=\"500\" height=\"191\" srcset=\"https:\/\/www.moyenagepassion.com\/wp-content\/uploads\/2019\/04\/fetes-medievales_animations_menthon-saint-bernard_Auvergne-Rh\u00f4ne-Alpes_2019.jpg 500w, https:\/\/www.moyenagepassion.com\/wp-content\/uploads\/2019\/04\/fetes-medievales_animations_menthon-saint-bernard_Auvergne-Rh\u00f4ne-Alpes_2019-300x115.jpg 300w\" sizes=\"(max-width: 500px) 100vw, 500px\" \/><\/a><\/p>\n<p style=\"text-align: justify;\">Au coeur de la Haute-Savoie, Les \u00ab\u00a0l\u00e9gendes\u00a0\u00bb reviennent en les murs du beau ch\u00e2teau de Menthon-Saint-Bernard. Sous l&rsquo;\u00e9gide de l&rsquo;<strong>Association<\/strong>\u00a0\u00ab\u00a0I<strong>l \u00e9tait une f\u00eate\u00a0\u00bb<\/strong>, l&rsquo;\u00e9v\u00e9nement qui s&rsquo;\u00e9talera sur deux week end, se veut \u00e0 la fois m\u00e9di\u00e9val et fantastique.\u00a0Au programme, musiques et saltimbanques, mais aussi\u00a0une dizaine de campements avec ateliers d\u00e9monstration de combats, etc&#8230;\u00a0Un spectacle \u00e9questre nocturne est \u00e9galement pr\u00e9vu, sur r\u00e9servation.\u00a0Enfin, la f\u00eate se doublera d&rsquo;un march\u00e9 artisanal au sein duquel pr\u00e8s de 70 exposants sont attendus et elle fournira aussi l&rsquo;occasion \u00e0 ses visiteurs de pouvoir visiter le ch\u00e2teau de Menthon et d&rsquo;en d\u00e9couvrir toutes les richesses.<\/p>\n<p style=\"text-align: justify;\"><strong>Compagnies m\u00e9di\u00e9vales attendues<\/strong><\/p>\n<p><em><span style=\"color: #008000;\">Cie Libertad &#8211;\u00a0Futhark &#8211;\u00a0Les Compagnons du gras jambon &#8211; <span style=\"color: #333333;\">Mesnies et troupes m\u00e9di\u00e9vales diverses (liste non communiqu\u00e9e)<\/span><\/span><\/em><\/p>\n<p style=\"text-align: center;\"><a href=\"https:\/\/www.asso-iletaitunefete.com\" target=\"_blank\" rel=\"noopener noreferrer\">Site officiel organisateur<\/a> &#8211; <a href=\"https:\/\/www.facebook.com\/leslegendesdementhon\/\" target=\"_blank\" rel=\"noopener noreferrer\">Page Facebook de l&rsquo;\u00e9v\u00e9nement<\/a><\/p>\n<p style=\"text-align: center;\"><a href=\"https:\/\/www.moyenagepassion.com\/index.php\/2018\/04\/13\/complement-agenda-medieval-moyen-age-festif-et-evenements-dici-et-dailleurs\/\" target=\"_blank\" rel=\"noopener noreferrer\">Voir article sur l&rsquo;\u00e9dition 2018 des l\u00e9gendes de Menthon<\/a><\/p>\n<hr \/>\n<h2>Les 5eme\u00a0M\u00e9di\u00e9vales Lommoise :<br \/>\nf\u00eate &amp; March\u00e9 M\u00e9di\u00e9val<\/h2>\n<p><strong>Lieu<\/strong> : Lomme, Nord, Hauts-de-France<br \/>\n<strong>Dates<\/strong> : les 20 et 21 avril 2019<\/p>\n<p style=\"text-align: justify;\"><a href=\"https:\/\/www.moyenagepassion.com\/wp-content\/uploads\/2019\/04\/medievales-2019_Lomme_Nord_fetes-animations-medievales.jpg\"><img decoding=\"async\" class=\"alignright wp-image-26282\" src=\"https:\/\/www.moyenagepassion.com\/wp-content\/uploads\/2019\/04\/medievales-2019_Lomme_Nord_fetes-animations-medievales.jpg\" alt=\"medievales-2019_Lomme_Nord_fetes-animations-medievales\" width=\"185\" height=\"262\" srcset=\"https:\/\/www.moyenagepassion.com\/wp-content\/uploads\/2019\/04\/medievales-2019_Lomme_Nord_fetes-animations-medievales.jpg 350w, https:\/\/www.moyenagepassion.com\/wp-content\/uploads\/2019\/04\/medievales-2019_Lomme_Nord_fetes-animations-medievales-212x300.jpg 212w\" sizes=\"(max-width: 185px) 100vw, 185px\" \/><\/a>Pour cette 5e \u00e9dition et fort de son succ\u00e8s pr\u00e9c\u00e9dent, cette m\u00e9di\u00e9vale se donnera sur deux jours. Avec comme th\u00e8me de pr\u00e9dilection, la p\u00e9riode viking et\u00a0le XVe\u00a0si\u00e8cle, on y trouvera tous les ingr\u00e9dients qui font la r\u00e9ussite d&rsquo;une f\u00eate m\u00e9di\u00e9vale : campements, combats, ateliers, spectacles, animations et ripailles. Le samedi et le dimanche, \u00e0 la faveur du week end pascal, une chasse aux oeufs sera aussi organis\u00e9e.<\/p>\n<p><strong>Compagnies m\u00e9di\u00e9vales pr\u00e9sentes<\/strong><\/p>\n<p style=\"text-align: justify;\"><span style=\"color: #008000;\"><em>Les Seigneurs de l&rsquo;Aube\u00a0-La Horde d&rsquo;Emeriass &#8211; La Compagnie de Ur-\u00a0 l&rsquo;Orme Blanc &#8211; La Meute Cornue &#8211; La Mesnie des Fr\u00e8res d&rsquo;armes de Saint Guinefort &#8211; Tancr\u00e8de Artois Spectacle &#8211; Les Colporteurs de Fables<\/em><\/span><\/p>\n<p style=\"text-align: center;\"><a href=\"https:\/\/www.facebook.com\/events\/583910618778874\/\" target=\"_blank\" rel=\"noopener noreferrer\">Facebook de l&rsquo;\u00e9v\u00e9nement<\/a><\/p>\n<hr \/>\n<h2>Un camp d&rsquo;artilleurs du moyen-\u00e2ge tardif<br \/>\n\u00e0 Ch\u00e2teau Gaillard<\/h2>\n<p><strong>Lieu<\/strong>\u00a0: Les Andelys, Eure,\u00a0 Normandie.<br \/>\n<strong>Dates<\/strong>\u00a0:\u00a0du 20\u00a0au 22 avril 2019<\/p>\n<p style=\"text-align: justify;\">Cette fin de semaine, le prestigieux site normand de Ch\u00e2teau-Gaillard ne sera pas, non plus, en reste puisque la troupe <strong>Via Historiae<\/strong> y installera un campement d\u00e9di\u00e9 aux artilleurs du XVe si\u00e8cle. Au programme d\u00e9couverte de la vie de camp et d\u00e9monstrations de tirs.<\/p>\n<p><a href=\"https:\/\/www.moyenagepassion.com\/wp-content\/uploads\/2019\/04\/animations-medievales_Normandie_chateau-gaillard_les-andelys-2019.jpg\"><img decoding=\"async\" class=\"alignnone size-full wp-image-26286\" src=\"https:\/\/www.moyenagepassion.com\/wp-content\/uploads\/2019\/04\/animations-medievales_Normandie_chateau-gaillard_les-andelys-2019.jpg\" alt=\"animations-medievales_Normandie_chateau-gaillard_les-andelys-2019\" width=\"500\" height=\"258\" srcset=\"https:\/\/www.moyenagepassion.com\/wp-content\/uploads\/2019\/04\/animations-medievales_Normandie_chateau-gaillard_les-andelys-2019.jpg 500w, https:\/\/www.moyenagepassion.com\/wp-content\/uploads\/2019\/04\/animations-medievales_Normandie_chateau-gaillard_les-andelys-2019-300x155.jpg 300w\" sizes=\"(max-width: 500px) 100vw, 500px\" \/><\/a><\/p>\n<p><a href=\"https:\/\/www.facebook.com\/viahistoriaeasso\/\" target=\"_blank\" rel=\"noopener noreferrer\">Facebook de la compagnie m\u00e9di\u00e9vale Via Historiae<\/a><\/p>\n<hr \/>\n<p>Une tr\u00e8s belle journ\u00e9e \u00e0 vous.<\/p>\n<p>Fred<br \/>\nPour moyenagepassion.com<br \/>\n<em><strong>A la d\u00e9couverte du monde m\u00e9di\u00e9val sous toutes ses formes.<\/strong><\/em><\/p>\n","protected":false},"excerpt":{"rendered":"<p>Sujet\u00a0: agenda, f\u00eates m\u00e9di\u00e9vales,\u00a0 moyen-\u00e2ge festif, animations m\u00e9di\u00e9vales, march\u00e9 m\u00e9di\u00e9val,\u00a0compagnies m\u00e9di\u00e9vales, reconstitutions historiques Lieu\u00a0: Hauts-de-France,\u00a0 Auvergne-Rh\u00f4ne-Alpes,\u00a0\u00a0Normandie. Ev\u00e9nement:\u00a0M\u00e9di\u00e9vales d\u2019ici et d\u2019ailleurs, ch\u00e2teaux en f\u00eate. Dates: 20, 21 et 22 avril\u00a0 2019 Bonjour \u00e0 tous, our achever de boucler votre agenda m\u00e9di\u00e9val de fin de semaine, voici quelques f\u00eates et animations m\u00e9di\u00e9vales\u00a0en plus. Elles nous entra\u00eenent du &hellip; <a href=\"https:\/\/www.moyenagepassion.com\/index.php\/2019\/04\/18\/week-end-pascal-complement-agenda-medieval\/\" class=\"more-link\">Continuer la lecture de <span class=\"screen-reader-text\">Week end pascal : compl\u00e9ment agenda m\u00e9di\u00e9val<\/span>  <span class=\"meta-nav\">&rarr;<\/span><\/a><\/p>\n","protected":false},"author":2,"featured_media":0,"comment_status":"open","ping_status":"open","sticky":false,"template":"","format":"standard","meta":{"_monsterinsights_skip_tracking":false,"_monsterinsights_sitenote_active":false,"_monsterinsights_sitenote_note":"","_monsterinsights_sitenote_category":0,"footnotes":""},"categories":[11],"tags":[1391,2529,3794,761,212,4428,636,262,22,4426,182,4427,3063,681,261],"class_list":["post-26274","post","type-post","status-publish","format-standard","hentry","category-fetes-medievales-evenement","tag-agenda","tag-animations-medievales","tag-auvergne-rhone-alpes","tag-chateau-gaillard","tag-compagnies-medievales","tag-lomme","tag-marche-medieval","tag-medieval-fantastique","tag-medievale","tag-menthon-saint-bernard","tag-monde-medieval","tag-montrond-les-bains","tag-moyen-age-festif","tag-normandie","tag-reconstitution-historique"],"aioseo_notices":[],"_links":{"self":[{"href":"https:\/\/www.moyenagepassion.com\/index.php\/wp-json\/wp\/v2\/posts\/26274"}],"collection":[{"href":"https:\/\/www.moyenagepassion.com\/index.php\/wp-json\/wp\/v2\/posts"}],"about":[{"href":"https:\/\/www.moyenagepassion.com\/index.php\/wp-json\/wp\/v2\/types\/post"}],"author":[{"embeddable":true,"href":"https:\/\/www.moyenagepassion.com\/index.php\/wp-json\/wp\/v2\/users\/2"}],"replies":[{"embeddable":true,"href":"https:\/\/www.moyenagepassion.com\/index.php\/wp-json\/wp\/v2\/comments?post=26274"}],"version-history":[{"count":1,"href":"https:\/\/www.moyenagepassion.com\/index.php\/wp-json\/wp\/v2\/posts\/26274\/revisions"}],"predecessor-version":[{"id":34120,"href":"https:\/\/www.moyenagepassion.com\/index.php\/wp-json\/wp\/v2\/posts\/26274\/revisions\/34120"}],"wp:attachment":[{"href":"https:\/\/www.moyenagepassion.com\/index.php\/wp-json\/wp\/v2\/media?parent=26274"}],"wp:term":[{"taxonomy":"category","embeddable":true,"href":"https:\/\/www.moyenagepassion.com\/index.php\/wp-json\/wp\/v2\/categories?post=26274"},{"taxonomy":"post_tag","embeddable":true,"href":"https:\/\/www.moyenagepassion.com\/index.php\/wp-json\/wp\/v2\/tags?post=26274"}],"curies":[{"name":"wp","href":"https:\/\/api.w.org\/{rel}","templated":true}]}}