{"id":26480,"date":"2019-04-26T17:00:28","date_gmt":"2019-04-26T16:00:28","guid":{"rendered":"https:\/\/www.moyenagepassion.com\/?p=26480"},"modified":"2020-10-04T19:17:21","modified_gmt":"2020-10-04T18:17:21","slug":"agenda-fetes-et-animations-medievales-du-week-end-des-4-5-et-6-mai-2019","status":"publish","type":"post","link":"https:\/\/www.moyenagepassion.com\/index.php\/2019\/04\/26\/agenda-fetes-et-animations-medievales-du-week-end-des-4-5-et-6-mai-2019\/","title":{"rendered":"Agenda : f\u00eates et animations m\u00e9di\u00e9vales du week end des 4 et 5 mai 2019"},"content":{"rendered":"<div id=\"moyen-2024347349\" class=\"moyen-before-content moyen-entity-placement\"><script async src=\"\/\/pagead2.googlesyndication.com\/pagead\/js\/adsbygoogle.js?client=ca-pub-3035390706780632\" crossorigin=\"anonymous\"><\/script><ins class=\"adsbygoogle\" style=\"display:block;\" data-ad-client=\"ca-pub-3035390706780632\" \ndata-ad-slot=\"\" \ndata-ad-format=\"auto\"><\/ins>\n<script> \n(adsbygoogle = window.adsbygoogle || []).push({}); \n<\/script>\n<\/div><p><strong><a href=\"https:\/\/www.moyenagepassion.com\/wp-content\/uploads\/2018\/07\/agenda_fetes_festival_animations_medievales_moyen-age_festif.jpg\"><img decoding=\"async\" class=\"alignleft wp-image-22638\" src=\"https:\/\/www.moyenagepassion.com\/wp-content\/uploads\/2018\/07\/agenda_fetes_festival_animations_medievales_moyen-age_festif.jpg\" alt=\"agenda_fetes_festival_animations_medievales_moyen-age_festif\" width=\"102\" height=\"173\" srcset=\"https:\/\/www.moyenagepassion.com\/wp-content\/uploads\/2018\/07\/agenda_fetes_festival_animations_medievales_moyen-age_festif.jpg 332w, https:\/\/www.moyenagepassion.com\/wp-content\/uploads\/2018\/07\/agenda_fetes_festival_animations_medievales_moyen-age_festif-178x300.jpg 178w\" sizes=\"(max-width: 102px) 100vw, 102px\" \/><\/a>Sujet<\/strong>\u00a0: agenda, f\u00eates m\u00e9di\u00e9vales,\u00a0 animations m\u00e9di\u00e9vales, march\u00e9 m\u00e9di\u00e9val,\u00a0compagnies m\u00e9di\u00e9vales, reconstituteurs,\u00a0m\u00e9di\u00e9vistes.<br \/>\n<strong>Lieu<\/strong>\u00a0: Bourgogne-Franche-Comt\u00e9,\u00a0 Bretagne, Normandie, Auvergne-Rh\u00f4ne-Alpes<br \/>\n<strong>Ev\u00e9nement<\/strong><strong>:\u00a0<em>M\u00e9di\u00e9vales d\u2019ici et d\u2019ailleurs, ch\u00e2teaux en f\u00eate.<\/em><\/strong><br \/>\n<strong>Dates<\/strong>: les 4, 5 et 6 mai\u00a0 2019<\/p>\n<p>Bonjour \u00e0 tous,<\/p>\n<p style=\"text-align: justify;\"><img decoding=\"async\" class=\"alignleft size-full wp-image-23904\" src=\"https:\/\/www.moyenagepassion.com\/wp-content\/uploads\/2018\/10\/S_lettrine_moyen_age_passion.jpg\" alt=\"S_lettrine_moyen_age_passion\" width=\"84\" height=\"103\" \/>i l&rsquo;envie vous prenait, cette fin de semaine, de festoyer et de vous divertir \u00e0 la fa\u00e7on m\u00e9di\u00e9vale, voici quelques grandes f\u00eates que vous pourrez trouver ici ou l\u00e0 sur les terres de France.<\/p>\n<hr \/>\n<h2>Les M\u00e9di\u00e9vales d&rsquo;Harcourt<\/h2>\n<p><strong>Lieu<\/strong> : Ch\u00e2teau d&rsquo;Harcourt, Eure, Normandie<br \/>\n<strong>Dates<\/strong> : les 4 et 5 mai 2019<\/p>\n<p style=\"text-align: justify;\"><strong><a href=\"https:\/\/www.moyenagepassion.com\/wp-content\/uploads\/2019\/05\/fetes-medievales_2019_animation_chateau-d-Harcourt_eure_Normandie_tournoi.jpg\"><img decoding=\"async\" class=\"alignnone size-full wp-image-26482\" src=\"https:\/\/www.moyenagepassion.com\/wp-content\/uploads\/2019\/05\/fetes-medievales_2019_animation_chateau-d-Harcourt_eure_Normandie_tournoi.jpg\" alt=\"fetes-medievales_2019_animation_chateau-d-Harcourt_eure_Normandie_tournoi\" width=\"500\" height=\"249\" srcset=\"https:\/\/www.moyenagepassion.com\/wp-content\/uploads\/2019\/05\/fetes-medievales_2019_animation_chateau-d-Harcourt_eure_Normandie_tournoi.jpg 500w, https:\/\/www.moyenagepassion.com\/wp-content\/uploads\/2019\/05\/fetes-medievales_2019_animation_chateau-d-Harcourt_eure_Normandie_tournoi-300x149.jpg 300w\" sizes=\"(max-width: 500px) 100vw, 500px\" \/><\/a><br \/>\n<\/strong><\/p>\n<p style=\"text-align: justify;\"><strong>Au programme :\u00a0 <\/strong>spectacles, musiques, danses m\u00e9di\u00e9vales. Il y aura \u00e9galement un tournoi de chevaliers France-Angleterre (\u00e0 pied et \u00e0 cheval), des combats viking et\u00a0des spectacles de\u00a0 Fauconnerie. De nombreux\u00a0campements du haut moyen-age au moyen-\u00e2ge tardif\u00a0 seront encore install\u00e9s sur place, ainsi qu&rsquo;un march\u00e9 avec \u00e9choppes d\u2019inspiration m\u00e9di\u00e9vale. Le samedi en soir\u00e9e, un banquet vous y attend, suivi d&rsquo;un\u00a0 bal et d&rsquo;un spectacle de feu.<\/p>\n<p><strong>Compagnies m\u00e9di\u00e9vales et artistes pr\u00e9sents<\/strong><\/p>\n<p style=\"text-align: justify;\"><span style=\"color: #008000;\"><em>Machina Silente &#8211; Les Danseries du Lys &#8211; Fauconnerie Di Penta &#8211; Compagnie Opale de Lune &#8211; Compagne Sur la route de Byzance &#8211; Vegvisir &#8211; Les Compaings d&rsquo;Esculape &#8211; Les Lions de Montfort &#8211; Les Compagnons de Roland &#8211; Waraok &#8211; La Compagnie normande de Gardes du Roy &#8211; Battle of color &#8211; Cie Lilamayi &#8211; Compagnie la Chevalerie Initiatique &#8211; Hildebert le Colporteur<\/em><\/span><\/p>\n<p style=\"text-align: center;\"><a href=\"http:\/\/www.harcourt-normandie.fr\/medievales-dharcourt-4-5-mai-2019\/\">Voir le programme sur le site du ch\u00e2teau<\/a>\u00a0&#8211; <a href=\"http:\/\/www.harcourt-normandie.fr\/wp-content\/uploads\/2019\/04\/Plan-et-planning.png\" target=\"_blank\" rel=\"noopener noreferrer\">Horaires et spectacles<\/a><\/p>\n<p style=\"text-align: center;\">Voir notre article sur\u00a0 \u00a0<a href=\"https:\/\/www.moyenagepassion.com\/index.php\/2018\/04\/26\/fetes-medievales_agenda_festif\/\" target=\"_blank\" rel=\"noopener noreferrer\">Les M\u00e9di\u00e9vales d&rsquo;Harcourt\u00a0 2018<\/a><\/p>\n<hr \/>\n<h2>les 13e M\u00e9di\u00e9vales<br \/>\ndu ch\u00e2teau de Sainte-Croix-Grand-Tonne<\/h2>\n<p><strong>Lieu<\/strong>\u00a0: Ch\u00e2teau de Sainte-Croix-Grand-Tonne. Calvados, Normandie<br \/>\n<strong>Dates : <\/strong>les<strong>\u00a0<\/strong>4 et 5 mai, et les 20 et 21 juillet 2019<\/p>\n<p style=\"text-align: justify;\"><a href=\"https:\/\/www.moyenagepassion.com\/wp-content\/uploads\/2019\/05\/medievales_tournoi_chevalerie_Sainte-croix-grand-Tonne_Normandie_Calvados.jpg\"><img decoding=\"async\" class=\"alignright wp-image-26487\" src=\"https:\/\/www.moyenagepassion.com\/wp-content\/uploads\/2019\/05\/medievales_tournoi_chevalerie_Sainte-croix-grand-Tonne_Normandie_Calvados.jpg\" alt=\"medievales_tournoi_chevalerie_Sainte-croix-grand-Tonne_Normandie_Calvados\" width=\"178\" height=\"399\" srcset=\"https:\/\/www.moyenagepassion.com\/wp-content\/uploads\/2019\/05\/medievales_tournoi_chevalerie_Sainte-croix-grand-Tonne_Normandie_Calvados.jpg 255w, https:\/\/www.moyenagepassion.com\/wp-content\/uploads\/2019\/05\/medievales_tournoi_chevalerie_Sainte-croix-grand-Tonne_Normandie_Calvados-134x300.jpg 134w\" sizes=\"(max-width: 178px) 100vw, 178px\" \/><\/a>A l&rsquo;occasion de ces m\u00e9di\u00e9vales, Sainte-Croix Grant Tonne verra s&rsquo;affronter dix nobles combattants dans le cadre de son IXe tournoi de chevalerie. Quatre cavalier du Championnat Mondial y seront m\u00eame pr\u00e9sent dont le capitaine de l&rsquo;\u00e9quipe de France.<\/p>\n<p style=\"text-align: justify;\">En plus du tournoi, de ses combats \u00e0 pied ou \u00e0 cheval, ses joutes en armures, ses jeux de chasse ou de guerre et m\u00eame encore des d\u00e9monstrations d&rsquo;archerie \u00e0 cheval, on pourra trouver sur place des jeux m\u00e9di\u00e9vaux ou s&rsquo;initier \u00e0 l&rsquo;archerie. Des bapt\u00eames \u00e0 poney sont encore pr\u00e9vus pour les plus petits et on pourra tout \u00e0 loisir visiter le beau parc du Ch\u00e2teau de Sainte-Croix datant du XIVe si\u00e8cle avec sa rivi\u00e8re et son lac. C\u00f4t\u00e9 ripailles, une restauration m\u00e9di\u00e9vale sera propos\u00e9e.\u00a0 Les prix du tournoi seront remis le dimanche en fin d&rsquo;apr\u00e8s-midi.<\/p>\n<p style=\"text-align: center;\"><a href=\"https:\/\/www.facebook.com\/Ch%C3%A2teau-de-Sainte-Croix-Grand-Tonne-112037765861850\/\" target=\"_blank\" rel=\"noopener noreferrer\">Visiter la page FB de l&rsquo;\u00e9v\u00e9nement<\/a> &#8211; <a href=\"https:\/\/xavier14740.wixsite.com\/tournoidegrandtonne\/le-tournoi\" target=\"_blank\" rel=\"noopener noreferrer\">D\u00e9couvrir le programme d\u00e9taill\u00e9\u00a0<\/a><\/p>\n<p style=\"text-align: center;\"><a href=\"https:\/\/www.moyenagepassion.com\/index.php\/2018\/04\/26\/fetes-medievales_agenda_festif\/\" target=\"_blank\" rel=\"noopener noreferrer\">Voir notre article sur l&rsquo;\u00e9dition 2018 de ces M\u00e9di\u00e9vales<\/a><\/p>\n<hr \/>\n<h2 style=\"text-align: left;\">La 2\u00e8me m\u00e9di\u00e9vale du Ch\u00e2teau de Piffonds<\/h2>\n<p><strong>Lieu<\/strong> : ch\u00e2teau de Piffonds,\u00a0Yonne, Bourgogne-Franche-Comt\u00e9<br \/>\n<strong>Dates<\/strong>\u00a0 : les\u00a04 &amp;\u00a05 mai 2019<\/p>\n<p style=\"text-align: justify;\"><a href=\"https:\/\/www.moyenagepassion.com\/wp-content\/uploads\/2019\/05\/fete-medievale_piffons_bourgogne-franche-comte_campements_animations_moyen-age.jpg\"><img decoding=\"async\" class=\"wp-image-26492 alignleft\" src=\"https:\/\/www.moyenagepassion.com\/wp-content\/uploads\/2019\/05\/fete-medievale_piffons_bourgogne-franche-comte_campements_animations_moyen-age.jpg\" alt=\"\" width=\"220\" height=\"311\" srcset=\"https:\/\/www.moyenagepassion.com\/wp-content\/uploads\/2019\/05\/fete-medievale_piffons_bourgogne-franche-comte_campements_animations_moyen-age.jpg 350w, https:\/\/www.moyenagepassion.com\/wp-content\/uploads\/2019\/05\/fete-medievale_piffons_bourgogne-franche-comte_campements_animations_moyen-age-212x300.jpg 212w\" sizes=\"(max-width: 220px) 100vw, 220px\" \/><\/a>Organis\u00e9 par l&rsquo;<a href=\"https:\/\/www.facebook.com\/Association-Centre-Historique-de-Piffonds-Association-CHDP-140044326681421\/\" target=\"_blank\" rel=\"noopener noreferrer\">Association\u00a0 Centre Historique de Piffonds<\/a>, cette f\u00eate aux couleurs du Moyen-\u00e2ge promet un beau divertissement.<\/p>\n<p style=\"text-align: justify;\"><strong>Au programme<\/strong><\/p>\n<p style=\"text-align: justify;\">Plus de douze de campements sont attendus pour cette 2\u00e8me \u00e9dition et avec eux, combats en armure, spectacles animaliers, ateliers de m\u00e9tiers anciens, sc\u00e9nettes, fac\u00e9ties, musiques et encore grand banquet, le samedi soir.\u00a0Un march\u00e9 m\u00e9di\u00e9val d&rsquo;une trentaine d&rsquo;artisans sera \u00e9galement install\u00e9 sur place.<\/p>\n<p style=\"text-align: justify;\"><strong>Compagnies m\u00e9di\u00e9vales et reconstituteurs pr\u00e9sents\u00a0<\/strong><\/p>\n<p style=\"text-align: justify;\"><span style=\"color: #008000;\"><em>Les Barbiers Fous &#8211; Frater et son peuple d&rsquo;antan &#8211; Les Malandrins &#8211; Les Clan Svadiliari &#8211; Les Aventuriers du Grand Nord &#8211; La Commanderie templi\u00e8re de Saint-Florentin &#8211; Les Hommes en Noir &#8211; Les H\u00e9ritiers de Lug &#8211; Les Fredins &#8211; Les Compagnons d&rsquo;Enguerrand &#8211; Le Clan d&rsquo;d&rsquo;Ovar &#8211; Les H\u00e9ritier de Dagr &#8211; La Compagnie m\u00e9di\u00e9vale de\u00a0 Saint-Ouen &#8211; Les Mandalas &#8211; Marina Lys &#8211; P\u00e8re Ulysse &#8211; Ma\u00eetre Nicod\u00e8me &#8211; Guf de Leinster<\/em><\/span><\/p>\n<p style=\"text-align: justify;\"><a href=\"https:\/\/www.facebook.com\/events\/1977205275908317\/\" target=\"_blank\" rel=\"noopener noreferrer\">Page FB de l&rsquo;\u00e9v\u00e9nement\u00a0<\/a>\u00a0 &#8211;\u00a0<a href=\"https:\/\/www.moyenagepassion.com\/index.php\/2018\/05\/03\/complement-dagenda-medieval-du-5-au-6-mai-moyen-age-festif-en-terres-de-france\/\" target=\"_blank\" rel=\"noopener noreferrer\">Notre article sur ces M\u00e9di\u00e9vales\u00a0 2018<\/a><\/p>\n<hr \/>\n<h3>La F\u00eate M\u00e9di\u00e9vale de Saint Wandrille-Ran\u00e7on<\/h3>\n<p><strong>Lieu<\/strong> ; Seine-Maritime en Normandie<br \/>\n<strong>Dates<\/strong> : les 4 et 5 mai 2019<\/p>\n<p style=\"text-align: justify;\"><a href=\"https:\/\/www.moyenagepassion.com\/wp-content\/uploads\/2019\/05\/fete-medievale_tournoi_animations_Saint-Wandrille_ran\u00e7on_Normandie.jpg\"><img decoding=\"async\" class=\"wp-image-26489 alignright\" src=\"https:\/\/www.moyenagepassion.com\/wp-content\/uploads\/2019\/05\/fete-medievale_tournoi_animations_Saint-Wandrille_ran\u00e7on_Normandie.jpg\" alt=\"fete-medievale_tournoi_animations_Saint-Wandrille_ran\u00e7on_Normandie\" width=\"200\" height=\"283\" srcset=\"https:\/\/www.moyenagepassion.com\/wp-content\/uploads\/2019\/05\/fete-medievale_tournoi_animations_Saint-Wandrille_ran\u00e7on_Normandie.jpg 350w, https:\/\/www.moyenagepassion.com\/wp-content\/uploads\/2019\/05\/fete-medievale_tournoi_animations_Saint-Wandrille_ran\u00e7on_Normandie-212x300.jpg 212w\" sizes=\"(max-width: 200px) 100vw, 200px\" \/><\/a>Propos\u00e9e par le comit\u00e9 des F\u00eates de Saint-Wandrille-Ran\u00e7on, cette\u00a0 f\u00eate m\u00e9di\u00e9vale r\u00e9unira plus de 100 m\u00e9di\u00e9vistes et reconstituteurs r\u00e9partis sur une douzaine de campements m\u00e9di\u00e9vaux.<\/p>\n<p style=\"text-align: justify;\">Du point de vue des animations, on pourra y trouver d\u00e9fil\u00e9s et parades,\u00a0\u00a0tournois et concours de chevaliers et m\u00eame d&rsquo;archerie. Viendront s&rsquo;y ajouter un spectacle de fauconnerie, des d\u00e9monstrations de tirs\u00a0\u00e0 l&rsquo;engin de guerre, une initiation au combat ou m\u00eame au tir \u00e0 l&rsquo;arc pour les plus valeureux et les plus adroits, mais aussi un march\u00e9 m\u00e9di\u00e9val et artisanal.\u00a0Le samedi soir, des grandes ripailles sont pr\u00e9vues (sur r\u00e9servation), suivies\u00a0d&rsquo;un spectacle de feu et d&rsquo;un feu d&rsquo;artifice<\/p>\n<p style=\"text-align: justify;\"><strong>Compagnies m\u00e9di\u00e9vales pr\u00e9sentes<\/strong><\/p>\n<p><span style=\"color: #008000;\"><em>Association Histoire \u00e9v\u00e9nement &#8211; De la Fl\u00e8che \u00e0 l&rsquo;Assiette &#8211; Les Griffons du Nord &#8211; Les Ronin Peirates &#8211; La Mesnie du Gruchet &#8211; Ma\u00eetre Jehan &#8211; Le Chevalier de la Cailleterie- Les Archerds de Caudebecq &#8211; Les Chevaliers du Temps Jadis &#8211; Les Aigles de l&rsquo;Urga<\/em><\/span><\/p>\n<p style=\"text-align: justify;\">\u00a0<a href=\"https:\/\/www.facebook.com\/FeteMedievaleSaintWandrilleRancon\/\" target=\"_blank\" rel=\"noopener noreferrer\">voir le Facebook de l&rsquo;\u00e9v\u00e9nement<\/a><\/p>\n<hr \/>\n<h3>La 1\u00e8re m\u00e9di\u00e9vale de Locronan<\/h3>\n<p><strong>Lieu<\/strong> :\u00a0 Locronan Bretagne, Finist\u00e8re<br \/>\n<strong>Dates<\/strong> : les 4 et 5 mai 2019<\/p>\n<p style=\"text-align: justify;\"><a href=\"https:\/\/www.moyenagepassion.com\/wp-content\/uploads\/2019\/05\/fetes_animations-medievale_Locronan_bretagne_finistere-moyen-age-festif.jpg\"><img decoding=\"async\" class=\"wp-image-26485 alignleft\" src=\"https:\/\/www.moyenagepassion.com\/wp-content\/uploads\/2019\/05\/fetes_animations-medievale_Locronan_bretagne_finistere-moyen-age-festif.jpg\" alt=\"fetes_animations-medievale_Locronan_bretagne_finistere-moyen-age-festif\" width=\"204\" height=\"288\" srcset=\"https:\/\/www.moyenagepassion.com\/wp-content\/uploads\/2019\/05\/fetes_animations-medievale_Locronan_bretagne_finistere-moyen-age-festif.jpg 350w, https:\/\/www.moyenagepassion.com\/wp-content\/uploads\/2019\/05\/fetes_animations-medievale_Locronan_bretagne_finistere-moyen-age-festif-212x300.jpg 212w\" sizes=\"(max-width: 204px) 100vw, 204px\" \/><\/a>C&rsquo;est la premi\u00e8re \u00e9dition de cette f\u00eate m\u00e9di\u00e9vale organis\u00e9e par l&rsquo;<a href=\"https:\/\/www.facebook.com\/Association-M%C3%A9di%C3%A9valokorn-392201294588565\/?eid=ARCeXJ3cjcwiqeFOj81rp1ABqoLIIt80e-xEijrTDFImF709eb5o1nhmhmPNQ577FHWvxVxP83xboiUf\" target=\"_blank\" rel=\"noopener noreferrer\">Association M\u00e9di\u00e9valokorn.<\/a><\/p>\n<p style=\"text-align: justify;\">On pourra y trouver diff\u00e9rentes compagnies m\u00e9di\u00e9vales en charge de l&rsquo;animation : danse, musiques m\u00e9di\u00e9vales, campements mais encore spectacles \u00e9questres\u00a0ou dragon cracheur de feu. Un march\u00e9 est aussi\u00a0pr\u00e9vu\u00a0 avec une vingtaine d&rsquo;artisans venus\u00a0exposer leurs cr\u00e9ations et pour parfaire les r\u00e9jouissances, un banquet m\u00e9di\u00e9val est \u00e9galement au programme, le dimanche midi.<\/p>\n<p><strong>Compagnies m\u00e9di\u00e9vales\u00a0 :\u00a0\u00a0<\/strong><strong>\u00a0<\/strong><span style=\"color: #008000;\"><em>La Volte Gaillarde &#8211; La Chalemie\u00a0&#8211; Marc&rsquo;heg\u00a0 Ar Roc&rsquo;h\u00a0 et dragon cracheur de feu.<\/em><\/span><\/p>\n<p><a href=\"https:\/\/www.facebook.com\/events\/241783240043792\/\" target=\"_blank\" rel=\"noopener noreferrer\"><span style=\"color: #008000;\">Voir la page FB de l&rsquo;\u00e9v\u00e9nement<\/span><\/a> &#8211; <a href=\"https:\/\/www.locronan-tourisme.bzh\/events\/fete-medievale-de-locronan\/\" target=\"_blank\" rel=\"noopener noreferrer\">Voir le programme\u00a0<\/a><\/p>\n<hr \/>\n<h2>Les M\u00e9di\u00e9vales d&rsquo;Usson<\/h2>\n<p><strong>Lieu<\/strong> : Usson, Auvergne-Rh\u00f4ne-Alpes<br \/>\n<strong>Dates<\/strong> : les 4 et 5 mai 2019<\/p>\n<p style=\"text-align: justify;\"><a href=\"https:\/\/www.moyenagepassion.com\/wp-content\/uploads\/2019\/05\/fete_medievale_2019_usson_animation_tournoi_archerie_auvergne_.jpg\"><img decoding=\"async\" class=\"alignright wp-image-26491\" src=\"https:\/\/www.moyenagepassion.com\/wp-content\/uploads\/2019\/05\/fete_medievale_2019_usson_animation_tournoi_archerie_auvergne_.jpg\" alt=\"fete_medievale_2019_usson_animation_tournoi_archerie_auvergne_\" width=\"239\" height=\"242\" srcset=\"https:\/\/www.moyenagepassion.com\/wp-content\/uploads\/2019\/05\/fete_medievale_2019_usson_animation_tournoi_archerie_auvergne_.jpg 349w, https:\/\/www.moyenagepassion.com\/wp-content\/uploads\/2019\/05\/fete_medievale_2019_usson_animation_tournoi_archerie_auvergne_-297x300.jpg 297w\" sizes=\"(max-width: 239px) 100vw, 239px\" \/><\/a>Il s&rsquo;agit de la 4\u00e8me \u00e9dition\u00a0 de cette f\u00eate m\u00e9di\u00e9vale qui s&rsquo;organise sur les remparts d&rsquo;Usson, autour d&rsquo;un grand tournoi d&rsquo;archerie. Cette ann\u00e9e, on devrait encore y trouver un lot d&rsquo;animations d&rsquo;\u00e9poque et de circonstance\u00a0 : musique, ripailles mais encore march\u00e9 artisanal et \u00e9choppes.<\/p>\n<p><strong>Compagnies m\u00e9di\u00e9vales et troupes attendues<\/strong><\/p>\n<p><span style=\"color: #008000;\"><em>Les Pescaluna &#8211; Entre Chien et Jeu-\u00a0 Comm&rsquo;1 m\u00e9dia &#8211;\u00a0 Compagnie Emilie Valantin &#8211; Les Escuyers du Marchidial<\/em><\/span><\/p>\n<p><em><a href=\"https:\/\/www.facebook.com\/MedievalesUsson\/\" target=\"_blank\" rel=\"noopener noreferrer\">Facebook de l&rsquo;\u00e9v\u00e9nement\u00a0<\/a>\u00a0&#8211; <a href=\"https:\/\/www.moyenagepassion.com\/index.php\/2018\/05\/03\/complement-dagenda-medieval-du-5-au-6-mai-moyen-age-festif-en-terres-de-france\/\" target=\"_blank\" rel=\"noopener noreferrer\">Article sur l&rsquo;\u00e9dition 2018<\/a><\/em><\/p>\n<hr \/>\n<p>Une tr\u00e8s belle journ\u00e9e \u00e0 vous.<\/p>\n<p>Fred<br \/>\nPour moyenagepassion.com<br \/>\n<em><strong>A la d\u00e9couverte du monde m\u00e9di\u00e9val sous toutes ses formes.<\/strong><\/em><\/p>\n","protected":false},"excerpt":{"rendered":"<p>Sujet\u00a0: agenda, f\u00eates m\u00e9di\u00e9vales,\u00a0 animations m\u00e9di\u00e9vales, march\u00e9 m\u00e9di\u00e9val,\u00a0compagnies m\u00e9di\u00e9vales, reconstituteurs,\u00a0m\u00e9di\u00e9vistes. Lieu\u00a0: Bourgogne-Franche-Comt\u00e9,\u00a0 Bretagne, Normandie, Auvergne-Rh\u00f4ne-Alpes Ev\u00e9nement:\u00a0M\u00e9di\u00e9vales d\u2019ici et d\u2019ailleurs, ch\u00e2teaux en f\u00eate. Dates: les 4, 5 et 6 mai\u00a0 2019 Bonjour \u00e0 tous, i l&rsquo;envie vous prenait, cette fin de semaine, de festoyer et de vous divertir \u00e0 la fa\u00e7on m\u00e9di\u00e9vale, voici quelques grandes f\u00eates &hellip; <a href=\"https:\/\/www.moyenagepassion.com\/index.php\/2019\/04\/26\/agenda-fetes-et-animations-medievales-du-week-end-des-4-5-et-6-mai-2019\/\" class=\"more-link\">Continuer la lecture de <span class=\"screen-reader-text\">Agenda : f\u00eates et animations m\u00e9di\u00e9vales du week end des 4 et 5 mai 2019<\/span>  <span class=\"meta-nav\">&rarr;<\/span><\/a><\/p>\n","protected":false},"author":2,"featured_media":0,"comment_status":"open","ping_status":"open","sticky":false,"template":"","format":"standard","meta":{"_monsterinsights_skip_tracking":false,"_monsterinsights_sitenote_active":false,"_monsterinsights_sitenote_note":"","_monsterinsights_sitenote_category":0,"footnotes":""},"categories":[11],"tags":[1391,2529,3905,742,4450,4449,212,2743,4445,636,4447,4448,2489,182,681,2757,4446,3750,3961,3749],"class_list":["post-26480","post","type-post","status-publish","format-standard","hentry","category-fetes-medievales-evenement","tag-agenda","tag-animations-medievales","tag-bourgogne-franche-comte","tag-bretagne","tag-chateau-dharcourt","tag-chateau-de-sainte-croix-grand-tonne","tag-compagnies-medievales","tag-fauconnerie","tag-harcourt","tag-marche-medieval","tag-medievale-de-locronan","tag-medievale-du-chateau-de-piffonds","tag-medieviste","tag-monde-medieval","tag-normandie","tag-reconstituteurs","tag-saint-wandrille-rancon","tag-tournoi-darcherie","tag-tournoi-de-chevalerie","tag-usson"],"aioseo_notices":[],"_links":{"self":[{"href":"https:\/\/www.moyenagepassion.com\/index.php\/wp-json\/wp\/v2\/posts\/26480"}],"collection":[{"href":"https:\/\/www.moyenagepassion.com\/index.php\/wp-json\/wp\/v2\/posts"}],"about":[{"href":"https:\/\/www.moyenagepassion.com\/index.php\/wp-json\/wp\/v2\/types\/post"}],"author":[{"embeddable":true,"href":"https:\/\/www.moyenagepassion.com\/index.php\/wp-json\/wp\/v2\/users\/2"}],"replies":[{"embeddable":true,"href":"https:\/\/www.moyenagepassion.com\/index.php\/wp-json\/wp\/v2\/comments?post=26480"}],"version-history":[{"count":1,"href":"https:\/\/www.moyenagepassion.com\/index.php\/wp-json\/wp\/v2\/posts\/26480\/revisions"}],"predecessor-version":[{"id":34196,"href":"https:\/\/www.moyenagepassion.com\/index.php\/wp-json\/wp\/v2\/posts\/26480\/revisions\/34196"}],"wp:attachment":[{"href":"https:\/\/www.moyenagepassion.com\/index.php\/wp-json\/wp\/v2\/media?parent=26480"}],"wp:term":[{"taxonomy":"category","embeddable":true,"href":"https:\/\/www.moyenagepassion.com\/index.php\/wp-json\/wp\/v2\/categories?post=26480"},{"taxonomy":"post_tag","embeddable":true,"href":"https:\/\/www.moyenagepassion.com\/index.php\/wp-json\/wp\/v2\/tags?post=26480"}],"curies":[{"name":"wp","href":"https:\/\/api.w.org\/{rel}","templated":true}]}}