{"id":26515,"date":"2019-05-01T20:34:34","date_gmt":"2019-05-01T19:34:34","guid":{"rendered":"https:\/\/www.moyenagepassion.com\/?p=26515"},"modified":"2019-05-01T20:35:35","modified_gmt":"2019-05-01T19:35:35","slug":"un-joyeux-1er-mai-et-un-belle-fete-du-travail","status":"publish","type":"post","link":"https:\/\/www.moyenagepassion.com\/index.php\/2019\/05\/01\/un-joyeux-1er-mai-et-un-belle-fete-du-travail\/","title":{"rendered":"Un Joyeux 1er mai et un belle f\u00eate du travail"},"content":{"rendered":"<div id=\"moyen-2429805558\" class=\"moyen-before-content moyen-entity-placement\"><script async src=\"\/\/pagead2.googlesyndication.com\/pagead\/js\/adsbygoogle.js?client=ca-pub-3035390706780632\" crossorigin=\"anonymous\"><\/script><ins class=\"adsbygoogle\" style=\"display:block;\" data-ad-client=\"ca-pub-3035390706780632\" \ndata-ad-slot=\"\" \ndata-ad-format=\"auto\"><\/ins>\n<script> \n(adsbygoogle = window.adsbygoogle || []).push({}); \n<\/script>\n<\/div><p><img decoding=\"async\" class=\"alignleft wp-image-26516\" src=\"https:\/\/www.moyenagepassion.com\/wp-content\/uploads\/2019\/05\/fete_du_travail_2019.jpg\" alt=\"fete_du_travail_2019\" width=\"112\" height=\"214\" srcset=\"https:\/\/www.moyenagepassion.com\/wp-content\/uploads\/2019\/05\/fete_du_travail_2019.jpg 200w, https:\/\/www.moyenagepassion.com\/wp-content\/uploads\/2019\/05\/fete_du_travail_2019-157x300.jpg 157w\" sizes=\"(max-width: 112px) 100vw, 112px\" \/>Bonjour \u00e0 tous,<\/p>\n<p style=\"text-align: justify;\">Un joyeux 1er mai et une belle f\u00eate du travail pour ceux qui peuvent la ch\u00f4mer. Au passage, ayons une petite pens\u00e9e pour nos anc\u00eatres m\u00e9di\u00e9vaux qui travaillaient, quoiqu&rsquo;on en pense, beaucoup moins que nous et b\u00e9n\u00e9ficiaient de bien plus de jours f\u00e9ri\u00e9s et ch\u00f4m\u00e9s, d\u00e9di\u00e9s notamment aux f\u00eates liturgiques et aux saints.<\/p>\n","protected":false},"excerpt":{"rendered":"<p>Bonjour \u00e0 tous, Un joyeux 1er mai et une belle f\u00eate du travail pour ceux qui peuvent la ch\u00f4mer. Au passage, ayons une petite pens\u00e9e pour nos anc\u00eatres m\u00e9di\u00e9vaux qui travaillaient, quoiqu&rsquo;on en pense, beaucoup moins que nous et b\u00e9n\u00e9ficiaient de bien plus de jours f\u00e9ri\u00e9s et ch\u00f4m\u00e9s, d\u00e9di\u00e9s notamment aux f\u00eates liturgiques et aux &hellip; <a href=\"https:\/\/www.moyenagepassion.com\/index.php\/2019\/05\/01\/un-joyeux-1er-mai-et-un-belle-fete-du-travail\/\" class=\"more-link\">Continuer la lecture de <span class=\"screen-reader-text\">Un Joyeux 1er mai et un belle f\u00eate du travail<\/span>  <span class=\"meta-nav\">&rarr;<\/span><\/a><\/p>\n","protected":false},"author":2,"featured_media":0,"comment_status":"open","ping_status":"open","sticky":false,"template":"","format":"standard","meta":{"_monsterinsights_skip_tracking":false,"_monsterinsights_sitenote_active":false,"_monsterinsights_sitenote_note":"","_monsterinsights_sitenote_category":0,"footnotes":""},"categories":[1],"tags":[],"class_list":["post-26515","post","type-post","status-publish","format-standard","hentry","category-moyen-age-passion"],"aioseo_notices":[],"_links":{"self":[{"href":"https:\/\/www.moyenagepassion.com\/index.php\/wp-json\/wp\/v2\/posts\/26515"}],"collection":[{"href":"https:\/\/www.moyenagepassion.com\/index.php\/wp-json\/wp\/v2\/posts"}],"about":[{"href":"https:\/\/www.moyenagepassion.com\/index.php\/wp-json\/wp\/v2\/types\/post"}],"author":[{"embeddable":true,"href":"https:\/\/www.moyenagepassion.com\/index.php\/wp-json\/wp\/v2\/users\/2"}],"replies":[{"embeddable":true,"href":"https:\/\/www.moyenagepassion.com\/index.php\/wp-json\/wp\/v2\/comments?post=26515"}],"version-history":[{"count":0,"href":"https:\/\/www.moyenagepassion.com\/index.php\/wp-json\/wp\/v2\/posts\/26515\/revisions"}],"wp:attachment":[{"href":"https:\/\/www.moyenagepassion.com\/index.php\/wp-json\/wp\/v2\/media?parent=26515"}],"wp:term":[{"taxonomy":"category","embeddable":true,"href":"https:\/\/www.moyenagepassion.com\/index.php\/wp-json\/wp\/v2\/categories?post=26515"},{"taxonomy":"post_tag","embeddable":true,"href":"https:\/\/www.moyenagepassion.com\/index.php\/wp-json\/wp\/v2\/tags?post=26515"}],"curies":[{"name":"wp","href":"https:\/\/api.w.org\/{rel}","templated":true}]}}