{"id":26746,"date":"2019-05-11T18:17:07","date_gmt":"2019-05-11T17:17:07","guid":{"rendered":"https:\/\/www.moyenagepassion.com\/?p=26746"},"modified":"2020-10-04T18:12:15","modified_gmt":"2020-10-04T17:12:15","slug":"annonce-societe-de-production-tv-recherche-reconstituteurs-documentaire-historique","status":"publish","type":"post","link":"https:\/\/www.moyenagepassion.com\/index.php\/2019\/05\/11\/annonce-societe-de-production-tv-recherche-reconstituteurs-documentaire-historique\/","title":{"rendered":"Annonce : Soci\u00e9t\u00e9 de production TV recherche reconstituteurs en vue documentaire historique"},"content":{"rendered":"<div id=\"moyen-3809855668\" class=\"moyen-before-content moyen-entity-placement\"><script async src=\"\/\/pagead2.googlesyndication.com\/pagead\/js\/adsbygoogle.js?client=ca-pub-3035390706780632\" crossorigin=\"anonymous\"><\/script><ins class=\"adsbygoogle\" style=\"display:block;\" data-ad-client=\"ca-pub-3035390706780632\" \ndata-ad-slot=\"\" \ndata-ad-format=\"auto\"><\/ins>\n<script> \n(adsbygoogle = window.adsbygoogle || []).push({}); \n<\/script>\n<\/div><p>Bonjour \u00e0 tous,<\/p>\n<p style=\"text-align: justify;\"><img decoding=\"async\" class=\"alignleft size-full wp-image-23888\" src=\"https:\/\/www.moyenagepassion.com\/wp-content\/uploads\/2018\/10\/D_lettrine_moyen_age_passion.jpg\" alt=\"D_lettrine_moyen_age_passion\" width=\"84\" height=\"103\">ans le cadre du tournage de la nouvelle saison d&rsquo;une grande s\u00e9rie documentaire historique, sa soci\u00e9t\u00e9 de production t\u00e9l\u00e9visuelle est \u00e0 la recherche de reconstituteurs pour compl\u00e9ter sa figuration.<\/p>\n<h2 style=\"text-align: justify;\"><strong>P\u00e9riode :&nbsp; XVIe, XVIIe si\u00e8cle<\/strong><\/h2>\n<p style=\"text-align: justify;\">Le documentaire portera sur la deuxi\u00e8me partie du XVIe si\u00e8cle et la premi\u00e8re moiti\u00e9 du XVIIe et les r\u00e8gnes d&rsquo;Henri IV (1553&nbsp;&#8211; 1610) et de Louis XIII (1601 -1643). Les reconstituteurs attendus devront \u00eatre sp\u00e9cialis\u00e9s et aguerris&nbsp;dans les p\u00e9riodes vis\u00e9es et disposer de l&rsquo;\u00e9quipement d&rsquo;\u00e9poque : armures, armes ou v\u00eatements.<\/p>\n<p style=\"text-align: justify;\"><a href=\"https:\/\/www.moyenagepassion.com\/wp-content\/uploads\/2019\/05\/annonce_reconstituteurs_recherche_figuration_tournage_documentaire_historique_renaissance_moyen-age-tardif.jpg\"><img decoding=\"async\" class=\"alignright wp-image-26748\" src=\"https:\/\/www.moyenagepassion.com\/wp-content\/uploads\/2019\/05\/annonce_reconstituteurs_recherche_figuration_tournage_documentaire_historique_renaissance_moyen-age-tardif.jpg\" alt=\"annonce_reconstituteurs_recherche_figuration_tournage_documentaire_historique_renaissance_moyen-age--tardif\" width=\"221\" height=\"349\" srcset=\"https:\/\/www.moyenagepassion.com\/wp-content\/uploads\/2019\/05\/annonce_reconstituteurs_recherche_figuration_tournage_documentaire_historique_renaissance_moyen-age-tardif.jpg 345w, https:\/\/www.moyenagepassion.com\/wp-content\/uploads\/2019\/05\/annonce_reconstituteurs_recherche_figuration_tournage_documentaire_historique_renaissance_moyen-age-tardif-190x300.jpg 190w\" sizes=\"(max-width: 221px) 100vw, 221px\" \/><\/a>En terme de tournage, les attentes portent sur des sc\u00e8nes de vie civile et villageoise, mais aussi sur des sc\u00e8nes plus martiales,&nbsp;\u00e0 pied ou mont\u00e9es : bataille, escorte, etc&#8230;<\/p>\n<p style=\"text-align: justify;\">Du point de vue des lieux et dates, les prises auront lieu en Bourgogne-Franche-Comt\u00e9 ainsi qu&rsquo;en Pays de Loire, entre mi juin et mi juillet.&nbsp;Pour l&rsquo;instant, la production est en phase de pr\u00e9-s\u00e9lection,&nbsp;aussi, si vous \u00eates int\u00e9ress\u00e9s, merci de nous contacter par courriel afin d&rsquo;obtenir leurs coordonn\u00e9es, ainsi que la marche \u00e0 suivre :&nbsp;<del><\/del><a href=\"https:\/\/www.moyenagepassion.com\/wp-content\/uploads\/2019\/05\/courriel_contact_promotions_prestations_monde-medieval.jpg\"><img decoding=\"async\" class=\"size-full wp-image-26544 aligncenter\" src=\"https:\/\/www.moyenagepassion.com\/wp-content\/uploads\/2019\/05\/courriel_contact_promotions_prestations_monde-medieval.jpg\" alt=\"courriel_contact_promotions_prestations_monde-medieval\" width=\"292\" height=\"42\"><\/a><\/p>\n<p>Une belle journ\u00e9e.<\/p>\n<p>Fr\u00e9d\u00e9ric EFFE<br \/>\nPour moyenagepassion.com<\/p>\n<p><strong><em>A la d\u00e9couverte du monde m\u00e9di\u00e9val sous toutes ses formes<\/em><\/strong><\/p>\n","protected":false},"excerpt":{"rendered":"<p>Bonjour \u00e0 tous, ans le cadre du tournage de la nouvelle saison d&rsquo;une grande s\u00e9rie documentaire historique, sa soci\u00e9t\u00e9 de production t\u00e9l\u00e9visuelle est \u00e0 la recherche de reconstituteurs pour compl\u00e9ter sa figuration. P\u00e9riode :&nbsp; XVIe, XVIIe si\u00e8cle Le documentaire portera sur la deuxi\u00e8me partie du XVIe si\u00e8cle et la premi\u00e8re moiti\u00e9 du XVIIe et les &hellip; <a href=\"https:\/\/www.moyenagepassion.com\/index.php\/2019\/05\/11\/annonce-societe-de-production-tv-recherche-reconstituteurs-documentaire-historique\/\" class=\"more-link\">Continuer la lecture de <span class=\"screen-reader-text\">Annonce : Soci\u00e9t\u00e9 de production TV recherche reconstituteurs en vue documentaire historique<\/span>  <span class=\"meta-nav\">&rarr;<\/span><\/a><\/p>\n","protected":false},"author":2,"featured_media":0,"comment_status":"open","ping_status":"open","sticky":false,"template":"","format":"standard","meta":{"_monsterinsights_skip_tracking":false,"_monsterinsights_sitenote_active":false,"_monsterinsights_sitenote_note":"","_monsterinsights_sitenote_category":0,"footnotes":""},"categories":[7,10],"tags":[4487,4485,1803,2757,1013,4490,3217,4486],"class_list":["post-26746","post","type-post","status-publish","format-standard","hentry","category-documentaire-moyen-age-historique","category-series-televisees-moyen-age","tag-compagnie-historique","tag-petite-annonce","tag-recherche","tag-reconstituteurs","tag-renaissance","tag-serie-tv","tag-xvie-siecle","tag-xviie-siecle"],"aioseo_notices":[],"_links":{"self":[{"href":"https:\/\/www.moyenagepassion.com\/index.php\/wp-json\/wp\/v2\/posts\/26746"}],"collection":[{"href":"https:\/\/www.moyenagepassion.com\/index.php\/wp-json\/wp\/v2\/posts"}],"about":[{"href":"https:\/\/www.moyenagepassion.com\/index.php\/wp-json\/wp\/v2\/types\/post"}],"author":[{"embeddable":true,"href":"https:\/\/www.moyenagepassion.com\/index.php\/wp-json\/wp\/v2\/users\/2"}],"replies":[{"embeddable":true,"href":"https:\/\/www.moyenagepassion.com\/index.php\/wp-json\/wp\/v2\/comments?post=26746"}],"version-history":[{"count":1,"href":"https:\/\/www.moyenagepassion.com\/index.php\/wp-json\/wp\/v2\/posts\/26746\/revisions"}],"predecessor-version":[{"id":34026,"href":"https:\/\/www.moyenagepassion.com\/index.php\/wp-json\/wp\/v2\/posts\/26746\/revisions\/34026"}],"wp:attachment":[{"href":"https:\/\/www.moyenagepassion.com\/index.php\/wp-json\/wp\/v2\/media?parent=26746"}],"wp:term":[{"taxonomy":"category","embeddable":true,"href":"https:\/\/www.moyenagepassion.com\/index.php\/wp-json\/wp\/v2\/categories?post=26746"},{"taxonomy":"post_tag","embeddable":true,"href":"https:\/\/www.moyenagepassion.com\/index.php\/wp-json\/wp\/v2\/tags?post=26746"}],"curies":[{"name":"wp","href":"https:\/\/api.w.org\/{rel}","templated":true}]}}